{"id":14049,"date":"2017-11-18T17:42:30","date_gmt":"2017-11-18T15:42:30","guid":{"rendered":"http:\/\/www.ajanscyprus.com\/?p=14049"},"modified":"2017-11-18T17:42:30","modified_gmt":"2017-11-18T15:42:30","slug":"siber-kultur-varliklarini-koruma-komitesi-kararlarini-acikladi","status":"publish","type":"post","link":"https:\/\/ajanscyprus.com\/2017\/11\/18\/siber-kultur-varliklarini-koruma-komitesi-kararlarini-acikladi\/","title":{"rendered":"Siber, K\u00fclt\u00fcr Varl\u0131klar\u0131n\u0131 Koruma Komitesi Kararlar\u0131n\u0131 A\u00e7\u0131klad\u0131"},"content":{"rendered":"<p><strong>Cumhuriyet Meclisi Ba\u015fkan\u0131 Sibel Siber, Meclisi Ba\u015fkanl\u0131\u011f\u0131 giri\u015fimiyle K\u00fclt\u00fcr Dairesi\u2019nin projelendirmesi sonucu \u00fclkenin ilk sanal m\u00fczesinin bu y\u0131l i\u00e7inde a\u00e7\u0131laca\u011f\u0131n\u0131 belirtti.<\/strong><\/p>\n<p>Siber, \u00fclkede bulunan tarihi konaklar\u0131n ya\u015fam hikayelerinin de kay\u0131t alt\u0131na al\u0131naca\u011f\u0131 ikinci bir proje \u00fczerinde de \u00e7al\u0131\u015fmalar\u0131n ba\u015flad\u0131\u011f\u0131n\u0131 s\u00f6yledi.<br \/>\nMeclis\u2019ten yap\u0131lan a\u00e7\u0131klamaya g\u00f6re, Cumhuriyet Meclisi K\u00fclt\u00fcr Varl\u0131klar\u0131n\u0131 Koruma Komitesi, Meclis ve Komite Ba\u015fkan\u0131 Sibel Siber ba\u015fkanl\u0131\u011f\u0131nda toplant\u0131.<\/p>\n<p>Meclis Mavi Salonu&#8217;da ger\u00e7ekle\u015fen toplant\u0131ya, CTP Milletvekili Arif Albayrak, UBP Milletvekili Erdal \u00d6zcenk, TDP Milletvekili Zeki \u00c7eler\u2019in yan\u0131s\u0131ra Lefke Avrupa \u00dcniversitesi (LA\u00dc) Genel Sekreteri Mehmet Yal\u00e7\u0131n, Milli E\u011fitim ve K\u00fclt\u00fcr Bakanl\u0131\u011f\u0131 Dan\u0131\u015fman\u0131 Umure \u00d6rs, K\u00fclt\u00fcr Dairesi G\u00fczel Sanatlar \u015eube Amiri Nuri \u00dcn\u00fc\u00e7ok, Uzman Sanat Tarih\u00e7isi Esra Pl\u00fcmer Bardak ve Meclis Sanat Dan\u0131\u015fman\u0131 Mustafa Hast\u00fcrk kat\u0131ld\u0131.<\/p>\n<p>Toplant\u0131 sonras\u0131 al\u0131nan kararlar\u0131 a\u00e7\u0131klayan Siber, k\u00fclt\u00fcrel varl\u0131klar ve miras\u0131n korunmas\u0131n\u0131n, ar\u015five gereken \u00f6zenin g\u00f6sterilmesinin \u00f6nemli oldu\u011funa dikkat \u00e7ekti. Siber, \u201cCumhuriyet Meclisi\u2019nin giri\u015fimiyle, payda\u015flar\u0131m\u0131zla ve K\u00fclt\u00fcr Dairesi\u2019nin katk\u0131lar\u0131yla ge\u00e7ti\u011fimiz aylarda m\u00fczecilik, ar\u015fiv ve k\u00fct\u00fcphanecilik konusunda \u00e7al\u0131\u015ftay (MAKYA) d\u00fczenlemi\u015ftik. K\u00fclt\u00fcrel miras\u0131m\u0131z\u0131n korunmas\u0131 a\u00e7\u0131s\u0131ndan \u00f6nemli sonu\u00e7lar \u00e7\u0131kt\u0131. Bu sonu\u00e7lardan yola \u00e7\u0131karak iki proje ger\u00e7ekle\u015ftirdik\u201d dedi.<\/p><div class=\"kanews-banner kanews-banner-single\"><img loading=\"lazy\" decoding=\"async\" src=\"https:\/\/ajanscyprus.com\/wp-content\/uploads\/2026\/04\/meRIT-bANNER.jpeg\" alt=\"\" width=\"970\" height=\"90\" class=\"alignnone size-full wp-image-62349\" \/><\/div>\n<p>KKTC\u2019de ilk defa bir sanal m\u00fcze projesinin bu y\u0131l i\u00e7inde hayata ge\u00e7ece\u011fini s\u00f6yleyen Siber, \u015f\u00f6yle devam etti:<\/p>\n<p>\u201cBu m\u00fcze, sadece \u00fclkemize de\u011fil, b\u00fct\u00fcn d\u00fcnyaya kap\u0131lar\u0131n\u0131 a\u00e7acak. Bug\u00fcn geli\u015fen internet ortam\u0131, teknoloji bize d\u00fcnyadaki sanal m\u00fczeleri gezme imkan\u0131 tan\u0131yor. D\u00fcnyadaki sanal m\u00fczeleri oturdu\u011fumuz yerden gezebilirdik \u015fimdi ise bizim m\u00fczemiz de gezilebilecek. K\u0131br\u0131s T\u00fcrk \u00c7a\u011fda\u015f Plastik Sanatlar\u0131 Sanal M\u00fczesi ile sanat eserlerimiz d\u00fcnyaya a\u00e7\u0131l\u0131yor. Sanat eserlerimizin kay\u0131t alt\u0131na al\u0131nmas\u0131, m\u00fczede sergilenmesi ve k\u00fcresel bir \u015fekilde t\u00fcm d\u00fcnyan\u0131n be\u011fenisine a\u00e7\u0131lmas\u0131 \u00e7ok \u00f6nemlidir\u201d<\/p>\n<p>Cumhuriyet Meclisi Ba\u015fkan\u0131 Siber, m\u00fczede ilk olarak Meclis ve K\u00fclt\u00fcr Dairesi koleksiyonunda bulunan sanat eserlerinin sergilenece\u011fini belirtti.<\/p>\n<p><strong>\u201cM\u00fczenin Kap\u0131lar\u0131 En Ge\u00e7 2 Ay \u0130\u00e7inde A\u00e7\u0131lacak\u201d<\/strong><\/p>\n<p>Bu proje sayesinde Arkeoloji ve Etnografya sanal m\u00fczelerinin de a\u00e7\u0131labilece\u011fini belirten Siber, \u201cBu m\u00fczelerin a\u00e7\u0131lmas\u0131, fiziki olarak m\u00fczeler a\u00e7\u0131lmas\u0131na engel de\u011fildir\u201d dedi.<\/p>\n<p>Projeyle ilgili K\u00fclt\u00fcr Dairesi\u2019nin \u00e7al\u0131\u015fmalar\u0131n\u0131 tamamlad\u0131\u011f\u0131n\u0131 aktaran Siber, Aral\u0131k ay\u0131 i\u00e7inde veya Ocak ay\u0131n\u0131n ilk haftalar\u0131nda m\u00fczenin kap\u0131lar\u0131n\u0131 a\u00e7may\u0131 hedeflediklerini s\u00f6yledi.<\/p>\n<p>Projenin finansman\u0131ndaki 60 bin TL maliyeti, TC Lefko\u015fa B\u00fcy\u00fckel\u00e7ili\u011fi Kalk\u0131nma ve Ekonomik \u0130\u015f Birli\u011fi Ofisi taraf\u0131ndan, K\u00fclt\u00fcr Sanat \u0130\u015f Birli\u011fi ve Katk\u0131 Projesi kaleminden kar\u015f\u0131lanaca\u011f\u0131n\u0131 belirtti.<\/p>\n<p>Siber,\u201dBu proje ile,ayn\u0131 zamanda k\u00fclt\u00fcrel varl\u0131klar\u0131m\u0131z\u0131 dijital ortama aktarma ve yedekleme konusunda da \u00f6nemli bir ad\u0131m atm\u0131\u015f olaca\u011f\u0131z\u201d dedi.<\/p>\n<p><strong>Cumhuriyet Meclisi Ba\u015fkan\u0131 Siber, \u015f\u00f6yle devam etti:<\/strong><\/p>\n<p>\u201cBRTK dahil, yedekleme konusunda b\u00fcy\u00fck s\u0131k\u0131nt\u0131lar \u00e7ekiliyor. Yak\u0131n tarihimizle ilgili ar\u015fivlerimiz bile \u00e7ok iyi saklanam\u0131yor. Bilgi \u00e7a\u011f\u0131nda \u00e7ok iddial\u0131 bir s\u00f6z vard\u0131r. E\u011fer varl\u0131klar\u0131n\u0131z\u0131 koruyamazsan\u0131z, yedekleyemezseniz ve payla\u015famazsan\u0131z, yok olursunuz. O y\u00fczden bilgi payla\u015ft\u0131k\u00e7a, payla\u015fabildi\u011fi \u00f6l\u00e7\u00fcde bir toplumun, bir \u00fclkenin varl\u0131\u011f\u0131ndan s\u00f6z edilebilir.\u201d<\/p>\n<p>Siber, k\u00fclt\u00fcrel miras\u0131n \u00e7ok iyi korunmas\u0131 konusunda devlete, sivil toplum \u00f6rg\u00fctlerine ve bu konuda \u00e7al\u0131\u015fan herkese b\u00fcy\u00fck g\u00f6rev d\u00fc\u015ft\u00fc\u011f\u00fcn\u00fc s\u00f6yledi.<\/p>\n<p><strong>\u201cTarihi Konaklar Y\u0131k\u0131lmaya\u00a0 Terk Ediliyor\u201d<\/strong><\/p>\n<p>Sibel Siber, di\u011fer projelerinin ise, KKTC\u2019deki tarihi konaklar\u0131n hikayelerinin, bu konaklarda kimlerin ya\u015fad\u0131\u011f\u0131, konaklar\u0131n mimari \u00f6zellikleri gibi hususlar\u0131n akademik \u00e7al\u0131\u015fmalarla kay\u0131t alt\u0131na al\u0131nmas\u0131 oldu\u011funu belirtti.<\/p>\n<p>Siber, bu projenin Meclis Ba\u015fkanl\u0131\u011f\u0131 himayelerinde K\u00fclt\u00fcr Komitesi i\u015fbirli\u011fi ile \u00fcniversitelerimiz taraf\u0131ndan yap\u0131lmas\u0131n\u0131 arzu ettiklerini s\u00f6yledi.<br \/>\nMeclis Ba\u015fkan\u0131 Siber, \u015f\u00f6yle devam etti:<\/p>\n<p>\u201cBu projeyle ilgili \u00dcniversitelerimize bilgi verildi, Lefke Avrupa \u00dcniversitesi bu projeye \u00e7ok olumlu yakla\u015ft\u0131. Lefke konaklar\u0131n\u0131n bu ama\u00e7la kay\u0131t alt\u0131na al\u0131nmas\u0131, hem hikayeleri hem de bu tarihi konaklar\u0131n mimari \u00f6zellikleriyle bir akademik \u00e7al\u0131\u015fmayla tamamlanmas\u0131 bizim i\u00e7in \u00e7ok \u00f6nemlidir. Lefko\u015fa Surlari\u00e7i evleri, Gazima\u011fusa Surlari\u00e7i evleri i\u00e7in de \u00fcniversitelerimizle \u00e7al\u0131\u015fma yap\u0131lmas\u0131 i\u00e7in \u00f6n g\u00f6r\u00fc\u015fme ve yaz\u0131\u015fma yap\u0131lm\u0131\u015ft\u0131r. B\u00fct\u00fcn \u00fcniversiteler bu \u00e7al\u0131\u015fmam\u0131za olumlu yakla\u015fm\u0131\u015ft\u0131r.\u201d<\/p>\n<p><strong>\u201cSiyasi Partiler K\u00fclt\u00fcrel Miras \u0130le \u0130lgili Politika Geli\u015ftirilmeli\u201d<\/strong><\/p>\n<p>\u00d6n\u00fcm\u00fczdeki s\u00fcre\u00e7te siyasi partilerin yar\u0131\u015faca\u011f\u0131 bir se\u00e7im atmosferi ya\u015fanaca\u011f\u0131n\u0131 kaydeden Siber, siyasi partilere de \u00e7a\u011fr\u0131 yaparak \u015funlar\u0131 kaydetti:<\/p>\n<p>\u201dSiyasi partiler, parti programlar\u0131n\u0131 a\u00e7\u0131kl\u0131yorlar. En \u00f6nemli konulardan biri de k\u00fclt\u00fcrel miras konusunda siyasi partilerin h\u00fck\u00fcmete geldiklerinde izleyecekleri politikad\u0131r. Konak sahibi olan insanlar\u0131n maddi g\u00fc\u00e7leri yoksa, bunlar\u0131 restore edemeyeceklerse bu konaklar maalesef y\u0131k\u0131lacak. Devletin bu k\u00fclt\u00fcrel mirasa sahip \u00e7\u0131kmas\u0131 gerekiyor. Sadece \u201c tarihi konakt\u0131r, y\u0131kamazs\u0131n\u0131z ve de\u011fi\u015ftiremezsiniz\u201d demekle i\u015f bitmiyor. Bunun bir devlet politikas\u0131 olarak konaklar\u0131n ya\u015fama, \u015fehre, \u00fclkeye ve halka kazand\u0131r\u0131lmas\u0131 i\u00e7in \u00e7al\u0131\u015fmalar yap\u0131lmas\u0131 \u00e7ok \u00f6nemlidir.\u201d<\/p>\n","protected":false},"excerpt":{"rendered":"<p>Cumhuriyet Meclisi Ba\u015fkan\u0131 Sibel Siber, Meclisi Ba\u015fkanl\u0131\u011f\u0131 giri\u015fimiyle K\u00fclt\u00fcr Dairesi\u2019nin projelendirmesi sonucu \u00fclkenin ilk sanal m\u00fczesinin&#46;&#46;&#46;<\/p>\n","protected":false},"author":1,"featured_media":14050,"comment_status":"closed","ping_status":"closed","sticky":false,"template":"","format":"standard","meta":{"footnotes":"","jetpack_publicize_message":"","jetpack_publicize_feature_enabled":true,"jetpack_social_post_already_shared":false,"jetpack_social_options":{"image_generator_settings":{"template":"highway","default_image_id":0,"font":"","enabled":false},"version":2}},"categories":[48,56],"tags":[1323,10129,10589,10647,11933,12938,16682,18562],"manset":[],"class_list":["post-14049","post","type-post","status-publish","format-standard","has-post-thumbnail","hentry","category-kibris","category-slider","tag-ajanscyprus","tag-kararlarini-acikladi","tag-kibris","tag-kibris-haber-ajans","tag-kultur-varliklarini-koruma-komitesi","tag-meclis-baskani","tag-sibel-siber","tag-turkiye"],"yoast_head":"<!-- This site is optimized with the Yoast SEO plugin v27.5 - https:\/\/yoast.com\/product\/yoast-seo-wordpress\/ -->\n<title>Siber, K\u00fclt\u00fcr Varl\u0131klar\u0131n\u0131 Koruma Komitesi Kararlar\u0131n\u0131 A\u00e7\u0131klad\u0131 - Ajans Cyprus<\/title>\n<meta name=\"robots\" content=\"index, follow, max-snippet:-1, max-image-preview:large, max-video-preview:-1\" \/>\n<link rel=\"canonical\" href=\"https:\/\/ajanscyprus.com\/2017\/11\/18\/siber-kultur-varliklarini-koruma-komitesi-kararlarini-acikladi\/\" \/>\n<meta property=\"og:locale\" content=\"tr_TR\" \/>\n<meta property=\"og:type\" content=\"article\" \/>\n<meta property=\"og:title\" content=\"Siber, K\u00fclt\u00fcr Varl\u0131klar\u0131n\u0131 Koruma Komitesi Kararlar\u0131n\u0131 A\u00e7\u0131klad\u0131 - Ajans Cyprus\" \/>\n<meta property=\"og:description\" content=\"Cumhuriyet Meclisi Ba\u015fkan\u0131 Sibel Siber, Meclisi Ba\u015fkanl\u0131\u011f\u0131 giri\u015fimiyle K\u00fclt\u00fcr Dairesi\u2019nin projelendirmesi sonucu \u00fclkenin ilk sanal m\u00fczesinin&#046;&#046;&#046;\" \/>\n<meta property=\"og:url\" content=\"https:\/\/ajanscyprus.com\/2017\/11\/18\/siber-kultur-varliklarini-koruma-komitesi-kararlarini-acikladi\/\" \/>\n<meta property=\"og:site_name\" content=\"Ajans Cyprus\" \/>\n<meta property=\"article:publisher\" content=\"https:\/\/www.facebook.com\/AjansCyprusAC\" \/>\n<meta property=\"article:published_time\" content=\"2017-11-18T15:42:30+00:00\" \/>\n<meta name=\"author\" content=\"admin\" \/>\n<meta name=\"twitter:card\" content=\"summary_large_image\" \/>\n<meta name=\"twitter:creator\" content=\"@AjansCyprus\" \/>\n<meta name=\"twitter:site\" content=\"@AjansCyprus\" \/>\n<meta name=\"twitter:label1\" content=\"Yazan:\" \/>\n\t<meta name=\"twitter:data1\" content=\"admin\" \/>\n\t<meta name=\"twitter:label2\" content=\"Tahmini okuma s\u00fcresi\" \/>\n\t<meta name=\"twitter:data2\" content=\"5 dakika\" \/>\n<script type=\"application\/ld+json\" class=\"yoast-schema-graph\">{\"@context\":\"https:\\\/\\\/schema.org\",\"@graph\":[{\"@type\":\"Article\",\"@id\":\"https:\\\/\\\/ajanscyprus.com\\\/2017\\\/11\\\/18\\\/siber-kultur-varliklarini-koruma-komitesi-kararlarini-acikladi\\\/#article\",\"isPartOf\":{\"@id\":\"https:\\\/\\\/ajanscyprus.com\\\/2017\\\/11\\\/18\\\/siber-kultur-varliklarini-koruma-komitesi-kararlarini-acikladi\\\/\"},\"author\":{\"name\":\"admin\",\"@id\":\"https:\\\/\\\/ajanscyprus.com\\\/#\\\/schema\\\/person\\\/bde04f428980a11e6513136d7f10a011\"},\"headline\":\"Siber, K\u00fclt\u00fcr Varl\u0131klar\u0131n\u0131 Koruma Komitesi Kararlar\u0131n\u0131 A\u00e7\u0131klad\u0131\",\"datePublished\":\"2017-11-18T15:42:30+00:00\",\"mainEntityOfPage\":{\"@id\":\"https:\\\/\\\/ajanscyprus.com\\\/2017\\\/11\\\/18\\\/siber-kultur-varliklarini-koruma-komitesi-kararlarini-acikladi\\\/\"},\"wordCount\":966,\"publisher\":{\"@id\":\"https:\\\/\\\/ajanscyprus.com\\\/#organization\"},\"image\":{\"@id\":\"https:\\\/\\\/ajanscyprus.com\\\/2017\\\/11\\\/18\\\/siber-kultur-varliklarini-koruma-komitesi-kararlarini-acikladi\\\/#primaryimage\"},\"thumbnailUrl\":\"\",\"keywords\":[\"ajanscyprus\",\"Kararlar\u0131n\u0131 A\u00e7\u0131klad\u0131\",\"k\u0131br\u0131s\",\"K\u0131br\u0131s Haber Ajans\",\"K\u00fclt\u00fcr Varl\u0131klar\u0131n\u0131 Koruma Komitesi\",\"Meclis Ba\u015fkan\u0131\",\"sibel siber\",\"t\u00fcrkiye\"],\"articleSection\":[\"K\u0131br\u0131s\",\"Slider\"],\"inLanguage\":\"tr\"},{\"@type\":\"WebPage\",\"@id\":\"https:\\\/\\\/ajanscyprus.com\\\/2017\\\/11\\\/18\\\/siber-kultur-varliklarini-koruma-komitesi-kararlarini-acikladi\\\/\",\"url\":\"https:\\\/\\\/ajanscyprus.com\\\/2017\\\/11\\\/18\\\/siber-kultur-varliklarini-koruma-komitesi-kararlarini-acikladi\\\/\",\"name\":\"Siber, K\u00fclt\u00fcr Varl\u0131klar\u0131n\u0131 Koruma Komitesi Kararlar\u0131n\u0131 A\u00e7\u0131klad\u0131 - Ajans Cyprus\",\"isPartOf\":{\"@id\":\"https:\\\/\\\/ajanscyprus.com\\\/#website\"},\"primaryImageOfPage\":{\"@id\":\"https:\\\/\\\/ajanscyprus.com\\\/2017\\\/11\\\/18\\\/siber-kultur-varliklarini-koruma-komitesi-kararlarini-acikladi\\\/#primaryimage\"},\"image\":{\"@id\":\"https:\\\/\\\/ajanscyprus.com\\\/2017\\\/11\\\/18\\\/siber-kultur-varliklarini-koruma-komitesi-kararlarini-acikladi\\\/#primaryimage\"},\"thumbnailUrl\":\"\",\"datePublished\":\"2017-11-18T15:42:30+00:00\",\"breadcrumb\":{\"@id\":\"https:\\\/\\\/ajanscyprus.com\\\/2017\\\/11\\\/18\\\/siber-kultur-varliklarini-koruma-komitesi-kararlarini-acikladi\\\/#breadcrumb\"},\"inLanguage\":\"tr\",\"potentialAction\":[{\"@type\":\"ReadAction\",\"target\":[\"https:\\\/\\\/ajanscyprus.com\\\/2017\\\/11\\\/18\\\/siber-kultur-varliklarini-koruma-komitesi-kararlarini-acikladi\\\/\"]}]},{\"@type\":\"ImageObject\",\"inLanguage\":\"tr\",\"@id\":\"https:\\\/\\\/ajanscyprus.com\\\/2017\\\/11\\\/18\\\/siber-kultur-varliklarini-koruma-komitesi-kararlarini-acikladi\\\/#primaryimage\",\"url\":\"\",\"contentUrl\":\"\"},{\"@type\":\"BreadcrumbList\",\"@id\":\"https:\\\/\\\/ajanscyprus.com\\\/2017\\\/11\\\/18\\\/siber-kultur-varliklarini-koruma-komitesi-kararlarini-acikladi\\\/#breadcrumb\",\"itemListElement\":[{\"@type\":\"ListItem\",\"position\":1,\"name\":\"Anasayfa\",\"item\":\"https:\\\/\\\/ajanscyprus.com\\\/\"},{\"@type\":\"ListItem\",\"position\":2,\"name\":\"Siber, K\u00fclt\u00fcr Varl\u0131klar\u0131n\u0131 Koruma Komitesi Kararlar\u0131n\u0131 A\u00e7\u0131klad\u0131\"}]},{\"@type\":\"WebSite\",\"@id\":\"https:\\\/\\\/ajanscyprus.com\\\/#website\",\"url\":\"https:\\\/\\\/ajanscyprus.com\\\/\",\"name\":\"Ajans Cyprus\",\"description\":\"\",\"publisher\":{\"@id\":\"https:\\\/\\\/ajanscyprus.com\\\/#organization\"},\"potentialAction\":[{\"@type\":\"SearchAction\",\"target\":{\"@type\":\"EntryPoint\",\"urlTemplate\":\"https:\\\/\\\/ajanscyprus.com\\\/?s={search_term_string}\"},\"query-input\":{\"@type\":\"PropertyValueSpecification\",\"valueRequired\":true,\"valueName\":\"search_term_string\"}}],\"inLanguage\":\"tr\"},{\"@type\":\"Organization\",\"@id\":\"https:\\\/\\\/ajanscyprus.com\\\/#organization\",\"name\":\"Ajans Cyprus\",\"alternateName\":\"Ajans Mira Turan Cyprus Media And Production\",\"url\":\"https:\\\/\\\/ajanscyprus.com\\\/\",\"logo\":{\"@type\":\"ImageObject\",\"inLanguage\":\"tr\",\"@id\":\"https:\\\/\\\/ajanscyprus.com\\\/#\\\/schema\\\/logo\\\/image\\\/\",\"url\":\"https:\\\/\\\/ajanscyprus.com\\\/wp-content\\\/uploads\\\/2023\\\/02\\\/AjansCyprus-yuvarlak-logo-e1676491087198.png\",\"contentUrl\":\"https:\\\/\\\/ajanscyprus.com\\\/wp-content\\\/uploads\\\/2023\\\/02\\\/AjansCyprus-yuvarlak-logo-e1676491087198.png\",\"width\":200,\"height\":200,\"caption\":\"Ajans Cyprus\"},\"image\":{\"@id\":\"https:\\\/\\\/ajanscyprus.com\\\/#\\\/schema\\\/logo\\\/image\\\/\"},\"sameAs\":[\"https:\\\/\\\/www.facebook.com\\\/AjansCyprusAC\",\"https:\\\/\\\/x.com\\\/AjansCyprus\"]},{\"@type\":\"Person\",\"@id\":\"https:\\\/\\\/ajanscyprus.com\\\/#\\\/schema\\\/person\\\/bde04f428980a11e6513136d7f10a011\",\"name\":\"admin\",\"image\":{\"@type\":\"ImageObject\",\"inLanguage\":\"tr\",\"@id\":\"https:\\\/\\\/secure.gravatar.com\\\/avatar\\\/7b3584441088d5ca4cd7222e9873c969610760122e804fb99fa589e24cd99cb8?s=96&d=mm&r=g\",\"url\":\"https:\\\/\\\/secure.gravatar.com\\\/avatar\\\/7b3584441088d5ca4cd7222e9873c969610760122e804fb99fa589e24cd99cb8?s=96&d=mm&r=g\",\"contentUrl\":\"https:\\\/\\\/secure.gravatar.com\\\/avatar\\\/7b3584441088d5ca4cd7222e9873c969610760122e804fb99fa589e24cd99cb8?s=96&d=mm&r=g\",\"caption\":\"admin\"},\"sameAs\":[\"https:\\\/\\\/ajanscyprus.com\"],\"url\":\"https:\\\/\\\/ajanscyprus.com\\\/author\\\/admin_r45uydj1\\\/\"}]}<\/script>\n<!-- \/ Yoast SEO plugin. -->","yoast_head_json":{"title":"Siber, K\u00fclt\u00fcr Varl\u0131klar\u0131n\u0131 Koruma Komitesi Kararlar\u0131n\u0131 A\u00e7\u0131klad\u0131 - Ajans Cyprus","robots":{"index":"index","follow":"follow","max-snippet":"max-snippet:-1","max-image-preview":"max-image-preview:large","max-video-preview":"max-video-preview:-1"},"canonical":"https:\/\/ajanscyprus.com\/2017\/11\/18\/siber-kultur-varliklarini-koruma-komitesi-kararlarini-acikladi\/","og_locale":"tr_TR","og_type":"article","og_title":"Siber, K\u00fclt\u00fcr Varl\u0131klar\u0131n\u0131 Koruma Komitesi Kararlar\u0131n\u0131 A\u00e7\u0131klad\u0131 - Ajans Cyprus","og_description":"Cumhuriyet Meclisi Ba\u015fkan\u0131 Sibel Siber, Meclisi Ba\u015fkanl\u0131\u011f\u0131 giri\u015fimiyle K\u00fclt\u00fcr Dairesi\u2019nin projelendirmesi sonucu \u00fclkenin ilk sanal m\u00fczesinin&#46;&#46;&#46;","og_url":"https:\/\/ajanscyprus.com\/2017\/11\/18\/siber-kultur-varliklarini-koruma-komitesi-kararlarini-acikladi\/","og_site_name":"Ajans Cyprus","article_publisher":"https:\/\/www.facebook.com\/AjansCyprusAC","article_published_time":"2017-11-18T15:42:30+00:00","author":"admin","twitter_card":"summary_large_image","twitter_creator":"@AjansCyprus","twitter_site":"@AjansCyprus","twitter_misc":{"Yazan:":"admin","Tahmini okuma s\u00fcresi":"5 dakika"},"schema":{"@context":"https:\/\/schema.org","@graph":[{"@type":"Article","@id":"https:\/\/ajanscyprus.com\/2017\/11\/18\/siber-kultur-varliklarini-koruma-komitesi-kararlarini-acikladi\/#article","isPartOf":{"@id":"https:\/\/ajanscyprus.com\/2017\/11\/18\/siber-kultur-varliklarini-koruma-komitesi-kararlarini-acikladi\/"},"author":{"name":"admin","@id":"https:\/\/ajanscyprus.com\/#\/schema\/person\/bde04f428980a11e6513136d7f10a011"},"headline":"Siber, K\u00fclt\u00fcr Varl\u0131klar\u0131n\u0131 Koruma Komitesi Kararlar\u0131n\u0131 A\u00e7\u0131klad\u0131","datePublished":"2017-11-18T15:42:30+00:00","mainEntityOfPage":{"@id":"https:\/\/ajanscyprus.com\/2017\/11\/18\/siber-kultur-varliklarini-koruma-komitesi-kararlarini-acikladi\/"},"wordCount":966,"publisher":{"@id":"https:\/\/ajanscyprus.com\/#organization"},"image":{"@id":"https:\/\/ajanscyprus.com\/2017\/11\/18\/siber-kultur-varliklarini-koruma-komitesi-kararlarini-acikladi\/#primaryimage"},"thumbnailUrl":"","keywords":["ajanscyprus","Kararlar\u0131n\u0131 A\u00e7\u0131klad\u0131","k\u0131br\u0131s","K\u0131br\u0131s Haber Ajans","K\u00fclt\u00fcr Varl\u0131klar\u0131n\u0131 Koruma Komitesi","Meclis Ba\u015fkan\u0131","sibel siber","t\u00fcrkiye"],"articleSection":["K\u0131br\u0131s","Slider"],"inLanguage":"tr"},{"@type":"WebPage","@id":"https:\/\/ajanscyprus.com\/2017\/11\/18\/siber-kultur-varliklarini-koruma-komitesi-kararlarini-acikladi\/","url":"https:\/\/ajanscyprus.com\/2017\/11\/18\/siber-kultur-varliklarini-koruma-komitesi-kararlarini-acikladi\/","name":"Siber, K\u00fclt\u00fcr Varl\u0131klar\u0131n\u0131 Koruma Komitesi Kararlar\u0131n\u0131 A\u00e7\u0131klad\u0131 - Ajans Cyprus","isPartOf":{"@id":"https:\/\/ajanscyprus.com\/#website"},"primaryImageOfPage":{"@id":"https:\/\/ajanscyprus.com\/2017\/11\/18\/siber-kultur-varliklarini-koruma-komitesi-kararlarini-acikladi\/#primaryimage"},"image":{"@id":"https:\/\/ajanscyprus.com\/2017\/11\/18\/siber-kultur-varliklarini-koruma-komitesi-kararlarini-acikladi\/#primaryimage"},"thumbnailUrl":"","datePublished":"2017-11-18T15:42:30+00:00","breadcrumb":{"@id":"https:\/\/ajanscyprus.com\/2017\/11\/18\/siber-kultur-varliklarini-koruma-komitesi-kararlarini-acikladi\/#breadcrumb"},"inLanguage":"tr","potentialAction":[{"@type":"ReadAction","target":["https:\/\/ajanscyprus.com\/2017\/11\/18\/siber-kultur-varliklarini-koruma-komitesi-kararlarini-acikladi\/"]}]},{"@type":"ImageObject","inLanguage":"tr","@id":"https:\/\/ajanscyprus.com\/2017\/11\/18\/siber-kultur-varliklarini-koruma-komitesi-kararlarini-acikladi\/#primaryimage","url":"","contentUrl":""},{"@type":"BreadcrumbList","@id":"https:\/\/ajanscyprus.com\/2017\/11\/18\/siber-kultur-varliklarini-koruma-komitesi-kararlarini-acikladi\/#breadcrumb","itemListElement":[{"@type":"ListItem","position":1,"name":"Anasayfa","item":"https:\/\/ajanscyprus.com\/"},{"@type":"ListItem","position":2,"name":"Siber, K\u00fclt\u00fcr Varl\u0131klar\u0131n\u0131 Koruma Komitesi Kararlar\u0131n\u0131 A\u00e7\u0131klad\u0131"}]},{"@type":"WebSite","@id":"https:\/\/ajanscyprus.com\/#website","url":"https:\/\/ajanscyprus.com\/","name":"Ajans Cyprus","description":"","publisher":{"@id":"https:\/\/ajanscyprus.com\/#organization"},"potentialAction":[{"@type":"SearchAction","target":{"@type":"EntryPoint","urlTemplate":"https:\/\/ajanscyprus.com\/?s={search_term_string}"},"query-input":{"@type":"PropertyValueSpecification","valueRequired":true,"valueName":"search_term_string"}}],"inLanguage":"tr"},{"@type":"Organization","@id":"https:\/\/ajanscyprus.com\/#organization","name":"Ajans Cyprus","alternateName":"Ajans Mira Turan Cyprus Media And Production","url":"https:\/\/ajanscyprus.com\/","logo":{"@type":"ImageObject","inLanguage":"tr","@id":"https:\/\/ajanscyprus.com\/#\/schema\/logo\/image\/","url":"https:\/\/ajanscyprus.com\/wp-content\/uploads\/2023\/02\/AjansCyprus-yuvarlak-logo-e1676491087198.png","contentUrl":"https:\/\/ajanscyprus.com\/wp-content\/uploads\/2023\/02\/AjansCyprus-yuvarlak-logo-e1676491087198.png","width":200,"height":200,"caption":"Ajans Cyprus"},"image":{"@id":"https:\/\/ajanscyprus.com\/#\/schema\/logo\/image\/"},"sameAs":["https:\/\/www.facebook.com\/AjansCyprusAC","https:\/\/x.com\/AjansCyprus"]},{"@type":"Person","@id":"https:\/\/ajanscyprus.com\/#\/schema\/person\/bde04f428980a11e6513136d7f10a011","name":"admin","image":{"@type":"ImageObject","inLanguage":"tr","@id":"https:\/\/secure.gravatar.com\/avatar\/7b3584441088d5ca4cd7222e9873c969610760122e804fb99fa589e24cd99cb8?s=96&d=mm&r=g","url":"https:\/\/secure.gravatar.com\/avatar\/7b3584441088d5ca4cd7222e9873c969610760122e804fb99fa589e24cd99cb8?s=96&d=mm&r=g","contentUrl":"https:\/\/secure.gravatar.com\/avatar\/7b3584441088d5ca4cd7222e9873c969610760122e804fb99fa589e24cd99cb8?s=96&d=mm&r=g","caption":"admin"},"sameAs":["https:\/\/ajanscyprus.com"],"url":"https:\/\/ajanscyprus.com\/author\/admin_r45uydj1\/"}]}},"jetpack_publicize_connections":[],"_links":{"self":[{"href":"https:\/\/ajanscyprus.com\/wp-json\/wp\/v2\/posts\/14049","targetHints":{"allow":["GET"]}}],"collection":[{"href":"https:\/\/ajanscyprus.com\/wp-json\/wp\/v2\/posts"}],"about":[{"href":"https:\/\/ajanscyprus.com\/wp-json\/wp\/v2\/types\/post"}],"author":[{"embeddable":true,"href":"https:\/\/ajanscyprus.com\/wp-json\/wp\/v2\/users\/1"}],"replies":[{"embeddable":true,"href":"https:\/\/ajanscyprus.com\/wp-json\/wp\/v2\/comments?post=14049"}],"version-history":[{"count":0,"href":"https:\/\/ajanscyprus.com\/wp-json\/wp\/v2\/posts\/14049\/revisions"}],"wp:featuredmedia":[{"embeddable":true,"href":"https:\/\/ajanscyprus.com\/wp-json\/"}],"wp:attachment":[{"href":"https:\/\/ajanscyprus.com\/wp-json\/wp\/v2\/media?parent=14049"}],"wp:term":[{"taxonomy":"category","embeddable":true,"href":"https:\/\/ajanscyprus.com\/wp-json\/wp\/v2\/categories?post=14049"},{"taxonomy":"post_tag","embeddable":true,"href":"https:\/\/ajanscyprus.com\/wp-json\/wp\/v2\/tags?post=14049"},{"taxonomy":"manset","embeddable":true,"href":"https:\/\/ajanscyprus.com\/wp-json\/wp\/v2\/manset?post=14049"}],"curies":[{"name":"wp","href":"https:\/\/api.w.org\/{rel}","templated":true}]}}