{"id":157435,"date":"2025-02-01T17:09:56","date_gmt":"2025-02-01T14:09:56","guid":{"rendered":"https:\/\/ajanscyprus.com\/index.php\/2025\/02\/01\/kizilhac-israilin-filistinli-esirleri-serbest-birakma-sekline-ofkeli\/"},"modified":"2025-02-01T17:09:56","modified_gmt":"2025-02-01T14:09:56","slug":"kizilhac-israilin-filistinli-esirleri-serbest-birakma-sekline-ofkeli","status":"publish","type":"post","link":"https:\/\/ajanscyprus.com\/2025\/02\/01\/kizilhac-israilin-filistinli-esirleri-serbest-birakma-sekline-ofkeli\/","title":{"rendered":"K\u0131z\u0131lha\u00e7, \u0130srail&#8217;in Filistinli esirleri serbest b\u0131rakma \u015fekline \u00f6fkeli"},"content":{"rendered":"<p><\/p>\n<div>\n<p>&#13;<br \/>\n\tHaaretz gazetesinin \u0130ngilizce bask\u0131s\u0131nda ad\u0131 a\u00e7\u0131klanmayan bir g\u00fcvenlik kayna\u011f\u0131na dayand\u0131r\u0131lan habere g\u00f6re, Uluslararas\u0131 K\u0131z\u0131lha\u00e7 Komitesi yetkilileri, \u0130srail Cezaevi \u0130daresi&#8217;nin Negev Hapishanesi&#8217;nden tahliyeleri s\u0131ras\u0131nda Filistinli esirlere uygulad\u0131\u011f\u0131 muameleden duyulan \u00f6fkeyi dile getirdi.<\/p>\n<p>&#13;<br \/>\n\tFilistinli esirlerin ac\u0131 verici halde elleri ba\u015flar\u0131n\u0131n arkas\u0131nda kelep\u00e7eli olarak g\u00f6t\u00fcr\u00fclmelerinin K\u0131z\u0131lha\u00e7&#8217;\u0131n tepkisine neden oldu\u011fu vurguland\u0131.<\/p>\n<p>&#13;<br \/>\n\tSerbest b\u0131rak\u0131lan Filistinli esirler de yapt\u0131klar\u0131 ilk a\u00e7\u0131klamalarda, \u0130srail y\u00f6netiminin serbest b\u0131rak\u0131lmalar\u0131 \u00f6ncesinde kendilerini a\u00e7 b\u0131rakt\u0131\u011f\u0131n\u0131 ve \u015fiddetli darba u\u011frad\u0131klar\u0131n\u0131 s\u00f6ylemi\u015fti.<\/p><div class=\"kanews-banner kanews-banner-single\"><img loading=\"lazy\" decoding=\"async\" src=\"https:\/\/ajanscyprus.com\/wp-content\/uploads\/2026\/04\/meRIT-bANNER.jpeg\" alt=\"\" width=\"970\" height=\"90\" class=\"alignnone size-full wp-image-62349\" \/><\/div>\n<p>&#13;<br \/>\n\tHamas ile \u0130srail aras\u0131ndaki esir takas\u0131n\u0131n d\u00f6rd\u00fcnc\u00fc turunda Gazze \u015eeridi&#8217;ndeki 3 sivil \u0130srailli esir kar\u015f\u0131l\u0131\u011f\u0131nda, \u0130srail hapishanelerinde tutulan 183 Filistinli esir serbest b\u0131rak\u0131lm\u0131\u015ft\u0131.<\/p>\n<\/div>\n<p>Kaynak : TRT HABER<\/p>\n","protected":false},"excerpt":{"rendered":"<p>&#13; Haaretz gazetesinin \u0130ngilizce bask\u0131s\u0131nda ad\u0131 a\u00e7\u0131klanmayan bir g\u00fcvenlik kayna\u011f\u0131na dayand\u0131r\u0131lan habere g\u00f6re, Uluslararas\u0131 K\u0131z\u0131lha\u00e7 Komitesi&#46;&#46;&#46;<\/p>\n","protected":false},"author":1,"featured_media":157436,"comment_status":"closed","ping_status":"open","sticky":false,"template":"","format":"standard","meta":{"footnotes":"","jetpack_publicize_message":"","jetpack_publicize_feature_enabled":true,"jetpack_social_post_already_shared":false,"jetpack_social_options":{"image_generator_settings":{"template":"highway","default_image_id":0,"font":"","enabled":false},"version":2}},"categories":[44],"tags":[],"manset":[],"class_list":["post-157435","post","type-post","status-publish","format-standard","has-post-thumbnail","hentry","category-dunya"],"yoast_head":"<!-- This site is optimized with the Yoast SEO plugin v27.4 - https:\/\/yoast.com\/product\/yoast-seo-wordpress\/ -->\n<title>K\u0131z\u0131lha\u00e7, \u0130srail&#039;in Filistinli esirleri serbest b\u0131rakma \u015fekline \u00f6fkeli - Ajans Cyprus<\/title>\n<meta name=\"robots\" content=\"index, follow, max-snippet:-1, max-image-preview:large, max-video-preview:-1\" \/>\n<link rel=\"canonical\" href=\"https:\/\/ajanscyprus.com\/2025\/02\/01\/kizilhac-israilin-filistinli-esirleri-serbest-birakma-sekline-ofkeli\/\" \/>\n<meta property=\"og:locale\" content=\"tr_TR\" \/>\n<meta property=\"og:type\" content=\"article\" \/>\n<meta property=\"og:title\" content=\"K\u0131z\u0131lha\u00e7, \u0130srail&#039;in Filistinli esirleri serbest b\u0131rakma \u015fekline \u00f6fkeli - Ajans Cyprus\" \/>\n<meta property=\"og:description\" content=\"&#013; Haaretz gazetesinin \u0130ngilizce bask\u0131s\u0131nda ad\u0131 a\u00e7\u0131klanmayan bir g\u00fcvenlik kayna\u011f\u0131na dayand\u0131r\u0131lan habere g\u00f6re, Uluslararas\u0131 K\u0131z\u0131lha\u00e7 Komitesi&#046;&#046;&#046;\" \/>\n<meta property=\"og:url\" content=\"https:\/\/ajanscyprus.com\/2025\/02\/01\/kizilhac-israilin-filistinli-esirleri-serbest-birakma-sekline-ofkeli\/\" \/>\n<meta property=\"og:site_name\" content=\"Ajans Cyprus\" \/>\n<meta property=\"article:publisher\" content=\"https:\/\/www.facebook.com\/AjansCyprusAC\" \/>\n<meta property=\"article:published_time\" content=\"2025-02-01T14:09:56+00:00\" \/>\n<meta property=\"og:image\" content=\"https:\/\/ajanscyprus.com\/wp-content\/uploads\/2025\/02\/esir-takas-aa-2327564.jpg\" \/>\n\t<meta property=\"og:image:width\" content=\"1280\" \/>\n\t<meta property=\"og:image:height\" content=\"720\" \/>\n\t<meta property=\"og:image:type\" content=\"image\/jpeg\" \/>\n<meta name=\"author\" content=\"admin\" \/>\n<meta name=\"twitter:card\" content=\"summary_large_image\" \/>\n<meta name=\"twitter:creator\" content=\"@AjansCyprus\" \/>\n<meta name=\"twitter:site\" content=\"@AjansCyprus\" \/>\n<meta name=\"twitter:label1\" content=\"Yazan:\" \/>\n\t<meta name=\"twitter:data1\" content=\"admin\" \/>\n\t<meta name=\"twitter:label2\" content=\"Tahmini okuma s\u00fcresi\" \/>\n\t<meta name=\"twitter:data2\" content=\"1 dakika\" \/>\n<script type=\"application\/ld+json\" class=\"yoast-schema-graph\">{\"@context\":\"https:\\\/\\\/schema.org\",\"@graph\":[{\"@type\":\"Article\",\"@id\":\"https:\\\/\\\/ajanscyprus.com\\\/2025\\\/02\\\/01\\\/kizilhac-israilin-filistinli-esirleri-serbest-birakma-sekline-ofkeli\\\/#article\",\"isPartOf\":{\"@id\":\"https:\\\/\\\/ajanscyprus.com\\\/2025\\\/02\\\/01\\\/kizilhac-israilin-filistinli-esirleri-serbest-birakma-sekline-ofkeli\\\/\"},\"author\":{\"name\":\"admin\",\"@id\":\"https:\\\/\\\/ajanscyprus.com\\\/#\\\/schema\\\/person\\\/bde04f428980a11e6513136d7f10a011\"},\"headline\":\"K\u0131z\u0131lha\u00e7, \u0130srail&#8217;in Filistinli esirleri serbest b\u0131rakma \u015fekline \u00f6fkeli\",\"datePublished\":\"2025-02-01T14:09:56+00:00\",\"mainEntityOfPage\":{\"@id\":\"https:\\\/\\\/ajanscyprus.com\\\/2025\\\/02\\\/01\\\/kizilhac-israilin-filistinli-esirleri-serbest-birakma-sekline-ofkeli\\\/\"},\"wordCount\":155,\"publisher\":{\"@id\":\"https:\\\/\\\/ajanscyprus.com\\\/#organization\"},\"image\":{\"@id\":\"https:\\\/\\\/ajanscyprus.com\\\/2025\\\/02\\\/01\\\/kizilhac-israilin-filistinli-esirleri-serbest-birakma-sekline-ofkeli\\\/#primaryimage\"},\"thumbnailUrl\":\"https:\\\/\\\/ajanscyprus.com\\\/wp-content\\\/uploads\\\/2025\\\/02\\\/esir-takas-aa-2327564.jpg\",\"articleSection\":[\"D\u00fcnya\"],\"inLanguage\":\"tr\"},{\"@type\":\"WebPage\",\"@id\":\"https:\\\/\\\/ajanscyprus.com\\\/2025\\\/02\\\/01\\\/kizilhac-israilin-filistinli-esirleri-serbest-birakma-sekline-ofkeli\\\/\",\"url\":\"https:\\\/\\\/ajanscyprus.com\\\/2025\\\/02\\\/01\\\/kizilhac-israilin-filistinli-esirleri-serbest-birakma-sekline-ofkeli\\\/\",\"name\":\"K\u0131z\u0131lha\u00e7, \u0130srail'in Filistinli esirleri serbest b\u0131rakma \u015fekline \u00f6fkeli - Ajans Cyprus\",\"isPartOf\":{\"@id\":\"https:\\\/\\\/ajanscyprus.com\\\/#website\"},\"primaryImageOfPage\":{\"@id\":\"https:\\\/\\\/ajanscyprus.com\\\/2025\\\/02\\\/01\\\/kizilhac-israilin-filistinli-esirleri-serbest-birakma-sekline-ofkeli\\\/#primaryimage\"},\"image\":{\"@id\":\"https:\\\/\\\/ajanscyprus.com\\\/2025\\\/02\\\/01\\\/kizilhac-israilin-filistinli-esirleri-serbest-birakma-sekline-ofkeli\\\/#primaryimage\"},\"thumbnailUrl\":\"https:\\\/\\\/ajanscyprus.com\\\/wp-content\\\/uploads\\\/2025\\\/02\\\/esir-takas-aa-2327564.jpg\",\"datePublished\":\"2025-02-01T14:09:56+00:00\",\"breadcrumb\":{\"@id\":\"https:\\\/\\\/ajanscyprus.com\\\/2025\\\/02\\\/01\\\/kizilhac-israilin-filistinli-esirleri-serbest-birakma-sekline-ofkeli\\\/#breadcrumb\"},\"inLanguage\":\"tr\",\"potentialAction\":[{\"@type\":\"ReadAction\",\"target\":[\"https:\\\/\\\/ajanscyprus.com\\\/2025\\\/02\\\/01\\\/kizilhac-israilin-filistinli-esirleri-serbest-birakma-sekline-ofkeli\\\/\"]}]},{\"@type\":\"ImageObject\",\"inLanguage\":\"tr\",\"@id\":\"https:\\\/\\\/ajanscyprus.com\\\/2025\\\/02\\\/01\\\/kizilhac-israilin-filistinli-esirleri-serbest-birakma-sekline-ofkeli\\\/#primaryimage\",\"url\":\"https:\\\/\\\/ajanscyprus.com\\\/wp-content\\\/uploads\\\/2025\\\/02\\\/esir-takas-aa-2327564.jpg\",\"contentUrl\":\"https:\\\/\\\/ajanscyprus.com\\\/wp-content\\\/uploads\\\/2025\\\/02\\\/esir-takas-aa-2327564.jpg\",\"width\":1280,\"height\":720},{\"@type\":\"BreadcrumbList\",\"@id\":\"https:\\\/\\\/ajanscyprus.com\\\/2025\\\/02\\\/01\\\/kizilhac-israilin-filistinli-esirleri-serbest-birakma-sekline-ofkeli\\\/#breadcrumb\",\"itemListElement\":[{\"@type\":\"ListItem\",\"position\":1,\"name\":\"Anasayfa\",\"item\":\"https:\\\/\\\/ajanscyprus.com\\\/\"},{\"@type\":\"ListItem\",\"position\":2,\"name\":\"K\u0131z\u0131lha\u00e7, \u0130srail&#8217;in Filistinli esirleri serbest b\u0131rakma \u015fekline \u00f6fkeli\"}]},{\"@type\":\"WebSite\",\"@id\":\"https:\\\/\\\/ajanscyprus.com\\\/#website\",\"url\":\"https:\\\/\\\/ajanscyprus.com\\\/\",\"name\":\"Ajans Cyprus\",\"description\":\"\",\"publisher\":{\"@id\":\"https:\\\/\\\/ajanscyprus.com\\\/#organization\"},\"potentialAction\":[{\"@type\":\"SearchAction\",\"target\":{\"@type\":\"EntryPoint\",\"urlTemplate\":\"https:\\\/\\\/ajanscyprus.com\\\/?s={search_term_string}\"},\"query-input\":{\"@type\":\"PropertyValueSpecification\",\"valueRequired\":true,\"valueName\":\"search_term_string\"}}],\"inLanguage\":\"tr\"},{\"@type\":\"Organization\",\"@id\":\"https:\\\/\\\/ajanscyprus.com\\\/#organization\",\"name\":\"Ajans Cyprus\",\"alternateName\":\"Ajans Mira Turan Cyprus Media And Production\",\"url\":\"https:\\\/\\\/ajanscyprus.com\\\/\",\"logo\":{\"@type\":\"ImageObject\",\"inLanguage\":\"tr\",\"@id\":\"https:\\\/\\\/ajanscyprus.com\\\/#\\\/schema\\\/logo\\\/image\\\/\",\"url\":\"https:\\\/\\\/ajanscyprus.com\\\/wp-content\\\/uploads\\\/2023\\\/02\\\/AjansCyprus-yuvarlak-logo-e1676491087198.png\",\"contentUrl\":\"https:\\\/\\\/ajanscyprus.com\\\/wp-content\\\/uploads\\\/2023\\\/02\\\/AjansCyprus-yuvarlak-logo-e1676491087198.png\",\"width\":200,\"height\":200,\"caption\":\"Ajans Cyprus\"},\"image\":{\"@id\":\"https:\\\/\\\/ajanscyprus.com\\\/#\\\/schema\\\/logo\\\/image\\\/\"},\"sameAs\":[\"https:\\\/\\\/www.facebook.com\\\/AjansCyprusAC\",\"https:\\\/\\\/x.com\\\/AjansCyprus\"]},{\"@type\":\"Person\",\"@id\":\"https:\\\/\\\/ajanscyprus.com\\\/#\\\/schema\\\/person\\\/bde04f428980a11e6513136d7f10a011\",\"name\":\"admin\",\"image\":{\"@type\":\"ImageObject\",\"inLanguage\":\"tr\",\"@id\":\"https:\\\/\\\/secure.gravatar.com\\\/avatar\\\/7b3584441088d5ca4cd7222e9873c969610760122e804fb99fa589e24cd99cb8?s=96&d=mm&r=g\",\"url\":\"https:\\\/\\\/secure.gravatar.com\\\/avatar\\\/7b3584441088d5ca4cd7222e9873c969610760122e804fb99fa589e24cd99cb8?s=96&d=mm&r=g\",\"contentUrl\":\"https:\\\/\\\/secure.gravatar.com\\\/avatar\\\/7b3584441088d5ca4cd7222e9873c969610760122e804fb99fa589e24cd99cb8?s=96&d=mm&r=g\",\"caption\":\"admin\"},\"sameAs\":[\"https:\\\/\\\/ajanscyprus.com\"],\"url\":\"https:\\\/\\\/ajanscyprus.com\\\/author\\\/admin_r45uydj1\\\/\"}]}<\/script>\n<!-- \/ Yoast SEO plugin. -->","yoast_head_json":{"title":"K\u0131z\u0131lha\u00e7, \u0130srail'in Filistinli esirleri serbest b\u0131rakma \u015fekline \u00f6fkeli - Ajans Cyprus","robots":{"index":"index","follow":"follow","max-snippet":"max-snippet:-1","max-image-preview":"max-image-preview:large","max-video-preview":"max-video-preview:-1"},"canonical":"https:\/\/ajanscyprus.com\/2025\/02\/01\/kizilhac-israilin-filistinli-esirleri-serbest-birakma-sekline-ofkeli\/","og_locale":"tr_TR","og_type":"article","og_title":"K\u0131z\u0131lha\u00e7, \u0130srail'in Filistinli esirleri serbest b\u0131rakma \u015fekline \u00f6fkeli - Ajans Cyprus","og_description":"&#13; Haaretz gazetesinin \u0130ngilizce bask\u0131s\u0131nda ad\u0131 a\u00e7\u0131klanmayan bir g\u00fcvenlik kayna\u011f\u0131na dayand\u0131r\u0131lan habere g\u00f6re, Uluslararas\u0131 K\u0131z\u0131lha\u00e7 Komitesi&#46;&#46;&#46;","og_url":"https:\/\/ajanscyprus.com\/2025\/02\/01\/kizilhac-israilin-filistinli-esirleri-serbest-birakma-sekline-ofkeli\/","og_site_name":"Ajans Cyprus","article_publisher":"https:\/\/www.facebook.com\/AjansCyprusAC","article_published_time":"2025-02-01T14:09:56+00:00","og_image":[{"width":1280,"height":720,"url":"https:\/\/ajanscyprus.com\/wp-content\/uploads\/2025\/02\/esir-takas-aa-2327564.jpg","type":"image\/jpeg"}],"author":"admin","twitter_card":"summary_large_image","twitter_creator":"@AjansCyprus","twitter_site":"@AjansCyprus","twitter_misc":{"Yazan:":"admin","Tahmini okuma s\u00fcresi":"1 dakika"},"schema":{"@context":"https:\/\/schema.org","@graph":[{"@type":"Article","@id":"https:\/\/ajanscyprus.com\/2025\/02\/01\/kizilhac-israilin-filistinli-esirleri-serbest-birakma-sekline-ofkeli\/#article","isPartOf":{"@id":"https:\/\/ajanscyprus.com\/2025\/02\/01\/kizilhac-israilin-filistinli-esirleri-serbest-birakma-sekline-ofkeli\/"},"author":{"name":"admin","@id":"https:\/\/ajanscyprus.com\/#\/schema\/person\/bde04f428980a11e6513136d7f10a011"},"headline":"K\u0131z\u0131lha\u00e7, \u0130srail&#8217;in Filistinli esirleri serbest b\u0131rakma \u015fekline \u00f6fkeli","datePublished":"2025-02-01T14:09:56+00:00","mainEntityOfPage":{"@id":"https:\/\/ajanscyprus.com\/2025\/02\/01\/kizilhac-israilin-filistinli-esirleri-serbest-birakma-sekline-ofkeli\/"},"wordCount":155,"publisher":{"@id":"https:\/\/ajanscyprus.com\/#organization"},"image":{"@id":"https:\/\/ajanscyprus.com\/2025\/02\/01\/kizilhac-israilin-filistinli-esirleri-serbest-birakma-sekline-ofkeli\/#primaryimage"},"thumbnailUrl":"https:\/\/ajanscyprus.com\/wp-content\/uploads\/2025\/02\/esir-takas-aa-2327564.jpg","articleSection":["D\u00fcnya"],"inLanguage":"tr"},{"@type":"WebPage","@id":"https:\/\/ajanscyprus.com\/2025\/02\/01\/kizilhac-israilin-filistinli-esirleri-serbest-birakma-sekline-ofkeli\/","url":"https:\/\/ajanscyprus.com\/2025\/02\/01\/kizilhac-israilin-filistinli-esirleri-serbest-birakma-sekline-ofkeli\/","name":"K\u0131z\u0131lha\u00e7, \u0130srail'in Filistinli esirleri serbest b\u0131rakma \u015fekline \u00f6fkeli - Ajans Cyprus","isPartOf":{"@id":"https:\/\/ajanscyprus.com\/#website"},"primaryImageOfPage":{"@id":"https:\/\/ajanscyprus.com\/2025\/02\/01\/kizilhac-israilin-filistinli-esirleri-serbest-birakma-sekline-ofkeli\/#primaryimage"},"image":{"@id":"https:\/\/ajanscyprus.com\/2025\/02\/01\/kizilhac-israilin-filistinli-esirleri-serbest-birakma-sekline-ofkeli\/#primaryimage"},"thumbnailUrl":"https:\/\/ajanscyprus.com\/wp-content\/uploads\/2025\/02\/esir-takas-aa-2327564.jpg","datePublished":"2025-02-01T14:09:56+00:00","breadcrumb":{"@id":"https:\/\/ajanscyprus.com\/2025\/02\/01\/kizilhac-israilin-filistinli-esirleri-serbest-birakma-sekline-ofkeli\/#breadcrumb"},"inLanguage":"tr","potentialAction":[{"@type":"ReadAction","target":["https:\/\/ajanscyprus.com\/2025\/02\/01\/kizilhac-israilin-filistinli-esirleri-serbest-birakma-sekline-ofkeli\/"]}]},{"@type":"ImageObject","inLanguage":"tr","@id":"https:\/\/ajanscyprus.com\/2025\/02\/01\/kizilhac-israilin-filistinli-esirleri-serbest-birakma-sekline-ofkeli\/#primaryimage","url":"https:\/\/ajanscyprus.com\/wp-content\/uploads\/2025\/02\/esir-takas-aa-2327564.jpg","contentUrl":"https:\/\/ajanscyprus.com\/wp-content\/uploads\/2025\/02\/esir-takas-aa-2327564.jpg","width":1280,"height":720},{"@type":"BreadcrumbList","@id":"https:\/\/ajanscyprus.com\/2025\/02\/01\/kizilhac-israilin-filistinli-esirleri-serbest-birakma-sekline-ofkeli\/#breadcrumb","itemListElement":[{"@type":"ListItem","position":1,"name":"Anasayfa","item":"https:\/\/ajanscyprus.com\/"},{"@type":"ListItem","position":2,"name":"K\u0131z\u0131lha\u00e7, \u0130srail&#8217;in Filistinli esirleri serbest b\u0131rakma \u015fekline \u00f6fkeli"}]},{"@type":"WebSite","@id":"https:\/\/ajanscyprus.com\/#website","url":"https:\/\/ajanscyprus.com\/","name":"Ajans Cyprus","description":"","publisher":{"@id":"https:\/\/ajanscyprus.com\/#organization"},"potentialAction":[{"@type":"SearchAction","target":{"@type":"EntryPoint","urlTemplate":"https:\/\/ajanscyprus.com\/?s={search_term_string}"},"query-input":{"@type":"PropertyValueSpecification","valueRequired":true,"valueName":"search_term_string"}}],"inLanguage":"tr"},{"@type":"Organization","@id":"https:\/\/ajanscyprus.com\/#organization","name":"Ajans Cyprus","alternateName":"Ajans Mira Turan Cyprus Media And Production","url":"https:\/\/ajanscyprus.com\/","logo":{"@type":"ImageObject","inLanguage":"tr","@id":"https:\/\/ajanscyprus.com\/#\/schema\/logo\/image\/","url":"https:\/\/ajanscyprus.com\/wp-content\/uploads\/2023\/02\/AjansCyprus-yuvarlak-logo-e1676491087198.png","contentUrl":"https:\/\/ajanscyprus.com\/wp-content\/uploads\/2023\/02\/AjansCyprus-yuvarlak-logo-e1676491087198.png","width":200,"height":200,"caption":"Ajans Cyprus"},"image":{"@id":"https:\/\/ajanscyprus.com\/#\/schema\/logo\/image\/"},"sameAs":["https:\/\/www.facebook.com\/AjansCyprusAC","https:\/\/x.com\/AjansCyprus"]},{"@type":"Person","@id":"https:\/\/ajanscyprus.com\/#\/schema\/person\/bde04f428980a11e6513136d7f10a011","name":"admin","image":{"@type":"ImageObject","inLanguage":"tr","@id":"https:\/\/secure.gravatar.com\/avatar\/7b3584441088d5ca4cd7222e9873c969610760122e804fb99fa589e24cd99cb8?s=96&d=mm&r=g","url":"https:\/\/secure.gravatar.com\/avatar\/7b3584441088d5ca4cd7222e9873c969610760122e804fb99fa589e24cd99cb8?s=96&d=mm&r=g","contentUrl":"https:\/\/secure.gravatar.com\/avatar\/7b3584441088d5ca4cd7222e9873c969610760122e804fb99fa589e24cd99cb8?s=96&d=mm&r=g","caption":"admin"},"sameAs":["https:\/\/ajanscyprus.com"],"url":"https:\/\/ajanscyprus.com\/author\/admin_r45uydj1\/"}]}},"jetpack_publicize_connections":[],"_links":{"self":[{"href":"https:\/\/ajanscyprus.com\/wp-json\/wp\/v2\/posts\/157435","targetHints":{"allow":["GET"]}}],"collection":[{"href":"https:\/\/ajanscyprus.com\/wp-json\/wp\/v2\/posts"}],"about":[{"href":"https:\/\/ajanscyprus.com\/wp-json\/wp\/v2\/types\/post"}],"author":[{"embeddable":true,"href":"https:\/\/ajanscyprus.com\/wp-json\/wp\/v2\/users\/1"}],"replies":[{"embeddable":true,"href":"https:\/\/ajanscyprus.com\/wp-json\/wp\/v2\/comments?post=157435"}],"version-history":[{"count":0,"href":"https:\/\/ajanscyprus.com\/wp-json\/wp\/v2\/posts\/157435\/revisions"}],"wp:featuredmedia":[{"embeddable":true,"href":"https:\/\/ajanscyprus.com\/wp-json\/wp\/v2\/media\/157436"}],"wp:attachment":[{"href":"https:\/\/ajanscyprus.com\/wp-json\/wp\/v2\/media?parent=157435"}],"wp:term":[{"taxonomy":"category","embeddable":true,"href":"https:\/\/ajanscyprus.com\/wp-json\/wp\/v2\/categories?post=157435"},{"taxonomy":"post_tag","embeddable":true,"href":"https:\/\/ajanscyprus.com\/wp-json\/wp\/v2\/tags?post=157435"},{"taxonomy":"manset","embeddable":true,"href":"https:\/\/ajanscyprus.com\/wp-json\/wp\/v2\/manset?post=157435"}],"curies":[{"name":"wp","href":"https:\/\/api.w.org\/{rel}","templated":true}]}}