{"id":158036,"date":"2025-02-07T12:35:40","date_gmt":"2025-02-07T09:35:40","guid":{"rendered":"https:\/\/ajanscyprus.com\/index.php\/2025\/02\/07\/vatandasliktan-cikartildi-surgunde-yasadi-cem-karacanin-vefatinin-uzerinden-21-yil-gecti\/"},"modified":"2025-02-07T12:35:40","modified_gmt":"2025-02-07T09:35:40","slug":"vatandasliktan-cikartildi-surgunde-yasadi-cem-karacanin-vefatinin-uzerinden-21-yil-gecti","status":"publish","type":"post","link":"https:\/\/ajanscyprus.com\/2025\/02\/07\/vatandasliktan-cikartildi-surgunde-yasadi-cem-karacanin-vefatinin-uzerinden-21-yil-gecti\/","title":{"rendered":"Vatanda\u015fl\u0131ktan \u00e7\u0131kart\u0131ld\u0131, s\u00fcrg\u00fcnde ya\u015fad\u0131; Cem Karaca&#8217;n\u0131n vefat\u0131n\u0131n \u00fczerinden 21 y\u0131l ge\u00e7ti"},"content":{"rendered":"<p> <br \/>\n<\/p>\n<div property=\"articleBody\">\n<p class=\"text\">As\u0131l ad\u0131 Muhtar Cem Karaca olan sanat\u00e7\u0131, Ermeni as\u0131ll\u0131 opera ve tiyatro sanat\u00e7\u0131s\u0131 Toto Karaca (Irma Felekyan) ile tiyatro sanat\u00e7\u0131s\u0131 Azeri Mehmet \u0130brahim Karaca&#8217;n\u0131n o\u011flu olarak 5 Nisan 1945&#8217;te \u0130stanbul&#8217;da d\u00fcnyaya geldi.<\/p>\n<p class=\"text\">Kendisini Anadolu rock ozan\u0131 diye tan\u0131mlayan, Anadolu rock m\u00fczi\u011finin kurucular\u0131ndan Karaca, yetene\u011fini fark eden annesi sayesinde 6 ya\u015f\u0131ndayken m\u00fczik e\u011fitimine ba\u015flad\u0131.<\/p>\n<p class=\"text\">\u0130stanbul&#8217;daki Rum az\u0131nl\u0131klara y\u00f6nelik ger\u00e7ekle\u015ftirilen 6-7 Eyl\u00fcl olaylar\u0131, Toto-Mehmet Karaca&#8217;n\u0131n Bak\u0131rk\u00f6y&#8217;deki evinde de hissedildi. Olaylar durulduktan sonra Cem Karaca, Robert Koleji&#8217;ne kaydoldu.<\/p><div class=\"kanews-banner kanews-banner-single\"><img loading=\"lazy\" decoding=\"async\" src=\"https:\/\/ajanscyprus.com\/wp-content\/uploads\/2026\/04\/meRIT-bANNER.jpeg\" alt=\"\" width=\"970\" height=\"90\" class=\"alignnone size-full wp-image-62349\" \/><\/div>\n<p class=\"text\">Sahne tozunu k\u00fc\u00e7\u00fck ya\u015flarda yutmas\u0131na kar\u015f\u0131l\u0131k Karaca, doktor ya da m\u00fchendis olmay\u0131 istedi. Suadiyeli Nesrin olarak hat\u0131rlad\u0131\u011f\u0131 bir gen\u00e7 k\u0131z\u0131 etkilemek i\u00e7in sokak ortas\u0131nda s\u00f6yledi\u011fi \u015fark\u0131, m\u00fczik kariyerinin ba\u015flang\u0131c\u0131n\u0131 olu\u015fturdu.<\/p>\n<p class=\"text\">Beyo\u011flu Spor Kul\u00fcb\u00fcn\u00fcn lokalinde arkada\u015flar\u0131n\u0131 k\u0131rmay\u0131p sahneye \u00e7\u0131karak profesyonelli\u011fe ad\u0131m atan Karaca, daha sonra &#8220;Dinamitler&#8221; ve &#8220;Jaguarlar&#8221; adl\u0131 gruplarla &#8220;rock and roll&#8221; par\u00e7alar\u0131 seslendirdi.<\/p>\n<p><\/p>\n<p><strong>BABASINDAN &#8220;BURALARIN M\u00dcZ\u0130\u011e\u0130N\u0130 YAP&#8221; TAVS\u0130YES\u0130<\/strong><\/p>\n<p class=\"text\">Hariciyeci olmas\u0131n\u0131 istedi\u011fi o\u011flunu \u015fark\u0131c\u0131l\u0131ktan vazge\u00e7irmek i\u00e7in her \u015feyi yapan Mehmet Karaca, sahnede Elvis Presley \u015fark\u0131lar\u0131 seslendiren o\u011flundan, Aman Adanal\u0131 t\u00fcrk\u00fcs\u00fcn\u00fc istemesi i\u00e7in adam kiralad\u0131, o\u011flunu yuhalatt\u0131.<\/p>\n<p class=\"text\">Annesinin deste\u011fini alan sanat\u00e7\u0131y\u0131 bu sevdadan vazge\u00e7iremeyen Mehmet Karaca, o\u011fluna, <b><em>&#8220;Buralar\u0131n m\u00fczi\u011fini yap&#8221;<\/em><\/b> tavsiyesinde bulundu.<\/p>\n<p><strong>E\u011e\u0130T\u0130M\u0130NE DEVAM ETMED\u0130<\/strong><\/p>\n<p class=\"text\">Cem Karaca, liseden sonra e\u011fitimine devam etmedi. Tiyatro oyuncusu Semra \u00d6zg\u00fcr ile 1965&#8217;te ilk evlili\u011fini yapan sanat\u00e7\u0131, evlendikten 3 g\u00fcn sonra vatani g\u00f6revi i\u00e7in Antakya&#8217;ya gitti. Askerlerin ba\u011flama e\u015fli\u011finde yorumlad\u0131\u011f\u0131 bir t\u00fcrk\u00fc, Karaca&#8217;y\u0131 etkileyerek m\u00fczi\u011finde adeta d\u00f6n\u00fcm noktas\u0131 oldu.<\/p>\n<p class=\"text\">Unutulmaz sanat\u00e7\u0131, bir r\u00f6portaj\u0131nda bu an\u0131s\u0131na de\u011finerek, &#8220;Ben o g\u00fcne kadar ne garip, ilkel bir m\u00fczik diye d\u00fc\u015f\u00fcn\u00fcrken bir de bakt\u0131m ki benim o anda i\u00e7inde bulundu\u011fum hissiyat\u0131, o m\u00fczik canland\u0131r\u0131yor, dile getiriyor, anlat\u0131yor.&#8221; ifadelerini kullanm\u0131\u015ft\u0131.<\/p>\n<p class=\"text\">Bat\u0131 enstr\u00fcmanlar\u0131yla Anadolu m\u00fczi\u011fi yapma karar\u0131 alan Cem Karaca, vatani g\u00f6revini bitirip \u0130stanbul&#8217;a d\u00f6nd\u00fc\u011f\u00fcnde Mehmet Soyarslan&#8217;\u0131n kurdu\u011fu &#8220;Apa\u015flar&#8221; grubuyla \u00e7al\u0131\u015fmaya ba\u015flad\u0131.<\/p>\n<p><img decoding=\"async\" loading=\"lazy\" class=\"lazyload\" width=\"703\" height=\"395\" src=\"https:\/\/icdn.ensonhaber.com\/crop\/1200x0\/resimler\/diger\/kok\/2025\/02\/07\/67a5cf4a93de8772__w1200xh737.jpg\" alt=\"\"\/><\/p>\n<p><strong>F\u0130L\u0130ST\u0130N DAVASINA DESTEK VERD\u0130<\/strong><\/p>\n<p class=\"text\">Karaca, Filistin sorununa da duyars\u0131z kalmayarak, \u00fcnl\u00fc \u015fark\u0131c\u0131lar\u0131 a\u011f\u0131rlayan \u0130zmir Enternasyonal Fuar\u0131&#8217;nda bo\u015f zamanlar\u0131nda Filistin stand\u0131na destek verdi.<\/p>\n<p class=\"text\">T\u00fcrkiye&#8217;deki politik gerginli\u011fin, karma\u015fan\u0131n ve kampla\u015fman\u0131n en \u00fcst d\u00fczeye \u00e7\u0131kt\u0131\u011f\u0131 1979&#8217;da, 1 May\u0131s Mar\u015f\u0131 pla\u011f\u0131 nedeniyle yarg\u0131lanan, konserleri olayl\u0131 biten, kendi ifadesiyle <b><em>&#8220;Sa\u011fc\u0131lardan de\u011fil, solun kendi i\u00e7indeki s\u00fcrt\u00fc\u015fmelerin gayri insani tav\u0131rla kendini d\u0131\u015fa vurmas\u0131ndan bizar olan&#8221;<\/em><\/b> usta sanat\u00e7\u0131 Almanya&#8217;ya gitti.<\/p>\n<p class=\"text\">Karaca, hakk\u0131nda a\u00e7\u0131lan davadan ceza alaca\u011f\u0131na kesin g\u00f6z\u00fcyle bak\u0131ld\u0131\u011f\u0131ndan yurda d\u00f6nmedi, 7 Nisan 1980&#8217;de kaybetti\u011fi babas\u0131 Mehmet Karaca&#8217;n\u0131n cenazesine de kat\u0131lamad\u0131.<\/p>\n<p><strong>VATANDA\u015eLIKTAN \u00c7IKARTILDI<\/strong><\/p>\n<p class=\"text\">Selda Ba\u011fcan&#8217;la M\u00fcnih&#8217;teki 1 May\u0131s g\u00f6sterisinde \u00e7ekilen foto\u011fraf\u0131n\u0131n bir magazin gazetesinde, <b><em>&#8220;Cem Karaca gizli hesaplar pe\u015finde&#8221; <\/em><\/b>ba\u015fl\u0131\u011f\u0131yla yay\u0131nlanmas\u0131, Karaca&#8217;n\u0131n hayat\u0131nda yeni bir d\u00f6n\u00fcm noktas\u0131 oldu.<\/p>\n<p class=\"text\">Usta sanat\u00e7\u0131ya, <b><em>&#8220;yurda d\u00f6n&#8221; <\/em><\/b>\u00e7a\u011fr\u0131s\u0131 yap\u0131ld\u0131. Avukatlar\u0131n\u0131n <b><em>&#8220;sak\u0131n gelme&#8221;<\/em><\/b> uyar\u0131s\u0131n\u0131 dikkate alan Karaca, 12 Eyl\u00fcl 1980 darbesinden sonra 6 Ocak 1983&#8217;te vatanda\u015fl\u0131ktan \u00e7\u0131kar\u0131ld\u0131.<\/p>\n<p class=\"text\">Ba\u015fka bir \u00fclkenin vatanda\u015fl\u0131\u011f\u0131na ge\u00e7meyi tercih etmeyen sanat\u00e7\u0131, Birle\u015fmi\u015f Milletlerin vatans\u0131zlar i\u00e7in sa\u011flad\u0131\u011f\u0131 pasaportla hayat\u0131n\u0131 s\u00fcrd\u00fcrd\u00fc.<\/p>\n<p class=\"text\">Usta m\u00fczisyen Almanya y\u0131llar\u0131 i\u00e7in &#8220;<b><em>Gurbetin ac\u0131s\u0131n\u0131 dindirecek bir merhem hen\u00fcz ke\u015ffedilmedi. \u0130nsan i\u00e7inde ya\u015f\u0131yor onu. Kemiklerine kadar ya\u015f\u0131yor. Allah kimseye vermesin b\u00f6yle bir s\u0131k\u0131nt\u0131.&#8221;<\/em><\/b> demi\u015fti.<\/p>\n<p><img decoding=\"async\" loading=\"lazy\" class=\"lazyload\" width=\"703\" height=\"395\" src=\"https:\/\/icdn.ensonhaber.com\/crop\/1200x0\/resimler\/diger\/kok\/2025\/02\/07\/67a5cfe21e182962__w1200xh675.jpg\" alt=\"\"\/><\/p>\n<p><strong>\u0130K\u0130 YIL SONRA YURDA D\u00d6ND\u00dc<\/strong><\/p>\n<p class=\"text\">Almanya&#8217;da birlikte tiyatro da yapt\u0131klar\u0131 annesi Toto Karaca&#8217;n\u0131n ziyaretleriyle teselli bulan Cem Karaca, m\u00fczikten kopmad\u0131. Cem Karaca, Almanlar\u0131n \u00e7o\u011fu kez T\u00fcrkler i\u00e7in kulland\u0131\u011f\u0131, kavruk, esmer tenli insanlara yak\u0131\u015ft\u0131rd\u0131\u011f\u0131 kelime olan, hakaret de say\u0131labilen &#8220;Kanaken&#8221; ismini verdi\u011fi grubuyla, g\u00f6\u00e7men i\u015f\u00e7ilerin ya\u015fad\u0131\u011f\u0131 sorunlar\u0131 anlatan rock \u015fark\u0131lara imza att\u0131.<\/p>\n<p class=\"text\">Ya\u015fad\u0131klar\u0131na ra\u011fmen asla T\u00fcrkiye&#8217;ye s\u0131rt\u0131n\u0131 d\u00f6nmeyen ve yurttan gelecek haberleri bekleyen usta sanat\u00e7\u0131, Almanya&#8217;daki bir festival s\u0131ras\u0131nda ba\u015fka \u00fclke bayraklar\u0131 varken T\u00fcrk bayra\u011f\u0131n\u0131n olmad\u0131\u011f\u0131n\u0131 fark edip, ay-y\u0131ld\u0131zl\u0131 bayra\u011f\u0131 da g\u00f6ndere \u00e7ektirdi.<\/p>\n<p class=\"text\">Cem Karaca, Mehmet Bar\u0131 ve Mesut Y\u0131lmaz&#8217;\u0131n arac\u0131l\u0131\u011f\u0131yla Hannover Fuar\u0131 nedeniyle Almanya&#8217;da bulunan d\u00f6nemin Ba\u015fbakan\u0131 Turgut \u00d6zal ile g\u00f6r\u00fc\u015fme f\u0131rsat\u0131 yakalad\u0131.<\/p>\n<p class=\"text\">M\u00fcnih&#8217;teki bir otelde ger\u00e7ekle\u015fen bu g\u00f6r\u00fc\u015fme, &#8220;Cem Karaca, \u00d6zal&#8217;\u0131n elini \u00f6pt\u00fc, af diledi&#8221; \u015feklinde yans\u0131d\u0131. G\u00f6r\u00fc\u015fmeden yakla\u015f\u0131k 2 y\u0131l sonra sanat\u00e7\u0131, 27 Haziran 1987&#8217;de yurda d\u00f6nd\u00fc.<\/p>\n<p><img decoding=\"async\" loading=\"lazy\" class=\"lazyload\" width=\"703\" height=\"395\" src=\"https:\/\/icdn.ensonhaber.com\/crop\/1200x0\/resimler\/diger\/kok\/2025\/02\/07\/67a5d04348f35538__w1200xh1200.jpg\" alt=\"\"\/><\/p>\n<p><strong>&#8220;BEN SOL \u00c7\u0130ZG\u0130L\u0130 B\u0130R \u015eARKICIYIM&#8221;<\/strong><\/p>\n<p class=\"text\">Bir r\u00f6portaj\u0131nda soru \u00fczerine \u00d6zal&#8217;\u0131n \u00e7ok sevdi\u011fi, &#8220;Ar\u0131m Bal\u0131m Pete\u011fim&#8221; \u015fark\u0131s\u0131n\u0131 &#8220;Alaturka s\u00f6yleyemem&#8221; diyerek seslendirmeyece\u011fini belirten Karaca;<\/p>\n<blockquote>\n<p>&#8220;Ben sol \u00e7izgili bir \u015fark\u0131c\u0131y\u0131m. Vatan haini denilerek vatanda\u015fl\u0131ktan at\u0131lm\u0131\u015f bir \u015fark\u0131c\u0131 \u00fclkesine d\u00f6n\u00fcyor. Burada &#8216;Nereden sevdim o zalim kad\u0131n\u0131&#8217; demiyorum. P\u0131r\u0131l p\u0131r\u0131l bir T\u00fcrkiye \u00f6zlemimi anlatan \u015fark\u0131lar s\u00f6yl\u00fcyorum. Benden yumruklar\u0131m\u0131 s\u0131k\u0131p sahnede &#8216;Ba\u011f\u0131ms\u0131z T\u00fcrkiye, y\u0131kaca\u011f\u0131z, kesece\u011fiz, bi\u00e7ece\u011fiz&#8217; bekliyorlarsa yok arkada\u015f&#8221; ifadelerini kullanm\u0131\u015ft\u0131.<\/p>\n<\/blockquote>\n<p><strong>F\u0130LME \u00dc\u00c7 \u015eARKI YORUMLADI<\/strong><\/p>\n<p class=\"text\">Sanat\u00e7\u0131, T\u00fcrkiye&#8217;ye d\u00f6nd\u00fckten sonra maddi s\u0131k\u0131nt\u0131lar ya\u015fad\u0131. Cahit Berkay&#8217;\u0131n ikna \u00e7abalar\u0131 sonunda 1990&#8217;da Ku\u015fadas\u0131 Alt\u0131n G\u00fcvercin M\u00fczik Yar\u0131\u015fmas\u0131&#8217;na giren Karaca, Kahya Yahya \u015fark\u0131s\u0131yla birinci oldu.<\/p>\n<p class=\"text\">Cahit Berkay ve U\u011fur Dikmen ile m\u00fczik yolculu\u011funu s\u00fcrd\u00fcren sanat\u00e7\u0131, Rap Diye Rap Rap, Islak Islak, Kerk\u00fck Zindan\u0131, Bindik bir Alamete \u015fark\u0131lar\u0131yla \u00fcn\u00fcn\u00fc katlad\u0131.<\/p>\n<p class=\"text\">Cem Karaca, y\u0131llarca yasakl\u0131 oldu\u011fu TRT&#8217;de 1994&#8217;te &#8220;Raptiye&#8221; isimli program yapt\u0131 ve Flash TV&#8217;de de Efendime S\u00f6yleyeyim isimli programa imza att\u0131.<\/p>\n<p class=\"text\">Annesi Toto Karaca&#8217;dan dolay\u0131 Ermeni m\u00fczi\u011fiyle de ilgilenen sanat\u00e7\u0131, son d\u00f6nemi say\u0131lan y\u0131llarda T\u00f6re, Sevda Ku\u015fun Kanad\u0131nda, Dur be Yeter \u015fark\u0131lar\u0131n\u0131 T\u00fcrk\u00e7e s\u00f6zlerle seslendirdi. Usta sanat\u00e7\u0131, k\u00fc\u00e7\u00fck rol \u00fcstlendi\u011fi, Gani M\u00fcjde&#8217;nin Kahpe Bizans filminde 3 \u015fark\u0131 yorumlad\u0131.<\/p>\n<p><img decoding=\"async\" loading=\"lazy\" class=\"lazyload\" width=\"703\" height=\"395\" src=\"https:\/\/icdn.ensonhaber.com\/crop\/1200x0\/resimler\/diger\/kok\/2025\/02\/07\/67a5d101e71a3352__w1200xh1446.jpg\" alt=\"\"\/><\/p>\n<p><strong>&#8220;SAHNEYE 21 KERE BESMELE \u00c7EKEREK \u00c7IKARDI&#8221;<\/strong><\/p>\n<p class=\"text\">Cem karaca, ikinci evlili\u011fini tiyatrocu Meri\u00e7 Ba\u015faran ile \u00fc\u00e7\u00fcnc\u00fc evlili\u011fini Emrah Karaca&#8217;n\u0131n annesi Feride Balkan ile yapt\u0131. Balkan&#8217;dan ayr\u0131ld\u0131ktan sonra ilk e\u015fi Semra \u00d6zg\u00fcr ile yeniden evlenen sanat\u00e7\u0131, be\u015finci evlili\u011fini ise \u0130lkim Karaca ile yapt\u0131.<\/p>\n<p class=\"text\">Son e\u015fi \u0130lkim Karaca 2019&#8217;da verdi\u011fi bir r\u00f6portajda, Cem Karaca&#8217;n\u0131n ezan okudu\u011fu konusunun yanl\u0131\u015f oldu\u011funa de\u011finerek, \u015funlar\u0131 anlatm\u0131\u015ft\u0131:<\/p>\n<blockquote>\n<p>Biz Cem&#8217;le seyahatteyken bir televizyon program\u0131ndan arad\u0131lar. Orada Cem&#8217;e &#8216;T\u00fcrkiye&#8217;de notalara en do\u011fru basan ki\u015fiden ezan okumas\u0131n\u0131 istiyoruz.&#8217; dediler. Cem de &#8216;Telefonda do\u011fru olmaz, \u015fu an abdestli de de\u011filim.&#8217; dedi ama o kadar rica ettiler ki Cem de k\u0131rmamak i\u00e7in &#8216;Sadece Allah&#8217;u Ekber derim, ezan\u0131 okumam.&#8217; dedi ve \u00f6yle yapt\u0131. Ertesi g\u00fcn Reha Muhtar ana haberde &#8216;Marksist Cem Karaca ezan okudu.&#8217; diye verdi haberi. &#8216;Cem Karaca, Reha Muhtar&#8217;a &#8216;Muhtar, muhtara bunu yapar m\u0131?&#8217; diye soruyor, &#8216;L\u00fctfen iletin.&#8217; dedim. O olaydan sonra \u0130stanbul&#8217;a d\u00f6n\u00fcnce havaalan\u0131nda \u00e7ok k\u00f6t\u00fc bak\u0131\u015flarla kar\u015f\u0131la\u015ft\u0131k. &#8216;Sana yak\u0131\u015ft\u0131 m\u0131?&#8217; diyenler oldu. \u0130nsanlar da \u015fa\u015f\u0131rm\u0131\u015ft\u0131 haliyle. Bir s\u00fcr\u00fc konseri ard\u0131 ard\u0131na iptal edildi.&#8221;<\/p>\n<\/blockquote>\n<p><img decoding=\"async\" loading=\"lazy\" class=\"lazyload\" width=\"703\" height=\"395\" src=\"https:\/\/icdn.ensonhaber.com\/crop\/1200x0\/resimler\/diger\/kok\/2025\/02\/07\/67a5d18357156509__w1200xh1433.jpg\" alt=\"\"\/><\/p>\n<p><strong>VEFATI&#8230;<\/strong><\/p>\n<p class=\"text\">Mahsun K\u0131rm\u0131z\u0131g\u00fcl ile Hayat Ne Garip, Mehmet Ery\u0131lmaz ile Hayvan Terli ve Yeni T\u00fcrk\u00fc i\u00e7in G\u00f6\u00e7 Yollar\u0131 \u015fark\u0131s\u0131n\u0131 seslendiren Karaca, son b\u00fcy\u00fck konserini 17 Ocak 2004&#8217;te Ankara Sakl\u0131kent&#8217;te verdi.<\/p>\n<p class=\"text\">Son g\u00fcnlerinde Yol Arkada\u015flar\u0131 grubuyla \u0130stanbul&#8217;da sahne alan usta sanat\u00e7\u0131, 8 \u015eubat 2004&#8217;te kald\u0131r\u0131ld\u0131\u011f\u0131 hastanede vefat etti.<\/p>\n<p class=\"text\">Kendisini her zaman T\u00fcrk ve M\u00fcsl\u00fcman olarak tan\u0131mlayan, gen\u00e7lik y\u0131llar\u0131ndan itibaren Alevilik ve Bekta\u015fili\u011fe \u00f6zel ilgi duyan sanat\u00e7\u0131, vasiyeti gere\u011fi Karacaahmet Mezarl\u0131\u011f\u0131&#8217;nda tekbir sesleriyle topra\u011fa verildi. \u00dcsk\u00fcdar Seyit Ahmet Deresi Camisi&#8217;nde k\u0131l\u0131nan cenaze namaz\u0131na yo\u011fun kat\u0131l\u0131m oldu.<\/p>\n<p class=\"text\">Unutulmaz sanat\u00e7\u0131n\u0131n mezar\u0131, 2006&#8217;da \u0130lkim Karaca&#8217;n\u0131n talebi \u00fczerine a\u00e7\u0131ld\u0131. Emrah Karaca&#8217;n\u0131n babas\u0131n\u0131n Cem Karaca oldu\u011fu tescil edildi.<\/p>\n<\/div>\n<p> Kaynak : ensonhaber<\/p>\n","protected":false},"excerpt":{"rendered":"<p>As\u0131l ad\u0131 Muhtar Cem Karaca olan sanat\u00e7\u0131, Ermeni as\u0131ll\u0131 opera ve tiyatro sanat\u00e7\u0131s\u0131 Toto Karaca (Irma&#46;&#46;&#46;<\/p>\n","protected":false},"author":1,"featured_media":158037,"comment_status":"closed","ping_status":"open","sticky":false,"template":"","format":"standard","meta":{"footnotes":"","jetpack_publicize_message":"","jetpack_publicize_feature_enabled":true,"jetpack_social_post_already_shared":false,"jetpack_social_options":{"image_generator_settings":{"template":"highway","default_image_id":0,"font":"","enabled":false},"version":2}},"categories":[49],"tags":[],"manset":[],"class_list":["post-158036","post","type-post","status-publish","format-standard","has-post-thumbnail","hentry","category-kultur-sanat"],"yoast_head":"<!-- This site is optimized with the Yoast SEO plugin v27.4 - https:\/\/yoast.com\/product\/yoast-seo-wordpress\/ -->\n<title>Vatanda\u015fl\u0131ktan \u00e7\u0131kart\u0131ld\u0131, s\u00fcrg\u00fcnde ya\u015fad\u0131; Cem Karaca&#039;n\u0131n vefat\u0131n\u0131n \u00fczerinden 21 y\u0131l ge\u00e7ti - Ajans Cyprus<\/title>\n<meta name=\"robots\" content=\"index, follow, max-snippet:-1, max-image-preview:large, max-video-preview:-1\" \/>\n<link rel=\"canonical\" href=\"https:\/\/ajanscyprus.com\/2025\/02\/07\/vatandasliktan-cikartildi-surgunde-yasadi-cem-karacanin-vefatinin-uzerinden-21-yil-gecti\/\" \/>\n<meta property=\"og:locale\" content=\"tr_TR\" \/>\n<meta property=\"og:type\" content=\"article\" \/>\n<meta property=\"og:title\" content=\"Vatanda\u015fl\u0131ktan \u00e7\u0131kart\u0131ld\u0131, s\u00fcrg\u00fcnde ya\u015fad\u0131; Cem Karaca&#039;n\u0131n vefat\u0131n\u0131n \u00fczerinden 21 y\u0131l ge\u00e7ti - Ajans Cyprus\" \/>\n<meta property=\"og:description\" content=\"As\u0131l ad\u0131 Muhtar Cem Karaca olan sanat\u00e7\u0131, Ermeni as\u0131ll\u0131 opera ve tiyatro sanat\u00e7\u0131s\u0131 Toto Karaca (Irma&#046;&#046;&#046;\" \/>\n<meta property=\"og:url\" content=\"https:\/\/ajanscyprus.com\/2025\/02\/07\/vatandasliktan-cikartildi-surgunde-yasadi-cem-karacanin-vefatinin-uzerinden-21-yil-gecti\/\" \/>\n<meta property=\"og:site_name\" content=\"Ajans Cyprus\" \/>\n<meta property=\"article:publisher\" content=\"https:\/\/www.facebook.com\/AjansCyprusAC\" \/>\n<meta property=\"article:published_time\" content=\"2025-02-07T09:35:40+00:00\" \/>\n<meta property=\"og:image\" content=\"https:\/\/ajanscyprus.com\/wp-content\/uploads\/2025\/02\/67a5cee565cae217.jpg\" \/>\n\t<meta property=\"og:image:width\" content=\"1200\" \/>\n\t<meta property=\"og:image:height\" content=\"675\" \/>\n\t<meta property=\"og:image:type\" content=\"image\/jpeg\" \/>\n<meta name=\"author\" content=\"admin\" \/>\n<meta name=\"twitter:card\" content=\"summary_large_image\" \/>\n<meta name=\"twitter:creator\" content=\"@AjansCyprus\" \/>\n<meta name=\"twitter:site\" content=\"@AjansCyprus\" \/>\n<meta name=\"twitter:label1\" content=\"Yazan:\" \/>\n\t<meta name=\"twitter:data1\" content=\"admin\" \/>\n\t<meta name=\"twitter:label2\" content=\"Tahmini okuma s\u00fcresi\" \/>\n\t<meta name=\"twitter:data2\" content=\"7 dakika\" \/>\n<script type=\"application\/ld+json\" class=\"yoast-schema-graph\">{\"@context\":\"https:\\\/\\\/schema.org\",\"@graph\":[{\"@type\":\"Article\",\"@id\":\"https:\\\/\\\/ajanscyprus.com\\\/2025\\\/02\\\/07\\\/vatandasliktan-cikartildi-surgunde-yasadi-cem-karacanin-vefatinin-uzerinden-21-yil-gecti\\\/#article\",\"isPartOf\":{\"@id\":\"https:\\\/\\\/ajanscyprus.com\\\/2025\\\/02\\\/07\\\/vatandasliktan-cikartildi-surgunde-yasadi-cem-karacanin-vefatinin-uzerinden-21-yil-gecti\\\/\"},\"author\":{\"name\":\"admin\",\"@id\":\"https:\\\/\\\/ajanscyprus.com\\\/#\\\/schema\\\/person\\\/bde04f428980a11e6513136d7f10a011\"},\"headline\":\"Vatanda\u015fl\u0131ktan \u00e7\u0131kart\u0131ld\u0131, s\u00fcrg\u00fcnde ya\u015fad\u0131; Cem Karaca&#8217;n\u0131n vefat\u0131n\u0131n \u00fczerinden 21 y\u0131l ge\u00e7ti\",\"datePublished\":\"2025-02-07T09:35:40+00:00\",\"mainEntityOfPage\":{\"@id\":\"https:\\\/\\\/ajanscyprus.com\\\/2025\\\/02\\\/07\\\/vatandasliktan-cikartildi-surgunde-yasadi-cem-karacanin-vefatinin-uzerinden-21-yil-gecti\\\/\"},\"wordCount\":1515,\"publisher\":{\"@id\":\"https:\\\/\\\/ajanscyprus.com\\\/#organization\"},\"image\":{\"@id\":\"https:\\\/\\\/ajanscyprus.com\\\/2025\\\/02\\\/07\\\/vatandasliktan-cikartildi-surgunde-yasadi-cem-karacanin-vefatinin-uzerinden-21-yil-gecti\\\/#primaryimage\"},\"thumbnailUrl\":\"https:\\\/\\\/ajanscyprus.com\\\/wp-content\\\/uploads\\\/2025\\\/02\\\/67a5cee565cae217.jpg\",\"articleSection\":[\"K\u00fclt\u00fcr &amp; Sanat\"],\"inLanguage\":\"tr\"},{\"@type\":\"WebPage\",\"@id\":\"https:\\\/\\\/ajanscyprus.com\\\/2025\\\/02\\\/07\\\/vatandasliktan-cikartildi-surgunde-yasadi-cem-karacanin-vefatinin-uzerinden-21-yil-gecti\\\/\",\"url\":\"https:\\\/\\\/ajanscyprus.com\\\/2025\\\/02\\\/07\\\/vatandasliktan-cikartildi-surgunde-yasadi-cem-karacanin-vefatinin-uzerinden-21-yil-gecti\\\/\",\"name\":\"Vatanda\u015fl\u0131ktan \u00e7\u0131kart\u0131ld\u0131, s\u00fcrg\u00fcnde ya\u015fad\u0131; Cem Karaca'n\u0131n vefat\u0131n\u0131n \u00fczerinden 21 y\u0131l ge\u00e7ti - Ajans Cyprus\",\"isPartOf\":{\"@id\":\"https:\\\/\\\/ajanscyprus.com\\\/#website\"},\"primaryImageOfPage\":{\"@id\":\"https:\\\/\\\/ajanscyprus.com\\\/2025\\\/02\\\/07\\\/vatandasliktan-cikartildi-surgunde-yasadi-cem-karacanin-vefatinin-uzerinden-21-yil-gecti\\\/#primaryimage\"},\"image\":{\"@id\":\"https:\\\/\\\/ajanscyprus.com\\\/2025\\\/02\\\/07\\\/vatandasliktan-cikartildi-surgunde-yasadi-cem-karacanin-vefatinin-uzerinden-21-yil-gecti\\\/#primaryimage\"},\"thumbnailUrl\":\"https:\\\/\\\/ajanscyprus.com\\\/wp-content\\\/uploads\\\/2025\\\/02\\\/67a5cee565cae217.jpg\",\"datePublished\":\"2025-02-07T09:35:40+00:00\",\"breadcrumb\":{\"@id\":\"https:\\\/\\\/ajanscyprus.com\\\/2025\\\/02\\\/07\\\/vatandasliktan-cikartildi-surgunde-yasadi-cem-karacanin-vefatinin-uzerinden-21-yil-gecti\\\/#breadcrumb\"},\"inLanguage\":\"tr\",\"potentialAction\":[{\"@type\":\"ReadAction\",\"target\":[\"https:\\\/\\\/ajanscyprus.com\\\/2025\\\/02\\\/07\\\/vatandasliktan-cikartildi-surgunde-yasadi-cem-karacanin-vefatinin-uzerinden-21-yil-gecti\\\/\"]}]},{\"@type\":\"ImageObject\",\"inLanguage\":\"tr\",\"@id\":\"https:\\\/\\\/ajanscyprus.com\\\/2025\\\/02\\\/07\\\/vatandasliktan-cikartildi-surgunde-yasadi-cem-karacanin-vefatinin-uzerinden-21-yil-gecti\\\/#primaryimage\",\"url\":\"https:\\\/\\\/ajanscyprus.com\\\/wp-content\\\/uploads\\\/2025\\\/02\\\/67a5cee565cae217.jpg\",\"contentUrl\":\"https:\\\/\\\/ajanscyprus.com\\\/wp-content\\\/uploads\\\/2025\\\/02\\\/67a5cee565cae217.jpg\",\"width\":1200,\"height\":675},{\"@type\":\"BreadcrumbList\",\"@id\":\"https:\\\/\\\/ajanscyprus.com\\\/2025\\\/02\\\/07\\\/vatandasliktan-cikartildi-surgunde-yasadi-cem-karacanin-vefatinin-uzerinden-21-yil-gecti\\\/#breadcrumb\",\"itemListElement\":[{\"@type\":\"ListItem\",\"position\":1,\"name\":\"Anasayfa\",\"item\":\"https:\\\/\\\/ajanscyprus.com\\\/\"},{\"@type\":\"ListItem\",\"position\":2,\"name\":\"Vatanda\u015fl\u0131ktan \u00e7\u0131kart\u0131ld\u0131, s\u00fcrg\u00fcnde ya\u015fad\u0131; Cem Karaca&#8217;n\u0131n vefat\u0131n\u0131n \u00fczerinden 21 y\u0131l ge\u00e7ti\"}]},{\"@type\":\"WebSite\",\"@id\":\"https:\\\/\\\/ajanscyprus.com\\\/#website\",\"url\":\"https:\\\/\\\/ajanscyprus.com\\\/\",\"name\":\"Ajans Cyprus\",\"description\":\"\",\"publisher\":{\"@id\":\"https:\\\/\\\/ajanscyprus.com\\\/#organization\"},\"potentialAction\":[{\"@type\":\"SearchAction\",\"target\":{\"@type\":\"EntryPoint\",\"urlTemplate\":\"https:\\\/\\\/ajanscyprus.com\\\/?s={search_term_string}\"},\"query-input\":{\"@type\":\"PropertyValueSpecification\",\"valueRequired\":true,\"valueName\":\"search_term_string\"}}],\"inLanguage\":\"tr\"},{\"@type\":\"Organization\",\"@id\":\"https:\\\/\\\/ajanscyprus.com\\\/#organization\",\"name\":\"Ajans Cyprus\",\"alternateName\":\"Ajans Mira Turan Cyprus Media And Production\",\"url\":\"https:\\\/\\\/ajanscyprus.com\\\/\",\"logo\":{\"@type\":\"ImageObject\",\"inLanguage\":\"tr\",\"@id\":\"https:\\\/\\\/ajanscyprus.com\\\/#\\\/schema\\\/logo\\\/image\\\/\",\"url\":\"https:\\\/\\\/ajanscyprus.com\\\/wp-content\\\/uploads\\\/2023\\\/02\\\/AjansCyprus-yuvarlak-logo-e1676491087198.png\",\"contentUrl\":\"https:\\\/\\\/ajanscyprus.com\\\/wp-content\\\/uploads\\\/2023\\\/02\\\/AjansCyprus-yuvarlak-logo-e1676491087198.png\",\"width\":200,\"height\":200,\"caption\":\"Ajans Cyprus\"},\"image\":{\"@id\":\"https:\\\/\\\/ajanscyprus.com\\\/#\\\/schema\\\/logo\\\/image\\\/\"},\"sameAs\":[\"https:\\\/\\\/www.facebook.com\\\/AjansCyprusAC\",\"https:\\\/\\\/x.com\\\/AjansCyprus\"]},{\"@type\":\"Person\",\"@id\":\"https:\\\/\\\/ajanscyprus.com\\\/#\\\/schema\\\/person\\\/bde04f428980a11e6513136d7f10a011\",\"name\":\"admin\",\"image\":{\"@type\":\"ImageObject\",\"inLanguage\":\"tr\",\"@id\":\"https:\\\/\\\/secure.gravatar.com\\\/avatar\\\/7b3584441088d5ca4cd7222e9873c969610760122e804fb99fa589e24cd99cb8?s=96&d=mm&r=g\",\"url\":\"https:\\\/\\\/secure.gravatar.com\\\/avatar\\\/7b3584441088d5ca4cd7222e9873c969610760122e804fb99fa589e24cd99cb8?s=96&d=mm&r=g\",\"contentUrl\":\"https:\\\/\\\/secure.gravatar.com\\\/avatar\\\/7b3584441088d5ca4cd7222e9873c969610760122e804fb99fa589e24cd99cb8?s=96&d=mm&r=g\",\"caption\":\"admin\"},\"sameAs\":[\"https:\\\/\\\/ajanscyprus.com\"],\"url\":\"https:\\\/\\\/ajanscyprus.com\\\/author\\\/admin_r45uydj1\\\/\"}]}<\/script>\n<!-- \/ Yoast SEO plugin. -->","yoast_head_json":{"title":"Vatanda\u015fl\u0131ktan \u00e7\u0131kart\u0131ld\u0131, s\u00fcrg\u00fcnde ya\u015fad\u0131; Cem Karaca'n\u0131n vefat\u0131n\u0131n \u00fczerinden 21 y\u0131l ge\u00e7ti - Ajans Cyprus","robots":{"index":"index","follow":"follow","max-snippet":"max-snippet:-1","max-image-preview":"max-image-preview:large","max-video-preview":"max-video-preview:-1"},"canonical":"https:\/\/ajanscyprus.com\/2025\/02\/07\/vatandasliktan-cikartildi-surgunde-yasadi-cem-karacanin-vefatinin-uzerinden-21-yil-gecti\/","og_locale":"tr_TR","og_type":"article","og_title":"Vatanda\u015fl\u0131ktan \u00e7\u0131kart\u0131ld\u0131, s\u00fcrg\u00fcnde ya\u015fad\u0131; Cem Karaca'n\u0131n vefat\u0131n\u0131n \u00fczerinden 21 y\u0131l ge\u00e7ti - Ajans Cyprus","og_description":"As\u0131l ad\u0131 Muhtar Cem Karaca olan sanat\u00e7\u0131, Ermeni as\u0131ll\u0131 opera ve tiyatro sanat\u00e7\u0131s\u0131 Toto Karaca (Irma&#46;&#46;&#46;","og_url":"https:\/\/ajanscyprus.com\/2025\/02\/07\/vatandasliktan-cikartildi-surgunde-yasadi-cem-karacanin-vefatinin-uzerinden-21-yil-gecti\/","og_site_name":"Ajans Cyprus","article_publisher":"https:\/\/www.facebook.com\/AjansCyprusAC","article_published_time":"2025-02-07T09:35:40+00:00","og_image":[{"width":1200,"height":675,"url":"https:\/\/ajanscyprus.com\/wp-content\/uploads\/2025\/02\/67a5cee565cae217.jpg","type":"image\/jpeg"}],"author":"admin","twitter_card":"summary_large_image","twitter_creator":"@AjansCyprus","twitter_site":"@AjansCyprus","twitter_misc":{"Yazan:":"admin","Tahmini okuma s\u00fcresi":"7 dakika"},"schema":{"@context":"https:\/\/schema.org","@graph":[{"@type":"Article","@id":"https:\/\/ajanscyprus.com\/2025\/02\/07\/vatandasliktan-cikartildi-surgunde-yasadi-cem-karacanin-vefatinin-uzerinden-21-yil-gecti\/#article","isPartOf":{"@id":"https:\/\/ajanscyprus.com\/2025\/02\/07\/vatandasliktan-cikartildi-surgunde-yasadi-cem-karacanin-vefatinin-uzerinden-21-yil-gecti\/"},"author":{"name":"admin","@id":"https:\/\/ajanscyprus.com\/#\/schema\/person\/bde04f428980a11e6513136d7f10a011"},"headline":"Vatanda\u015fl\u0131ktan \u00e7\u0131kart\u0131ld\u0131, s\u00fcrg\u00fcnde ya\u015fad\u0131; Cem Karaca&#8217;n\u0131n vefat\u0131n\u0131n \u00fczerinden 21 y\u0131l ge\u00e7ti","datePublished":"2025-02-07T09:35:40+00:00","mainEntityOfPage":{"@id":"https:\/\/ajanscyprus.com\/2025\/02\/07\/vatandasliktan-cikartildi-surgunde-yasadi-cem-karacanin-vefatinin-uzerinden-21-yil-gecti\/"},"wordCount":1515,"publisher":{"@id":"https:\/\/ajanscyprus.com\/#organization"},"image":{"@id":"https:\/\/ajanscyprus.com\/2025\/02\/07\/vatandasliktan-cikartildi-surgunde-yasadi-cem-karacanin-vefatinin-uzerinden-21-yil-gecti\/#primaryimage"},"thumbnailUrl":"https:\/\/ajanscyprus.com\/wp-content\/uploads\/2025\/02\/67a5cee565cae217.jpg","articleSection":["K\u00fclt\u00fcr &amp; Sanat"],"inLanguage":"tr"},{"@type":"WebPage","@id":"https:\/\/ajanscyprus.com\/2025\/02\/07\/vatandasliktan-cikartildi-surgunde-yasadi-cem-karacanin-vefatinin-uzerinden-21-yil-gecti\/","url":"https:\/\/ajanscyprus.com\/2025\/02\/07\/vatandasliktan-cikartildi-surgunde-yasadi-cem-karacanin-vefatinin-uzerinden-21-yil-gecti\/","name":"Vatanda\u015fl\u0131ktan \u00e7\u0131kart\u0131ld\u0131, s\u00fcrg\u00fcnde ya\u015fad\u0131; Cem Karaca'n\u0131n vefat\u0131n\u0131n \u00fczerinden 21 y\u0131l ge\u00e7ti - Ajans Cyprus","isPartOf":{"@id":"https:\/\/ajanscyprus.com\/#website"},"primaryImageOfPage":{"@id":"https:\/\/ajanscyprus.com\/2025\/02\/07\/vatandasliktan-cikartildi-surgunde-yasadi-cem-karacanin-vefatinin-uzerinden-21-yil-gecti\/#primaryimage"},"image":{"@id":"https:\/\/ajanscyprus.com\/2025\/02\/07\/vatandasliktan-cikartildi-surgunde-yasadi-cem-karacanin-vefatinin-uzerinden-21-yil-gecti\/#primaryimage"},"thumbnailUrl":"https:\/\/ajanscyprus.com\/wp-content\/uploads\/2025\/02\/67a5cee565cae217.jpg","datePublished":"2025-02-07T09:35:40+00:00","breadcrumb":{"@id":"https:\/\/ajanscyprus.com\/2025\/02\/07\/vatandasliktan-cikartildi-surgunde-yasadi-cem-karacanin-vefatinin-uzerinden-21-yil-gecti\/#breadcrumb"},"inLanguage":"tr","potentialAction":[{"@type":"ReadAction","target":["https:\/\/ajanscyprus.com\/2025\/02\/07\/vatandasliktan-cikartildi-surgunde-yasadi-cem-karacanin-vefatinin-uzerinden-21-yil-gecti\/"]}]},{"@type":"ImageObject","inLanguage":"tr","@id":"https:\/\/ajanscyprus.com\/2025\/02\/07\/vatandasliktan-cikartildi-surgunde-yasadi-cem-karacanin-vefatinin-uzerinden-21-yil-gecti\/#primaryimage","url":"https:\/\/ajanscyprus.com\/wp-content\/uploads\/2025\/02\/67a5cee565cae217.jpg","contentUrl":"https:\/\/ajanscyprus.com\/wp-content\/uploads\/2025\/02\/67a5cee565cae217.jpg","width":1200,"height":675},{"@type":"BreadcrumbList","@id":"https:\/\/ajanscyprus.com\/2025\/02\/07\/vatandasliktan-cikartildi-surgunde-yasadi-cem-karacanin-vefatinin-uzerinden-21-yil-gecti\/#breadcrumb","itemListElement":[{"@type":"ListItem","position":1,"name":"Anasayfa","item":"https:\/\/ajanscyprus.com\/"},{"@type":"ListItem","position":2,"name":"Vatanda\u015fl\u0131ktan \u00e7\u0131kart\u0131ld\u0131, s\u00fcrg\u00fcnde ya\u015fad\u0131; Cem Karaca&#8217;n\u0131n vefat\u0131n\u0131n \u00fczerinden 21 y\u0131l ge\u00e7ti"}]},{"@type":"WebSite","@id":"https:\/\/ajanscyprus.com\/#website","url":"https:\/\/ajanscyprus.com\/","name":"Ajans Cyprus","description":"","publisher":{"@id":"https:\/\/ajanscyprus.com\/#organization"},"potentialAction":[{"@type":"SearchAction","target":{"@type":"EntryPoint","urlTemplate":"https:\/\/ajanscyprus.com\/?s={search_term_string}"},"query-input":{"@type":"PropertyValueSpecification","valueRequired":true,"valueName":"search_term_string"}}],"inLanguage":"tr"},{"@type":"Organization","@id":"https:\/\/ajanscyprus.com\/#organization","name":"Ajans Cyprus","alternateName":"Ajans Mira Turan Cyprus Media And Production","url":"https:\/\/ajanscyprus.com\/","logo":{"@type":"ImageObject","inLanguage":"tr","@id":"https:\/\/ajanscyprus.com\/#\/schema\/logo\/image\/","url":"https:\/\/ajanscyprus.com\/wp-content\/uploads\/2023\/02\/AjansCyprus-yuvarlak-logo-e1676491087198.png","contentUrl":"https:\/\/ajanscyprus.com\/wp-content\/uploads\/2023\/02\/AjansCyprus-yuvarlak-logo-e1676491087198.png","width":200,"height":200,"caption":"Ajans Cyprus"},"image":{"@id":"https:\/\/ajanscyprus.com\/#\/schema\/logo\/image\/"},"sameAs":["https:\/\/www.facebook.com\/AjansCyprusAC","https:\/\/x.com\/AjansCyprus"]},{"@type":"Person","@id":"https:\/\/ajanscyprus.com\/#\/schema\/person\/bde04f428980a11e6513136d7f10a011","name":"admin","image":{"@type":"ImageObject","inLanguage":"tr","@id":"https:\/\/secure.gravatar.com\/avatar\/7b3584441088d5ca4cd7222e9873c969610760122e804fb99fa589e24cd99cb8?s=96&d=mm&r=g","url":"https:\/\/secure.gravatar.com\/avatar\/7b3584441088d5ca4cd7222e9873c969610760122e804fb99fa589e24cd99cb8?s=96&d=mm&r=g","contentUrl":"https:\/\/secure.gravatar.com\/avatar\/7b3584441088d5ca4cd7222e9873c969610760122e804fb99fa589e24cd99cb8?s=96&d=mm&r=g","caption":"admin"},"sameAs":["https:\/\/ajanscyprus.com"],"url":"https:\/\/ajanscyprus.com\/author\/admin_r45uydj1\/"}]}},"jetpack_publicize_connections":[],"_links":{"self":[{"href":"https:\/\/ajanscyprus.com\/wp-json\/wp\/v2\/posts\/158036","targetHints":{"allow":["GET"]}}],"collection":[{"href":"https:\/\/ajanscyprus.com\/wp-json\/wp\/v2\/posts"}],"about":[{"href":"https:\/\/ajanscyprus.com\/wp-json\/wp\/v2\/types\/post"}],"author":[{"embeddable":true,"href":"https:\/\/ajanscyprus.com\/wp-json\/wp\/v2\/users\/1"}],"replies":[{"embeddable":true,"href":"https:\/\/ajanscyprus.com\/wp-json\/wp\/v2\/comments?post=158036"}],"version-history":[{"count":0,"href":"https:\/\/ajanscyprus.com\/wp-json\/wp\/v2\/posts\/158036\/revisions"}],"wp:featuredmedia":[{"embeddable":true,"href":"https:\/\/ajanscyprus.com\/wp-json\/wp\/v2\/media\/158037"}],"wp:attachment":[{"href":"https:\/\/ajanscyprus.com\/wp-json\/wp\/v2\/media?parent=158036"}],"wp:term":[{"taxonomy":"category","embeddable":true,"href":"https:\/\/ajanscyprus.com\/wp-json\/wp\/v2\/categories?post=158036"},{"taxonomy":"post_tag","embeddable":true,"href":"https:\/\/ajanscyprus.com\/wp-json\/wp\/v2\/tags?post=158036"},{"taxonomy":"manset","embeddable":true,"href":"https:\/\/ajanscyprus.com\/wp-json\/wp\/v2\/manset?post=158036"}],"curies":[{"name":"wp","href":"https:\/\/api.w.org\/{rel}","templated":true}]}}