{"id":158724,"date":"2025-02-12T18:14:19","date_gmt":"2025-02-12T15:14:19","guid":{"rendered":"https:\/\/ajanscyprus.com\/?p=158724"},"modified":"2025-02-13T00:53:50","modified_gmt":"2025-02-12T21:53:50","slug":"halil-falyali-ozel-egitim-ve-is-egitim-okulu-ziyamette-acildi","status":"publish","type":"post","link":"https:\/\/ajanscyprus.com\/2025\/02\/12\/halil-falyali-ozel-egitim-ve-is-egitim-okulu-ziyamette-acildi\/","title":{"rendered":"Halil Falyal\u0131 \u00d6zel E\u011fitim ve \u0130\u015f E\u011fitim Okulu Ziyamet\u2019te a\u00e7\u0131ld\u0131.."},"content":{"rendered":"<p><em><strong><span style=\"font-family: var(--theme_font); word-spacing: 0.001em;\">Milli E\u011fitim Bakanl\u0131\u011f\u0131\u2019n\u0131n \u201cBir Okul da Sen Yap\u201d kampanyas\u0131 kapsam\u0131nda Bakanl\u0131k ile Halil Falyal\u0131 Yard\u0131m Vakf\u0131 aras\u0131nda imzalanan protokol \u00e7er\u00e7evesinde in\u015fa edilen \u201cHalil Falyal\u0131 \u00d6zel E\u011fitim ve \u0130\u015f E\u011fitim Okulu\u201d, Ziyamet\u2019te d\u00fczenlenen t\u00f6renle\u00a0 a\u00e7\u0131ld\u0131.Ba\u015fbakan \u00dcnal \u00dcstel ise a\u00e7\u0131l\u0131\u015fta yapt\u0131\u011f\u0131 konu\u015fmada, \u201c2026-2027 y\u0131l\u0131na kadar t\u00fcm okullar\u0131 yenileyece\u011fiz\u201dDedi.<\/span><\/strong><\/em><\/p>\n<div>\n<p>A\u00e7\u0131l\u0131\u015f\u0131 Ba\u015fbakan \u00dcnal \u00dcstel, Halil Falyal\u0131 Yard\u0131m Vakf\u0131 Ba\u015fkan\u0131 \u00d6zge Ta\u015fker Falyal\u0131, \u0130\u00e7i\u015fleri Bakan\u0131 Dursun O\u011fuz, Milli E\u011fitim Bakan\u0131 Naz\u0131m \u00c7avu\u015fo\u011flu ve Sa\u011fl\u0131k Bakan\u0131 Hakan Din\u00e7y\u00fcrek ile birlikte ger\u00e7ekle\u015ftirdi.<\/p>\n<p>Karpaz b\u00f6lgesindeki \u00f6zel \u00e7ocuklar\u0131n ya\u015fam becerilerini geli\u015ftirmek ve\u00a0 onlar\u0131 ba\u011f\u0131ms\u0131z bir hayata haz\u0131rlamk i\u00e7in in\u015fa edilen okulun temelleri 29 Mart\u00a0 2024\u2019te at\u0131lm\u0131\u015ft\u0131. 2 bin 634\u00a0 metrekare alan i\u00e7erisinde kurulan okul binas\u0131 650\u00a0 metrekare kapal\u0131 alandan olu\u015fuyor.<\/p>\n<p>Zemin kata, s\u0131n\u0131flar at\u00f6lyeler, bekleme odalar\u0131, birinci katta idari bina yer al\u0131yor. Okulda 3 adet bireysel e\u011fitim odas\u0131, 8 s\u0131n\u0131f, bir e\u011fitsel salon, bir rehberlik odas\u0131 iki adet at\u00f6lye e\u011fitim odas\u0131, 410 metrekarelik i\u00e7 bah\u00e7e bulunuyor.<\/p><div class=\"kanews-banner kanews-banner-single\"><img loading=\"lazy\" decoding=\"async\" src=\"https:\/\/ajanscyprus.com\/wp-content\/uploads\/2026\/04\/meRIT-bANNER.jpeg\" alt=\"\" width=\"970\" height=\"90\" class=\"alignnone size-full wp-image-62349\" \/><\/div>\n<p><strong>-Soylu: \u201c\u00d6zel e\u011fitime ihtiya\u00e7 her ge\u00e7en g\u00fcn art\u0131yor\u201d<\/strong><\/p>\n<p>Okulun sorumlu \u00f6\u011fretmeni Nur Soylu, t\u00f6rende yapt\u0131\u011f\u0131 konu\u015fmada, uzun zamand\u0131r \u00f6zlem ve heyecanla bekledikleri Halil Falyal\u0131 \u00d6zel E\u011fitim ve \u0130\u015f E\u011fitim Okulu\u2019nun a\u00e7\u0131l\u0131\u015f\u0131n\u0131n ger\u00e7ekle\u015ftirildi\u011fini ifade etti.<\/p>\n<p>Soylu, \u00f6zel e\u011fitime ihtiyac\u0131 olan bireyin ve \u00f6zel e\u011fitimin tan\u0131m\u0131n\u0131 yaparak, \u00f6zel e\u011fitime gerek duyan cocuklar\u0131n say\u0131s\u0131n\u0131n her ge\u00e7en g\u00fcn artt\u0131\u011f\u0131n\u0131 s\u00f6yledi.<\/p>\n<p><strong>-Falyal\u0131: \u201cBir okul daha yapmak istiyoruz\u201d<\/strong><\/p>\n<p>Halil Falyal\u0131 Yard\u0131m Vakf\u0131 Ba\u015fkan\u0131 \u00d6zge Ta\u015fker Falyal\u0131 konu\u015fmas\u0131nda,\u00a0 okul yap\u0131m\u0131n\u0131 destekleyen Ba\u015fbakan \u00dcnal \u00dcstel ile Milli E\u011fitim Bakan\u0131 Naz\u0131m \u00c7avu\u015fo\u011flu\u2019na te\u015fekk\u00fcr etti.<\/p>\n<p>Falyal\u0131 \u201cBir Okul da Sen Yap\u201d kampanyas\u0131 i\u00e7in ziyaret ettikleri Milli E\u011fitim Bakan\u0131 Naz\u0131m \u00c7avu\u015fo\u011flu\u2019nun okulu yapmalar\u0131 i\u00e7in vesile oldu\u011funu belirterek, Vak\u0131f olarak ileriki y\u0131lda bir okul daha yapmak istediklerini a\u00e7\u0131klad\u0131.<\/p>\n<p>Falyal\u0131, \u201cBu bizim ilk ad\u0131m\u0131m\u0131z oldu, b\u00f6lgemize oldu. Halil Bey, Ziyamet\u2019e, Kumyal\u0131\u2019ya, Karpaz b\u00f6lgesine sevdal\u0131 bir insand\u0131. \u0130lk ad\u0131m\u0131m\u0131z\u0131 burada atm\u0131\u015f olduk sizin vesilenizle, umar\u0131m bunu di\u011fer b\u00f6lgelere de ta\u015f\u0131r\u0131z.\u201d dedi.<\/p>\n<p><strong>-\u00c7avu\u015fo\u011flu: \u201c\u0130ki y\u0131l i\u00e7inde okul ihtiyac\u0131 s\u0131k\u0131nt\u0131s\u0131n\u0131 \u00e7\u00f6zm\u00fc\u015f olaca\u011f\u0131z\u201d<\/strong><\/p>\n<p>Milli E\u011fitim Bakan\u0131 Naz\u0131m \u00c7avu\u015fo\u011flu da konu\u015fmas\u0131nda, g\u00fczel bir okulun a\u00e7\u0131l\u0131\u015f\u0131nda bulunman\u0131n kendilerini gururland\u0131rd\u0131\u011f\u0131n\u0131 s\u00f6yledi.<\/p>\n<p>\u00c7avu\u015fo\u011flu, hem okul yap\u0131lmas\u0131n\u0131n, hem hay\u0131rseverler taraf\u0131ndan yap\u0131lm\u0131\u015f olmas\u0131n\u0131n KKTC halk\u0131n\u0131 onurland\u0131rd\u0131\u011f\u0131n\u0131 ifade etti.<\/p>\n<p>Her \u015feyin \u00d6zge Ta\u015fker Falyal\u0131\u2019n\u0131n kendisini ziyaret ederek vak\u0131f \u00a0kurmak istedi\u011fini s\u00f6ylemesi ve ne yapabilece\u011fini sormas\u0131yla ba\u015flad\u0131\u011f\u0131n\u0131 s\u00f6yleyen \u00c7avu\u015fo\u011flu, \u201cBekle dedim, haz\u0131rday\u0131z. Hemen projeyi al\u0131p masaya koydum, projen haz\u0131r dedim. \u00c7\u00fcnk\u00fc Halil ile \u00e7ok konu\u015furduk. Halil\u2019e hep arkada\u015fl\u0131\u011f\u0131m\u0131zdan dolay\u0131, Kumyal\u0131\u00a0 ge\u00e7mi\u015fimizden dolay\u0131 tak\u0131l\u0131rd\u0131m. Bu paralardan e\u011fitime de ay\u0131ral\u0131m derdim o da \u2018yapal\u0131m\u2019 diyordu. Bu konu\u015fmalar\u0131n an\u0131s\u0131n\u0131 ya\u015fatmak ad\u0131na ve Vakf\u0131n ilk projesi olmas\u0131 nedeniyle \u00d6zge Han\u0131m bu b\u00f6lgede yap\u0131lmas\u0131n\u0131 istedi.\u201d dedi.<\/p>\n<p>\u00c7avu\u015fo\u011flu, okulun bir y\u0131l dolmadan hayata ge\u00e7irildi\u011fini ve Karpaz halk\u0131 i\u00e7in \u00e7ok k\u0131ymetli oldu\u011funu vurgulayarak, okulun Fevzi \u00d6zersay\u2019\u0131n ofisinin hibe olarak \u00e7izdi\u011fi \u00e7ok de\u011ferli bir proje oldu\u011funu s\u00f6yledi.<\/p>\n<p>\u00c7avu\u015fo\u011flu, hayata ge\u00e7irilen proje ile Karpaz halk\u0131n\u0131n \u00f6zel e\u011fitimde uluslararas\u0131 standard\u0131 yakalam\u0131\u015f oldu\u011funu belirtti.<\/p>\n<p>\u00d6zge Ta\u015fker Falyal\u0131\u2019n\u0131n \u201cGirne\u2019ye de b\u00f6yle bir okul yapal\u0131m\u201d demesinin kendilerine \u00e7al\u0131\u015fmalar\u0131nda daha b\u00fcy\u00fck\u00a0 sorumluluk ve moral verdi\u011finin alt\u0131n\u0131 \u00e7izen \u00c7avu\u015fo\u011flu, halkla birlikte gelece\u011fi \u015fekillendirmede umutlar\u0131n\u0131 art\u0131rd\u0131\u011f\u0131n\u0131 s\u00f6yledi.<\/p>\n<p>\u00dcnal \u00dcstel\u2019in ba\u015fbakanl\u0131\u011f\u0131nda bug\u00fcn 7\u2019nci okulu a\u00e7t\u0131klar\u0131n\u0131, UBP\u2019nin d\u00f6rt bu\u00e7uk y\u0131lll\u0131k kesintisiz iktidar d\u00f6neminde ise 23\u2019\u00fcnc\u00fc okulu a\u00e7t\u0131klar\u0131n\u0131 s\u00f6yleyen \u00c7avu\u015fo\u011flu, iki y\u0131l i\u00e7inde hay\u0131rseverlerle birlikte \u00fclkenin okul ihtiyac\u0131 s\u0131k\u0131nt\u0131s\u0131n\u0131 \u00e7\u00f6zm\u00fc\u015f olacaklar\u0131n\u0131 belirtti.<\/p>\n<p>\u201cBu topraklarda 450 y\u0131ld\u0131r, atalar\u0131mz\u0131dan ald\u0131\u011f\u0131m\u0131z miras\u0131, y\u00fczlerce ve binlerce y\u0131l sonraki nesillerimize aktarabilmek i\u00e7in hay\u0131rseverlere her zaman ihtiya\u00e7 duyduk.\u201d diyen \u00c7avu\u015fo\u011flu, \u0130skele Evkaf T\u00fcrk Maarif Koleji\u2019nin 300 y\u0131l \u00f6nce \u00f6nce ya\u015fayan atalar\u0131n vakfettikleri mallardan elde dilen gelirle yap\u0131ld\u0131\u011f\u0131n\u0131n alt\u0131n\u0131 \u00e7izdi. \u201c\u00c7avu\u015fo\u011flu, 450 y\u0131ld\u0131r bu topraklarda var olmam\u0131z tesad\u00fcf de\u011fil.\u201d dedi.<\/p>\n<p><strong>-\u00dcstel: \u201c2026-2027 y\u0131l\u0131na kadar t\u00fcm okullar\u0131 yenileyece\u011fiz\u201d<\/strong><\/p>\n<p>Ba\u015fbakan \u00dcnal \u00dcstel ise, bug\u00fcn\u00fcn \u00e7ok \u00f6zel bir g\u00fcn oldu\u011funu belirterek, \u201cKKTC\u2019nin her b\u00f6lgesine yard\u0131mlar\u0131 dokunan, kap\u0131s\u0131 hep a\u00e7\u0131k olan ve kap\u0131s\u0131 a\u00e7\u0131kken kesesi de a\u00e7\u0131k, herkese yard\u0131m eden Halil Falyal\u0131 ad\u0131na isimini sonsuza kadar ya\u015fatacak olan bir okul a\u00e7man\u0131n mutlulu\u011funu ya\u015fad\u0131klar\u0131n\u0131\u201d s\u00f6yledi.<\/p>\n<p>\u00dcstel, h\u00fck\u00fcmeti, \u015fahs\u0131 ve halk\u0131 ad\u0131na \u00d6zge Ta\u015fker Falyal\u0131\u2019ya te\u015fekk\u00fcr etti. \u00dcstel, \u00d6zge Ta\u015fker Falyal\u0131\u2019n\u0131n ayn\u0131 okuldan Girne\u2019ye de yap\u0131laca\u011f\u0131n\u0131n\u00a0 m\u00fcjdesini verdi\u011fini belirtti.<\/p>\n<p>B\u00f6lge halk\u0131na seslenen \u00dcstel, b\u00f6lgede ya\u015fanan ya\u011f\u0131\u015f ve dolular\u0131n zarara yol a\u00e7t\u0131\u011f\u0131n\u0131 belirterek, hasar tespiti i\u00e7in Yenierenk\u00f6y\u2019de belediyeyi ziyaret edip hasar olan k\u00f6ylerin muhtarlar\u0131n\u0131 \u00e7a\u011f\u0131rarak isti\u015fare edeceklerini, h\u00fck\u00fcmet olarak yapabileceklerini ele alacaklar\u0131n\u0131 kaydetti.<\/p>\n<p>Ba\u015fbakan \u00dcstel, bug\u00fcn\u00fcn e\u011fitimde \u00e7ocuklara verdikleri \u00f6nemin g\u00f6stergesi oldu\u011funu vurgulayarak, \u00fclkede UBP iktidarlar\u0131 ve Ba\u015fbakanl\u0131\u011f\u0131 d\u00f6neminde verdikleri \u00f6nemin ortada oldu\u011funu s\u00f6yledi.<\/p>\n<p>\u00dcstel, \u201c2013\u2019ten bug\u00fcne kadar; UBP h\u00fck\u00fcmetleri kesintisiz devam etti\u011fi s\u00fcrece kadar yap\u0131lan okul say\u0131s\u0131 kadar, biz o kadar okulu bu kadar k\u0131sa d\u00f6nemde hayata ge\u00e7irdik.\u201ddedi.<\/p>\n<p>\u00dcstel, i\u015f insanlar\u0131n\u0131n e\u011fitime katk\u0131s\u0131na de\u011finerek, t\u00fcm i\u015f insanlar\u0131na halk ad\u0131na te\u015fekk\u00fcr etti.<\/p>\n<p>6 \u015eubat depremine de\u011finen \u00dcstel, \u201cBiz o g\u00fcnden sonra e\u011fitimin daha g\u00fcvenli devam etmesi i\u00e7in Ba\u015fbaklanl\u0131k alt\u0131nda Deprem Komitesi kurduk. \u00d6ncelikle \u00e7ocuklar\u0131m\u0131z\u0131n gitti\u011fi okullar\u0131n depreme dayan\u0131kl\u0131 olup olmad\u0131\u011f\u0131n\u0131\u00a0 kontrol ettik. T\u00fcm okullar\u0131m\u0131z\u0131 g\u00f6zden ge\u00e7irdik. Y\u0131k\u0131lacak olanlar\u0131 y\u0131kt\u0131k, g\u00fc\u00e7lenecek olan okullar\u0131 peyderpey yap\u0131yoruz.\u00a0 Yeni yap\u0131lacak okullar\u0131m\u0131z\u0131 yap\u0131yoruz. Bir taraftan devlet yap\u0131yor, bir taraftan devlet \u00f6zel sekt\u00f6r i\u015f birli\u011fiyle yap\u0131yoruz\u2026\u201d dedi.<\/p>\n<p>B\u00fct\u00fcn il\u00e7elere e\u015fit yat\u0131r\u0131mlar yapmaya devam ettiklerin belirten \u00dcstel, Karpaz b\u00f6lgesinde eksiklerin bulundu\u011funu, bunlar\u0131n hepsini birden yapman\u0131n m\u00fcmk\u00fcn olmad\u0131\u011f\u0131n\u0131, hepsini s\u0131raya koyduklar\u0131n\u0131, peyderpey hepsini yapacaklar\u0131n\u0131 s\u00f6yledi.<\/p>\n<p>Ba\u015fbakan \u00dcstel, Karpaz b\u00f6lgesinde s\u00f6z verdikleri k\u0131rsal kesim arsalar\u0131n\u0131n da\u011f\u0131t\u0131m\u0131na, mart ay\u0131nda ba\u015flayacaklar\u0131n\u0131 a\u00e7\u0131klad\u0131.<\/p>\n<p>\u00dcstel, yine Karpaz b\u00f6lgesinde sosyal konut s\u00f6z\u00fc verdiklerini, \u0130\u00e7i\u015fleri Bakanl\u0131\u011f\u0131\u2019n\u0131n \u00e7al\u0131\u015fmay\u0131 bitirdi\u011fini mart ay\u0131 i\u00e7inde bu projeyi de hayata ge\u00e7ireceklerini bildirdi.<\/p>\n<p>Ba\u015fbakan \u00dcstel, k\u0131rsal kesim arsas\u0131 verilen gen\u00e7lerin evlerini yapabilmeleri i\u00e7in yasal d\u00fczenleme yapt\u0131kalr\u0131n\u0131,\u00a0 ayr\u0131ca kredi paketlerini a\u00e7\u0131klad\u0131klar\u0131n\u0131 vurgulad\u0131.<\/p>\n<p>\u00dcstel, \u0130lk Evim Projesi\u2019nin \u00fc\u00e7\u00fcnc\u00fcs\u00fcn\u00fc hayata ge\u00e7irdiklerini, kredilerin TL cinsinden, uzun vadeli, d\u00fc\u015f\u00fck faizli olaca\u011f\u0131n\u0131, aradaki faiz fark\u0131n\u0131 devletin \u00fcstlendi\u011fini de hat\u0131rlatt\u0131. Ba\u015fbakan \u00dcstel, paket sayesinde hem ev almak isteyen gen\u00e7lerin hem de \u00f6zel sekt\u00f6r\u00fcn desteklenmi\u015f olaca\u011f\u0131n\u0131 ifade etti.<\/p>\n<p>Ba\u015fbakan \u00dcstel, yeni okullarla birlikte 2026-2027 y\u0131l\u0131na kadar b\u00fct\u00fcn okullar\u0131 yenileyip \u00e7ocuklar\u0131 daha \u00e7a\u011fda\u015f e\u011fitim olanaklar\u0131na kavu\u015ft\u0131racaklar\u0131n\u0131 s\u00f6zlerine ekledi.<\/p>\n<p>Konu\u015fmalar\u0131n ard\u0131ndan Halil Falyal\u0131 Yard\u0131m Vakf\u0131 Ba\u015fkan\u0131 \u00d6zge Ta\u015fker Falyal\u0131 ile okulun porojesini \u00e7izen Fevzi \u00d6zersay\u2019a plaket takdim edildi.<\/p>\n<\/div>\n<\/p>","protected":false},"excerpt":{"rendered":"<p>Milli E\u011fitim Bakanl\u0131\u011f\u0131\u2019n\u0131n \u201cBir Okul da Sen Yap\u201d kampanyas\u0131 kapsam\u0131nda Bakanl\u0131k ile Halil Falyal\u0131 Yard\u0131m Vakf\u0131&#46;&#46;&#46;<\/p>\n","protected":false},"author":1,"featured_media":158726,"comment_status":"closed","ping_status":"open","sticky":false,"template":"","format":"standard","meta":{"footnotes":"","jetpack_publicize_message":"","jetpack_publicize_feature_enabled":true,"jetpack_social_post_already_shared":false,"jetpack_social_options":{"image_generator_settings":{"template":"highway","default_image_id":0,"font":"","enabled":false},"version":2}},"categories":[45],"tags":[5807,46241,13941,20679],"manset":[],"class_list":["post-158724","post","type-post","status-publish","format-standard","has-post-thumbnail","hentry","category-egitim","tag-egitim","tag-hail-falyali","tag-nazim-cavusoglu","tag-ziyamet"],"yoast_head":"<!-- This site is optimized with the Yoast SEO plugin v27.4 - https:\/\/yoast.com\/product\/yoast-seo-wordpress\/ -->\n<title>Halil Falyal\u0131 \u00d6zel E\u011fitim ve \u0130\u015f E\u011fitim Okulu Ziyamet\u2019te a\u00e7\u0131ld\u0131.. - Ajans Cyprus<\/title>\n<meta name=\"robots\" content=\"index, follow, max-snippet:-1, max-image-preview:large, max-video-preview:-1\" \/>\n<link rel=\"canonical\" href=\"https:\/\/ajanscyprus.com\/2025\/02\/12\/halil-falyali-ozel-egitim-ve-is-egitim-okulu-ziyamette-acildi\/\" \/>\n<meta property=\"og:locale\" content=\"tr_TR\" \/>\n<meta property=\"og:type\" content=\"article\" \/>\n<meta property=\"og:title\" content=\"Halil Falyal\u0131 \u00d6zel E\u011fitim ve \u0130\u015f E\u011fitim Okulu Ziyamet\u2019te a\u00e7\u0131ld\u0131.. - Ajans Cyprus\" \/>\n<meta property=\"og:description\" content=\"Milli E\u011fitim Bakanl\u0131\u011f\u0131\u2019n\u0131n \u201cBir Okul da Sen Yap\u201d kampanyas\u0131 kapsam\u0131nda Bakanl\u0131k ile Halil Falyal\u0131 Yard\u0131m Vakf\u0131&#046;&#046;&#046;\" \/>\n<meta property=\"og:url\" content=\"https:\/\/ajanscyprus.com\/2025\/02\/12\/halil-falyali-ozel-egitim-ve-is-egitim-okulu-ziyamette-acildi\/\" \/>\n<meta property=\"og:site_name\" content=\"Ajans Cyprus\" \/>\n<meta property=\"article:publisher\" content=\"https:\/\/www.facebook.com\/AjansCyprusAC\" \/>\n<meta property=\"article:published_time\" content=\"2025-02-12T15:14:19+00:00\" \/>\n<meta property=\"article:modified_time\" content=\"2025-02-12T21:53:50+00:00\" \/>\n<meta property=\"og:image\" content=\"https:\/\/ajanscyprus.com\/wp-content\/uploads\/2025\/02\/falyali5-1.jpeg\" \/>\n\t<meta property=\"og:image:width\" content=\"928\" \/>\n\t<meta property=\"og:image:height\" content=\"513\" \/>\n\t<meta property=\"og:image:type\" content=\"image\/jpeg\" \/>\n<meta name=\"author\" content=\"admin\" \/>\n<meta name=\"twitter:card\" content=\"summary_large_image\" \/>\n<meta name=\"twitter:creator\" content=\"@AjansCyprus\" \/>\n<meta name=\"twitter:site\" content=\"@AjansCyprus\" \/>\n<meta name=\"twitter:label1\" content=\"Yazan:\" \/>\n\t<meta name=\"twitter:data1\" content=\"admin\" \/>\n<script type=\"application\/ld+json\" class=\"yoast-schema-graph\">{\"@context\":\"https:\\\/\\\/schema.org\",\"@graph\":[{\"@type\":\"Article\",\"@id\":\"https:\\\/\\\/ajanscyprus.com\\\/2025\\\/02\\\/12\\\/halil-falyali-ozel-egitim-ve-is-egitim-okulu-ziyamette-acildi\\\/#article\",\"isPartOf\":{\"@id\":\"https:\\\/\\\/ajanscyprus.com\\\/2025\\\/02\\\/12\\\/halil-falyali-ozel-egitim-ve-is-egitim-okulu-ziyamette-acildi\\\/\"},\"author\":{\"name\":\"admin\",\"@id\":\"https:\\\/\\\/ajanscyprus.com\\\/#\\\/schema\\\/person\\\/bde04f428980a11e6513136d7f10a011\"},\"headline\":\"Halil Falyal\u0131 \u00d6zel E\u011fitim ve \u0130\u015f E\u011fitim Okulu Ziyamet\u2019te a\u00e7\u0131ld\u0131..\",\"datePublished\":\"2025-02-12T15:14:19+00:00\",\"dateModified\":\"2025-02-12T21:53:50+00:00\",\"mainEntityOfPage\":{\"@id\":\"https:\\\/\\\/ajanscyprus.com\\\/2025\\\/02\\\/12\\\/halil-falyali-ozel-egitim-ve-is-egitim-okulu-ziyamette-acildi\\\/\"},\"wordCount\":1454,\"publisher\":{\"@id\":\"https:\\\/\\\/ajanscyprus.com\\\/#organization\"},\"image\":{\"@id\":\"https:\\\/\\\/ajanscyprus.com\\\/2025\\\/02\\\/12\\\/halil-falyali-ozel-egitim-ve-is-egitim-okulu-ziyamette-acildi\\\/#primaryimage\"},\"thumbnailUrl\":\"https:\\\/\\\/ajanscyprus.com\\\/wp-content\\\/uploads\\\/2025\\\/02\\\/falyali5-1.jpeg\",\"keywords\":[\"e\u011fitim\",\"hail falyal\u0131\",\"naz\u0131m \u00e7avu\u015fo\u011flu\",\"Ziyamet\"],\"articleSection\":[\"E\u011fitim\"],\"inLanguage\":\"tr\"},{\"@type\":\"WebPage\",\"@id\":\"https:\\\/\\\/ajanscyprus.com\\\/2025\\\/02\\\/12\\\/halil-falyali-ozel-egitim-ve-is-egitim-okulu-ziyamette-acildi\\\/\",\"url\":\"https:\\\/\\\/ajanscyprus.com\\\/2025\\\/02\\\/12\\\/halil-falyali-ozel-egitim-ve-is-egitim-okulu-ziyamette-acildi\\\/\",\"name\":\"Halil Falyal\u0131 \u00d6zel E\u011fitim ve \u0130\u015f E\u011fitim Okulu Ziyamet\u2019te a\u00e7\u0131ld\u0131.. - Ajans Cyprus\",\"isPartOf\":{\"@id\":\"https:\\\/\\\/ajanscyprus.com\\\/#website\"},\"primaryImageOfPage\":{\"@id\":\"https:\\\/\\\/ajanscyprus.com\\\/2025\\\/02\\\/12\\\/halil-falyali-ozel-egitim-ve-is-egitim-okulu-ziyamette-acildi\\\/#primaryimage\"},\"image\":{\"@id\":\"https:\\\/\\\/ajanscyprus.com\\\/2025\\\/02\\\/12\\\/halil-falyali-ozel-egitim-ve-is-egitim-okulu-ziyamette-acildi\\\/#primaryimage\"},\"thumbnailUrl\":\"https:\\\/\\\/ajanscyprus.com\\\/wp-content\\\/uploads\\\/2025\\\/02\\\/falyali5-1.jpeg\",\"datePublished\":\"2025-02-12T15:14:19+00:00\",\"dateModified\":\"2025-02-12T21:53:50+00:00\",\"breadcrumb\":{\"@id\":\"https:\\\/\\\/ajanscyprus.com\\\/2025\\\/02\\\/12\\\/halil-falyali-ozel-egitim-ve-is-egitim-okulu-ziyamette-acildi\\\/#breadcrumb\"},\"inLanguage\":\"tr\",\"potentialAction\":[{\"@type\":\"ReadAction\",\"target\":[\"https:\\\/\\\/ajanscyprus.com\\\/2025\\\/02\\\/12\\\/halil-falyali-ozel-egitim-ve-is-egitim-okulu-ziyamette-acildi\\\/\"]}]},{\"@type\":\"ImageObject\",\"inLanguage\":\"tr\",\"@id\":\"https:\\\/\\\/ajanscyprus.com\\\/2025\\\/02\\\/12\\\/halil-falyali-ozel-egitim-ve-is-egitim-okulu-ziyamette-acildi\\\/#primaryimage\",\"url\":\"https:\\\/\\\/ajanscyprus.com\\\/wp-content\\\/uploads\\\/2025\\\/02\\\/falyali5-1.jpeg\",\"contentUrl\":\"https:\\\/\\\/ajanscyprus.com\\\/wp-content\\\/uploads\\\/2025\\\/02\\\/falyali5-1.jpeg\",\"width\":928,\"height\":513},{\"@type\":\"BreadcrumbList\",\"@id\":\"https:\\\/\\\/ajanscyprus.com\\\/2025\\\/02\\\/12\\\/halil-falyali-ozel-egitim-ve-is-egitim-okulu-ziyamette-acildi\\\/#breadcrumb\",\"itemListElement\":[{\"@type\":\"ListItem\",\"position\":1,\"name\":\"Anasayfa\",\"item\":\"https:\\\/\\\/ajanscyprus.com\\\/\"},{\"@type\":\"ListItem\",\"position\":2,\"name\":\"Halil Falyal\u0131 \u00d6zel E\u011fitim ve \u0130\u015f E\u011fitim Okulu Ziyamet\u2019te a\u00e7\u0131ld\u0131..\"}]},{\"@type\":\"WebSite\",\"@id\":\"https:\\\/\\\/ajanscyprus.com\\\/#website\",\"url\":\"https:\\\/\\\/ajanscyprus.com\\\/\",\"name\":\"Ajans Cyprus\",\"description\":\"\",\"publisher\":{\"@id\":\"https:\\\/\\\/ajanscyprus.com\\\/#organization\"},\"potentialAction\":[{\"@type\":\"SearchAction\",\"target\":{\"@type\":\"EntryPoint\",\"urlTemplate\":\"https:\\\/\\\/ajanscyprus.com\\\/?s={search_term_string}\"},\"query-input\":{\"@type\":\"PropertyValueSpecification\",\"valueRequired\":true,\"valueName\":\"search_term_string\"}}],\"inLanguage\":\"tr\"},{\"@type\":\"Organization\",\"@id\":\"https:\\\/\\\/ajanscyprus.com\\\/#organization\",\"name\":\"Ajans Cyprus\",\"alternateName\":\"Ajans Mira Turan Cyprus Media And Production\",\"url\":\"https:\\\/\\\/ajanscyprus.com\\\/\",\"logo\":{\"@type\":\"ImageObject\",\"inLanguage\":\"tr\",\"@id\":\"https:\\\/\\\/ajanscyprus.com\\\/#\\\/schema\\\/logo\\\/image\\\/\",\"url\":\"https:\\\/\\\/ajanscyprus.com\\\/wp-content\\\/uploads\\\/2023\\\/02\\\/AjansCyprus-yuvarlak-logo-e1676491087198.png\",\"contentUrl\":\"https:\\\/\\\/ajanscyprus.com\\\/wp-content\\\/uploads\\\/2023\\\/02\\\/AjansCyprus-yuvarlak-logo-e1676491087198.png\",\"width\":200,\"height\":200,\"caption\":\"Ajans Cyprus\"},\"image\":{\"@id\":\"https:\\\/\\\/ajanscyprus.com\\\/#\\\/schema\\\/logo\\\/image\\\/\"},\"sameAs\":[\"https:\\\/\\\/www.facebook.com\\\/AjansCyprusAC\",\"https:\\\/\\\/x.com\\\/AjansCyprus\"]},{\"@type\":\"Person\",\"@id\":\"https:\\\/\\\/ajanscyprus.com\\\/#\\\/schema\\\/person\\\/bde04f428980a11e6513136d7f10a011\",\"name\":\"admin\",\"image\":{\"@type\":\"ImageObject\",\"inLanguage\":\"tr\",\"@id\":\"https:\\\/\\\/secure.gravatar.com\\\/avatar\\\/7b3584441088d5ca4cd7222e9873c969610760122e804fb99fa589e24cd99cb8?s=96&d=mm&r=g\",\"url\":\"https:\\\/\\\/secure.gravatar.com\\\/avatar\\\/7b3584441088d5ca4cd7222e9873c969610760122e804fb99fa589e24cd99cb8?s=96&d=mm&r=g\",\"contentUrl\":\"https:\\\/\\\/secure.gravatar.com\\\/avatar\\\/7b3584441088d5ca4cd7222e9873c969610760122e804fb99fa589e24cd99cb8?s=96&d=mm&r=g\",\"caption\":\"admin\"},\"sameAs\":[\"https:\\\/\\\/ajanscyprus.com\"],\"url\":\"https:\\\/\\\/ajanscyprus.com\\\/author\\\/admin_r45uydj1\\\/\"}]}<\/script>\n<!-- \/ Yoast SEO plugin. -->","yoast_head_json":{"title":"Halil Falyal\u0131 \u00d6zel E\u011fitim ve \u0130\u015f E\u011fitim Okulu Ziyamet\u2019te a\u00e7\u0131ld\u0131.. - Ajans Cyprus","robots":{"index":"index","follow":"follow","max-snippet":"max-snippet:-1","max-image-preview":"max-image-preview:large","max-video-preview":"max-video-preview:-1"},"canonical":"https:\/\/ajanscyprus.com\/2025\/02\/12\/halil-falyali-ozel-egitim-ve-is-egitim-okulu-ziyamette-acildi\/","og_locale":"tr_TR","og_type":"article","og_title":"Halil Falyal\u0131 \u00d6zel E\u011fitim ve \u0130\u015f E\u011fitim Okulu Ziyamet\u2019te a\u00e7\u0131ld\u0131.. - Ajans Cyprus","og_description":"Milli E\u011fitim Bakanl\u0131\u011f\u0131\u2019n\u0131n \u201cBir Okul da Sen Yap\u201d kampanyas\u0131 kapsam\u0131nda Bakanl\u0131k ile Halil Falyal\u0131 Yard\u0131m Vakf\u0131&#46;&#46;&#46;","og_url":"https:\/\/ajanscyprus.com\/2025\/02\/12\/halil-falyali-ozel-egitim-ve-is-egitim-okulu-ziyamette-acildi\/","og_site_name":"Ajans Cyprus","article_publisher":"https:\/\/www.facebook.com\/AjansCyprusAC","article_published_time":"2025-02-12T15:14:19+00:00","article_modified_time":"2025-02-12T21:53:50+00:00","og_image":[{"width":928,"height":513,"url":"https:\/\/ajanscyprus.com\/wp-content\/uploads\/2025\/02\/falyali5-1.jpeg","type":"image\/jpeg"}],"author":"admin","twitter_card":"summary_large_image","twitter_creator":"@AjansCyprus","twitter_site":"@AjansCyprus","twitter_misc":{"Yazan:":"admin"},"schema":{"@context":"https:\/\/schema.org","@graph":[{"@type":"Article","@id":"https:\/\/ajanscyprus.com\/2025\/02\/12\/halil-falyali-ozel-egitim-ve-is-egitim-okulu-ziyamette-acildi\/#article","isPartOf":{"@id":"https:\/\/ajanscyprus.com\/2025\/02\/12\/halil-falyali-ozel-egitim-ve-is-egitim-okulu-ziyamette-acildi\/"},"author":{"name":"admin","@id":"https:\/\/ajanscyprus.com\/#\/schema\/person\/bde04f428980a11e6513136d7f10a011"},"headline":"Halil Falyal\u0131 \u00d6zel E\u011fitim ve \u0130\u015f E\u011fitim Okulu Ziyamet\u2019te a\u00e7\u0131ld\u0131..","datePublished":"2025-02-12T15:14:19+00:00","dateModified":"2025-02-12T21:53:50+00:00","mainEntityOfPage":{"@id":"https:\/\/ajanscyprus.com\/2025\/02\/12\/halil-falyali-ozel-egitim-ve-is-egitim-okulu-ziyamette-acildi\/"},"wordCount":1454,"publisher":{"@id":"https:\/\/ajanscyprus.com\/#organization"},"image":{"@id":"https:\/\/ajanscyprus.com\/2025\/02\/12\/halil-falyali-ozel-egitim-ve-is-egitim-okulu-ziyamette-acildi\/#primaryimage"},"thumbnailUrl":"https:\/\/ajanscyprus.com\/wp-content\/uploads\/2025\/02\/falyali5-1.jpeg","keywords":["e\u011fitim","hail falyal\u0131","naz\u0131m \u00e7avu\u015fo\u011flu","Ziyamet"],"articleSection":["E\u011fitim"],"inLanguage":"tr"},{"@type":"WebPage","@id":"https:\/\/ajanscyprus.com\/2025\/02\/12\/halil-falyali-ozel-egitim-ve-is-egitim-okulu-ziyamette-acildi\/","url":"https:\/\/ajanscyprus.com\/2025\/02\/12\/halil-falyali-ozel-egitim-ve-is-egitim-okulu-ziyamette-acildi\/","name":"Halil Falyal\u0131 \u00d6zel E\u011fitim ve \u0130\u015f E\u011fitim Okulu Ziyamet\u2019te a\u00e7\u0131ld\u0131.. - Ajans Cyprus","isPartOf":{"@id":"https:\/\/ajanscyprus.com\/#website"},"primaryImageOfPage":{"@id":"https:\/\/ajanscyprus.com\/2025\/02\/12\/halil-falyali-ozel-egitim-ve-is-egitim-okulu-ziyamette-acildi\/#primaryimage"},"image":{"@id":"https:\/\/ajanscyprus.com\/2025\/02\/12\/halil-falyali-ozel-egitim-ve-is-egitim-okulu-ziyamette-acildi\/#primaryimage"},"thumbnailUrl":"https:\/\/ajanscyprus.com\/wp-content\/uploads\/2025\/02\/falyali5-1.jpeg","datePublished":"2025-02-12T15:14:19+00:00","dateModified":"2025-02-12T21:53:50+00:00","breadcrumb":{"@id":"https:\/\/ajanscyprus.com\/2025\/02\/12\/halil-falyali-ozel-egitim-ve-is-egitim-okulu-ziyamette-acildi\/#breadcrumb"},"inLanguage":"tr","potentialAction":[{"@type":"ReadAction","target":["https:\/\/ajanscyprus.com\/2025\/02\/12\/halil-falyali-ozel-egitim-ve-is-egitim-okulu-ziyamette-acildi\/"]}]},{"@type":"ImageObject","inLanguage":"tr","@id":"https:\/\/ajanscyprus.com\/2025\/02\/12\/halil-falyali-ozel-egitim-ve-is-egitim-okulu-ziyamette-acildi\/#primaryimage","url":"https:\/\/ajanscyprus.com\/wp-content\/uploads\/2025\/02\/falyali5-1.jpeg","contentUrl":"https:\/\/ajanscyprus.com\/wp-content\/uploads\/2025\/02\/falyali5-1.jpeg","width":928,"height":513},{"@type":"BreadcrumbList","@id":"https:\/\/ajanscyprus.com\/2025\/02\/12\/halil-falyali-ozel-egitim-ve-is-egitim-okulu-ziyamette-acildi\/#breadcrumb","itemListElement":[{"@type":"ListItem","position":1,"name":"Anasayfa","item":"https:\/\/ajanscyprus.com\/"},{"@type":"ListItem","position":2,"name":"Halil Falyal\u0131 \u00d6zel E\u011fitim ve \u0130\u015f E\u011fitim Okulu Ziyamet\u2019te a\u00e7\u0131ld\u0131.."}]},{"@type":"WebSite","@id":"https:\/\/ajanscyprus.com\/#website","url":"https:\/\/ajanscyprus.com\/","name":"Ajans Cyprus","description":"","publisher":{"@id":"https:\/\/ajanscyprus.com\/#organization"},"potentialAction":[{"@type":"SearchAction","target":{"@type":"EntryPoint","urlTemplate":"https:\/\/ajanscyprus.com\/?s={search_term_string}"},"query-input":{"@type":"PropertyValueSpecification","valueRequired":true,"valueName":"search_term_string"}}],"inLanguage":"tr"},{"@type":"Organization","@id":"https:\/\/ajanscyprus.com\/#organization","name":"Ajans Cyprus","alternateName":"Ajans Mira Turan Cyprus Media And Production","url":"https:\/\/ajanscyprus.com\/","logo":{"@type":"ImageObject","inLanguage":"tr","@id":"https:\/\/ajanscyprus.com\/#\/schema\/logo\/image\/","url":"https:\/\/ajanscyprus.com\/wp-content\/uploads\/2023\/02\/AjansCyprus-yuvarlak-logo-e1676491087198.png","contentUrl":"https:\/\/ajanscyprus.com\/wp-content\/uploads\/2023\/02\/AjansCyprus-yuvarlak-logo-e1676491087198.png","width":200,"height":200,"caption":"Ajans Cyprus"},"image":{"@id":"https:\/\/ajanscyprus.com\/#\/schema\/logo\/image\/"},"sameAs":["https:\/\/www.facebook.com\/AjansCyprusAC","https:\/\/x.com\/AjansCyprus"]},{"@type":"Person","@id":"https:\/\/ajanscyprus.com\/#\/schema\/person\/bde04f428980a11e6513136d7f10a011","name":"admin","image":{"@type":"ImageObject","inLanguage":"tr","@id":"https:\/\/secure.gravatar.com\/avatar\/7b3584441088d5ca4cd7222e9873c969610760122e804fb99fa589e24cd99cb8?s=96&d=mm&r=g","url":"https:\/\/secure.gravatar.com\/avatar\/7b3584441088d5ca4cd7222e9873c969610760122e804fb99fa589e24cd99cb8?s=96&d=mm&r=g","contentUrl":"https:\/\/secure.gravatar.com\/avatar\/7b3584441088d5ca4cd7222e9873c969610760122e804fb99fa589e24cd99cb8?s=96&d=mm&r=g","caption":"admin"},"sameAs":["https:\/\/ajanscyprus.com"],"url":"https:\/\/ajanscyprus.com\/author\/admin_r45uydj1\/"}]}},"jetpack_publicize_connections":[],"_links":{"self":[{"href":"https:\/\/ajanscyprus.com\/wp-json\/wp\/v2\/posts\/158724","targetHints":{"allow":["GET"]}}],"collection":[{"href":"https:\/\/ajanscyprus.com\/wp-json\/wp\/v2\/posts"}],"about":[{"href":"https:\/\/ajanscyprus.com\/wp-json\/wp\/v2\/types\/post"}],"author":[{"embeddable":true,"href":"https:\/\/ajanscyprus.com\/wp-json\/wp\/v2\/users\/1"}],"replies":[{"embeddable":true,"href":"https:\/\/ajanscyprus.com\/wp-json\/wp\/v2\/comments?post=158724"}],"version-history":[{"count":1,"href":"https:\/\/ajanscyprus.com\/wp-json\/wp\/v2\/posts\/158724\/revisions"}],"predecessor-version":[{"id":158727,"href":"https:\/\/ajanscyprus.com\/wp-json\/wp\/v2\/posts\/158724\/revisions\/158727"}],"wp:featuredmedia":[{"embeddable":true,"href":"https:\/\/ajanscyprus.com\/wp-json\/wp\/v2\/media\/158726"}],"wp:attachment":[{"href":"https:\/\/ajanscyprus.com\/wp-json\/wp\/v2\/media?parent=158724"}],"wp:term":[{"taxonomy":"category","embeddable":true,"href":"https:\/\/ajanscyprus.com\/wp-json\/wp\/v2\/categories?post=158724"},{"taxonomy":"post_tag","embeddable":true,"href":"https:\/\/ajanscyprus.com\/wp-json\/wp\/v2\/tags?post=158724"},{"taxonomy":"manset","embeddable":true,"href":"https:\/\/ajanscyprus.com\/wp-json\/wp\/v2\/manset?post=158724"}],"curies":[{"name":"wp","href":"https:\/\/api.w.org\/{rel}","templated":true}]}}