{"id":189,"date":"2016-10-12T12:13:02","date_gmt":"2016-10-12T12:13:02","guid":{"rendered":"http:\/\/www.ajanscyprus.com\/?p=189"},"modified":"2016-10-12T12:13:02","modified_gmt":"2016-10-12T12:13:02","slug":"gunsel-2017de-yollarda","status":"publish","type":"post","link":"https:\/\/ajanscyprus.com\/2016\/10\/12\/gunsel-2017de-yollarda\/","title":{"rendered":"&quot;G\u00dcNSEL&quot; 2017&#039;de Yollarda&#8230;"},"content":{"rendered":"<p><strong>Yak\u0131n Do\u011fu \u00dcniversitesi M\u00fctevelli Heyeti Ba\u015fkan\u0131 Do\u00e7. Dr. \u0130rfan G\u00fcnsel, bas\u0131na tan\u0131t\u0131lan Kuzey K\u0131br\u0131s T\u00fcrk Cumhuriyeti\u2019nin ilk yerli arabas\u0131 G\u00dcNSEL\u2019in 2017 y\u0131l\u0131nda yollarda yer alaca\u011f\u0131n\u0131 a\u00e7\u0131klad\u0131.<\/strong><\/p>\n<p>Kat\u0131ld\u0131\u011f\u0131 bir televizyon program\u0131nda konu\u015fan <a href=\"https:\/\/neu.edu.tr\/?lang=tr\">Yak\u0131n Do\u011fu \u00dcniversitesi<\/a> M\u00fctevelli Heyeti Ba\u015fkan\u0131 Do\u00e7. Dr. \u0130rfan G\u00fcnsel, 50 y\u0131ll\u0131k bir hayalin 8 y\u0131l s\u00fcren \u00e7al\u0131\u015fmalar sonucunda G\u00dcNSEL ile birlikte ger\u00e7ekle\u015fti\u011fini belirterek \u00fcretilecek yerli araban\u0131n 2017 y\u0131l\u0131nda yollarda olaca\u011f\u0131n\u0131 s\u00f6yledi.<\/p>\n<p>Araban\u0131n \u00fcretilece\u011fi fabrikalar\u0131n Kuzey K\u0131br\u0131s T\u00fcrk Cumhuriyeti\u2019nde k\u0131sa bir s\u00fcre i\u00e7erisinde in\u015fas\u0131na ba\u015flanaca\u011f\u0131n\u0131 belirten Do\u00e7. Dr. \u0130rfan G\u00fcnsel,\u201cG\u00dcNSEL\u201d ile birlikte \u015feytan\u0131n baca\u011f\u0131n\u0131n k\u0131r\u0131laca\u011f\u0131n\u0131 ve \u00e7al\u0131\u015fkan bir toplumun yan\u0131nda \u00fcreten bir toplum da olaca\u011f\u0131m\u0131z\u0131n alt\u0131n\u0131 \u00e7izdi.<\/p>\n<p>Do\u00e7. Dr. G\u00fcnsel Yak\u0131n Do\u011fu Ailesi olarak \u00e7ok \u00f6zel bir adada \u00f6zel insanlar\u0131n oldu\u011funa inand\u0131klar\u0131n\u0131 dile getirerek \u201cadam\u0131z\u0131n simgesi olan muflon gibi biraz daha inat\u00e7\u0131 olmal\u0131y\u0131z\u201d dedi.<\/p><div class=\"kanews-banner kanews-banner-single\"><img loading=\"lazy\" decoding=\"async\" src=\"https:\/\/ajanscyprus.com\/wp-content\/uploads\/2026\/04\/meRIT-bANNER.jpeg\" alt=\"\" width=\"970\" height=\"90\" class=\"alignnone size-full wp-image-62349\" \/><\/div>\n<p><img loading=\"lazy\" decoding=\"async\" class=\"alignnone wp-image-193 size-full\" src=\"http:\/\/www.ajanscyprus.com\/wp-content\/uploads\/2016\/10\/portre.jpg\" alt=\"portre\" width=\"1280\" height=\"853\" \/><\/p>\n<p><strong>\u201cGururlu ve Mutluyuz&#8230;\u201d<\/strong><\/p>\n<p>Programda G\u00dcNSEL\u2019in olu\u015fum s\u00fcrecinden bahseden Do\u00e7. Dr. \u0130rfan G\u00fcnsel, bu s\u00fcrecin Yak\u0131n Do\u011fu \u00dcniversitesi Kurucu Rekt\u00f6r\u00fc Suat G\u00fcnsel\u2019in \u00e7ocukluk hayali ile ba\u015flad\u0131\u011f\u0131n\u0131, Suat Hoca\u2019n\u0131n k\u00fc\u00e7\u00fckken \u00e7amurdan otomobiller yapt\u0131\u011f\u0131n\u0131 ve hep \u00fcst\u00fc a\u00e7\u0131k k\u0131rm\u0131z\u0131 spor arabalar \u00fcretip \u00e7iftlerin bu otomobili kulland\u0131\u011f\u0131n\u0131 g\u00f6rmeyi hayal etti\u011fini anlatarak, 50 y\u0131ll\u0131k bir hayali ger\u00e7ekle\u015ftirip tan\u0131tman\u0131n mutlulu\u011funu ve gururunu ya\u015fad\u0131klar\u0131n\u0131 dile getirdi.Do\u00e7. Dr. G\u00fcnsel, \u201cTan\u0131t\u0131m\u0131n\u0131 yapt\u0131\u011f\u0131m\u0131z arabam\u0131z \u00e7ok be\u011fenildi, \u00e7ok g\u00fczel yorumlar ald\u0131k, hedefimiz seri \u00fcretim ile en k\u0131sa s\u00fcrede yollarda yerini almas\u0131d\u0131r\u201d dedi.<\/p>\n<p><strong>T\u00fcrkiye ile Enerji Hatt\u0131 Maliyetleri D\u00fc\u015f\u00fcrecek<\/strong><\/p>\n<p>Kuzey K\u0131br\u0131s T\u00fcrk Cumhuriyeti\u2019nin ilk yerli otomobilinin teknik \u00f6zelliklerinden de bahseden Do\u00e7. Dr. \u0130rfan S. G\u00fcnsel, G\u00dcNSEL\u2019in 100 km\u2019yi kat etme maliyetinin 4.9 T\u00fcrk Liras\u0131 oldu\u011funu,T\u00fcrkiye ile kurulacak enerji hatt\u0131yla elektri\u011fin fiyat\u0131n\u0131n \u00fc\u00e7te birine inmesi ile arac\u0131n 100 km\u2019yi 1.5-2 lira gibi bir maliyetle kat edece\u011fini kaydederek, \u015funlar\u0131 dile getirdi:\u201c\u015eu an ki maliyetlerle s\u0131n\u0131f\u0131nda petrol ile \u00e7al\u0131\u015fan otomobillere k\u0131yasla %80\u2019in \u00fczerinde tasarruf sa\u011flanm\u0131\u015ft\u0131r. Bu b\u00fcy\u00fck bir farkt\u0131r ve bunun yan\u0131nda teknolojisi ile \u00fclkeye getirecekleri ve emisyonun s\u0131f\u0131r olu\u015fu ile de \u00fclke ekonomisine katacaklar\u0131 da ayr\u0131d\u0131r.Bunu i\u00e7in bir \u00f6rnek vermek istiyorum, \u2018\u0130nsano\u011flu, ta\u015f devrinden bak\u0131r \u00e7a\u011f\u0131na ta\u015f bitti\u011fi i\u00e7in ge\u00e7medi, geli\u015fmeler elde etti ve bu geli\u015fimler sonucu ge\u00e7ti.\u2019 \u0130\u015fte otomotivde de petrol bitti\u011fi i\u00e7in de\u011fil, teknoloji geli\u015fti\u011fi, elektrik daha verimli hale geldi\u011fi i\u00e7in elektrikli arabalar var\u0131lacak nokta olacakt\u0131r. Tabii ki \u00e7evre ve verimlilik de ka\u00e7\u0131n\u0131lmazd\u0131r.\u201d<\/p>\n<p><img loading=\"lazy\" decoding=\"async\" class=\"alignnone wp-image-191 size-full\" src=\"http:\/\/www.ajanscyprus.com\/wp-content\/uploads\/2016\/10\/gn1.jpg\" alt=\"gn1\" width=\"1280\" height=\"853\" \/><\/p>\n<p><strong>Do\u00e7. Dr. G\u00fcnsel: \u201cK\u0131br\u0131s\u2019\u0131n Simgesi Muflon Tasar\u0131mda Esin Kayna\u011f\u0131m\u0131z Oldu. Agresif ama Zarif. Arac\u0131m\u0131zda Onun \u00c7izgilerini Yans\u0131tt\u0131k\u201d<\/strong><\/p>\n<p>Otomobilin tasar\u0131m\u0131n\u0131 yaparken K\u0131br\u0131s\u2019\u0131n simgesi Muflon\u2019dan esinlendiklerinden de bahseden Do\u00e7. Dr. G\u00fcnsel, \u201cMuflon inat\u00e7\u0131 bir hayvand\u0131r, y\u00fckseklerde olmay\u0131 isteyen ve oralarda gezen bir hayvand\u0131r, G\u00dcNSEL\u2019de onun \u00e7izgilerini yans\u0131tt\u0131k. Zariftir ama kasl\u0131 ve agresif bir yap\u0131ya sahiptir. Verimlidir ve yenilik\u00e7idir, elektrik enerjisini kullan\u0131r ve en \u00f6nemlisi yerlidir\u201d ifadesini kulland\u0131.<\/p>\n<p><strong>\u201cG\u00fcnsel Bir\u00e7ok \u0130nsana Ekmek Kap\u0131s\u0131 Olacak\u201d<\/strong><\/p>\n<p>Programda, yerli araban\u0131n \u00fcretime ge\u00e7mesi ile Kuzey K\u0131br\u0131s T\u00fcrk Cumhuriyeti\u2019nde yeni i\u015f olanaklar\u0131n\u0131n do\u011faca\u011f\u0131n\u0131 da belirten Do\u00e7.Dr. G\u00fcnsel, G\u00dcNSEL\u2019in sadece kendi fabrikas\u0131nda istihdam edece\u011fi ki\u015filerin yan\u0131 s\u0131ra bir\u00e7ok yan sanayiler olu\u015faca\u011f\u0131n\u0131 ve b\u00fcy\u00fck bir istihdam olana\u011f\u0131 yarat\u0131laca\u011f\u0131n\u0131 s\u00f6yledi.<\/p>\n<p>Do\u00e7. Dr. \u0130rfan S. G\u00fcnsel,<strong> \u201c<\/strong>G\u00dcNSEL\u2019in kap\u0131 kolunu ya da direksiyonunu yapacak olan bir ba\u015fkas\u0131 bunu sadece G\u00dcNSEL ile s\u0131n\u0131rlamayacak. Belki ilerde bir Alman otomobilinin de direksiyonunu ya da bir par\u00e7as\u0131n\u0131 yap\u0131yor olacak. Bug\u00fcn d\u00fcnyadaki otomobil sekt\u00f6r\u00fcnde bir arac\u0131 meydana getiren par\u00e7alar\u0131n\u0131n minimum k\u0131rk \u00fclkeden olu\u015ftu\u011fu s\u00f6ylenir. G\u00dcNSEL\u2019in \u00fcretimiyle olu\u015facak bu yan sanayi dedi\u011fimiz destekleyici sanayi de zamanla di\u011fer arabalar\u0131n par\u00e7alar\u0131n\u0131 ihra\u00e7 eder pozisyona gelebilir. G\u00dcNSEL\u2019e burada jant yapacak olan bir yan sanayi, yurtd\u0131\u015f\u0131na da bir fabrikaya, bir markaya jant \u00fcretecek, kap\u0131 kolu \u00fcretecek, belki d\u00f6\u015feme \u00fcretecek, belki elektronik \u00fcretecek, belki bir yaz\u0131l\u0131m \u00fcretecek. Dolay\u0131s\u0131yla otomotiv sekt\u00f6r\u00fcn\u00fc bu y\u00fczden istiyor asl\u0131nda \u00fclkeler. Otomobili \u00fcretip satman\u0131n yan\u0131 s\u0131ra prestiji, olu\u015fturaca\u011f\u0131 ekonomik boyut ve istihdam\u0131 g\u00f6z \u00f6n\u00fcnde bulunduruyorlar.\u201d<\/p>\n<p><strong>Elektrikle \u00c7al\u0131\u015fan Spor ve Salon Ara\u00e7lar \u00dcretilecek<\/strong><\/p>\n<p>Yak\u0131n Do\u011fu \u00dcniversitesi M\u00fctevelli Heyeti Ba\u015fkan\u0131 Do\u00e7. Dr. \u0130rfan S. G\u00fcnsel programdaki bir soru \u00fczerine, odak noktalar\u0131n\u0131n G\u00dcNSEL Model 1 \u00fczerinde seri \u00fcretime ge\u00e7mek oldu\u011funu vurgulayarak, elektrikle \u00e7al\u0131\u015fan spor ve salon ara\u00e7lar \u00fcretmeyi hedeflediklerini belirtti. Araban\u0131n renginin bordoya yak\u0131n bir renk oldu\u011funu da dile getiren Do\u00e7. Dr. G\u00fcnsel, \u201cArac\u0131m\u0131z i\u00e7in yenilik\u00e7i, verimli, zarif dedik ve bir rit\u00fcel yaratarak, G\u00dcNSEL\u2019i siyah renkte \u00fcretmemeyi d\u00fc\u015f\u00fcn\u00fcyoruz.Belki sadece siyah\u0131 d\u0131\u015far\u0131da tutaca\u011f\u0131z ama di\u011fer t\u00fcm renkler kullan\u0131lacakt\u0131r\u201d dedi.<\/p>\n<p><img loading=\"lazy\" decoding=\"async\" class=\"alignnone wp-image-192 size-full\" src=\"http:\/\/www.ajanscyprus.com\/wp-content\/uploads\/2016\/10\/irfan1.jpg\" alt=\"irfan1\" width=\"1280\" height=\"853\" \/><\/p>\n<p><strong>G\u00fcnsel i\u00e7in S\u00fcper \u015earj \u0130stasyonu Tasarland\u0131<\/strong><\/p>\n<p>Kuzey K\u0131br\u0131s T\u00fcrk Cumhuriyeti\u2019nin ilk yerli arabas\u0131 G\u00dcNSEL i\u00e7in s\u00fcper \u015farj istasyonu tasarlad\u0131klar\u0131na da de\u011finen Do\u00e7. Dr. G\u00fcnsel, \u015funlar\u0131 anlatt\u0131: \u201cG\u00dcNSEL\u2019i evinizde prize takarsan\u0131z 7 saatte \u015farj edebileceksiniz, b\u00fct\u00fcn \u00fclkeye bir a\u011f \u015feklinde kurulmas\u0131 hedeflenen standart \u015farj istasyonlar\u0131nda 2 saatte \u015farj edebileceksiniz. Bu standart \u015farj istasyonlar\u0131n\u0131 evinize de kurabileceksiniz ama en \u00f6nemlisi G\u00dcNSEL\u2019in kullan\u0131labilirli\u011fini en \u00e7ok artt\u0131racak olan G\u00fcnsel S\u00fcper \u015earj dedi\u011fimiz istasyonlar ki 30 dakika da 350 km menzili tam \u015farj edebileceksiniz, bu bir \u00f6\u011flen yeme\u011fidir ya da bir kahve molas\u0131d\u0131r.\u201d<\/p>\n<p><strong>Do\u00e7. Dr. G\u00fcnsel: \u201cArac\u0131m\u0131z \u00c7ok \u00c7abuk Benimsendi, Sipari\u015fler \u015eimdiden Al\u0131nd\u0131\u201d<\/strong><\/p>\n<p>\u201cToplum olarak al\u0131\u015fkanl\u0131klar\u0131m\u0131z\u0131 de\u011fi\u015ftirmek biraz zorluyor,yerli \u00fcretim araba sizce nas\u0131l benimsenecektir?\u201d sorusu \u00fczerine Do\u00e7. Dr. G\u00fcnsel, arac\u0131n \u015fimdiden \u00e7ok benimsendi\u011fini,Kaner \u015eirketler Grubu\u2019nun t\u00fcm ara\u00e7lar\u0131n\u0131 ilk \u00fcretimden G\u00dcNSEL ile de\u011fi\u015ftirmek istediklerini a\u00e7\u0131klayarak, G\u00dcNSEL,kalitesini ekonomikli\u011fi ile birlikte hayat\u0131n\u0131za getirecek dedi.<\/p>\n","protected":false},"excerpt":{"rendered":"<p>Yak\u0131n Do\u011fu \u00dcniversitesi M\u00fctevelli Heyeti Ba\u015fkan\u0131 Do\u00e7. Dr. \u0130rfan G\u00fcnsel, bas\u0131na tan\u0131t\u0131lan Kuzey K\u0131br\u0131s T\u00fcrk Cumhuriyeti\u2019nin&#46;&#46;&#46;<\/p>\n","protected":false},"author":1,"featured_media":532,"comment_status":"closed","ping_status":"open","sticky":false,"template":"","format":"standard","meta":{"footnotes":"","jetpack_publicize_message":"","jetpack_publicize_feature_enabled":true,"jetpack_social_post_already_shared":false,"jetpack_social_options":{"image_generator_settings":{"template":"highway","default_image_id":0,"font":"","enabled":false},"version":2}},"categories":[47,56,58],"tags":[],"manset":[],"class_list":["post-189","post","type-post","status-publish","format-standard","has-post-thumbnail","hentry","category-flash-haber","category-slider","category-teknoloji"],"yoast_head":"<!-- This site is optimized with the Yoast SEO plugin v27.4 - https:\/\/yoast.com\/product\/yoast-seo-wordpress\/ -->\n<title>&quot;G\u00dcNSEL&quot; 2017&#039;de Yollarda... - Ajans Cyprus<\/title>\n<meta name=\"robots\" content=\"index, follow, max-snippet:-1, max-image-preview:large, max-video-preview:-1\" \/>\n<link rel=\"canonical\" href=\"https:\/\/ajanscyprus.com\/2016\/10\/12\/gunsel-2017de-yollarda\/\" \/>\n<meta property=\"og:locale\" content=\"tr_TR\" \/>\n<meta property=\"og:type\" content=\"article\" \/>\n<meta property=\"og:title\" content=\"&quot;G\u00dcNSEL&quot; 2017&#039;de Yollarda... - Ajans Cyprus\" \/>\n<meta property=\"og:description\" content=\"Yak\u0131n Do\u011fu \u00dcniversitesi M\u00fctevelli Heyeti Ba\u015fkan\u0131 Do\u00e7. Dr. \u0130rfan G\u00fcnsel, bas\u0131na tan\u0131t\u0131lan Kuzey K\u0131br\u0131s T\u00fcrk Cumhuriyeti\u2019nin&#046;&#046;&#046;\" \/>\n<meta property=\"og:url\" content=\"https:\/\/ajanscyprus.com\/2016\/10\/12\/gunsel-2017de-yollarda\/\" \/>\n<meta property=\"og:site_name\" content=\"Ajans Cyprus\" \/>\n<meta property=\"article:publisher\" content=\"https:\/\/www.facebook.com\/AjansCyprusAC\" \/>\n<meta property=\"article:published_time\" content=\"2016-10-12T12:13:02+00:00\" \/>\n<meta name=\"author\" content=\"admin\" \/>\n<meta name=\"twitter:card\" content=\"summary_large_image\" \/>\n<meta name=\"twitter:creator\" content=\"@AjansCyprus\" \/>\n<meta name=\"twitter:site\" content=\"@AjansCyprus\" \/>\n<meta name=\"twitter:label1\" content=\"Yazan:\" \/>\n\t<meta name=\"twitter:data1\" content=\"admin\" \/>\n\t<meta name=\"twitter:label2\" content=\"Tahmini okuma s\u00fcresi\" \/>\n\t<meta name=\"twitter:data2\" content=\"6 dakika\" \/>\n<script type=\"application\/ld+json\" class=\"yoast-schema-graph\">{\"@context\":\"https:\\\/\\\/schema.org\",\"@graph\":[{\"@type\":\"Article\",\"@id\":\"https:\\\/\\\/ajanscyprus.com\\\/2016\\\/10\\\/12\\\/gunsel-2017de-yollarda\\\/#article\",\"isPartOf\":{\"@id\":\"https:\\\/\\\/ajanscyprus.com\\\/2016\\\/10\\\/12\\\/gunsel-2017de-yollarda\\\/\"},\"author\":{\"name\":\"admin\",\"@id\":\"https:\\\/\\\/ajanscyprus.com\\\/#\\\/schema\\\/person\\\/bde04f428980a11e6513136d7f10a011\"},\"headline\":\"&quot;G\u00dcNSEL&quot; 2017&#039;de Yollarda&#8230;\",\"datePublished\":\"2016-10-12T12:13:02+00:00\",\"mainEntityOfPage\":{\"@id\":\"https:\\\/\\\/ajanscyprus.com\\\/2016\\\/10\\\/12\\\/gunsel-2017de-yollarda\\\/\"},\"wordCount\":1170,\"publisher\":{\"@id\":\"https:\\\/\\\/ajanscyprus.com\\\/#organization\"},\"image\":{\"@id\":\"https:\\\/\\\/ajanscyprus.com\\\/2016\\\/10\\\/12\\\/gunsel-2017de-yollarda\\\/#primaryimage\"},\"thumbnailUrl\":\"\",\"articleSection\":[\"Flash Haber\",\"Slider\",\"Teknoloji\"],\"inLanguage\":\"tr\"},{\"@type\":\"WebPage\",\"@id\":\"https:\\\/\\\/ajanscyprus.com\\\/2016\\\/10\\\/12\\\/gunsel-2017de-yollarda\\\/\",\"url\":\"https:\\\/\\\/ajanscyprus.com\\\/2016\\\/10\\\/12\\\/gunsel-2017de-yollarda\\\/\",\"name\":\"&quot;G\u00dcNSEL&quot; 2017&#039;de Yollarda... - Ajans Cyprus\",\"isPartOf\":{\"@id\":\"https:\\\/\\\/ajanscyprus.com\\\/#website\"},\"primaryImageOfPage\":{\"@id\":\"https:\\\/\\\/ajanscyprus.com\\\/2016\\\/10\\\/12\\\/gunsel-2017de-yollarda\\\/#primaryimage\"},\"image\":{\"@id\":\"https:\\\/\\\/ajanscyprus.com\\\/2016\\\/10\\\/12\\\/gunsel-2017de-yollarda\\\/#primaryimage\"},\"thumbnailUrl\":\"\",\"datePublished\":\"2016-10-12T12:13:02+00:00\",\"breadcrumb\":{\"@id\":\"https:\\\/\\\/ajanscyprus.com\\\/2016\\\/10\\\/12\\\/gunsel-2017de-yollarda\\\/#breadcrumb\"},\"inLanguage\":\"tr\",\"potentialAction\":[{\"@type\":\"ReadAction\",\"target\":[\"https:\\\/\\\/ajanscyprus.com\\\/2016\\\/10\\\/12\\\/gunsel-2017de-yollarda\\\/\"]}]},{\"@type\":\"ImageObject\",\"inLanguage\":\"tr\",\"@id\":\"https:\\\/\\\/ajanscyprus.com\\\/2016\\\/10\\\/12\\\/gunsel-2017de-yollarda\\\/#primaryimage\",\"url\":\"\",\"contentUrl\":\"\"},{\"@type\":\"BreadcrumbList\",\"@id\":\"https:\\\/\\\/ajanscyprus.com\\\/2016\\\/10\\\/12\\\/gunsel-2017de-yollarda\\\/#breadcrumb\",\"itemListElement\":[{\"@type\":\"ListItem\",\"position\":1,\"name\":\"Anasayfa\",\"item\":\"https:\\\/\\\/ajanscyprus.com\\\/\"},{\"@type\":\"ListItem\",\"position\":2,\"name\":\"&quot;G\u00dcNSEL&quot; 2017&#039;de Yollarda&#8230;\"}]},{\"@type\":\"WebSite\",\"@id\":\"https:\\\/\\\/ajanscyprus.com\\\/#website\",\"url\":\"https:\\\/\\\/ajanscyprus.com\\\/\",\"name\":\"Ajans Cyprus\",\"description\":\"\",\"publisher\":{\"@id\":\"https:\\\/\\\/ajanscyprus.com\\\/#organization\"},\"potentialAction\":[{\"@type\":\"SearchAction\",\"target\":{\"@type\":\"EntryPoint\",\"urlTemplate\":\"https:\\\/\\\/ajanscyprus.com\\\/?s={search_term_string}\"},\"query-input\":{\"@type\":\"PropertyValueSpecification\",\"valueRequired\":true,\"valueName\":\"search_term_string\"}}],\"inLanguage\":\"tr\"},{\"@type\":\"Organization\",\"@id\":\"https:\\\/\\\/ajanscyprus.com\\\/#organization\",\"name\":\"Ajans Cyprus\",\"alternateName\":\"Ajans Mira Turan Cyprus Media And Production\",\"url\":\"https:\\\/\\\/ajanscyprus.com\\\/\",\"logo\":{\"@type\":\"ImageObject\",\"inLanguage\":\"tr\",\"@id\":\"https:\\\/\\\/ajanscyprus.com\\\/#\\\/schema\\\/logo\\\/image\\\/\",\"url\":\"https:\\\/\\\/ajanscyprus.com\\\/wp-content\\\/uploads\\\/2023\\\/02\\\/AjansCyprus-yuvarlak-logo-e1676491087198.png\",\"contentUrl\":\"https:\\\/\\\/ajanscyprus.com\\\/wp-content\\\/uploads\\\/2023\\\/02\\\/AjansCyprus-yuvarlak-logo-e1676491087198.png\",\"width\":200,\"height\":200,\"caption\":\"Ajans Cyprus\"},\"image\":{\"@id\":\"https:\\\/\\\/ajanscyprus.com\\\/#\\\/schema\\\/logo\\\/image\\\/\"},\"sameAs\":[\"https:\\\/\\\/www.facebook.com\\\/AjansCyprusAC\",\"https:\\\/\\\/x.com\\\/AjansCyprus\"]},{\"@type\":\"Person\",\"@id\":\"https:\\\/\\\/ajanscyprus.com\\\/#\\\/schema\\\/person\\\/bde04f428980a11e6513136d7f10a011\",\"name\":\"admin\",\"image\":{\"@type\":\"ImageObject\",\"inLanguage\":\"tr\",\"@id\":\"https:\\\/\\\/secure.gravatar.com\\\/avatar\\\/7b3584441088d5ca4cd7222e9873c969610760122e804fb99fa589e24cd99cb8?s=96&d=mm&r=g\",\"url\":\"https:\\\/\\\/secure.gravatar.com\\\/avatar\\\/7b3584441088d5ca4cd7222e9873c969610760122e804fb99fa589e24cd99cb8?s=96&d=mm&r=g\",\"contentUrl\":\"https:\\\/\\\/secure.gravatar.com\\\/avatar\\\/7b3584441088d5ca4cd7222e9873c969610760122e804fb99fa589e24cd99cb8?s=96&d=mm&r=g\",\"caption\":\"admin\"},\"sameAs\":[\"https:\\\/\\\/ajanscyprus.com\"],\"url\":\"https:\\\/\\\/ajanscyprus.com\\\/author\\\/admin_r45uydj1\\\/\"}]}<\/script>\n<!-- \/ Yoast SEO plugin. -->","yoast_head_json":{"title":"&quot;G\u00dcNSEL&quot; 2017&#039;de Yollarda... - Ajans Cyprus","robots":{"index":"index","follow":"follow","max-snippet":"max-snippet:-1","max-image-preview":"max-image-preview:large","max-video-preview":"max-video-preview:-1"},"canonical":"https:\/\/ajanscyprus.com\/2016\/10\/12\/gunsel-2017de-yollarda\/","og_locale":"tr_TR","og_type":"article","og_title":"&quot;G\u00dcNSEL&quot; 2017&#039;de Yollarda... - Ajans Cyprus","og_description":"Yak\u0131n Do\u011fu \u00dcniversitesi M\u00fctevelli Heyeti Ba\u015fkan\u0131 Do\u00e7. Dr. \u0130rfan G\u00fcnsel, bas\u0131na tan\u0131t\u0131lan Kuzey K\u0131br\u0131s T\u00fcrk Cumhuriyeti\u2019nin&#46;&#46;&#46;","og_url":"https:\/\/ajanscyprus.com\/2016\/10\/12\/gunsel-2017de-yollarda\/","og_site_name":"Ajans Cyprus","article_publisher":"https:\/\/www.facebook.com\/AjansCyprusAC","article_published_time":"2016-10-12T12:13:02+00:00","author":"admin","twitter_card":"summary_large_image","twitter_creator":"@AjansCyprus","twitter_site":"@AjansCyprus","twitter_misc":{"Yazan:":"admin","Tahmini okuma s\u00fcresi":"6 dakika"},"schema":{"@context":"https:\/\/schema.org","@graph":[{"@type":"Article","@id":"https:\/\/ajanscyprus.com\/2016\/10\/12\/gunsel-2017de-yollarda\/#article","isPartOf":{"@id":"https:\/\/ajanscyprus.com\/2016\/10\/12\/gunsel-2017de-yollarda\/"},"author":{"name":"admin","@id":"https:\/\/ajanscyprus.com\/#\/schema\/person\/bde04f428980a11e6513136d7f10a011"},"headline":"&quot;G\u00dcNSEL&quot; 2017&#039;de Yollarda&#8230;","datePublished":"2016-10-12T12:13:02+00:00","mainEntityOfPage":{"@id":"https:\/\/ajanscyprus.com\/2016\/10\/12\/gunsel-2017de-yollarda\/"},"wordCount":1170,"publisher":{"@id":"https:\/\/ajanscyprus.com\/#organization"},"image":{"@id":"https:\/\/ajanscyprus.com\/2016\/10\/12\/gunsel-2017de-yollarda\/#primaryimage"},"thumbnailUrl":"","articleSection":["Flash Haber","Slider","Teknoloji"],"inLanguage":"tr"},{"@type":"WebPage","@id":"https:\/\/ajanscyprus.com\/2016\/10\/12\/gunsel-2017de-yollarda\/","url":"https:\/\/ajanscyprus.com\/2016\/10\/12\/gunsel-2017de-yollarda\/","name":"&quot;G\u00dcNSEL&quot; 2017&#039;de Yollarda... - Ajans Cyprus","isPartOf":{"@id":"https:\/\/ajanscyprus.com\/#website"},"primaryImageOfPage":{"@id":"https:\/\/ajanscyprus.com\/2016\/10\/12\/gunsel-2017de-yollarda\/#primaryimage"},"image":{"@id":"https:\/\/ajanscyprus.com\/2016\/10\/12\/gunsel-2017de-yollarda\/#primaryimage"},"thumbnailUrl":"","datePublished":"2016-10-12T12:13:02+00:00","breadcrumb":{"@id":"https:\/\/ajanscyprus.com\/2016\/10\/12\/gunsel-2017de-yollarda\/#breadcrumb"},"inLanguage":"tr","potentialAction":[{"@type":"ReadAction","target":["https:\/\/ajanscyprus.com\/2016\/10\/12\/gunsel-2017de-yollarda\/"]}]},{"@type":"ImageObject","inLanguage":"tr","@id":"https:\/\/ajanscyprus.com\/2016\/10\/12\/gunsel-2017de-yollarda\/#primaryimage","url":"","contentUrl":""},{"@type":"BreadcrumbList","@id":"https:\/\/ajanscyprus.com\/2016\/10\/12\/gunsel-2017de-yollarda\/#breadcrumb","itemListElement":[{"@type":"ListItem","position":1,"name":"Anasayfa","item":"https:\/\/ajanscyprus.com\/"},{"@type":"ListItem","position":2,"name":"&quot;G\u00dcNSEL&quot; 2017&#039;de Yollarda&#8230;"}]},{"@type":"WebSite","@id":"https:\/\/ajanscyprus.com\/#website","url":"https:\/\/ajanscyprus.com\/","name":"Ajans Cyprus","description":"","publisher":{"@id":"https:\/\/ajanscyprus.com\/#organization"},"potentialAction":[{"@type":"SearchAction","target":{"@type":"EntryPoint","urlTemplate":"https:\/\/ajanscyprus.com\/?s={search_term_string}"},"query-input":{"@type":"PropertyValueSpecification","valueRequired":true,"valueName":"search_term_string"}}],"inLanguage":"tr"},{"@type":"Organization","@id":"https:\/\/ajanscyprus.com\/#organization","name":"Ajans Cyprus","alternateName":"Ajans Mira Turan Cyprus Media And Production","url":"https:\/\/ajanscyprus.com\/","logo":{"@type":"ImageObject","inLanguage":"tr","@id":"https:\/\/ajanscyprus.com\/#\/schema\/logo\/image\/","url":"https:\/\/ajanscyprus.com\/wp-content\/uploads\/2023\/02\/AjansCyprus-yuvarlak-logo-e1676491087198.png","contentUrl":"https:\/\/ajanscyprus.com\/wp-content\/uploads\/2023\/02\/AjansCyprus-yuvarlak-logo-e1676491087198.png","width":200,"height":200,"caption":"Ajans Cyprus"},"image":{"@id":"https:\/\/ajanscyprus.com\/#\/schema\/logo\/image\/"},"sameAs":["https:\/\/www.facebook.com\/AjansCyprusAC","https:\/\/x.com\/AjansCyprus"]},{"@type":"Person","@id":"https:\/\/ajanscyprus.com\/#\/schema\/person\/bde04f428980a11e6513136d7f10a011","name":"admin","image":{"@type":"ImageObject","inLanguage":"tr","@id":"https:\/\/secure.gravatar.com\/avatar\/7b3584441088d5ca4cd7222e9873c969610760122e804fb99fa589e24cd99cb8?s=96&d=mm&r=g","url":"https:\/\/secure.gravatar.com\/avatar\/7b3584441088d5ca4cd7222e9873c969610760122e804fb99fa589e24cd99cb8?s=96&d=mm&r=g","contentUrl":"https:\/\/secure.gravatar.com\/avatar\/7b3584441088d5ca4cd7222e9873c969610760122e804fb99fa589e24cd99cb8?s=96&d=mm&r=g","caption":"admin"},"sameAs":["https:\/\/ajanscyprus.com"],"url":"https:\/\/ajanscyprus.com\/author\/admin_r45uydj1\/"}]}},"jetpack_publicize_connections":[],"_links":{"self":[{"href":"https:\/\/ajanscyprus.com\/wp-json\/wp\/v2\/posts\/189","targetHints":{"allow":["GET"]}}],"collection":[{"href":"https:\/\/ajanscyprus.com\/wp-json\/wp\/v2\/posts"}],"about":[{"href":"https:\/\/ajanscyprus.com\/wp-json\/wp\/v2\/types\/post"}],"author":[{"embeddable":true,"href":"https:\/\/ajanscyprus.com\/wp-json\/wp\/v2\/users\/1"}],"replies":[{"embeddable":true,"href":"https:\/\/ajanscyprus.com\/wp-json\/wp\/v2\/comments?post=189"}],"version-history":[{"count":0,"href":"https:\/\/ajanscyprus.com\/wp-json\/wp\/v2\/posts\/189\/revisions"}],"wp:featuredmedia":[{"embeddable":true,"href":"https:\/\/ajanscyprus.com\/wp-json\/"}],"wp:attachment":[{"href":"https:\/\/ajanscyprus.com\/wp-json\/wp\/v2\/media?parent=189"}],"wp:term":[{"taxonomy":"category","embeddable":true,"href":"https:\/\/ajanscyprus.com\/wp-json\/wp\/v2\/categories?post=189"},{"taxonomy":"post_tag","embeddable":true,"href":"https:\/\/ajanscyprus.com\/wp-json\/wp\/v2\/tags?post=189"},{"taxonomy":"manset","embeddable":true,"href":"https:\/\/ajanscyprus.com\/wp-json\/wp\/v2\/manset?post=189"}],"curies":[{"name":"wp","href":"https:\/\/api.w.org\/{rel}","templated":true}]}}