{"id":194076,"date":"2026-03-06T18:02:49","date_gmt":"2026-03-06T15:02:49","guid":{"rendered":"https:\/\/ajanscyprus.com\/?p=194076"},"modified":"2026-03-06T18:02:49","modified_gmt":"2026-03-06T15:02:49","slug":"serdar-denktas-yapamiyorlarsa-gidecekler-biz-gelip-duzeltecegiz","status":"publish","type":"post","link":"https:\/\/ajanscyprus.com\/2026\/03\/06\/serdar-denktas-yapamiyorlarsa-gidecekler-biz-gelip-duzeltecegiz\/","title":{"rendered":"Serdar Denkta\u015f: \u201cYapam\u0131yorlarsa Gidecekler, Biz Gelip D\u00fczeltece\u011fiz\u201d"},"content":{"rendered":"<p data-start=\"73\" data-end=\"337\"><strong><em>TAM Parti Genel Ba\u015fkan\u0131 Serdar Denkta\u015f, Kuzey K\u0131br\u0131s TV\u2019de Ahmet Kaptan\u2019\u0131n canl\u0131 yay\u0131n konu\u011fu olarak g\u00fcndeme ili\u015fkin de\u011ferlendirmelerde bulundu. Denkta\u015f, \u00fclkedeki ekonomik gidi\u015fat\u0131n iyi olmad\u0131\u011f\u0131n\u0131 belirterek, vatanda\u015f\u0131n en b\u00fcy\u00fck sorununun ekonomi oldu\u011funu s\u00f6yledi.<\/em><\/strong><\/p>\n<p data-start=\"339\" data-end=\"659\">Ekonomide ya\u015fanan s\u0131k\u0131nt\u0131lar\u0131n giderek b\u00fcy\u00fcd\u00fc\u011f\u00fcn\u00fc ifade eden Denkta\u015f, kamuoyunun dikkatinin farkl\u0131 konulara \u00e7ekilmeye \u00e7al\u0131\u015f\u0131ld\u0131\u011f\u0131n\u0131 savundu. Denkta\u015f, \u201cEkonomik sorunlar ciddi boyutlara ula\u015ft\u0131. Vatanda\u015f\u0131n ger\u00e7ek g\u00fcndemi ekonomidir ancak insanlar\u0131n bunlar\u0131 konu\u015fmamas\u0131 i\u00e7in g\u00fcndem magazin konular\u0131na do\u011fru \u00e7ekiliyor\u201d dedi.<\/p>\n<h3 data-section-id=\"47thmc\" data-start=\"661\" data-end=\"717\">\u201cVatanda\u015f\u0131n S\u0131rt\u0131ndaki Gereksiz Y\u00fckler Kald\u0131r\u0131lmal\u0131\u201d<\/h3>\n<p data-start=\"719\" data-end=\"949\">Ekonomide iyile\u015fme sa\u011flanabilmesi i\u00e7in \u00f6ncelikle vatanda\u015f\u0131n \u00fczerindeki gereksiz mali y\u00fcklerin kald\u0131r\u0131lmas\u0131 gerekti\u011fini belirten Denkta\u015f, \u00f6zellikle esnaf ve i\u015fletmeler i\u00e7in baz\u0131 uygulamalar\u0131n g\u00f6zden ge\u00e7irilmesi gerekti\u011fini s\u00f6yledi.<\/p>\n<p data-start=\"951\" data-end=\"1126\">Denkta\u015f, esnaftan ve i\u015fletme sahiplerinden al\u0131nan baz\u0131 vergilerin kald\u0131r\u0131lmas\u0131 gerekti\u011fini belirterek, <strong data-start=\"1054\" data-end=\"1114\">pe\u015fin KDV uygulamas\u0131n\u0131n da kald\u0131r\u0131lmas\u0131n\u0131n \u015fart oldu\u011funu<\/strong> ifade etti.<\/p><div class=\"kanews-banner kanews-banner-single\"><img loading=\"lazy\" decoding=\"async\" src=\"https:\/\/ajanscyprus.com\/wp-content\/uploads\/2026\/04\/meRIT-bANNER.jpeg\" alt=\"\" width=\"970\" height=\"90\" class=\"alignnone size-full wp-image-62349\" \/><\/div>\n<h3 data-section-id=\"1oosccy\" data-start=\"1128\" data-end=\"1181\">\u201cKira Sorunu \u0130\u00e7in Metrekare Tavan Fiyat\u0131 \u00d6nerisi\u201d<\/h3>\n<p data-start=\"1183\" data-end=\"1488\">Konut kiralar\u0131ndaki art\u0131\u015fa da de\u011finen Denkta\u015f, bu konuda d\u00fczenleme yap\u0131lmas\u0131 gerekti\u011fini belirtti. Metrekare ba\u015f\u0131na bir <strong data-start=\"1303\" data-end=\"1329\">tavan fiyat uygulamas\u0131<\/strong> getirilmesinin kira art\u0131\u015flar\u0131n\u0131 kontrol alt\u0131na alabilece\u011fini s\u00f6yleyen Denkta\u015f, bo\u015f dairelerden daha y\u00fcksek emlak vergisi al\u0131nmas\u0131 gerekti\u011fini de dile getirdi.<\/p>\n<h3 data-section-id=\"1hmluys\" data-start=\"1490\" data-end=\"1530\">\u201cTecr\u00fcbemiz Var, \u00c7\u00f6z\u00fcm \u00dcretebiliriz\u201d<\/h3>\n<p data-start=\"1532\" data-end=\"1688\">Ekonomik sorunlar\u0131n \u00e7\u00f6z\u00fcm\u00fc i\u00e7in gerekli tecr\u00fcbe ve bilgiye sahip olduklar\u0131n\u0131 savunan Denkta\u015f, \u00f6nerilerini her zaman payla\u015fmaya haz\u0131r olduklar\u0131n\u0131 ifade etti.<\/p>\n<p data-start=\"1690\" data-end=\"1819\">Sorunlar\u0131n \u00e7\u00f6z\u00fcm\u00fc i\u00e7in siyasi irade ve diyalog gerekti\u011fini belirten Denkta\u015f, mevcut y\u00f6netimin bu y\u00f6nde ad\u0131m atmad\u0131\u011f\u0131n\u0131 \u00f6ne s\u00fcrd\u00fc.<\/p>\n<p data-start=\"1821\" data-end=\"2110\">Denkta\u015f, \u201cEkonomik gidi\u015fat\u0131n d\u00fczeltilmesi i\u00e7in gerekli tecr\u00fcbemiz ve bilgimiz var. Bunlar\u0131 payla\u015fmaya her zaman haz\u0131r oldu\u011fumuzu s\u00f6yledik. Bunun i\u00e7in irade ve kar\u015f\u0131l\u0131kl\u0131 diyalog laz\u0131m. Ancak bunu yapm\u0131yorlar. Yapam\u0131yorlarsa gidecekler, biz gelip hepsini d\u00fczeltece\u011fiz\u201d ifadelerini kulland\u0131.<\/p>\n","protected":false},"excerpt":{"rendered":"<p>TAM Parti Genel Ba\u015fkan\u0131 Serdar Denkta\u015f, Kuzey K\u0131br\u0131s TV\u2019de Ahmet Kaptan\u2019\u0131n canl\u0131 yay\u0131n konu\u011fu olarak g\u00fcndeme&#46;&#46;&#46;<\/p>\n","protected":false},"author":1,"featured_media":192646,"comment_status":"closed","ping_status":"closed","sticky":false,"template":"","format":"standard","meta":{"footnotes":"","jetpack_publicize_message":"","jetpack_publicize_feature_enabled":true,"jetpack_social_post_already_shared":true,"jetpack_social_options":{"image_generator_settings":{"template":"highway","default_image_id":0,"font":"","enabled":false},"version":2}},"categories":[48],"tags":[1208,61506,5899,61504,61503,47790,61505,61502,16548,51293],"manset":[],"class_list":["post-194076","post","type-post","status-publish","format-standard","has-post-thumbnail","hentry","category-kibris","tag-ahmet-kaptan","tag-ekonomi-aciklamasi","tag-ekonomik-kriz","tag-esnaf-vergileri","tag-kira-sorunu","tag-kktc-ekonomisi","tag-kuzey-kibris-tv","tag-pesin-kdv","tag-serdar-denktas","tag-tam-parti"],"yoast_head":"<!-- This site is optimized with the Yoast SEO plugin v27.5 - https:\/\/yoast.com\/product\/yoast-seo-wordpress\/ -->\n<title>Serdar Denkta\u015f: \u201cYapam\u0131yorlarsa Gidecekler, Biz Gelip D\u00fczeltece\u011fiz\u201d - Ajans Cyprus<\/title>\n<meta name=\"description\" content=\"TAM Parti Genel Ba\u015fkan\u0131 Serdar Denkta\u015f, ekonomik gidi\u015fat\u0131n k\u00f6t\u00fc oldu\u011funu belirterek esnaf vergileri, pe\u015fin KDV ve kira d\u00fczenlemeleri konusunda \u00f6neriler sundu.\" \/>\n<meta name=\"robots\" content=\"index, follow, max-snippet:-1, max-image-preview:large, max-video-preview:-1\" \/>\n<link rel=\"canonical\" href=\"https:\/\/ajanscyprus.com\/2026\/03\/06\/serdar-denktas-yapamiyorlarsa-gidecekler-biz-gelip-duzeltecegiz\/\" \/>\n<meta property=\"og:locale\" content=\"tr_TR\" \/>\n<meta property=\"og:type\" content=\"article\" \/>\n<meta property=\"og:title\" content=\"Serdar Denkta\u015f: \u201cYapam\u0131yorlarsa Gidecekler, Biz Gelip D\u00fczeltece\u011fiz\u201d - Ajans Cyprus\" \/>\n<meta property=\"og:description\" content=\"TAM Parti Genel Ba\u015fkan\u0131 Serdar Denkta\u015f, ekonomik gidi\u015fat\u0131n k\u00f6t\u00fc oldu\u011funu belirterek esnaf vergileri, pe\u015fin KDV ve kira d\u00fczenlemeleri konusunda \u00f6neriler sundu.\" \/>\n<meta property=\"og:url\" content=\"https:\/\/ajanscyprus.com\/2026\/03\/06\/serdar-denktas-yapamiyorlarsa-gidecekler-biz-gelip-duzeltecegiz\/\" \/>\n<meta property=\"og:site_name\" content=\"Ajans Cyprus\" \/>\n<meta property=\"article:publisher\" content=\"https:\/\/www.facebook.com\/AjansCyprusAC\" \/>\n<meta property=\"article:published_time\" content=\"2026-03-06T15:02:49+00:00\" \/>\n<meta property=\"og:image\" content=\"https:\/\/ajanscyprus.com\/wp-content\/uploads\/2026\/02\/SERDAR_DENKTAS.webp\" \/>\n\t<meta property=\"og:image:width\" content=\"1280\" \/>\n\t<meta property=\"og:image:height\" content=\"720\" \/>\n\t<meta property=\"og:image:type\" content=\"image\/webp\" \/>\n<meta name=\"author\" content=\"admin\" \/>\n<meta name=\"twitter:card\" content=\"summary_large_image\" \/>\n<meta name=\"twitter:creator\" content=\"@AjansCyprus\" \/>\n<meta name=\"twitter:site\" content=\"@AjansCyprus\" \/>\n<meta name=\"twitter:label1\" content=\"Yazan:\" \/>\n\t<meta name=\"twitter:data1\" content=\"admin\" \/>\n\t<meta name=\"twitter:label2\" content=\"Tahmini okuma s\u00fcresi\" \/>\n\t<meta name=\"twitter:data2\" content=\"2 dakika\" \/>\n<script type=\"application\/ld+json\" class=\"yoast-schema-graph\">{\"@context\":\"https:\\\/\\\/schema.org\",\"@graph\":[{\"@type\":\"Article\",\"@id\":\"https:\\\/\\\/ajanscyprus.com\\\/2026\\\/03\\\/06\\\/serdar-denktas-yapamiyorlarsa-gidecekler-biz-gelip-duzeltecegiz\\\/#article\",\"isPartOf\":{\"@id\":\"https:\\\/\\\/ajanscyprus.com\\\/2026\\\/03\\\/06\\\/serdar-denktas-yapamiyorlarsa-gidecekler-biz-gelip-duzeltecegiz\\\/\"},\"author\":{\"name\":\"admin\",\"@id\":\"https:\\\/\\\/ajanscyprus.com\\\/#\\\/schema\\\/person\\\/bde04f428980a11e6513136d7f10a011\"},\"headline\":\"Serdar Denkta\u015f: \u201cYapam\u0131yorlarsa Gidecekler, Biz Gelip D\u00fczeltece\u011fiz\u201d\",\"datePublished\":\"2026-03-06T15:02:49+00:00\",\"mainEntityOfPage\":{\"@id\":\"https:\\\/\\\/ajanscyprus.com\\\/2026\\\/03\\\/06\\\/serdar-denktas-yapamiyorlarsa-gidecekler-biz-gelip-duzeltecegiz\\\/\"},\"wordCount\":373,\"publisher\":{\"@id\":\"https:\\\/\\\/ajanscyprus.com\\\/#organization\"},\"image\":{\"@id\":\"https:\\\/\\\/ajanscyprus.com\\\/2026\\\/03\\\/06\\\/serdar-denktas-yapamiyorlarsa-gidecekler-biz-gelip-duzeltecegiz\\\/#primaryimage\"},\"thumbnailUrl\":\"https:\\\/\\\/ajanscyprus.com\\\/wp-content\\\/uploads\\\/2026\\\/02\\\/SERDAR_DENKTAS.webp\",\"keywords\":[\"ahmet kaptan\",\"ekonomi a\u00e7\u0131klamas\u0131\",\"ekonomik kriz\",\"esnaf vergileri\",\"kira sorunu\",\"KKTC ekonomisi\",\"kuzey k\u0131br\u0131s tv\",\"pe\u015fin kdv\",\"serdar denkta\u015f\",\"TAM Parti\"],\"articleSection\":[\"K\u0131br\u0131s\"],\"inLanguage\":\"tr\"},{\"@type\":\"WebPage\",\"@id\":\"https:\\\/\\\/ajanscyprus.com\\\/2026\\\/03\\\/06\\\/serdar-denktas-yapamiyorlarsa-gidecekler-biz-gelip-duzeltecegiz\\\/\",\"url\":\"https:\\\/\\\/ajanscyprus.com\\\/2026\\\/03\\\/06\\\/serdar-denktas-yapamiyorlarsa-gidecekler-biz-gelip-duzeltecegiz\\\/\",\"name\":\"Serdar Denkta\u015f: \u201cYapam\u0131yorlarsa Gidecekler, Biz Gelip D\u00fczeltece\u011fiz\u201d - Ajans Cyprus\",\"isPartOf\":{\"@id\":\"https:\\\/\\\/ajanscyprus.com\\\/#website\"},\"primaryImageOfPage\":{\"@id\":\"https:\\\/\\\/ajanscyprus.com\\\/2026\\\/03\\\/06\\\/serdar-denktas-yapamiyorlarsa-gidecekler-biz-gelip-duzeltecegiz\\\/#primaryimage\"},\"image\":{\"@id\":\"https:\\\/\\\/ajanscyprus.com\\\/2026\\\/03\\\/06\\\/serdar-denktas-yapamiyorlarsa-gidecekler-biz-gelip-duzeltecegiz\\\/#primaryimage\"},\"thumbnailUrl\":\"https:\\\/\\\/ajanscyprus.com\\\/wp-content\\\/uploads\\\/2026\\\/02\\\/SERDAR_DENKTAS.webp\",\"datePublished\":\"2026-03-06T15:02:49+00:00\",\"description\":\"TAM Parti Genel Ba\u015fkan\u0131 Serdar Denkta\u015f, ekonomik gidi\u015fat\u0131n k\u00f6t\u00fc oldu\u011funu belirterek esnaf vergileri, pe\u015fin KDV ve kira d\u00fczenlemeleri konusunda \u00f6neriler sundu.\",\"breadcrumb\":{\"@id\":\"https:\\\/\\\/ajanscyprus.com\\\/2026\\\/03\\\/06\\\/serdar-denktas-yapamiyorlarsa-gidecekler-biz-gelip-duzeltecegiz\\\/#breadcrumb\"},\"inLanguage\":\"tr\",\"potentialAction\":[{\"@type\":\"ReadAction\",\"target\":[\"https:\\\/\\\/ajanscyprus.com\\\/2026\\\/03\\\/06\\\/serdar-denktas-yapamiyorlarsa-gidecekler-biz-gelip-duzeltecegiz\\\/\"]}]},{\"@type\":\"ImageObject\",\"inLanguage\":\"tr\",\"@id\":\"https:\\\/\\\/ajanscyprus.com\\\/2026\\\/03\\\/06\\\/serdar-denktas-yapamiyorlarsa-gidecekler-biz-gelip-duzeltecegiz\\\/#primaryimage\",\"url\":\"https:\\\/\\\/ajanscyprus.com\\\/wp-content\\\/uploads\\\/2026\\\/02\\\/SERDAR_DENKTAS.webp\",\"contentUrl\":\"https:\\\/\\\/ajanscyprus.com\\\/wp-content\\\/uploads\\\/2026\\\/02\\\/SERDAR_DENKTAS.webp\",\"width\":1280,\"height\":720},{\"@type\":\"BreadcrumbList\",\"@id\":\"https:\\\/\\\/ajanscyprus.com\\\/2026\\\/03\\\/06\\\/serdar-denktas-yapamiyorlarsa-gidecekler-biz-gelip-duzeltecegiz\\\/#breadcrumb\",\"itemListElement\":[{\"@type\":\"ListItem\",\"position\":1,\"name\":\"Anasayfa\",\"item\":\"https:\\\/\\\/ajanscyprus.com\\\/\"},{\"@type\":\"ListItem\",\"position\":2,\"name\":\"Serdar Denkta\u015f: \u201cYapam\u0131yorlarsa Gidecekler, Biz Gelip D\u00fczeltece\u011fiz\u201d\"}]},{\"@type\":\"WebSite\",\"@id\":\"https:\\\/\\\/ajanscyprus.com\\\/#website\",\"url\":\"https:\\\/\\\/ajanscyprus.com\\\/\",\"name\":\"Ajans Cyprus\",\"description\":\"\",\"publisher\":{\"@id\":\"https:\\\/\\\/ajanscyprus.com\\\/#organization\"},\"potentialAction\":[{\"@type\":\"SearchAction\",\"target\":{\"@type\":\"EntryPoint\",\"urlTemplate\":\"https:\\\/\\\/ajanscyprus.com\\\/?s={search_term_string}\"},\"query-input\":{\"@type\":\"PropertyValueSpecification\",\"valueRequired\":true,\"valueName\":\"search_term_string\"}}],\"inLanguage\":\"tr\"},{\"@type\":\"Organization\",\"@id\":\"https:\\\/\\\/ajanscyprus.com\\\/#organization\",\"name\":\"Ajans Cyprus\",\"alternateName\":\"Ajans Mira Turan Cyprus Media And Production\",\"url\":\"https:\\\/\\\/ajanscyprus.com\\\/\",\"logo\":{\"@type\":\"ImageObject\",\"inLanguage\":\"tr\",\"@id\":\"https:\\\/\\\/ajanscyprus.com\\\/#\\\/schema\\\/logo\\\/image\\\/\",\"url\":\"https:\\\/\\\/ajanscyprus.com\\\/wp-content\\\/uploads\\\/2023\\\/02\\\/AjansCyprus-yuvarlak-logo-e1676491087198.png\",\"contentUrl\":\"https:\\\/\\\/ajanscyprus.com\\\/wp-content\\\/uploads\\\/2023\\\/02\\\/AjansCyprus-yuvarlak-logo-e1676491087198.png\",\"width\":200,\"height\":200,\"caption\":\"Ajans Cyprus\"},\"image\":{\"@id\":\"https:\\\/\\\/ajanscyprus.com\\\/#\\\/schema\\\/logo\\\/image\\\/\"},\"sameAs\":[\"https:\\\/\\\/www.facebook.com\\\/AjansCyprusAC\",\"https:\\\/\\\/x.com\\\/AjansCyprus\"]},{\"@type\":\"Person\",\"@id\":\"https:\\\/\\\/ajanscyprus.com\\\/#\\\/schema\\\/person\\\/bde04f428980a11e6513136d7f10a011\",\"name\":\"admin\",\"image\":{\"@type\":\"ImageObject\",\"inLanguage\":\"tr\",\"@id\":\"https:\\\/\\\/secure.gravatar.com\\\/avatar\\\/7b3584441088d5ca4cd7222e9873c969610760122e804fb99fa589e24cd99cb8?s=96&d=mm&r=g\",\"url\":\"https:\\\/\\\/secure.gravatar.com\\\/avatar\\\/7b3584441088d5ca4cd7222e9873c969610760122e804fb99fa589e24cd99cb8?s=96&d=mm&r=g\",\"contentUrl\":\"https:\\\/\\\/secure.gravatar.com\\\/avatar\\\/7b3584441088d5ca4cd7222e9873c969610760122e804fb99fa589e24cd99cb8?s=96&d=mm&r=g\",\"caption\":\"admin\"},\"sameAs\":[\"https:\\\/\\\/ajanscyprus.com\"],\"url\":\"https:\\\/\\\/ajanscyprus.com\\\/author\\\/admin_r45uydj1\\\/\"}]}<\/script>\n<!-- \/ Yoast SEO plugin. -->","yoast_head_json":{"title":"Serdar Denkta\u015f: \u201cYapam\u0131yorlarsa Gidecekler, Biz Gelip D\u00fczeltece\u011fiz\u201d - Ajans Cyprus","description":"TAM Parti Genel Ba\u015fkan\u0131 Serdar Denkta\u015f, ekonomik gidi\u015fat\u0131n k\u00f6t\u00fc oldu\u011funu belirterek esnaf vergileri, pe\u015fin KDV ve kira d\u00fczenlemeleri konusunda \u00f6neriler sundu.","robots":{"index":"index","follow":"follow","max-snippet":"max-snippet:-1","max-image-preview":"max-image-preview:large","max-video-preview":"max-video-preview:-1"},"canonical":"https:\/\/ajanscyprus.com\/2026\/03\/06\/serdar-denktas-yapamiyorlarsa-gidecekler-biz-gelip-duzeltecegiz\/","og_locale":"tr_TR","og_type":"article","og_title":"Serdar Denkta\u015f: \u201cYapam\u0131yorlarsa Gidecekler, Biz Gelip D\u00fczeltece\u011fiz\u201d - Ajans Cyprus","og_description":"TAM Parti Genel Ba\u015fkan\u0131 Serdar Denkta\u015f, ekonomik gidi\u015fat\u0131n k\u00f6t\u00fc oldu\u011funu belirterek esnaf vergileri, pe\u015fin KDV ve kira d\u00fczenlemeleri konusunda \u00f6neriler sundu.","og_url":"https:\/\/ajanscyprus.com\/2026\/03\/06\/serdar-denktas-yapamiyorlarsa-gidecekler-biz-gelip-duzeltecegiz\/","og_site_name":"Ajans Cyprus","article_publisher":"https:\/\/www.facebook.com\/AjansCyprusAC","article_published_time":"2026-03-06T15:02:49+00:00","og_image":[{"width":1280,"height":720,"url":"https:\/\/ajanscyprus.com\/wp-content\/uploads\/2026\/02\/SERDAR_DENKTAS.webp","type":"image\/webp"}],"author":"admin","twitter_card":"summary_large_image","twitter_creator":"@AjansCyprus","twitter_site":"@AjansCyprus","twitter_misc":{"Yazan:":"admin","Tahmini okuma s\u00fcresi":"2 dakika"},"schema":{"@context":"https:\/\/schema.org","@graph":[{"@type":"Article","@id":"https:\/\/ajanscyprus.com\/2026\/03\/06\/serdar-denktas-yapamiyorlarsa-gidecekler-biz-gelip-duzeltecegiz\/#article","isPartOf":{"@id":"https:\/\/ajanscyprus.com\/2026\/03\/06\/serdar-denktas-yapamiyorlarsa-gidecekler-biz-gelip-duzeltecegiz\/"},"author":{"name":"admin","@id":"https:\/\/ajanscyprus.com\/#\/schema\/person\/bde04f428980a11e6513136d7f10a011"},"headline":"Serdar Denkta\u015f: \u201cYapam\u0131yorlarsa Gidecekler, Biz Gelip D\u00fczeltece\u011fiz\u201d","datePublished":"2026-03-06T15:02:49+00:00","mainEntityOfPage":{"@id":"https:\/\/ajanscyprus.com\/2026\/03\/06\/serdar-denktas-yapamiyorlarsa-gidecekler-biz-gelip-duzeltecegiz\/"},"wordCount":373,"publisher":{"@id":"https:\/\/ajanscyprus.com\/#organization"},"image":{"@id":"https:\/\/ajanscyprus.com\/2026\/03\/06\/serdar-denktas-yapamiyorlarsa-gidecekler-biz-gelip-duzeltecegiz\/#primaryimage"},"thumbnailUrl":"https:\/\/ajanscyprus.com\/wp-content\/uploads\/2026\/02\/SERDAR_DENKTAS.webp","keywords":["ahmet kaptan","ekonomi a\u00e7\u0131klamas\u0131","ekonomik kriz","esnaf vergileri","kira sorunu","KKTC ekonomisi","kuzey k\u0131br\u0131s tv","pe\u015fin kdv","serdar denkta\u015f","TAM Parti"],"articleSection":["K\u0131br\u0131s"],"inLanguage":"tr"},{"@type":"WebPage","@id":"https:\/\/ajanscyprus.com\/2026\/03\/06\/serdar-denktas-yapamiyorlarsa-gidecekler-biz-gelip-duzeltecegiz\/","url":"https:\/\/ajanscyprus.com\/2026\/03\/06\/serdar-denktas-yapamiyorlarsa-gidecekler-biz-gelip-duzeltecegiz\/","name":"Serdar Denkta\u015f: \u201cYapam\u0131yorlarsa Gidecekler, Biz Gelip D\u00fczeltece\u011fiz\u201d - Ajans Cyprus","isPartOf":{"@id":"https:\/\/ajanscyprus.com\/#website"},"primaryImageOfPage":{"@id":"https:\/\/ajanscyprus.com\/2026\/03\/06\/serdar-denktas-yapamiyorlarsa-gidecekler-biz-gelip-duzeltecegiz\/#primaryimage"},"image":{"@id":"https:\/\/ajanscyprus.com\/2026\/03\/06\/serdar-denktas-yapamiyorlarsa-gidecekler-biz-gelip-duzeltecegiz\/#primaryimage"},"thumbnailUrl":"https:\/\/ajanscyprus.com\/wp-content\/uploads\/2026\/02\/SERDAR_DENKTAS.webp","datePublished":"2026-03-06T15:02:49+00:00","description":"TAM Parti Genel Ba\u015fkan\u0131 Serdar Denkta\u015f, ekonomik gidi\u015fat\u0131n k\u00f6t\u00fc oldu\u011funu belirterek esnaf vergileri, pe\u015fin KDV ve kira d\u00fczenlemeleri konusunda \u00f6neriler sundu.","breadcrumb":{"@id":"https:\/\/ajanscyprus.com\/2026\/03\/06\/serdar-denktas-yapamiyorlarsa-gidecekler-biz-gelip-duzeltecegiz\/#breadcrumb"},"inLanguage":"tr","potentialAction":[{"@type":"ReadAction","target":["https:\/\/ajanscyprus.com\/2026\/03\/06\/serdar-denktas-yapamiyorlarsa-gidecekler-biz-gelip-duzeltecegiz\/"]}]},{"@type":"ImageObject","inLanguage":"tr","@id":"https:\/\/ajanscyprus.com\/2026\/03\/06\/serdar-denktas-yapamiyorlarsa-gidecekler-biz-gelip-duzeltecegiz\/#primaryimage","url":"https:\/\/ajanscyprus.com\/wp-content\/uploads\/2026\/02\/SERDAR_DENKTAS.webp","contentUrl":"https:\/\/ajanscyprus.com\/wp-content\/uploads\/2026\/02\/SERDAR_DENKTAS.webp","width":1280,"height":720},{"@type":"BreadcrumbList","@id":"https:\/\/ajanscyprus.com\/2026\/03\/06\/serdar-denktas-yapamiyorlarsa-gidecekler-biz-gelip-duzeltecegiz\/#breadcrumb","itemListElement":[{"@type":"ListItem","position":1,"name":"Anasayfa","item":"https:\/\/ajanscyprus.com\/"},{"@type":"ListItem","position":2,"name":"Serdar Denkta\u015f: \u201cYapam\u0131yorlarsa Gidecekler, Biz Gelip D\u00fczeltece\u011fiz\u201d"}]},{"@type":"WebSite","@id":"https:\/\/ajanscyprus.com\/#website","url":"https:\/\/ajanscyprus.com\/","name":"Ajans Cyprus","description":"","publisher":{"@id":"https:\/\/ajanscyprus.com\/#organization"},"potentialAction":[{"@type":"SearchAction","target":{"@type":"EntryPoint","urlTemplate":"https:\/\/ajanscyprus.com\/?s={search_term_string}"},"query-input":{"@type":"PropertyValueSpecification","valueRequired":true,"valueName":"search_term_string"}}],"inLanguage":"tr"},{"@type":"Organization","@id":"https:\/\/ajanscyprus.com\/#organization","name":"Ajans Cyprus","alternateName":"Ajans Mira Turan Cyprus Media And Production","url":"https:\/\/ajanscyprus.com\/","logo":{"@type":"ImageObject","inLanguage":"tr","@id":"https:\/\/ajanscyprus.com\/#\/schema\/logo\/image\/","url":"https:\/\/ajanscyprus.com\/wp-content\/uploads\/2023\/02\/AjansCyprus-yuvarlak-logo-e1676491087198.png","contentUrl":"https:\/\/ajanscyprus.com\/wp-content\/uploads\/2023\/02\/AjansCyprus-yuvarlak-logo-e1676491087198.png","width":200,"height":200,"caption":"Ajans Cyprus"},"image":{"@id":"https:\/\/ajanscyprus.com\/#\/schema\/logo\/image\/"},"sameAs":["https:\/\/www.facebook.com\/AjansCyprusAC","https:\/\/x.com\/AjansCyprus"]},{"@type":"Person","@id":"https:\/\/ajanscyprus.com\/#\/schema\/person\/bde04f428980a11e6513136d7f10a011","name":"admin","image":{"@type":"ImageObject","inLanguage":"tr","@id":"https:\/\/secure.gravatar.com\/avatar\/7b3584441088d5ca4cd7222e9873c969610760122e804fb99fa589e24cd99cb8?s=96&d=mm&r=g","url":"https:\/\/secure.gravatar.com\/avatar\/7b3584441088d5ca4cd7222e9873c969610760122e804fb99fa589e24cd99cb8?s=96&d=mm&r=g","contentUrl":"https:\/\/secure.gravatar.com\/avatar\/7b3584441088d5ca4cd7222e9873c969610760122e804fb99fa589e24cd99cb8?s=96&d=mm&r=g","caption":"admin"},"sameAs":["https:\/\/ajanscyprus.com"],"url":"https:\/\/ajanscyprus.com\/author\/admin_r45uydj1\/"}]}},"jetpack_publicize_connections":[],"_links":{"self":[{"href":"https:\/\/ajanscyprus.com\/wp-json\/wp\/v2\/posts\/194076","targetHints":{"allow":["GET"]}}],"collection":[{"href":"https:\/\/ajanscyprus.com\/wp-json\/wp\/v2\/posts"}],"about":[{"href":"https:\/\/ajanscyprus.com\/wp-json\/wp\/v2\/types\/post"}],"author":[{"embeddable":true,"href":"https:\/\/ajanscyprus.com\/wp-json\/wp\/v2\/users\/1"}],"replies":[{"embeddable":true,"href":"https:\/\/ajanscyprus.com\/wp-json\/wp\/v2\/comments?post=194076"}],"version-history":[{"count":1,"href":"https:\/\/ajanscyprus.com\/wp-json\/wp\/v2\/posts\/194076\/revisions"}],"predecessor-version":[{"id":194077,"href":"https:\/\/ajanscyprus.com\/wp-json\/wp\/v2\/posts\/194076\/revisions\/194077"}],"wp:featuredmedia":[{"embeddable":true,"href":"https:\/\/ajanscyprus.com\/wp-json\/wp\/v2\/media\/192646"}],"wp:attachment":[{"href":"https:\/\/ajanscyprus.com\/wp-json\/wp\/v2\/media?parent=194076"}],"wp:term":[{"taxonomy":"category","embeddable":true,"href":"https:\/\/ajanscyprus.com\/wp-json\/wp\/v2\/categories?post=194076"},{"taxonomy":"post_tag","embeddable":true,"href":"https:\/\/ajanscyprus.com\/wp-json\/wp\/v2\/tags?post=194076"},{"taxonomy":"manset","embeddable":true,"href":"https:\/\/ajanscyprus.com\/wp-json\/wp\/v2\/manset?post=194076"}],"curies":[{"name":"wp","href":"https:\/\/api.w.org\/{rel}","templated":true}]}}