{"id":194160,"date":"2026-03-07T14:47:15","date_gmt":"2026-03-07T11:47:15","guid":{"rendered":"https:\/\/ajanscyprus.com\/index.php\/2026\/03\/07\/iran-meclis-ulusal-guvenlik-komisyonu-baskani-azizi-abd-ve-israil-usleri-mesru-hedef\/"},"modified":"2026-03-07T14:47:15","modified_gmt":"2026-03-07T11:47:15","slug":"iran-meclis-ulusal-guvenlik-komisyonu-baskani-azizi-abd-ve-israil-usleri-mesru-hedef","status":"publish","type":"post","link":"https:\/\/ajanscyprus.com\/2026\/03\/07\/iran-meclis-ulusal-guvenlik-komisyonu-baskani-azizi-abd-ve-israil-usleri-mesru-hedef\/","title":{"rendered":"\u0130ran Meclis Ulusal G\u00fcvenlik Komisyonu Ba\u015fkan\u0131 Azizi: ABD ve \u0130srail \u00fcsleri me\u015fru hedef"},"content":{"rendered":"<p><\/p>\n<div>\n<p>\n\tAzizi, Amerikan X \u015firketinin sosyal medya platformundaki hesab\u0131ndan payla\u015ft\u0131\u011f\u0131 mesaj\u0131nda, &#8220;B\u00f6lgedeki t\u00fcm \u0130srail ve Amerikan \u00fcsleri, bu sava\u015fta bizim i\u00e7in me\u015fru hedeflerdir. \u0130ran&#8217;\u0131n ulusal \u00e7\u0131karlar\u0131n\u0131 savunma konusunda hi\u00e7bir k\u0131rm\u0131z\u0131 \u00e7izgisi yoktur. Sava\u015f devam ediyor.&#8221; ifadelerini kulland\u0131.<\/p>\n<p>\n\tSilahl\u0131 Kuvvetlere ba\u011fl\u0131 Hatemul Enbiya Karargah\u0131 da Cumhurba\u015fkan\u0131 Mesud Peze\u015fkiyan&#8217;\u0131n &#8220;Kom\u015fu \u00fclkelerin topraklar\u0131ndan sald\u0131r\u0131 olmazsa biz de sald\u0131rmayaca\u011f\u0131z.&#8221; a\u00e7\u0131klamas\u0131n\u0131n benzerini yapt\u0131.<\/p>\n<p>\n\tKarargahtan yap\u0131lan a\u00e7\u0131klamada, Silahl\u0131 Kuvvetlerin kom\u015fu \u00fclkelerin \u00e7\u0131karlar\u0131na ve ulusal egemenli\u011fine sayg\u0131 duydu\u011fu ve sald\u0131rmad\u0131\u011f\u0131 belirtildi.<\/p><div class=\"kanews-banner kanews-banner-single\"><img loading=\"lazy\" decoding=\"async\" src=\"https:\/\/ajanscyprus.com\/wp-content\/uploads\/2026\/04\/meRIT-bANNER.jpeg\" alt=\"\" width=\"970\" height=\"90\" class=\"alignnone size-full wp-image-62349\" \/><\/div>\n<p>\n\tA\u00e7\u0131klamada ayr\u0131ca, \u015fu ifadelere yer verildi:<\/p>\n<p>\n\t&#8220;Bununla birlikte, \u00f6nceki sald\u0131r\u0131 eylemlerinin devam\u0131 olarak b\u00f6lgedeki kara, deniz ve havadaki su\u00e7lu Amerika ve sahte Siyonist rejimin t\u00fcm askeri \u00fcsleri ve \u00e7\u0131karlar\u0131, \u0130ran \u0130slam Cumhuriyeti&#8217;nin Silahl\u0131 Kuvvetleri taraf\u0131ndan ana hedef olarak ezilecek ve \u015fiddetli darbelerle vurulacakt\u0131r.&#8221;<\/p>\n<p>\n\t\u0130ran Cumhurba\u015fkan\u0131 Mesud Peze\u015fkiyan, Ge\u00e7ici Liderlik Konseyi&#8217;nde al\u0131nan karara g\u00f6re \u0130ran\u2019a sald\u0131r\u0131 olmad\u0131\u011f\u0131 s\u00fcrece kom\u015fu \u00fclkelere y\u00f6nelik sald\u0131r\u0131 ve f\u00fcze at\u0131\u015f\u0131 yap\u0131lmayaca\u011f\u0131n\u0131 duyurmu\u015ftu.<\/p>\n<p>\n\t\u0130ran Genelkurmay Ba\u015fkanl\u0131\u011f\u0131 S\u00f6zc\u00fcs\u00fc Tu\u011fgeneral Ebulfazl \u015eikar\u00e7i de ABD ve \u0130srail&#8217;e tesis ve alan sa\u011flamayan hi\u00e7bir b\u00f6lgenin hedef al\u0131nmad\u0131\u011f\u0131n\u0131 ve bundan sonra da al\u0131nmayaca\u011f\u0131n\u0131 belirterek, &#8220;ABD ve Siyonist rejime darbeler devam edecek.&#8221;demi\u015fti.<\/p>\n<\/div>\n<p>Kaynak : TRT HABER<\/p>\n","protected":false},"excerpt":{"rendered":"<p>Azizi, Amerikan X \u015firketinin sosyal medya platformundaki hesab\u0131ndan payla\u015ft\u0131\u011f\u0131 mesaj\u0131nda, &#8220;B\u00f6lgedeki t\u00fcm \u0130srail ve Amerikan \u00fcsleri,&#46;&#46;&#46;<\/p>\n","protected":false},"author":4,"featured_media":194026,"comment_status":"closed","ping_status":"closed","sticky":false,"template":"","format":"standard","meta":{"footnotes":"","jetpack_publicize_message":"","jetpack_publicize_feature_enabled":true,"jetpack_social_post_already_shared":true,"jetpack_social_options":{"image_generator_settings":{"template":"highway","default_image_id":0,"font":"","enabled":false},"version":2}},"categories":[44],"tags":[],"manset":[],"class_list":["post-194160","post","type-post","status-publish","format-standard","has-post-thumbnail","hentry","category-dunya"],"yoast_head":"<!-- This site is optimized with the Yoast SEO plugin v27.4 - https:\/\/yoast.com\/product\/yoast-seo-wordpress\/ -->\n<title>\u0130ran Meclis Ulusal G\u00fcvenlik Komisyonu Ba\u015fkan\u0131 Azizi: ABD ve \u0130srail \u00fcsleri me\u015fru hedef - Ajans Cyprus<\/title>\n<meta name=\"robots\" content=\"index, follow, max-snippet:-1, max-image-preview:large, max-video-preview:-1\" \/>\n<link rel=\"canonical\" href=\"https:\/\/ajanscyprus.com\/2026\/03\/07\/iran-meclis-ulusal-guvenlik-komisyonu-baskani-azizi-abd-ve-israil-usleri-mesru-hedef\/\" \/>\n<meta property=\"og:locale\" content=\"tr_TR\" \/>\n<meta property=\"og:type\" content=\"article\" \/>\n<meta property=\"og:title\" content=\"\u0130ran Meclis Ulusal G\u00fcvenlik Komisyonu Ba\u015fkan\u0131 Azizi: ABD ve \u0130srail \u00fcsleri me\u015fru hedef - Ajans Cyprus\" \/>\n<meta property=\"og:description\" content=\"Azizi, Amerikan X \u015firketinin sosyal medya platformundaki hesab\u0131ndan payla\u015ft\u0131\u011f\u0131 mesaj\u0131nda, &#8220;B\u00f6lgedeki t\u00fcm \u0130srail ve Amerikan \u00fcsleri,&#046;&#046;&#046;\" \/>\n<meta property=\"og:url\" content=\"https:\/\/ajanscyprus.com\/2026\/03\/07\/iran-meclis-ulusal-guvenlik-komisyonu-baskani-azizi-abd-ve-israil-usleri-mesru-hedef\/\" \/>\n<meta property=\"og:site_name\" content=\"Ajans Cyprus\" \/>\n<meta property=\"article:publisher\" content=\"https:\/\/www.facebook.com\/AjansCyprusAC\" \/>\n<meta property=\"article:published_time\" content=\"2026-03-07T11:47:15+00:00\" \/>\n<meta property=\"og:image\" content=\"https:\/\/ajanscyprus.com\/wp-content\/uploads\/2026\/03\/iran-mozaik-savunma-stratejisi-2443678.jpg\" \/>\n\t<meta property=\"og:image:width\" content=\"1280\" \/>\n\t<meta property=\"og:image:height\" content=\"720\" \/>\n\t<meta property=\"og:image:type\" content=\"image\/jpeg\" \/>\n<meta name=\"author\" content=\"Ajans Cyprus\" \/>\n<meta name=\"twitter:card\" content=\"summary_large_image\" \/>\n<meta name=\"twitter:creator\" content=\"@AjansCyprus\" \/>\n<meta name=\"twitter:site\" content=\"@AjansCyprus\" \/>\n<meta name=\"twitter:label1\" content=\"Yazan:\" \/>\n\t<meta name=\"twitter:data1\" content=\"Ajans Cyprus\" \/>\n\t<meta name=\"twitter:label2\" content=\"Tahmini okuma s\u00fcresi\" \/>\n\t<meta name=\"twitter:data2\" content=\"1 dakika\" \/>\n<script type=\"application\/ld+json\" class=\"yoast-schema-graph\">{\"@context\":\"https:\\\/\\\/schema.org\",\"@graph\":[{\"@type\":\"Article\",\"@id\":\"https:\\\/\\\/ajanscyprus.com\\\/2026\\\/03\\\/07\\\/iran-meclis-ulusal-guvenlik-komisyonu-baskani-azizi-abd-ve-israil-usleri-mesru-hedef\\\/#article\",\"isPartOf\":{\"@id\":\"https:\\\/\\\/ajanscyprus.com\\\/2026\\\/03\\\/07\\\/iran-meclis-ulusal-guvenlik-komisyonu-baskani-azizi-abd-ve-israil-usleri-mesru-hedef\\\/\"},\"author\":{\"name\":\"Ajans Cyprus\",\"@id\":\"https:\\\/\\\/ajanscyprus.com\\\/#\\\/schema\\\/person\\\/7a2e842cab5d700268eb209092eb3937\"},\"headline\":\"\u0130ran Meclis Ulusal G\u00fcvenlik Komisyonu Ba\u015fkan\u0131 Azizi: ABD ve \u0130srail \u00fcsleri me\u015fru hedef\",\"datePublished\":\"2026-03-07T11:47:15+00:00\",\"mainEntityOfPage\":{\"@id\":\"https:\\\/\\\/ajanscyprus.com\\\/2026\\\/03\\\/07\\\/iran-meclis-ulusal-guvenlik-komisyonu-baskani-azizi-abd-ve-israil-usleri-mesru-hedef\\\/\"},\"wordCount\":262,\"publisher\":{\"@id\":\"https:\\\/\\\/ajanscyprus.com\\\/#organization\"},\"image\":{\"@id\":\"https:\\\/\\\/ajanscyprus.com\\\/2026\\\/03\\\/07\\\/iran-meclis-ulusal-guvenlik-komisyonu-baskani-azizi-abd-ve-israil-usleri-mesru-hedef\\\/#primaryimage\"},\"thumbnailUrl\":\"https:\\\/\\\/ajanscyprus.com\\\/wp-content\\\/uploads\\\/2026\\\/03\\\/iran-mozaik-savunma-stratejisi-2443678.jpg\",\"articleSection\":[\"D\u00fcnya\"],\"inLanguage\":\"tr\"},{\"@type\":\"WebPage\",\"@id\":\"https:\\\/\\\/ajanscyprus.com\\\/2026\\\/03\\\/07\\\/iran-meclis-ulusal-guvenlik-komisyonu-baskani-azizi-abd-ve-israil-usleri-mesru-hedef\\\/\",\"url\":\"https:\\\/\\\/ajanscyprus.com\\\/2026\\\/03\\\/07\\\/iran-meclis-ulusal-guvenlik-komisyonu-baskani-azizi-abd-ve-israil-usleri-mesru-hedef\\\/\",\"name\":\"\u0130ran Meclis Ulusal G\u00fcvenlik Komisyonu Ba\u015fkan\u0131 Azizi: ABD ve \u0130srail \u00fcsleri me\u015fru hedef - Ajans Cyprus\",\"isPartOf\":{\"@id\":\"https:\\\/\\\/ajanscyprus.com\\\/#website\"},\"primaryImageOfPage\":{\"@id\":\"https:\\\/\\\/ajanscyprus.com\\\/2026\\\/03\\\/07\\\/iran-meclis-ulusal-guvenlik-komisyonu-baskani-azizi-abd-ve-israil-usleri-mesru-hedef\\\/#primaryimage\"},\"image\":{\"@id\":\"https:\\\/\\\/ajanscyprus.com\\\/2026\\\/03\\\/07\\\/iran-meclis-ulusal-guvenlik-komisyonu-baskani-azizi-abd-ve-israil-usleri-mesru-hedef\\\/#primaryimage\"},\"thumbnailUrl\":\"https:\\\/\\\/ajanscyprus.com\\\/wp-content\\\/uploads\\\/2026\\\/03\\\/iran-mozaik-savunma-stratejisi-2443678.jpg\",\"datePublished\":\"2026-03-07T11:47:15+00:00\",\"breadcrumb\":{\"@id\":\"https:\\\/\\\/ajanscyprus.com\\\/2026\\\/03\\\/07\\\/iran-meclis-ulusal-guvenlik-komisyonu-baskani-azizi-abd-ve-israil-usleri-mesru-hedef\\\/#breadcrumb\"},\"inLanguage\":\"tr\",\"potentialAction\":[{\"@type\":\"ReadAction\",\"target\":[\"https:\\\/\\\/ajanscyprus.com\\\/2026\\\/03\\\/07\\\/iran-meclis-ulusal-guvenlik-komisyonu-baskani-azizi-abd-ve-israil-usleri-mesru-hedef\\\/\"]}]},{\"@type\":\"ImageObject\",\"inLanguage\":\"tr\",\"@id\":\"https:\\\/\\\/ajanscyprus.com\\\/2026\\\/03\\\/07\\\/iran-meclis-ulusal-guvenlik-komisyonu-baskani-azizi-abd-ve-israil-usleri-mesru-hedef\\\/#primaryimage\",\"url\":\"https:\\\/\\\/ajanscyprus.com\\\/wp-content\\\/uploads\\\/2026\\\/03\\\/iran-mozaik-savunma-stratejisi-2443678.jpg\",\"contentUrl\":\"https:\\\/\\\/ajanscyprus.com\\\/wp-content\\\/uploads\\\/2026\\\/03\\\/iran-mozaik-savunma-stratejisi-2443678.jpg\",\"width\":1280,\"height\":720},{\"@type\":\"BreadcrumbList\",\"@id\":\"https:\\\/\\\/ajanscyprus.com\\\/2026\\\/03\\\/07\\\/iran-meclis-ulusal-guvenlik-komisyonu-baskani-azizi-abd-ve-israil-usleri-mesru-hedef\\\/#breadcrumb\",\"itemListElement\":[{\"@type\":\"ListItem\",\"position\":1,\"name\":\"Anasayfa\",\"item\":\"https:\\\/\\\/ajanscyprus.com\\\/\"},{\"@type\":\"ListItem\",\"position\":2,\"name\":\"\u0130ran Meclis Ulusal G\u00fcvenlik Komisyonu Ba\u015fkan\u0131 Azizi: ABD ve \u0130srail \u00fcsleri me\u015fru hedef\"}]},{\"@type\":\"WebSite\",\"@id\":\"https:\\\/\\\/ajanscyprus.com\\\/#website\",\"url\":\"https:\\\/\\\/ajanscyprus.com\\\/\",\"name\":\"Ajans Cyprus\",\"description\":\"\",\"publisher\":{\"@id\":\"https:\\\/\\\/ajanscyprus.com\\\/#organization\"},\"potentialAction\":[{\"@type\":\"SearchAction\",\"target\":{\"@type\":\"EntryPoint\",\"urlTemplate\":\"https:\\\/\\\/ajanscyprus.com\\\/?s={search_term_string}\"},\"query-input\":{\"@type\":\"PropertyValueSpecification\",\"valueRequired\":true,\"valueName\":\"search_term_string\"}}],\"inLanguage\":\"tr\"},{\"@type\":\"Organization\",\"@id\":\"https:\\\/\\\/ajanscyprus.com\\\/#organization\",\"name\":\"Ajans Cyprus\",\"alternateName\":\"Ajans Mira Turan Cyprus Media And Production\",\"url\":\"https:\\\/\\\/ajanscyprus.com\\\/\",\"logo\":{\"@type\":\"ImageObject\",\"inLanguage\":\"tr\",\"@id\":\"https:\\\/\\\/ajanscyprus.com\\\/#\\\/schema\\\/logo\\\/image\\\/\",\"url\":\"https:\\\/\\\/ajanscyprus.com\\\/wp-content\\\/uploads\\\/2023\\\/02\\\/AjansCyprus-yuvarlak-logo-e1676491087198.png\",\"contentUrl\":\"https:\\\/\\\/ajanscyprus.com\\\/wp-content\\\/uploads\\\/2023\\\/02\\\/AjansCyprus-yuvarlak-logo-e1676491087198.png\",\"width\":200,\"height\":200,\"caption\":\"Ajans Cyprus\"},\"image\":{\"@id\":\"https:\\\/\\\/ajanscyprus.com\\\/#\\\/schema\\\/logo\\\/image\\\/\"},\"sameAs\":[\"https:\\\/\\\/www.facebook.com\\\/AjansCyprusAC\",\"https:\\\/\\\/x.com\\\/AjansCyprus\"]},{\"@type\":\"Person\",\"@id\":\"https:\\\/\\\/ajanscyprus.com\\\/#\\\/schema\\\/person\\\/7a2e842cab5d700268eb209092eb3937\",\"name\":\"Ajans Cyprus\",\"image\":{\"@type\":\"ImageObject\",\"inLanguage\":\"tr\",\"@id\":\"https:\\\/\\\/ajanscyprus.com\\\/wp-content\\\/uploads\\\/2025\\\/06\\\/ajans-cyprus_avatar-96x96.png\",\"url\":\"https:\\\/\\\/ajanscyprus.com\\\/wp-content\\\/uploads\\\/2025\\\/06\\\/ajans-cyprus_avatar-96x96.png\",\"contentUrl\":\"https:\\\/\\\/ajanscyprus.com\\\/wp-content\\\/uploads\\\/2025\\\/06\\\/ajans-cyprus_avatar-96x96.png\",\"caption\":\"Ajans Cyprus\"},\"sameAs\":[\"http:\\\/\\\/ajanscyprus.com\"],\"url\":\"https:\\\/\\\/ajanscyprus.com\\\/author\\\/admin2\\\/\"}]}<\/script>\n<!-- \/ Yoast SEO plugin. -->","yoast_head_json":{"title":"\u0130ran Meclis Ulusal G\u00fcvenlik Komisyonu Ba\u015fkan\u0131 Azizi: ABD ve \u0130srail \u00fcsleri me\u015fru hedef - Ajans Cyprus","robots":{"index":"index","follow":"follow","max-snippet":"max-snippet:-1","max-image-preview":"max-image-preview:large","max-video-preview":"max-video-preview:-1"},"canonical":"https:\/\/ajanscyprus.com\/2026\/03\/07\/iran-meclis-ulusal-guvenlik-komisyonu-baskani-azizi-abd-ve-israil-usleri-mesru-hedef\/","og_locale":"tr_TR","og_type":"article","og_title":"\u0130ran Meclis Ulusal G\u00fcvenlik Komisyonu Ba\u015fkan\u0131 Azizi: ABD ve \u0130srail \u00fcsleri me\u015fru hedef - Ajans Cyprus","og_description":"Azizi, Amerikan X \u015firketinin sosyal medya platformundaki hesab\u0131ndan payla\u015ft\u0131\u011f\u0131 mesaj\u0131nda, &#8220;B\u00f6lgedeki t\u00fcm \u0130srail ve Amerikan \u00fcsleri,&#46;&#46;&#46;","og_url":"https:\/\/ajanscyprus.com\/2026\/03\/07\/iran-meclis-ulusal-guvenlik-komisyonu-baskani-azizi-abd-ve-israil-usleri-mesru-hedef\/","og_site_name":"Ajans Cyprus","article_publisher":"https:\/\/www.facebook.com\/AjansCyprusAC","article_published_time":"2026-03-07T11:47:15+00:00","og_image":[{"width":1280,"height":720,"url":"https:\/\/ajanscyprus.com\/wp-content\/uploads\/2026\/03\/iran-mozaik-savunma-stratejisi-2443678.jpg","type":"image\/jpeg"}],"author":"Ajans Cyprus","twitter_card":"summary_large_image","twitter_creator":"@AjansCyprus","twitter_site":"@AjansCyprus","twitter_misc":{"Yazan:":"Ajans Cyprus","Tahmini okuma s\u00fcresi":"1 dakika"},"schema":{"@context":"https:\/\/schema.org","@graph":[{"@type":"Article","@id":"https:\/\/ajanscyprus.com\/2026\/03\/07\/iran-meclis-ulusal-guvenlik-komisyonu-baskani-azizi-abd-ve-israil-usleri-mesru-hedef\/#article","isPartOf":{"@id":"https:\/\/ajanscyprus.com\/2026\/03\/07\/iran-meclis-ulusal-guvenlik-komisyonu-baskani-azizi-abd-ve-israil-usleri-mesru-hedef\/"},"author":{"name":"Ajans Cyprus","@id":"https:\/\/ajanscyprus.com\/#\/schema\/person\/7a2e842cab5d700268eb209092eb3937"},"headline":"\u0130ran Meclis Ulusal G\u00fcvenlik Komisyonu Ba\u015fkan\u0131 Azizi: ABD ve \u0130srail \u00fcsleri me\u015fru hedef","datePublished":"2026-03-07T11:47:15+00:00","mainEntityOfPage":{"@id":"https:\/\/ajanscyprus.com\/2026\/03\/07\/iran-meclis-ulusal-guvenlik-komisyonu-baskani-azizi-abd-ve-israil-usleri-mesru-hedef\/"},"wordCount":262,"publisher":{"@id":"https:\/\/ajanscyprus.com\/#organization"},"image":{"@id":"https:\/\/ajanscyprus.com\/2026\/03\/07\/iran-meclis-ulusal-guvenlik-komisyonu-baskani-azizi-abd-ve-israil-usleri-mesru-hedef\/#primaryimage"},"thumbnailUrl":"https:\/\/ajanscyprus.com\/wp-content\/uploads\/2026\/03\/iran-mozaik-savunma-stratejisi-2443678.jpg","articleSection":["D\u00fcnya"],"inLanguage":"tr"},{"@type":"WebPage","@id":"https:\/\/ajanscyprus.com\/2026\/03\/07\/iran-meclis-ulusal-guvenlik-komisyonu-baskani-azizi-abd-ve-israil-usleri-mesru-hedef\/","url":"https:\/\/ajanscyprus.com\/2026\/03\/07\/iran-meclis-ulusal-guvenlik-komisyonu-baskani-azizi-abd-ve-israil-usleri-mesru-hedef\/","name":"\u0130ran Meclis Ulusal G\u00fcvenlik Komisyonu Ba\u015fkan\u0131 Azizi: ABD ve \u0130srail \u00fcsleri me\u015fru hedef - Ajans Cyprus","isPartOf":{"@id":"https:\/\/ajanscyprus.com\/#website"},"primaryImageOfPage":{"@id":"https:\/\/ajanscyprus.com\/2026\/03\/07\/iran-meclis-ulusal-guvenlik-komisyonu-baskani-azizi-abd-ve-israil-usleri-mesru-hedef\/#primaryimage"},"image":{"@id":"https:\/\/ajanscyprus.com\/2026\/03\/07\/iran-meclis-ulusal-guvenlik-komisyonu-baskani-azizi-abd-ve-israil-usleri-mesru-hedef\/#primaryimage"},"thumbnailUrl":"https:\/\/ajanscyprus.com\/wp-content\/uploads\/2026\/03\/iran-mozaik-savunma-stratejisi-2443678.jpg","datePublished":"2026-03-07T11:47:15+00:00","breadcrumb":{"@id":"https:\/\/ajanscyprus.com\/2026\/03\/07\/iran-meclis-ulusal-guvenlik-komisyonu-baskani-azizi-abd-ve-israil-usleri-mesru-hedef\/#breadcrumb"},"inLanguage":"tr","potentialAction":[{"@type":"ReadAction","target":["https:\/\/ajanscyprus.com\/2026\/03\/07\/iran-meclis-ulusal-guvenlik-komisyonu-baskani-azizi-abd-ve-israil-usleri-mesru-hedef\/"]}]},{"@type":"ImageObject","inLanguage":"tr","@id":"https:\/\/ajanscyprus.com\/2026\/03\/07\/iran-meclis-ulusal-guvenlik-komisyonu-baskani-azizi-abd-ve-israil-usleri-mesru-hedef\/#primaryimage","url":"https:\/\/ajanscyprus.com\/wp-content\/uploads\/2026\/03\/iran-mozaik-savunma-stratejisi-2443678.jpg","contentUrl":"https:\/\/ajanscyprus.com\/wp-content\/uploads\/2026\/03\/iran-mozaik-savunma-stratejisi-2443678.jpg","width":1280,"height":720},{"@type":"BreadcrumbList","@id":"https:\/\/ajanscyprus.com\/2026\/03\/07\/iran-meclis-ulusal-guvenlik-komisyonu-baskani-azizi-abd-ve-israil-usleri-mesru-hedef\/#breadcrumb","itemListElement":[{"@type":"ListItem","position":1,"name":"Anasayfa","item":"https:\/\/ajanscyprus.com\/"},{"@type":"ListItem","position":2,"name":"\u0130ran Meclis Ulusal G\u00fcvenlik Komisyonu Ba\u015fkan\u0131 Azizi: ABD ve \u0130srail \u00fcsleri me\u015fru hedef"}]},{"@type":"WebSite","@id":"https:\/\/ajanscyprus.com\/#website","url":"https:\/\/ajanscyprus.com\/","name":"Ajans Cyprus","description":"","publisher":{"@id":"https:\/\/ajanscyprus.com\/#organization"},"potentialAction":[{"@type":"SearchAction","target":{"@type":"EntryPoint","urlTemplate":"https:\/\/ajanscyprus.com\/?s={search_term_string}"},"query-input":{"@type":"PropertyValueSpecification","valueRequired":true,"valueName":"search_term_string"}}],"inLanguage":"tr"},{"@type":"Organization","@id":"https:\/\/ajanscyprus.com\/#organization","name":"Ajans Cyprus","alternateName":"Ajans Mira Turan Cyprus Media And Production","url":"https:\/\/ajanscyprus.com\/","logo":{"@type":"ImageObject","inLanguage":"tr","@id":"https:\/\/ajanscyprus.com\/#\/schema\/logo\/image\/","url":"https:\/\/ajanscyprus.com\/wp-content\/uploads\/2023\/02\/AjansCyprus-yuvarlak-logo-e1676491087198.png","contentUrl":"https:\/\/ajanscyprus.com\/wp-content\/uploads\/2023\/02\/AjansCyprus-yuvarlak-logo-e1676491087198.png","width":200,"height":200,"caption":"Ajans Cyprus"},"image":{"@id":"https:\/\/ajanscyprus.com\/#\/schema\/logo\/image\/"},"sameAs":["https:\/\/www.facebook.com\/AjansCyprusAC","https:\/\/x.com\/AjansCyprus"]},{"@type":"Person","@id":"https:\/\/ajanscyprus.com\/#\/schema\/person\/7a2e842cab5d700268eb209092eb3937","name":"Ajans Cyprus","image":{"@type":"ImageObject","inLanguage":"tr","@id":"https:\/\/ajanscyprus.com\/wp-content\/uploads\/2025\/06\/ajans-cyprus_avatar-96x96.png","url":"https:\/\/ajanscyprus.com\/wp-content\/uploads\/2025\/06\/ajans-cyprus_avatar-96x96.png","contentUrl":"https:\/\/ajanscyprus.com\/wp-content\/uploads\/2025\/06\/ajans-cyprus_avatar-96x96.png","caption":"Ajans Cyprus"},"sameAs":["http:\/\/ajanscyprus.com"],"url":"https:\/\/ajanscyprus.com\/author\/admin2\/"}]}},"jetpack_publicize_connections":[],"_links":{"self":[{"href":"https:\/\/ajanscyprus.com\/wp-json\/wp\/v2\/posts\/194160","targetHints":{"allow":["GET"]}}],"collection":[{"href":"https:\/\/ajanscyprus.com\/wp-json\/wp\/v2\/posts"}],"about":[{"href":"https:\/\/ajanscyprus.com\/wp-json\/wp\/v2\/types\/post"}],"author":[{"embeddable":true,"href":"https:\/\/ajanscyprus.com\/wp-json\/wp\/v2\/users\/4"}],"replies":[{"embeddable":true,"href":"https:\/\/ajanscyprus.com\/wp-json\/wp\/v2\/comments?post=194160"}],"version-history":[{"count":0,"href":"https:\/\/ajanscyprus.com\/wp-json\/wp\/v2\/posts\/194160\/revisions"}],"wp:featuredmedia":[{"embeddable":true,"href":"https:\/\/ajanscyprus.com\/wp-json\/wp\/v2\/media\/194026"}],"wp:attachment":[{"href":"https:\/\/ajanscyprus.com\/wp-json\/wp\/v2\/media?parent=194160"}],"wp:term":[{"taxonomy":"category","embeddable":true,"href":"https:\/\/ajanscyprus.com\/wp-json\/wp\/v2\/categories?post=194160"},{"taxonomy":"post_tag","embeddable":true,"href":"https:\/\/ajanscyprus.com\/wp-json\/wp\/v2\/tags?post=194160"},{"taxonomy":"manset","embeddable":true,"href":"https:\/\/ajanscyprus.com\/wp-json\/wp\/v2\/manset?post=194160"}],"curies":[{"name":"wp","href":"https:\/\/api.w.org\/{rel}","templated":true}]}}