{"id":194166,"date":"2026-03-07T16:51:10","date_gmt":"2026-03-07T13:51:10","guid":{"rendered":"https:\/\/ajanscyprus.com\/index.php\/2026\/03\/07\/lubnanda-2-marttan-bu-yana-olenlerin-sayisi-1023e-yukseldi\/"},"modified":"2026-03-07T16:51:10","modified_gmt":"2026-03-07T13:51:10","slug":"lubnanda-2-marttan-bu-yana-olenlerin-sayisi-1023e-yukseldi","status":"publish","type":"post","link":"https:\/\/ajanscyprus.com\/2026\/03\/07\/lubnanda-2-marttan-bu-yana-olenlerin-sayisi-1023e-yukseldi\/","title":{"rendered":"L\u00fcbnan&#8217;da 2 Mart&#8217;tan bu yana \u00f6lenlerin say\u0131s\u0131 1023&#8217;e y\u00fckseldi"},"content":{"rendered":"<p><\/p>\n<div wp_automatic_readability=\"8.1880733944954\">\n<div class=\"news-content-container\" id=\"newsDetail936902\" data-id=\"936902\" data-url=\"https:\/\/www.trthaber.com\/haber\/dunya\/lubnanda-2-marttan-bu-yana-olenlerin-sayisi-1023e-yukseldi-936902.html\" wp_automatic_readability=\"6.1852300242131\">\n                    <input type=\"hidden\" name=\"page_category_id\" class=\"page-category-id\" value=\"4\"\/><br \/>\n                    <input type=\"hidden\" name=\"page_category_name\" class=\"page-category-name\" value=\"D\u00fcnya\"\/><br \/>\n                    <input type=\"hidden\" name=\"page_id\" class=\"page-id\" value=\"936902\"\/><br \/>\n                    <input type=\"hidden\" name=\"page_url\" class=\"page-url\" value=\"https:\/\/www.trthaber.com\/haber\/dunya\/lubnanda-2-marttan-bu-yana-olenlerin-sayisi-1023e-yukseldi-936902.html\"\/><br \/>\n                    <input type=\"hidden\" name=\"page_seo_title\" class=\"page-seo-title\" value=\"L\u00fcbnan'da 2 Mart'tan bu yana \u00f6lenlerin say\u0131s\u0131 1023'e y\u00fckseldi - Son Dakika Haberleri\"\/><br \/>\n                    <input type=\"hidden\" name=\"page_title\" class=\"page-title\" value=\"L\u00fcbnan'da 2 Mart'tan bu yana \u00f6lenlerin say\u0131s\u0131 1023'e y\u00fckseldi\"\/><br \/>\n                    <input type=\"hidden\" name=\"page_clear_title\" class=\"page-clear-title\" value=\"L\u00fcbnan'da 2 Mart'tan bu yana \u00f6lenlerin say\u0131s\u0131 1023'e y\u00fckseldi\"\/><br \/>\n                    <input type=\"hidden\" name=\"page_clear_description\" class=\"page-clear-description\" value=\"L\u00fcbnan Sa\u011fl\u0131k Bakanl\u0131\u011f\u0131, \u0130srail'in 2 Mart'tan bu yana L\u00fcbnan'a d\u00fczenledi\u011fi sald\u0131r\u0131larda \u00f6l\u00fc say\u0131s\u0131n\u0131n 77 artarak 294'e, yaral\u0131 say\u0131s\u0131n\u0131n ise 1023'e y\u00fckseldi\u011fini a\u00e7\u0131klad\u0131\"\/><br \/>\n                    <input type=\"hidden\" name=\"page_clear_tag_description\" class=\"page-clear-tag-description\" value=\"L\u00fcbnan Sa\u011fl\u0131k Bakanl\u0131\u011f\u0131, \u0130srail'in 2 Mart'tan bu yana L\u00fcbnan'a d\u00fczenledi\u011fi sald\u0131r\u0131larda \u00f6l\u00fc say\u0131s\u0131n\u0131n 77 artarak 294'e, yaral\u0131 say\u0131s\u0131n\u0131n ise 1023'e y\u00fckseldi\u011fini a\u00e7\u0131klad\u0131\"\/><br \/>\n                    <input type=\"hidden\" name=\"page_data_description\" class=\"page-data-description\" value=\"L\u00fcbnan Sa\u011fl\u0131k Bakanl\u0131\u011f\u0131, \u0130srail'in 2 Mart'tan bu yana L\u00fcbnan'a d\u00fczenledi\u011fi sald\u0131r\u0131larda \u00f6l\u00fc say\u0131s\u0131n\u0131n 77 artarak 294'e, yaral\u0131 say\u0131s\u0131n\u0131n ise 1023'e y\u00fckseldi\u011fini a\u00e7\u0131klad\u0131\"\/><br \/>\n                    <input type=\"hidden\" name=\"page_data_keywords\" class=\"page-data-keywords\" value=\"\" l&uuml;bnan\",\"&#304;srail\"\"=\"\"\/><br \/>\n                    <input type=\"hidden\" name=\"page_data_breadcrumb_items\" class=\"page-data-breadcrumb-items\" value=\"{ &quot;@type&quot;: &quot;ListItem&quot;, &quot;position&quot;: 1, &quot;name&quot;: &quot;Haberler&quot;, &quot;item&quot;: &quot;https:\/\/www.trthaber.com\/&quot; },{ &quot;@type&quot;: &quot;ListItem&quot;, &quot;position&quot;: 2, &quot;name&quot;: &quot;D\u00fcnya&quot;, &quot;item&quot;: &quot;https:\/\/www.trthaber.com\/haber\/dunya\/&quot; },{ &quot;@type&quot;: &quot;ListItem&quot;, &quot;position&quot;: 3, &quot;name&quot;: &quot;L\u00fcbnan'da 2 Mart'tan bu yana \u00f6lenlerin say\u0131s\u0131 1023'e y\u00fckseldi&quot;, &quot;item&quot;: &quot;https:\/\/www.trthaber.com\/haber\/dunya\/lubnanda-2-marttan-bu-yana-olenlerin-sayisi-1023e-yukseldi-936902.html&quot; }\"\/><br \/>\n                    <input type=\"hidden\" name=\"page_img_url\" class=\"page-img-url\" value=\"https:\/\/trthaberstatic.cdn.wp.trt.com.tr\/resimler\/2444000\/lubnan-aa-2444584.jpg\"\/><br \/>\n                    <input type=\"hidden\" name=\"page_video_thumbnail_urls\" class=\"page-video-thumbnail-urls\" value=\"\"\/><br \/>\n                    <input type=\"hidden\" name=\"page_date\" class=\"page-date\" value=\"2026-03-07 16:48:00\"\/><br \/>\n                    <input type=\"hidden\" name=\"page_added_by_id\" class=\"page-added-by-id\" value=\"239\"\/><br \/>\n                    <input type=\"hidden\" name=\"page_added_by_name\" class=\"page-added-by-name\" value=\"Ali Burak Biber\"\/><br \/>\n                    <input type=\"hidden\" name=\"page_edited_by_id\" class=\"page-edited-by-id\" value=\"239\"\/><br \/>\n                    <input type=\"hidden\" name=\"page_edited_by_name\" class=\"page-edited-by-name\" value=\"Ali Burak Biber\"\/><br \/>\n                    <input type=\"hidden\" name=\"page_canonical_url\" class=\"page-canonical-url\" value=\"https:\/\/www.trthaber.com\/haber\/dunya\/lubnanda-2-marttan-bu-yana-olenlerin-sayisi-1023e-yukseldi-936902.html\"\/><br \/>\n                    <input type=\"hidden\" name=\"page_video_content\" class=\"page-video-content\" value=\"\"\/><br \/>\n                    <input type=\"hidden\" name=\"page_agency_ids\" class=\"page-agency-ids\" value=\"1\"\/><br \/>\n                    <input type=\"hidden\" name=\"page_is_special_news\" class=\"page-is-special-news\" value=\"0\"\/><br \/>\n                    <input type=\"hidden\" name=\"page_is_file_news\" class=\"page-is-file-news\" value=\"0\"\/><br \/>\n                    <input type=\"hidden\" name=\"page_date_published\" class=\"page-date-published\" value=\"2026-03-07 16:48:00+03:00\"\/><br \/>\n                    <input type=\"hidden\" name=\"page_date_modified\" class=\"page-date-modified\" value=\"2026-03-07 16:49:40+03:00\"\/><br \/>\n                    <input type=\"hidden\" name=\"page_next_news_id\" class=\"page-next-news-id\" value=\"936899\"\/><br \/>\n                    <input type=\"hidden\" name=\"page_next_news_url\" class=\"page-next-news-url\" value=\"haber\/dunya\/almanya-abd-israil-ile-iran-arasindaki-savasa-katilmayacaklarini-acikladi-936899.html\"\/><br \/>\n                    <input type=\"hidden\" name=\"page_next_news_image\" class=\"page-next-news-image\" value=\"https:\/\/trthaberstatic.cdn.wp.trt.com.tr\/resimler\/2442000\/iran-aa-2442888_4.jpg\"\/><br \/>\n                    <input type=\"hidden\" name=\"page_next_news_title\" class=\"page-next-news-title\" value=\"Almanya, ABD-\u0130srail ile \u0130ran aras\u0131ndaki sava\u015fa kat\u0131lmayacaklar\u0131n\u0131 a\u00e7\u0131klad\u0131\"\/><\/p>\n<div class=\"news-info-bar\" wp_automatic_readability=\"7.5151515151515\">\n<p>                            <span class=\"category-tag\">D\u00fcnya<\/span><\/p>\n<p>\n                                                        <span class=\"source\"><br \/>\n                                <label>KAYNAK<\/label>AA                            <\/span><br \/>\n                                                                                        <span class=\"created-date\"><br \/>\n                                    <label>HABER G\u0130R\u0130\u015e<\/label><br \/>\n                                                                            07.03.2026 16:48                                                                                                                    <time class=\"updated-date-content\" datetime=\"2026-03-07 16:49\">, 07.03.2026 16:49<\/time><br \/>\n                                                                    <\/span><br \/>\n                                                                                        <span class=\"updated-date\"><br \/>\n                                    <label>SON G\u00dcNCELLEME<\/label><br \/>\n                                    <time datetime=\"2026-03-07 16:49\">07.03.2026 16:49<\/time><br \/>\n                                <\/span>\n                                                    <\/p><div class=\"kanews-banner kanews-banner-single\"><img loading=\"lazy\" decoding=\"async\" src=\"https:\/\/ajanscyprus.com\/wp-content\/uploads\/2026\/04\/meRIT-bANNER.jpeg\" alt=\"\" width=\"970\" height=\"90\" class=\"alignnone size-full wp-image-62349\" \/><\/div>\n<\/div>\n<h2 class=\"news-spot\">L\u00fcbnan Sa\u011fl\u0131k Bakanl\u0131\u011f\u0131, \u0130srail&#8217;in 2 Mart&#8217;tan bu yana L\u00fcbnan&#8217;a d\u00fczenledi\u011fi sald\u0131r\u0131larda \u00f6l\u00fc say\u0131s\u0131n\u0131n 77 artarak 294&#8217;e, yaral\u0131 say\u0131s\u0131n\u0131n ise 1023&#8217;e y\u00fckseldi\u011fini a\u00e7\u0131klad\u0131<\/h2>\n<div class=\"news-image\">\n                            <picture><source data-srcset=\"https:\/\/trthaberstatic.cdn.wp.trt.com.tr\/resimler\/2444000\/lubnan-aa-2444584_3.jpg\" media=\"(max-width: 320px)\"\/><source data-srcset=\"https:\/\/trthaberstatic.cdn.wp.trt.com.tr\/resimler\/2444000\/lubnan-aa-2444584_2.jpg\" media=\"(max-width: 576px)\"\/><source data-srcset=\"https:\/\/trthaberstatic.cdn.wp.trt.com.tr\/resimler\/2444000\/lubnan-aa-2444584_1.jpg\" media=\"(max-width: 1470px)\"\/><source data-srcset=\"https:\/\/trthaberstatic.cdn.wp.trt.com.tr\/resimler\/2444000\/lubnan-aa-2444584.jpg\"\/>\n                            <\/picture>\n                                                    <\/div>\n<div class=\"social-links-container\">\n<ul>\n<li><span class=\"nsosyal\"\/><\/li>\n<li><span class=\"facebook\"\/><\/li>\n<li><a href=\"https:\/\/twitter.com\/intent\/tweet?hashtags=trthaber&amp;original_referer=https%3A%2F%2Fwww.trthaber.com%2Fhaber%2Fdunya%2Flubnanda-2-marttan-bu-yana-olenlerin-sayisi-1023e-yukseldi-936902.html&amp;related=trthaber&amp;text=L%C3%BCbnan%27da+2+Mart%27tan+bu+yana+%C3%B6lenlerin+say%C4%B1s%C4%B1+1023%27e+y%C3%BCkseldi&amp;url=https%3A%2F%2Fwww.trthaber.com%2Fhaber%2Fdunya%2Flubnanda-2-marttan-bu-yana-olenlerin-sayisi-1023e-yukseldi-936902.html&amp;via=trthaber\" class=\"social-share-url site-social-share-url\" title=\"Twitter Payla\u015f\" target=\"_blank\"><span class=\"twitter\"\/><\/a><\/li>\n<li><span class=\"linkedin\"\/><\/li>\n<li><span class=\"telegram\"\/><\/li>\n<li><span class=\"whatsapp\"\/><\/li>\n<li><span class=\"email\"\/><\/li>\n<\/ul><\/div>\n<div class=\"news-content\">\n<p>\n\tAyr\u0131nt\u0131lar geliyor&#8230;<\/p>\n<div class=\"news-tags\">\n<p>ET\u0130KETLER<\/p>\n<div class=\"tags\">\n                                                                            L\u00fcbnan<br \/>\n                                                                            \u0130srail\n                                                                    <\/div>\n<\/p><\/div>\n<\/p><\/div>\n<div class=\"news-detail-bottom-mobile-ads-container\">\n                            <!-- \/112281457\/trthaber_mobil_showcase -->\n                        <\/div>\n<\/p><\/div>\n<div class=\"mobile-news-progress-bar-container\"><\/div>\n<div class=\"mobile-next-news\" data-id=\"936899\" wp_automatic_readability=\"8\">\n<p>S\u0131radaki Haber<\/p>\n<p>Almanya, ABD-\u0130srail ile \u0130ran aras\u0131ndaki sava\u015fa kat\u0131lmayacaklar\u0131n\u0131 a\u00e7\u0131klad\u0131<\/p>\n<\/div>\n<p>Y\u00fckleniyor l\u00fctfen bekleyiniz<\/p>\n<\/div>\n<p><script async src=\"\/\/platform.twitter.com\/widgets.js\" charset=\"utf-8\"><\/script><\/p>\n<p>Kaynak : TRT HABER<\/p>\n","protected":false},"excerpt":{"rendered":"<p>D\u00fcnya KAYNAKAA HABER G\u0130R\u0130\u015e 07.03.2026 16:48 , 07.03.2026 16:49 SON G\u00dcNCELLEME 07.03.2026 16:49 L\u00fcbnan Sa\u011fl\u0131k Bakanl\u0131\u011f\u0131,&#46;&#46;&#46;<\/p>\n","protected":false},"author":4,"featured_media":194113,"comment_status":"closed","ping_status":"closed","sticky":false,"template":"","format":"standard","meta":{"footnotes":"","jetpack_publicize_message":"","jetpack_publicize_feature_enabled":true,"jetpack_social_post_already_shared":true,"jetpack_social_options":{"image_generator_settings":{"template":"highway","default_image_id":0,"font":"","enabled":false},"version":2}},"categories":[44],"tags":[],"manset":[],"class_list":["post-194166","post","type-post","status-publish","format-standard","has-post-thumbnail","hentry","category-dunya"],"yoast_head":"<!-- This site is optimized with the Yoast SEO plugin v27.5 - https:\/\/yoast.com\/product\/yoast-seo-wordpress\/ -->\n<title>L\u00fcbnan&#039;da 2 Mart&#039;tan bu yana \u00f6lenlerin say\u0131s\u0131 1023&#039;e y\u00fckseldi - Ajans Cyprus<\/title>\n<meta name=\"robots\" content=\"index, follow, max-snippet:-1, max-image-preview:large, max-video-preview:-1\" \/>\n<link rel=\"canonical\" href=\"https:\/\/ajanscyprus.com\/2026\/03\/07\/lubnanda-2-marttan-bu-yana-olenlerin-sayisi-1023e-yukseldi\/\" \/>\n<meta property=\"og:locale\" content=\"tr_TR\" \/>\n<meta property=\"og:type\" content=\"article\" \/>\n<meta property=\"og:title\" content=\"L\u00fcbnan&#039;da 2 Mart&#039;tan bu yana \u00f6lenlerin say\u0131s\u0131 1023&#039;e y\u00fckseldi - Ajans Cyprus\" \/>\n<meta property=\"og:description\" content=\"D\u00fcnya KAYNAKAA HABER G\u0130R\u0130\u015e 07.03.2026 16:48 , 07.03.2026 16:49 SON G\u00dcNCELLEME 07.03.2026 16:49 L\u00fcbnan Sa\u011fl\u0131k Bakanl\u0131\u011f\u0131,&#046;&#046;&#046;\" \/>\n<meta property=\"og:url\" content=\"https:\/\/ajanscyprus.com\/2026\/03\/07\/lubnanda-2-marttan-bu-yana-olenlerin-sayisi-1023e-yukseldi\/\" \/>\n<meta property=\"og:site_name\" content=\"Ajans Cyprus\" \/>\n<meta property=\"article:publisher\" content=\"https:\/\/www.facebook.com\/AjansCyprusAC\" \/>\n<meta property=\"article:published_time\" content=\"2026-03-07T13:51:10+00:00\" \/>\n<meta property=\"og:image\" content=\"https:\/\/ajanscyprus.com\/wp-content\/uploads\/2026\/03\/lubnan-aa-2444584.jpg\" \/>\n\t<meta property=\"og:image:width\" content=\"1280\" \/>\n\t<meta property=\"og:image:height\" content=\"720\" \/>\n\t<meta property=\"og:image:type\" content=\"image\/jpeg\" \/>\n<meta name=\"author\" content=\"Ajans Cyprus\" \/>\n<meta name=\"twitter:card\" content=\"summary_large_image\" \/>\n<meta name=\"twitter:creator\" content=\"@AjansCyprus\" \/>\n<meta name=\"twitter:site\" content=\"@AjansCyprus\" \/>\n<meta name=\"twitter:label1\" content=\"Yazan:\" \/>\n\t<meta name=\"twitter:data1\" content=\"Ajans Cyprus\" \/>\n<script type=\"application\/ld+json\" class=\"yoast-schema-graph\">{\"@context\":\"https:\\\/\\\/schema.org\",\"@graph\":[{\"@type\":\"Article\",\"@id\":\"https:\\\/\\\/ajanscyprus.com\\\/2026\\\/03\\\/07\\\/lubnanda-2-marttan-bu-yana-olenlerin-sayisi-1023e-yukseldi\\\/#article\",\"isPartOf\":{\"@id\":\"https:\\\/\\\/ajanscyprus.com\\\/2026\\\/03\\\/07\\\/lubnanda-2-marttan-bu-yana-olenlerin-sayisi-1023e-yukseldi\\\/\"},\"author\":{\"name\":\"Ajans Cyprus\",\"@id\":\"https:\\\/\\\/ajanscyprus.com\\\/#\\\/schema\\\/person\\\/7a2e842cab5d700268eb209092eb3937\"},\"headline\":\"L\u00fcbnan&#8217;da 2 Mart&#8217;tan bu yana \u00f6lenlerin say\u0131s\u0131 1023&#8217;e y\u00fckseldi\",\"datePublished\":\"2026-03-07T13:51:10+00:00\",\"mainEntityOfPage\":{\"@id\":\"https:\\\/\\\/ajanscyprus.com\\\/2026\\\/03\\\/07\\\/lubnanda-2-marttan-bu-yana-olenlerin-sayisi-1023e-yukseldi\\\/\"},\"wordCount\":96,\"publisher\":{\"@id\":\"https:\\\/\\\/ajanscyprus.com\\\/#organization\"},\"image\":{\"@id\":\"https:\\\/\\\/ajanscyprus.com\\\/2026\\\/03\\\/07\\\/lubnanda-2-marttan-bu-yana-olenlerin-sayisi-1023e-yukseldi\\\/#primaryimage\"},\"thumbnailUrl\":\"https:\\\/\\\/ajanscyprus.com\\\/wp-content\\\/uploads\\\/2026\\\/03\\\/lubnan-aa-2444584.jpg\",\"articleSection\":[\"D\u00fcnya\"],\"inLanguage\":\"tr\"},{\"@type\":\"WebPage\",\"@id\":\"https:\\\/\\\/ajanscyprus.com\\\/2026\\\/03\\\/07\\\/lubnanda-2-marttan-bu-yana-olenlerin-sayisi-1023e-yukseldi\\\/\",\"url\":\"https:\\\/\\\/ajanscyprus.com\\\/2026\\\/03\\\/07\\\/lubnanda-2-marttan-bu-yana-olenlerin-sayisi-1023e-yukseldi\\\/\",\"name\":\"L\u00fcbnan'da 2 Mart'tan bu yana \u00f6lenlerin say\u0131s\u0131 1023'e y\u00fckseldi - Ajans Cyprus\",\"isPartOf\":{\"@id\":\"https:\\\/\\\/ajanscyprus.com\\\/#website\"},\"primaryImageOfPage\":{\"@id\":\"https:\\\/\\\/ajanscyprus.com\\\/2026\\\/03\\\/07\\\/lubnanda-2-marttan-bu-yana-olenlerin-sayisi-1023e-yukseldi\\\/#primaryimage\"},\"image\":{\"@id\":\"https:\\\/\\\/ajanscyprus.com\\\/2026\\\/03\\\/07\\\/lubnanda-2-marttan-bu-yana-olenlerin-sayisi-1023e-yukseldi\\\/#primaryimage\"},\"thumbnailUrl\":\"https:\\\/\\\/ajanscyprus.com\\\/wp-content\\\/uploads\\\/2026\\\/03\\\/lubnan-aa-2444584.jpg\",\"datePublished\":\"2026-03-07T13:51:10+00:00\",\"breadcrumb\":{\"@id\":\"https:\\\/\\\/ajanscyprus.com\\\/2026\\\/03\\\/07\\\/lubnanda-2-marttan-bu-yana-olenlerin-sayisi-1023e-yukseldi\\\/#breadcrumb\"},\"inLanguage\":\"tr\",\"potentialAction\":[{\"@type\":\"ReadAction\",\"target\":[\"https:\\\/\\\/ajanscyprus.com\\\/2026\\\/03\\\/07\\\/lubnanda-2-marttan-bu-yana-olenlerin-sayisi-1023e-yukseldi\\\/\"]}]},{\"@type\":\"ImageObject\",\"inLanguage\":\"tr\",\"@id\":\"https:\\\/\\\/ajanscyprus.com\\\/2026\\\/03\\\/07\\\/lubnanda-2-marttan-bu-yana-olenlerin-sayisi-1023e-yukseldi\\\/#primaryimage\",\"url\":\"https:\\\/\\\/ajanscyprus.com\\\/wp-content\\\/uploads\\\/2026\\\/03\\\/lubnan-aa-2444584.jpg\",\"contentUrl\":\"https:\\\/\\\/ajanscyprus.com\\\/wp-content\\\/uploads\\\/2026\\\/03\\\/lubnan-aa-2444584.jpg\",\"width\":1280,\"height\":720},{\"@type\":\"BreadcrumbList\",\"@id\":\"https:\\\/\\\/ajanscyprus.com\\\/2026\\\/03\\\/07\\\/lubnanda-2-marttan-bu-yana-olenlerin-sayisi-1023e-yukseldi\\\/#breadcrumb\",\"itemListElement\":[{\"@type\":\"ListItem\",\"position\":1,\"name\":\"Anasayfa\",\"item\":\"https:\\\/\\\/ajanscyprus.com\\\/\"},{\"@type\":\"ListItem\",\"position\":2,\"name\":\"L\u00fcbnan&#8217;da 2 Mart&#8217;tan bu yana \u00f6lenlerin say\u0131s\u0131 1023&#8217;e y\u00fckseldi\"}]},{\"@type\":\"WebSite\",\"@id\":\"https:\\\/\\\/ajanscyprus.com\\\/#website\",\"url\":\"https:\\\/\\\/ajanscyprus.com\\\/\",\"name\":\"Ajans Cyprus\",\"description\":\"\",\"publisher\":{\"@id\":\"https:\\\/\\\/ajanscyprus.com\\\/#organization\"},\"potentialAction\":[{\"@type\":\"SearchAction\",\"target\":{\"@type\":\"EntryPoint\",\"urlTemplate\":\"https:\\\/\\\/ajanscyprus.com\\\/?s={search_term_string}\"},\"query-input\":{\"@type\":\"PropertyValueSpecification\",\"valueRequired\":true,\"valueName\":\"search_term_string\"}}],\"inLanguage\":\"tr\"},{\"@type\":\"Organization\",\"@id\":\"https:\\\/\\\/ajanscyprus.com\\\/#organization\",\"name\":\"Ajans Cyprus\",\"alternateName\":\"Ajans Mira Turan Cyprus Media And Production\",\"url\":\"https:\\\/\\\/ajanscyprus.com\\\/\",\"logo\":{\"@type\":\"ImageObject\",\"inLanguage\":\"tr\",\"@id\":\"https:\\\/\\\/ajanscyprus.com\\\/#\\\/schema\\\/logo\\\/image\\\/\",\"url\":\"https:\\\/\\\/ajanscyprus.com\\\/wp-content\\\/uploads\\\/2023\\\/02\\\/AjansCyprus-yuvarlak-logo-e1676491087198.png\",\"contentUrl\":\"https:\\\/\\\/ajanscyprus.com\\\/wp-content\\\/uploads\\\/2023\\\/02\\\/AjansCyprus-yuvarlak-logo-e1676491087198.png\",\"width\":200,\"height\":200,\"caption\":\"Ajans Cyprus\"},\"image\":{\"@id\":\"https:\\\/\\\/ajanscyprus.com\\\/#\\\/schema\\\/logo\\\/image\\\/\"},\"sameAs\":[\"https:\\\/\\\/www.facebook.com\\\/AjansCyprusAC\",\"https:\\\/\\\/x.com\\\/AjansCyprus\"]},{\"@type\":\"Person\",\"@id\":\"https:\\\/\\\/ajanscyprus.com\\\/#\\\/schema\\\/person\\\/7a2e842cab5d700268eb209092eb3937\",\"name\":\"Ajans Cyprus\",\"image\":{\"@type\":\"ImageObject\",\"inLanguage\":\"tr\",\"@id\":\"https:\\\/\\\/ajanscyprus.com\\\/wp-content\\\/uploads\\\/2025\\\/06\\\/ajans-cyprus_avatar-96x96.png\",\"url\":\"https:\\\/\\\/ajanscyprus.com\\\/wp-content\\\/uploads\\\/2025\\\/06\\\/ajans-cyprus_avatar-96x96.png\",\"contentUrl\":\"https:\\\/\\\/ajanscyprus.com\\\/wp-content\\\/uploads\\\/2025\\\/06\\\/ajans-cyprus_avatar-96x96.png\",\"caption\":\"Ajans Cyprus\"},\"sameAs\":[\"http:\\\/\\\/ajanscyprus.com\"],\"url\":\"https:\\\/\\\/ajanscyprus.com\\\/author\\\/admin2\\\/\"}]}<\/script>\n<!-- \/ Yoast SEO plugin. -->","yoast_head_json":{"title":"L\u00fcbnan'da 2 Mart'tan bu yana \u00f6lenlerin say\u0131s\u0131 1023'e y\u00fckseldi - Ajans Cyprus","robots":{"index":"index","follow":"follow","max-snippet":"max-snippet:-1","max-image-preview":"max-image-preview:large","max-video-preview":"max-video-preview:-1"},"canonical":"https:\/\/ajanscyprus.com\/2026\/03\/07\/lubnanda-2-marttan-bu-yana-olenlerin-sayisi-1023e-yukseldi\/","og_locale":"tr_TR","og_type":"article","og_title":"L\u00fcbnan'da 2 Mart'tan bu yana \u00f6lenlerin say\u0131s\u0131 1023'e y\u00fckseldi - Ajans Cyprus","og_description":"D\u00fcnya KAYNAKAA HABER G\u0130R\u0130\u015e 07.03.2026 16:48 , 07.03.2026 16:49 SON G\u00dcNCELLEME 07.03.2026 16:49 L\u00fcbnan Sa\u011fl\u0131k Bakanl\u0131\u011f\u0131,&#46;&#46;&#46;","og_url":"https:\/\/ajanscyprus.com\/2026\/03\/07\/lubnanda-2-marttan-bu-yana-olenlerin-sayisi-1023e-yukseldi\/","og_site_name":"Ajans Cyprus","article_publisher":"https:\/\/www.facebook.com\/AjansCyprusAC","article_published_time":"2026-03-07T13:51:10+00:00","og_image":[{"width":1280,"height":720,"url":"https:\/\/ajanscyprus.com\/wp-content\/uploads\/2026\/03\/lubnan-aa-2444584.jpg","type":"image\/jpeg"}],"author":"Ajans Cyprus","twitter_card":"summary_large_image","twitter_creator":"@AjansCyprus","twitter_site":"@AjansCyprus","twitter_misc":{"Yazan:":"Ajans Cyprus"},"schema":{"@context":"https:\/\/schema.org","@graph":[{"@type":"Article","@id":"https:\/\/ajanscyprus.com\/2026\/03\/07\/lubnanda-2-marttan-bu-yana-olenlerin-sayisi-1023e-yukseldi\/#article","isPartOf":{"@id":"https:\/\/ajanscyprus.com\/2026\/03\/07\/lubnanda-2-marttan-bu-yana-olenlerin-sayisi-1023e-yukseldi\/"},"author":{"name":"Ajans Cyprus","@id":"https:\/\/ajanscyprus.com\/#\/schema\/person\/7a2e842cab5d700268eb209092eb3937"},"headline":"L\u00fcbnan&#8217;da 2 Mart&#8217;tan bu yana \u00f6lenlerin say\u0131s\u0131 1023&#8217;e y\u00fckseldi","datePublished":"2026-03-07T13:51:10+00:00","mainEntityOfPage":{"@id":"https:\/\/ajanscyprus.com\/2026\/03\/07\/lubnanda-2-marttan-bu-yana-olenlerin-sayisi-1023e-yukseldi\/"},"wordCount":96,"publisher":{"@id":"https:\/\/ajanscyprus.com\/#organization"},"image":{"@id":"https:\/\/ajanscyprus.com\/2026\/03\/07\/lubnanda-2-marttan-bu-yana-olenlerin-sayisi-1023e-yukseldi\/#primaryimage"},"thumbnailUrl":"https:\/\/ajanscyprus.com\/wp-content\/uploads\/2026\/03\/lubnan-aa-2444584.jpg","articleSection":["D\u00fcnya"],"inLanguage":"tr"},{"@type":"WebPage","@id":"https:\/\/ajanscyprus.com\/2026\/03\/07\/lubnanda-2-marttan-bu-yana-olenlerin-sayisi-1023e-yukseldi\/","url":"https:\/\/ajanscyprus.com\/2026\/03\/07\/lubnanda-2-marttan-bu-yana-olenlerin-sayisi-1023e-yukseldi\/","name":"L\u00fcbnan'da 2 Mart'tan bu yana \u00f6lenlerin say\u0131s\u0131 1023'e y\u00fckseldi - Ajans Cyprus","isPartOf":{"@id":"https:\/\/ajanscyprus.com\/#website"},"primaryImageOfPage":{"@id":"https:\/\/ajanscyprus.com\/2026\/03\/07\/lubnanda-2-marttan-bu-yana-olenlerin-sayisi-1023e-yukseldi\/#primaryimage"},"image":{"@id":"https:\/\/ajanscyprus.com\/2026\/03\/07\/lubnanda-2-marttan-bu-yana-olenlerin-sayisi-1023e-yukseldi\/#primaryimage"},"thumbnailUrl":"https:\/\/ajanscyprus.com\/wp-content\/uploads\/2026\/03\/lubnan-aa-2444584.jpg","datePublished":"2026-03-07T13:51:10+00:00","breadcrumb":{"@id":"https:\/\/ajanscyprus.com\/2026\/03\/07\/lubnanda-2-marttan-bu-yana-olenlerin-sayisi-1023e-yukseldi\/#breadcrumb"},"inLanguage":"tr","potentialAction":[{"@type":"ReadAction","target":["https:\/\/ajanscyprus.com\/2026\/03\/07\/lubnanda-2-marttan-bu-yana-olenlerin-sayisi-1023e-yukseldi\/"]}]},{"@type":"ImageObject","inLanguage":"tr","@id":"https:\/\/ajanscyprus.com\/2026\/03\/07\/lubnanda-2-marttan-bu-yana-olenlerin-sayisi-1023e-yukseldi\/#primaryimage","url":"https:\/\/ajanscyprus.com\/wp-content\/uploads\/2026\/03\/lubnan-aa-2444584.jpg","contentUrl":"https:\/\/ajanscyprus.com\/wp-content\/uploads\/2026\/03\/lubnan-aa-2444584.jpg","width":1280,"height":720},{"@type":"BreadcrumbList","@id":"https:\/\/ajanscyprus.com\/2026\/03\/07\/lubnanda-2-marttan-bu-yana-olenlerin-sayisi-1023e-yukseldi\/#breadcrumb","itemListElement":[{"@type":"ListItem","position":1,"name":"Anasayfa","item":"https:\/\/ajanscyprus.com\/"},{"@type":"ListItem","position":2,"name":"L\u00fcbnan&#8217;da 2 Mart&#8217;tan bu yana \u00f6lenlerin say\u0131s\u0131 1023&#8217;e y\u00fckseldi"}]},{"@type":"WebSite","@id":"https:\/\/ajanscyprus.com\/#website","url":"https:\/\/ajanscyprus.com\/","name":"Ajans Cyprus","description":"","publisher":{"@id":"https:\/\/ajanscyprus.com\/#organization"},"potentialAction":[{"@type":"SearchAction","target":{"@type":"EntryPoint","urlTemplate":"https:\/\/ajanscyprus.com\/?s={search_term_string}"},"query-input":{"@type":"PropertyValueSpecification","valueRequired":true,"valueName":"search_term_string"}}],"inLanguage":"tr"},{"@type":"Organization","@id":"https:\/\/ajanscyprus.com\/#organization","name":"Ajans Cyprus","alternateName":"Ajans Mira Turan Cyprus Media And Production","url":"https:\/\/ajanscyprus.com\/","logo":{"@type":"ImageObject","inLanguage":"tr","@id":"https:\/\/ajanscyprus.com\/#\/schema\/logo\/image\/","url":"https:\/\/ajanscyprus.com\/wp-content\/uploads\/2023\/02\/AjansCyprus-yuvarlak-logo-e1676491087198.png","contentUrl":"https:\/\/ajanscyprus.com\/wp-content\/uploads\/2023\/02\/AjansCyprus-yuvarlak-logo-e1676491087198.png","width":200,"height":200,"caption":"Ajans Cyprus"},"image":{"@id":"https:\/\/ajanscyprus.com\/#\/schema\/logo\/image\/"},"sameAs":["https:\/\/www.facebook.com\/AjansCyprusAC","https:\/\/x.com\/AjansCyprus"]},{"@type":"Person","@id":"https:\/\/ajanscyprus.com\/#\/schema\/person\/7a2e842cab5d700268eb209092eb3937","name":"Ajans Cyprus","image":{"@type":"ImageObject","inLanguage":"tr","@id":"https:\/\/ajanscyprus.com\/wp-content\/uploads\/2025\/06\/ajans-cyprus_avatar-96x96.png","url":"https:\/\/ajanscyprus.com\/wp-content\/uploads\/2025\/06\/ajans-cyprus_avatar-96x96.png","contentUrl":"https:\/\/ajanscyprus.com\/wp-content\/uploads\/2025\/06\/ajans-cyprus_avatar-96x96.png","caption":"Ajans Cyprus"},"sameAs":["http:\/\/ajanscyprus.com"],"url":"https:\/\/ajanscyprus.com\/author\/admin2\/"}]}},"jetpack_publicize_connections":[],"_links":{"self":[{"href":"https:\/\/ajanscyprus.com\/wp-json\/wp\/v2\/posts\/194166","targetHints":{"allow":["GET"]}}],"collection":[{"href":"https:\/\/ajanscyprus.com\/wp-json\/wp\/v2\/posts"}],"about":[{"href":"https:\/\/ajanscyprus.com\/wp-json\/wp\/v2\/types\/post"}],"author":[{"embeddable":true,"href":"https:\/\/ajanscyprus.com\/wp-json\/wp\/v2\/users\/4"}],"replies":[{"embeddable":true,"href":"https:\/\/ajanscyprus.com\/wp-json\/wp\/v2\/comments?post=194166"}],"version-history":[{"count":0,"href":"https:\/\/ajanscyprus.com\/wp-json\/wp\/v2\/posts\/194166\/revisions"}],"wp:featuredmedia":[{"embeddable":true,"href":"https:\/\/ajanscyprus.com\/wp-json\/wp\/v2\/media\/194113"}],"wp:attachment":[{"href":"https:\/\/ajanscyprus.com\/wp-json\/wp\/v2\/media?parent=194166"}],"wp:term":[{"taxonomy":"category","embeddable":true,"href":"https:\/\/ajanscyprus.com\/wp-json\/wp\/v2\/categories?post=194166"},{"taxonomy":"post_tag","embeddable":true,"href":"https:\/\/ajanscyprus.com\/wp-json\/wp\/v2\/tags?post=194166"},{"taxonomy":"manset","embeddable":true,"href":"https:\/\/ajanscyprus.com\/wp-json\/wp\/v2\/manset?post=194166"}],"curies":[{"name":"wp","href":"https:\/\/api.w.org\/{rel}","templated":true}]}}