{"id":194168,"date":"2026-03-07T17:53:15","date_gmt":"2026-03-07T14:53:15","guid":{"rendered":"https:\/\/ajanscyprus.com\/index.php\/2026\/03\/07\/bolge-ulkelerden-ozur-dileyen-pezeskiyan-saldirilara-karsi-savunma-hakkimiz-ortadan-kalkmaz\/"},"modified":"2026-03-07T17:53:15","modified_gmt":"2026-03-07T14:53:15","slug":"bolge-ulkelerden-ozur-dileyen-pezeskiyan-saldirilara-karsi-savunma-hakkimiz-ortadan-kalkmaz","status":"publish","type":"post","link":"https:\/\/ajanscyprus.com\/2026\/03\/07\/bolge-ulkelerden-ozur-dileyen-pezeskiyan-saldirilara-karsi-savunma-hakkimiz-ortadan-kalkmaz\/","title":{"rendered":"B\u00f6lge \u00fclkelerden \u00f6z\u00fcr dileyen Peze\u015fkiyan: Sald\u0131r\u0131lara kar\u015f\u0131 savunma hakk\u0131m\u0131z ortadan kalkmaz"},"content":{"rendered":"<p><\/p>\n<div>\n<p>\n\t\u0130ran Cumhurba\u015fkan\u0131 Peze\u015fkiyan, ABD merkezli X sosyal medya platformunda yay\u0131mlad\u0131\u011f\u0131 mesajda, m\u00fcttefik \u00fclkelere sald\u0131rmad\u0131klar\u0131n\u0131, ancak b\u00f6lgedeki ABD \u00fcslerini ve askeri imkanlar\u0131n\u0131 hedef ald\u0131klar\u0131n\u0131 vurgulad\u0131.<\/p>\n<p>\n\t\u201c\u0130ran, b\u00f6lge \u00fclkeleriyle iyi kom\u015fuluk ve ulusal egemenli\u011fe ve toprak b\u00fct\u00fcnl\u00fc\u011f\u00fcne kar\u015f\u0131l\u0131kl\u0131 sayg\u0131 temelinde dostane ili\u015fkilerin s\u00fcrd\u00fcr\u00fclmesini ve devam ettirilmesini her zaman vurgulam\u0131\u015ft\u0131r.\u201d ifadelerini kullanan Peze\u015fkiyan, a\u00e7\u0131klamas\u0131n\u0131 \u015f\u00f6yle s\u00fcrd\u00fcrd\u00fc:<\/p>\n<p>\n\t\u201cBu , \u0130ran&#8217;\u0131n ABD ve Siyonist rejimin askeri sald\u0131r\u0131lar\u0131na kar\u015f\u0131 kendini savunma hakk\u0131n\u0131 ortadan kald\u0131rmaz.\u201d<\/p><div class=\"kanews-banner kanews-banner-single\"><img loading=\"lazy\" decoding=\"async\" src=\"https:\/\/ajanscyprus.com\/wp-content\/uploads\/2026\/04\/meRIT-bANNER.jpeg\" alt=\"\" width=\"970\" height=\"90\" class=\"alignnone size-full wp-image-62349\" \/><\/div>\n<p>\n\tPeze\u015fkiyan, \u00fclkelerini korumak i\u00e7in \u00f6lene kadar direneceklerini kaydederek, \u201c\u0130ran&#8217;\u0131n savunma operasyonlar\u0131, yaln\u0131zca \u0130ran halk\u0131na kar\u015f\u0131 sald\u0131rgan eylemlerin kayna\u011f\u0131 ve k\u00f6keni olan hedeflere ve tesislere y\u00f6neliktir ve biz bunlar\u0131 me\u015fru hedeflerimiz olarak g\u00f6r\u00fcyoruz.\u201d dedi.<\/p>\n<p>\n\t\u0130ran\u2019\u0131n b\u00f6lge \u00fclkelerine y\u00f6nelik f\u00fcze sald\u0131r\u0131lar\u0131na da de\u011finen Peze\u015fkiyan, \u201cBiz dost ve m\u00fcttefik \u00fclkelerimize sald\u0131rmad\u0131k, ancak b\u00f6lgedeki Amerikan \u00fcslerini, tesislerini ve askeri imkanlar\u0131n\u0131 hedef ald\u0131k.&#8221; ifadelerini kulland\u0131.<\/p>\n<h2>\n\tPeze\u015fkiyan \u00f6z\u00fcr dilemi\u015fti<\/h2>\n<p>\n\t\u0130ran Cumhurba\u015fkan\u0131 Peze\u015fkiyan, devlet televizyonunda yay\u0131mlanan konu\u015fmas\u0131nda \u00fclkesinin g\u00fcvenlik politikas\u0131yla ilgili a\u00e7\u0131klamalarda bulunmu\u015f, Ge\u00e7ici Liderlik Konseyi&#8217;nin sald\u0131r\u0131 gelmeyen kom\u015fu \u00fclkelere sald\u0131r\u0131 yap\u0131lmamas\u0131 ve f\u00fcze f\u0131rlat\u0131lmamas\u0131 karar\u0131 ald\u0131\u011f\u0131n\u0131 duyurmu\u015ftu.<\/p>\n<p>\n\t&#8220;\u0130ran taraf\u0131ndan sald\u0131r\u0131ya u\u011frayan kom\u015fu \u00fclkelerden \u00f6z\u00fcr dilemeliyim.&#8221; ifadesini kullanan Peze\u015fkiyan, &#8220;Liderimiz, komutanlar\u0131m\u0131z ve \u00f6\u011frencilerimiz d\u00fc\u015fman\u0131n ac\u0131mas\u0131z sald\u0131r\u0131s\u0131 nedeniyle hayatlar\u0131n\u0131 kaybetti. Kom\u015fu \u00fclkelere sald\u0131rma niyetimiz yok. Onlar karde\u015flerimiz ve onlarla el ele verip bar\u0131\u015f ve huzur sa\u011flamaya \u00e7al\u0131\u015f\u0131yoruz.&#8221; demi\u015fti.<\/p>\n<\/div>\n<p>Kaynak : TRT HABER<\/p>\n","protected":false},"excerpt":{"rendered":"<p>\u0130ran Cumhurba\u015fkan\u0131 Peze\u015fkiyan, ABD merkezli X sosyal medya platformunda yay\u0131mlad\u0131\u011f\u0131 mesajda, m\u00fcttefik \u00fclkelere sald\u0131rmad\u0131klar\u0131n\u0131, ancak b\u00f6lgedeki&#46;&#46;&#46;<\/p>\n","protected":false},"author":4,"featured_media":173290,"comment_status":"closed","ping_status":"closed","sticky":false,"template":"","format":"standard","meta":{"footnotes":"","jetpack_publicize_message":"","jetpack_publicize_feature_enabled":true,"jetpack_social_post_already_shared":true,"jetpack_social_options":{"image_generator_settings":{"template":"highway","default_image_id":0,"font":"","enabled":false},"version":2}},"categories":[44],"tags":[],"manset":[],"class_list":["post-194168","post","type-post","status-publish","format-standard","has-post-thumbnail","hentry","category-dunya"],"yoast_head":"<!-- This site is optimized with the Yoast SEO plugin v27.5 - https:\/\/yoast.com\/product\/yoast-seo-wordpress\/ -->\n<title>B\u00f6lge \u00fclkelerden \u00f6z\u00fcr dileyen Peze\u015fkiyan: Sald\u0131r\u0131lara kar\u015f\u0131 savunma hakk\u0131m\u0131z ortadan kalkmaz - Ajans Cyprus<\/title>\n<meta name=\"robots\" content=\"index, follow, max-snippet:-1, max-image-preview:large, max-video-preview:-1\" \/>\n<link rel=\"canonical\" href=\"https:\/\/ajanscyprus.com\/2026\/03\/07\/bolge-ulkelerden-ozur-dileyen-pezeskiyan-saldirilara-karsi-savunma-hakkimiz-ortadan-kalkmaz\/\" \/>\n<meta property=\"og:locale\" content=\"tr_TR\" \/>\n<meta property=\"og:type\" content=\"article\" \/>\n<meta property=\"og:title\" content=\"B\u00f6lge \u00fclkelerden \u00f6z\u00fcr dileyen Peze\u015fkiyan: Sald\u0131r\u0131lara kar\u015f\u0131 savunma hakk\u0131m\u0131z ortadan kalkmaz - Ajans Cyprus\" \/>\n<meta property=\"og:description\" content=\"\u0130ran Cumhurba\u015fkan\u0131 Peze\u015fkiyan, ABD merkezli X sosyal medya platformunda yay\u0131mlad\u0131\u011f\u0131 mesajda, m\u00fcttefik \u00fclkelere sald\u0131rmad\u0131klar\u0131n\u0131, ancak b\u00f6lgedeki&#046;&#046;&#046;\" \/>\n<meta property=\"og:url\" content=\"https:\/\/ajanscyprus.com\/2026\/03\/07\/bolge-ulkelerden-ozur-dileyen-pezeskiyan-saldirilara-karsi-savunma-hakkimiz-ortadan-kalkmaz\/\" \/>\n<meta property=\"og:site_name\" content=\"Ajans Cyprus\" \/>\n<meta property=\"article:publisher\" content=\"https:\/\/www.facebook.com\/AjansCyprusAC\" \/>\n<meta property=\"article:published_time\" content=\"2026-03-07T14:53:15+00:00\" \/>\n<meta property=\"og:image\" content=\"https:\/\/ajanscyprus.com\/wp-content\/uploads\/2025\/06\/1750784479_pezeskiyan-a-2281787.jpg\" \/>\n\t<meta property=\"og:image:width\" content=\"1280\" \/>\n\t<meta property=\"og:image:height\" content=\"720\" \/>\n\t<meta property=\"og:image:type\" content=\"image\/jpeg\" \/>\n<meta name=\"author\" content=\"Ajans Cyprus\" \/>\n<meta name=\"twitter:card\" content=\"summary_large_image\" \/>\n<meta name=\"twitter:creator\" content=\"@AjansCyprus\" \/>\n<meta name=\"twitter:site\" content=\"@AjansCyprus\" \/>\n<meta name=\"twitter:label1\" content=\"Yazan:\" \/>\n\t<meta name=\"twitter:data1\" content=\"Ajans Cyprus\" \/>\n\t<meta name=\"twitter:label2\" content=\"Tahmini okuma s\u00fcresi\" \/>\n\t<meta name=\"twitter:data2\" content=\"2 dakika\" \/>\n<script type=\"application\/ld+json\" class=\"yoast-schema-graph\">{\"@context\":\"https:\\\/\\\/schema.org\",\"@graph\":[{\"@type\":\"Article\",\"@id\":\"https:\\\/\\\/ajanscyprus.com\\\/2026\\\/03\\\/07\\\/bolge-ulkelerden-ozur-dileyen-pezeskiyan-saldirilara-karsi-savunma-hakkimiz-ortadan-kalkmaz\\\/#article\",\"isPartOf\":{\"@id\":\"https:\\\/\\\/ajanscyprus.com\\\/2026\\\/03\\\/07\\\/bolge-ulkelerden-ozur-dileyen-pezeskiyan-saldirilara-karsi-savunma-hakkimiz-ortadan-kalkmaz\\\/\"},\"author\":{\"name\":\"Ajans Cyprus\",\"@id\":\"https:\\\/\\\/ajanscyprus.com\\\/#\\\/schema\\\/person\\\/7a2e842cab5d700268eb209092eb3937\"},\"headline\":\"B\u00f6lge \u00fclkelerden \u00f6z\u00fcr dileyen Peze\u015fkiyan: Sald\u0131r\u0131lara kar\u015f\u0131 savunma hakk\u0131m\u0131z ortadan kalkmaz\",\"datePublished\":\"2026-03-07T14:53:15+00:00\",\"mainEntityOfPage\":{\"@id\":\"https:\\\/\\\/ajanscyprus.com\\\/2026\\\/03\\\/07\\\/bolge-ulkelerden-ozur-dileyen-pezeskiyan-saldirilara-karsi-savunma-hakkimiz-ortadan-kalkmaz\\\/\"},\"wordCount\":324,\"publisher\":{\"@id\":\"https:\\\/\\\/ajanscyprus.com\\\/#organization\"},\"image\":{\"@id\":\"https:\\\/\\\/ajanscyprus.com\\\/2026\\\/03\\\/07\\\/bolge-ulkelerden-ozur-dileyen-pezeskiyan-saldirilara-karsi-savunma-hakkimiz-ortadan-kalkmaz\\\/#primaryimage\"},\"thumbnailUrl\":\"https:\\\/\\\/ajanscyprus.com\\\/wp-content\\\/uploads\\\/2025\\\/06\\\/1750784479_pezeskiyan-a-2281787.jpg\",\"articleSection\":[\"D\u00fcnya\"],\"inLanguage\":\"tr\"},{\"@type\":\"WebPage\",\"@id\":\"https:\\\/\\\/ajanscyprus.com\\\/2026\\\/03\\\/07\\\/bolge-ulkelerden-ozur-dileyen-pezeskiyan-saldirilara-karsi-savunma-hakkimiz-ortadan-kalkmaz\\\/\",\"url\":\"https:\\\/\\\/ajanscyprus.com\\\/2026\\\/03\\\/07\\\/bolge-ulkelerden-ozur-dileyen-pezeskiyan-saldirilara-karsi-savunma-hakkimiz-ortadan-kalkmaz\\\/\",\"name\":\"B\u00f6lge \u00fclkelerden \u00f6z\u00fcr dileyen Peze\u015fkiyan: Sald\u0131r\u0131lara kar\u015f\u0131 savunma hakk\u0131m\u0131z ortadan kalkmaz - Ajans Cyprus\",\"isPartOf\":{\"@id\":\"https:\\\/\\\/ajanscyprus.com\\\/#website\"},\"primaryImageOfPage\":{\"@id\":\"https:\\\/\\\/ajanscyprus.com\\\/2026\\\/03\\\/07\\\/bolge-ulkelerden-ozur-dileyen-pezeskiyan-saldirilara-karsi-savunma-hakkimiz-ortadan-kalkmaz\\\/#primaryimage\"},\"image\":{\"@id\":\"https:\\\/\\\/ajanscyprus.com\\\/2026\\\/03\\\/07\\\/bolge-ulkelerden-ozur-dileyen-pezeskiyan-saldirilara-karsi-savunma-hakkimiz-ortadan-kalkmaz\\\/#primaryimage\"},\"thumbnailUrl\":\"https:\\\/\\\/ajanscyprus.com\\\/wp-content\\\/uploads\\\/2025\\\/06\\\/1750784479_pezeskiyan-a-2281787.jpg\",\"datePublished\":\"2026-03-07T14:53:15+00:00\",\"breadcrumb\":{\"@id\":\"https:\\\/\\\/ajanscyprus.com\\\/2026\\\/03\\\/07\\\/bolge-ulkelerden-ozur-dileyen-pezeskiyan-saldirilara-karsi-savunma-hakkimiz-ortadan-kalkmaz\\\/#breadcrumb\"},\"inLanguage\":\"tr\",\"potentialAction\":[{\"@type\":\"ReadAction\",\"target\":[\"https:\\\/\\\/ajanscyprus.com\\\/2026\\\/03\\\/07\\\/bolge-ulkelerden-ozur-dileyen-pezeskiyan-saldirilara-karsi-savunma-hakkimiz-ortadan-kalkmaz\\\/\"]}]},{\"@type\":\"ImageObject\",\"inLanguage\":\"tr\",\"@id\":\"https:\\\/\\\/ajanscyprus.com\\\/2026\\\/03\\\/07\\\/bolge-ulkelerden-ozur-dileyen-pezeskiyan-saldirilara-karsi-savunma-hakkimiz-ortadan-kalkmaz\\\/#primaryimage\",\"url\":\"https:\\\/\\\/ajanscyprus.com\\\/wp-content\\\/uploads\\\/2025\\\/06\\\/1750784479_pezeskiyan-a-2281787.jpg\",\"contentUrl\":\"https:\\\/\\\/ajanscyprus.com\\\/wp-content\\\/uploads\\\/2025\\\/06\\\/1750784479_pezeskiyan-a-2281787.jpg\",\"width\":1280,\"height\":720},{\"@type\":\"BreadcrumbList\",\"@id\":\"https:\\\/\\\/ajanscyprus.com\\\/2026\\\/03\\\/07\\\/bolge-ulkelerden-ozur-dileyen-pezeskiyan-saldirilara-karsi-savunma-hakkimiz-ortadan-kalkmaz\\\/#breadcrumb\",\"itemListElement\":[{\"@type\":\"ListItem\",\"position\":1,\"name\":\"Anasayfa\",\"item\":\"https:\\\/\\\/ajanscyprus.com\\\/\"},{\"@type\":\"ListItem\",\"position\":2,\"name\":\"B\u00f6lge \u00fclkelerden \u00f6z\u00fcr dileyen Peze\u015fkiyan: Sald\u0131r\u0131lara kar\u015f\u0131 savunma hakk\u0131m\u0131z ortadan kalkmaz\"}]},{\"@type\":\"WebSite\",\"@id\":\"https:\\\/\\\/ajanscyprus.com\\\/#website\",\"url\":\"https:\\\/\\\/ajanscyprus.com\\\/\",\"name\":\"Ajans Cyprus\",\"description\":\"\",\"publisher\":{\"@id\":\"https:\\\/\\\/ajanscyprus.com\\\/#organization\"},\"potentialAction\":[{\"@type\":\"SearchAction\",\"target\":{\"@type\":\"EntryPoint\",\"urlTemplate\":\"https:\\\/\\\/ajanscyprus.com\\\/?s={search_term_string}\"},\"query-input\":{\"@type\":\"PropertyValueSpecification\",\"valueRequired\":true,\"valueName\":\"search_term_string\"}}],\"inLanguage\":\"tr\"},{\"@type\":\"Organization\",\"@id\":\"https:\\\/\\\/ajanscyprus.com\\\/#organization\",\"name\":\"Ajans Cyprus\",\"alternateName\":\"Ajans Mira Turan Cyprus Media And Production\",\"url\":\"https:\\\/\\\/ajanscyprus.com\\\/\",\"logo\":{\"@type\":\"ImageObject\",\"inLanguage\":\"tr\",\"@id\":\"https:\\\/\\\/ajanscyprus.com\\\/#\\\/schema\\\/logo\\\/image\\\/\",\"url\":\"https:\\\/\\\/ajanscyprus.com\\\/wp-content\\\/uploads\\\/2023\\\/02\\\/AjansCyprus-yuvarlak-logo-e1676491087198.png\",\"contentUrl\":\"https:\\\/\\\/ajanscyprus.com\\\/wp-content\\\/uploads\\\/2023\\\/02\\\/AjansCyprus-yuvarlak-logo-e1676491087198.png\",\"width\":200,\"height\":200,\"caption\":\"Ajans Cyprus\"},\"image\":{\"@id\":\"https:\\\/\\\/ajanscyprus.com\\\/#\\\/schema\\\/logo\\\/image\\\/\"},\"sameAs\":[\"https:\\\/\\\/www.facebook.com\\\/AjansCyprusAC\",\"https:\\\/\\\/x.com\\\/AjansCyprus\"]},{\"@type\":\"Person\",\"@id\":\"https:\\\/\\\/ajanscyprus.com\\\/#\\\/schema\\\/person\\\/7a2e842cab5d700268eb209092eb3937\",\"name\":\"Ajans Cyprus\",\"image\":{\"@type\":\"ImageObject\",\"inLanguage\":\"tr\",\"@id\":\"https:\\\/\\\/ajanscyprus.com\\\/wp-content\\\/uploads\\\/2025\\\/06\\\/ajans-cyprus_avatar-96x96.png\",\"url\":\"https:\\\/\\\/ajanscyprus.com\\\/wp-content\\\/uploads\\\/2025\\\/06\\\/ajans-cyprus_avatar-96x96.png\",\"contentUrl\":\"https:\\\/\\\/ajanscyprus.com\\\/wp-content\\\/uploads\\\/2025\\\/06\\\/ajans-cyprus_avatar-96x96.png\",\"caption\":\"Ajans Cyprus\"},\"sameAs\":[\"http:\\\/\\\/ajanscyprus.com\"],\"url\":\"https:\\\/\\\/ajanscyprus.com\\\/author\\\/admin2\\\/\"}]}<\/script>\n<!-- \/ Yoast SEO plugin. -->","yoast_head_json":{"title":"B\u00f6lge \u00fclkelerden \u00f6z\u00fcr dileyen Peze\u015fkiyan: Sald\u0131r\u0131lara kar\u015f\u0131 savunma hakk\u0131m\u0131z ortadan kalkmaz - Ajans Cyprus","robots":{"index":"index","follow":"follow","max-snippet":"max-snippet:-1","max-image-preview":"max-image-preview:large","max-video-preview":"max-video-preview:-1"},"canonical":"https:\/\/ajanscyprus.com\/2026\/03\/07\/bolge-ulkelerden-ozur-dileyen-pezeskiyan-saldirilara-karsi-savunma-hakkimiz-ortadan-kalkmaz\/","og_locale":"tr_TR","og_type":"article","og_title":"B\u00f6lge \u00fclkelerden \u00f6z\u00fcr dileyen Peze\u015fkiyan: Sald\u0131r\u0131lara kar\u015f\u0131 savunma hakk\u0131m\u0131z ortadan kalkmaz - Ajans Cyprus","og_description":"\u0130ran Cumhurba\u015fkan\u0131 Peze\u015fkiyan, ABD merkezli X sosyal medya platformunda yay\u0131mlad\u0131\u011f\u0131 mesajda, m\u00fcttefik \u00fclkelere sald\u0131rmad\u0131klar\u0131n\u0131, ancak b\u00f6lgedeki&#46;&#46;&#46;","og_url":"https:\/\/ajanscyprus.com\/2026\/03\/07\/bolge-ulkelerden-ozur-dileyen-pezeskiyan-saldirilara-karsi-savunma-hakkimiz-ortadan-kalkmaz\/","og_site_name":"Ajans Cyprus","article_publisher":"https:\/\/www.facebook.com\/AjansCyprusAC","article_published_time":"2026-03-07T14:53:15+00:00","og_image":[{"width":1280,"height":720,"url":"https:\/\/ajanscyprus.com\/wp-content\/uploads\/2025\/06\/1750784479_pezeskiyan-a-2281787.jpg","type":"image\/jpeg"}],"author":"Ajans Cyprus","twitter_card":"summary_large_image","twitter_creator":"@AjansCyprus","twitter_site":"@AjansCyprus","twitter_misc":{"Yazan:":"Ajans Cyprus","Tahmini okuma s\u00fcresi":"2 dakika"},"schema":{"@context":"https:\/\/schema.org","@graph":[{"@type":"Article","@id":"https:\/\/ajanscyprus.com\/2026\/03\/07\/bolge-ulkelerden-ozur-dileyen-pezeskiyan-saldirilara-karsi-savunma-hakkimiz-ortadan-kalkmaz\/#article","isPartOf":{"@id":"https:\/\/ajanscyprus.com\/2026\/03\/07\/bolge-ulkelerden-ozur-dileyen-pezeskiyan-saldirilara-karsi-savunma-hakkimiz-ortadan-kalkmaz\/"},"author":{"name":"Ajans Cyprus","@id":"https:\/\/ajanscyprus.com\/#\/schema\/person\/7a2e842cab5d700268eb209092eb3937"},"headline":"B\u00f6lge \u00fclkelerden \u00f6z\u00fcr dileyen Peze\u015fkiyan: Sald\u0131r\u0131lara kar\u015f\u0131 savunma hakk\u0131m\u0131z ortadan kalkmaz","datePublished":"2026-03-07T14:53:15+00:00","mainEntityOfPage":{"@id":"https:\/\/ajanscyprus.com\/2026\/03\/07\/bolge-ulkelerden-ozur-dileyen-pezeskiyan-saldirilara-karsi-savunma-hakkimiz-ortadan-kalkmaz\/"},"wordCount":324,"publisher":{"@id":"https:\/\/ajanscyprus.com\/#organization"},"image":{"@id":"https:\/\/ajanscyprus.com\/2026\/03\/07\/bolge-ulkelerden-ozur-dileyen-pezeskiyan-saldirilara-karsi-savunma-hakkimiz-ortadan-kalkmaz\/#primaryimage"},"thumbnailUrl":"https:\/\/ajanscyprus.com\/wp-content\/uploads\/2025\/06\/1750784479_pezeskiyan-a-2281787.jpg","articleSection":["D\u00fcnya"],"inLanguage":"tr"},{"@type":"WebPage","@id":"https:\/\/ajanscyprus.com\/2026\/03\/07\/bolge-ulkelerden-ozur-dileyen-pezeskiyan-saldirilara-karsi-savunma-hakkimiz-ortadan-kalkmaz\/","url":"https:\/\/ajanscyprus.com\/2026\/03\/07\/bolge-ulkelerden-ozur-dileyen-pezeskiyan-saldirilara-karsi-savunma-hakkimiz-ortadan-kalkmaz\/","name":"B\u00f6lge \u00fclkelerden \u00f6z\u00fcr dileyen Peze\u015fkiyan: Sald\u0131r\u0131lara kar\u015f\u0131 savunma hakk\u0131m\u0131z ortadan kalkmaz - Ajans Cyprus","isPartOf":{"@id":"https:\/\/ajanscyprus.com\/#website"},"primaryImageOfPage":{"@id":"https:\/\/ajanscyprus.com\/2026\/03\/07\/bolge-ulkelerden-ozur-dileyen-pezeskiyan-saldirilara-karsi-savunma-hakkimiz-ortadan-kalkmaz\/#primaryimage"},"image":{"@id":"https:\/\/ajanscyprus.com\/2026\/03\/07\/bolge-ulkelerden-ozur-dileyen-pezeskiyan-saldirilara-karsi-savunma-hakkimiz-ortadan-kalkmaz\/#primaryimage"},"thumbnailUrl":"https:\/\/ajanscyprus.com\/wp-content\/uploads\/2025\/06\/1750784479_pezeskiyan-a-2281787.jpg","datePublished":"2026-03-07T14:53:15+00:00","breadcrumb":{"@id":"https:\/\/ajanscyprus.com\/2026\/03\/07\/bolge-ulkelerden-ozur-dileyen-pezeskiyan-saldirilara-karsi-savunma-hakkimiz-ortadan-kalkmaz\/#breadcrumb"},"inLanguage":"tr","potentialAction":[{"@type":"ReadAction","target":["https:\/\/ajanscyprus.com\/2026\/03\/07\/bolge-ulkelerden-ozur-dileyen-pezeskiyan-saldirilara-karsi-savunma-hakkimiz-ortadan-kalkmaz\/"]}]},{"@type":"ImageObject","inLanguage":"tr","@id":"https:\/\/ajanscyprus.com\/2026\/03\/07\/bolge-ulkelerden-ozur-dileyen-pezeskiyan-saldirilara-karsi-savunma-hakkimiz-ortadan-kalkmaz\/#primaryimage","url":"https:\/\/ajanscyprus.com\/wp-content\/uploads\/2025\/06\/1750784479_pezeskiyan-a-2281787.jpg","contentUrl":"https:\/\/ajanscyprus.com\/wp-content\/uploads\/2025\/06\/1750784479_pezeskiyan-a-2281787.jpg","width":1280,"height":720},{"@type":"BreadcrumbList","@id":"https:\/\/ajanscyprus.com\/2026\/03\/07\/bolge-ulkelerden-ozur-dileyen-pezeskiyan-saldirilara-karsi-savunma-hakkimiz-ortadan-kalkmaz\/#breadcrumb","itemListElement":[{"@type":"ListItem","position":1,"name":"Anasayfa","item":"https:\/\/ajanscyprus.com\/"},{"@type":"ListItem","position":2,"name":"B\u00f6lge \u00fclkelerden \u00f6z\u00fcr dileyen Peze\u015fkiyan: Sald\u0131r\u0131lara kar\u015f\u0131 savunma hakk\u0131m\u0131z ortadan kalkmaz"}]},{"@type":"WebSite","@id":"https:\/\/ajanscyprus.com\/#website","url":"https:\/\/ajanscyprus.com\/","name":"Ajans Cyprus","description":"","publisher":{"@id":"https:\/\/ajanscyprus.com\/#organization"},"potentialAction":[{"@type":"SearchAction","target":{"@type":"EntryPoint","urlTemplate":"https:\/\/ajanscyprus.com\/?s={search_term_string}"},"query-input":{"@type":"PropertyValueSpecification","valueRequired":true,"valueName":"search_term_string"}}],"inLanguage":"tr"},{"@type":"Organization","@id":"https:\/\/ajanscyprus.com\/#organization","name":"Ajans Cyprus","alternateName":"Ajans Mira Turan Cyprus Media And Production","url":"https:\/\/ajanscyprus.com\/","logo":{"@type":"ImageObject","inLanguage":"tr","@id":"https:\/\/ajanscyprus.com\/#\/schema\/logo\/image\/","url":"https:\/\/ajanscyprus.com\/wp-content\/uploads\/2023\/02\/AjansCyprus-yuvarlak-logo-e1676491087198.png","contentUrl":"https:\/\/ajanscyprus.com\/wp-content\/uploads\/2023\/02\/AjansCyprus-yuvarlak-logo-e1676491087198.png","width":200,"height":200,"caption":"Ajans Cyprus"},"image":{"@id":"https:\/\/ajanscyprus.com\/#\/schema\/logo\/image\/"},"sameAs":["https:\/\/www.facebook.com\/AjansCyprusAC","https:\/\/x.com\/AjansCyprus"]},{"@type":"Person","@id":"https:\/\/ajanscyprus.com\/#\/schema\/person\/7a2e842cab5d700268eb209092eb3937","name":"Ajans Cyprus","image":{"@type":"ImageObject","inLanguage":"tr","@id":"https:\/\/ajanscyprus.com\/wp-content\/uploads\/2025\/06\/ajans-cyprus_avatar-96x96.png","url":"https:\/\/ajanscyprus.com\/wp-content\/uploads\/2025\/06\/ajans-cyprus_avatar-96x96.png","contentUrl":"https:\/\/ajanscyprus.com\/wp-content\/uploads\/2025\/06\/ajans-cyprus_avatar-96x96.png","caption":"Ajans Cyprus"},"sameAs":["http:\/\/ajanscyprus.com"],"url":"https:\/\/ajanscyprus.com\/author\/admin2\/"}]}},"jetpack_publicize_connections":[],"_links":{"self":[{"href":"https:\/\/ajanscyprus.com\/wp-json\/wp\/v2\/posts\/194168","targetHints":{"allow":["GET"]}}],"collection":[{"href":"https:\/\/ajanscyprus.com\/wp-json\/wp\/v2\/posts"}],"about":[{"href":"https:\/\/ajanscyprus.com\/wp-json\/wp\/v2\/types\/post"}],"author":[{"embeddable":true,"href":"https:\/\/ajanscyprus.com\/wp-json\/wp\/v2\/users\/4"}],"replies":[{"embeddable":true,"href":"https:\/\/ajanscyprus.com\/wp-json\/wp\/v2\/comments?post=194168"}],"version-history":[{"count":0,"href":"https:\/\/ajanscyprus.com\/wp-json\/wp\/v2\/posts\/194168\/revisions"}],"wp:featuredmedia":[{"embeddable":true,"href":"https:\/\/ajanscyprus.com\/wp-json\/wp\/v2\/media\/173290"}],"wp:attachment":[{"href":"https:\/\/ajanscyprus.com\/wp-json\/wp\/v2\/media?parent=194168"}],"wp:term":[{"taxonomy":"category","embeddable":true,"href":"https:\/\/ajanscyprus.com\/wp-json\/wp\/v2\/categories?post=194168"},{"taxonomy":"post_tag","embeddable":true,"href":"https:\/\/ajanscyprus.com\/wp-json\/wp\/v2\/tags?post=194168"},{"taxonomy":"manset","embeddable":true,"href":"https:\/\/ajanscyprus.com\/wp-json\/wp\/v2\/manset?post=194168"}],"curies":[{"name":"wp","href":"https:\/\/api.w.org\/{rel}","templated":true}]}}