{"id":194205,"date":"2026-03-08T06:52:13","date_gmt":"2026-03-08T03:52:13","guid":{"rendered":"https:\/\/ajanscyprus.com\/index.php\/2026\/03\/08\/norvecte-abd-buyukelciliginde-patlama-son-dakika-haberleri\/"},"modified":"2026-03-08T06:52:13","modified_gmt":"2026-03-08T03:52:13","slug":"norvecte-abd-buyukelciliginde-patlama-son-dakika-haberleri","status":"publish","type":"post","link":"https:\/\/ajanscyprus.com\/2026\/03\/08\/norvecte-abd-buyukelciliginde-patlama-son-dakika-haberleri\/","title":{"rendered":"Norve\u00e7&#8217;te ABD B\u00fcy\u00fckel\u00e7ili\u011fi&#8217;nde patlama &#8211; Son Dakika Haberleri"},"content":{"rendered":"<p><\/p>\n<div>\n<p>\n\tNorve\u00e7 bas\u0131n\u0131na g\u00f6re polis, yerel saatle gece yar\u0131s\u0131 01.00 civar\u0131nda ABD B\u00fcy\u00fckel\u00e7ili\u011fi&#8217;nde patlama meydana geldi\u011fini ve hen\u00fcz \u00f6l\u00fc veya yaral\u0131 bilgisi almad\u0131klar\u0131n\u0131 duyurdu.<\/p>\n<p>\n\tPolis S\u00f6zc\u00fcs\u00fc Mikael Dellemyr, kamu yay\u0131nc\u0131s\u0131 NRK&#8217;ye yapt\u0131\u011f\u0131 a\u00e7\u0131klamada, patlaman\u0131n b\u00fcy\u00fckel\u00e7ili\u011fin konsolosluk b\u00f6l\u00fcm\u00fcnde meydana geldi\u011fini ve k\u00fc\u00e7\u00fck \u00e7apl\u0131 hasara yol a\u00e7t\u0131\u011f\u0131n\u0131 belirtti.<\/p>\n<p>\n\tG\u00f6rg\u00fc tan\u0131klar\u0131 da patlaman\u0131n ard\u0131ndan binadan dumanlar\u0131n y\u00fckseldi\u011fini s\u00f6yledi.<\/p><div class=\"kanews-banner kanews-banner-single\"><img loading=\"lazy\" decoding=\"async\" src=\"https:\/\/ajanscyprus.com\/wp-content\/uploads\/2026\/04\/meRIT-bANNER.jpeg\" alt=\"\" width=\"970\" height=\"90\" class=\"alignnone size-full wp-image-62349\" \/><\/div>\n<p>\n\tPolisin b\u00fcy\u00fckel\u00e7ilikle temasta oldu\u011fu fakat patlaman\u0131n sebebine ili\u015fkin hen\u00fcz bir bilgi payla\u015f\u0131lmad\u0131\u011f\u0131 kaydedildi.<\/p>\n<\/div>\n<p>Kaynak : TRT HABER<\/p>\n","protected":false},"excerpt":{"rendered":"<p>Norve\u00e7 bas\u0131n\u0131na g\u00f6re polis, yerel saatle gece yar\u0131s\u0131 01.00 civar\u0131nda ABD B\u00fcy\u00fckel\u00e7ili\u011fi&#8217;nde patlama meydana geldi\u011fini ve&#46;&#46;&#46;<\/p>\n","protected":false},"author":4,"featured_media":194206,"comment_status":"closed","ping_status":"closed","sticky":false,"template":"","format":"standard","meta":{"footnotes":"","jetpack_publicize_message":"","jetpack_publicize_feature_enabled":true,"jetpack_social_post_already_shared":true,"jetpack_social_options":{"image_generator_settings":{"template":"highway","default_image_id":0,"font":"","enabled":false},"version":2}},"categories":[44],"tags":[],"manset":[],"class_list":["post-194205","post","type-post","status-publish","format-standard","has-post-thumbnail","hentry","category-dunya"],"yoast_head":"<!-- This site is optimized with the Yoast SEO plugin v27.4 - https:\/\/yoast.com\/product\/yoast-seo-wordpress\/ -->\n<title>Norve\u00e7&#039;te ABD B\u00fcy\u00fckel\u00e7ili\u011fi&#039;nde patlama - Son Dakika Haberleri - Ajans Cyprus<\/title>\n<meta name=\"robots\" content=\"index, follow, max-snippet:-1, max-image-preview:large, max-video-preview:-1\" \/>\n<link rel=\"canonical\" href=\"https:\/\/ajanscyprus.com\/2026\/03\/08\/norvecte-abd-buyukelciliginde-patlama-son-dakika-haberleri\/\" \/>\n<meta property=\"og:locale\" content=\"tr_TR\" \/>\n<meta property=\"og:type\" content=\"article\" \/>\n<meta property=\"og:title\" content=\"Norve\u00e7&#039;te ABD B\u00fcy\u00fckel\u00e7ili\u011fi&#039;nde patlama - Son Dakika Haberleri - Ajans Cyprus\" \/>\n<meta property=\"og:description\" content=\"Norve\u00e7 bas\u0131n\u0131na g\u00f6re polis, yerel saatle gece yar\u0131s\u0131 01.00 civar\u0131nda ABD B\u00fcy\u00fckel\u00e7ili\u011fi&#8217;nde patlama meydana geldi\u011fini ve&#046;&#046;&#046;\" \/>\n<meta property=\"og:url\" content=\"https:\/\/ajanscyprus.com\/2026\/03\/08\/norvecte-abd-buyukelciliginde-patlama-son-dakika-haberleri\/\" \/>\n<meta property=\"og:site_name\" content=\"Ajans Cyprus\" \/>\n<meta property=\"article:publisher\" content=\"https:\/\/www.facebook.com\/AjansCyprusAC\" \/>\n<meta property=\"article:published_time\" content=\"2026-03-08T03:52:13+00:00\" \/>\n<meta property=\"og:image\" content=\"https:\/\/ajanscyprus.com\/wp-content\/uploads\/2026\/03\/norvec-abd-buyukelciligi-iha-2444658.jpg\" \/>\n\t<meta property=\"og:image:width\" content=\"1280\" \/>\n\t<meta property=\"og:image:height\" content=\"720\" \/>\n\t<meta property=\"og:image:type\" content=\"image\/jpeg\" \/>\n<meta name=\"author\" content=\"Ajans Cyprus\" \/>\n<meta name=\"twitter:card\" content=\"summary_large_image\" \/>\n<meta name=\"twitter:creator\" content=\"@AjansCyprus\" \/>\n<meta name=\"twitter:site\" content=\"@AjansCyprus\" \/>\n<meta name=\"twitter:label1\" content=\"Yazan:\" \/>\n\t<meta name=\"twitter:data1\" content=\"Ajans Cyprus\" \/>\n\t<meta name=\"twitter:label2\" content=\"Tahmini okuma s\u00fcresi\" \/>\n\t<meta name=\"twitter:data2\" content=\"1 dakika\" \/>\n<script type=\"application\/ld+json\" class=\"yoast-schema-graph\">{\"@context\":\"https:\\\/\\\/schema.org\",\"@graph\":[{\"@type\":\"Article\",\"@id\":\"https:\\\/\\\/ajanscyprus.com\\\/2026\\\/03\\\/08\\\/norvecte-abd-buyukelciliginde-patlama-son-dakika-haberleri\\\/#article\",\"isPartOf\":{\"@id\":\"https:\\\/\\\/ajanscyprus.com\\\/2026\\\/03\\\/08\\\/norvecte-abd-buyukelciliginde-patlama-son-dakika-haberleri\\\/\"},\"author\":{\"name\":\"Ajans Cyprus\",\"@id\":\"https:\\\/\\\/ajanscyprus.com\\\/#\\\/schema\\\/person\\\/7a2e842cab5d700268eb209092eb3937\"},\"headline\":\"Norve\u00e7&#8217;te ABD B\u00fcy\u00fckel\u00e7ili\u011fi&#8217;nde patlama &#8211; Son Dakika Haberleri\",\"datePublished\":\"2026-03-08T03:52:13+00:00\",\"mainEntityOfPage\":{\"@id\":\"https:\\\/\\\/ajanscyprus.com\\\/2026\\\/03\\\/08\\\/norvecte-abd-buyukelciliginde-patlama-son-dakika-haberleri\\\/\"},\"wordCount\":131,\"publisher\":{\"@id\":\"https:\\\/\\\/ajanscyprus.com\\\/#organization\"},\"image\":{\"@id\":\"https:\\\/\\\/ajanscyprus.com\\\/2026\\\/03\\\/08\\\/norvecte-abd-buyukelciliginde-patlama-son-dakika-haberleri\\\/#primaryimage\"},\"thumbnailUrl\":\"https:\\\/\\\/ajanscyprus.com\\\/wp-content\\\/uploads\\\/2026\\\/03\\\/norvec-abd-buyukelciligi-iha-2444658.jpg\",\"articleSection\":[\"D\u00fcnya\"],\"inLanguage\":\"tr\"},{\"@type\":\"WebPage\",\"@id\":\"https:\\\/\\\/ajanscyprus.com\\\/2026\\\/03\\\/08\\\/norvecte-abd-buyukelciliginde-patlama-son-dakika-haberleri\\\/\",\"url\":\"https:\\\/\\\/ajanscyprus.com\\\/2026\\\/03\\\/08\\\/norvecte-abd-buyukelciliginde-patlama-son-dakika-haberleri\\\/\",\"name\":\"Norve\u00e7'te ABD B\u00fcy\u00fckel\u00e7ili\u011fi'nde patlama - Son Dakika Haberleri - Ajans Cyprus\",\"isPartOf\":{\"@id\":\"https:\\\/\\\/ajanscyprus.com\\\/#website\"},\"primaryImageOfPage\":{\"@id\":\"https:\\\/\\\/ajanscyprus.com\\\/2026\\\/03\\\/08\\\/norvecte-abd-buyukelciliginde-patlama-son-dakika-haberleri\\\/#primaryimage\"},\"image\":{\"@id\":\"https:\\\/\\\/ajanscyprus.com\\\/2026\\\/03\\\/08\\\/norvecte-abd-buyukelciliginde-patlama-son-dakika-haberleri\\\/#primaryimage\"},\"thumbnailUrl\":\"https:\\\/\\\/ajanscyprus.com\\\/wp-content\\\/uploads\\\/2026\\\/03\\\/norvec-abd-buyukelciligi-iha-2444658.jpg\",\"datePublished\":\"2026-03-08T03:52:13+00:00\",\"breadcrumb\":{\"@id\":\"https:\\\/\\\/ajanscyprus.com\\\/2026\\\/03\\\/08\\\/norvecte-abd-buyukelciliginde-patlama-son-dakika-haberleri\\\/#breadcrumb\"},\"inLanguage\":\"tr\",\"potentialAction\":[{\"@type\":\"ReadAction\",\"target\":[\"https:\\\/\\\/ajanscyprus.com\\\/2026\\\/03\\\/08\\\/norvecte-abd-buyukelciliginde-patlama-son-dakika-haberleri\\\/\"]}]},{\"@type\":\"ImageObject\",\"inLanguage\":\"tr\",\"@id\":\"https:\\\/\\\/ajanscyprus.com\\\/2026\\\/03\\\/08\\\/norvecte-abd-buyukelciliginde-patlama-son-dakika-haberleri\\\/#primaryimage\",\"url\":\"https:\\\/\\\/ajanscyprus.com\\\/wp-content\\\/uploads\\\/2026\\\/03\\\/norvec-abd-buyukelciligi-iha-2444658.jpg\",\"contentUrl\":\"https:\\\/\\\/ajanscyprus.com\\\/wp-content\\\/uploads\\\/2026\\\/03\\\/norvec-abd-buyukelciligi-iha-2444658.jpg\",\"width\":1280,\"height\":720},{\"@type\":\"BreadcrumbList\",\"@id\":\"https:\\\/\\\/ajanscyprus.com\\\/2026\\\/03\\\/08\\\/norvecte-abd-buyukelciliginde-patlama-son-dakika-haberleri\\\/#breadcrumb\",\"itemListElement\":[{\"@type\":\"ListItem\",\"position\":1,\"name\":\"Anasayfa\",\"item\":\"https:\\\/\\\/ajanscyprus.com\\\/\"},{\"@type\":\"ListItem\",\"position\":2,\"name\":\"Norve\u00e7&#8217;te ABD B\u00fcy\u00fckel\u00e7ili\u011fi&#8217;nde patlama &#8211; Son Dakika Haberleri\"}]},{\"@type\":\"WebSite\",\"@id\":\"https:\\\/\\\/ajanscyprus.com\\\/#website\",\"url\":\"https:\\\/\\\/ajanscyprus.com\\\/\",\"name\":\"Ajans Cyprus\",\"description\":\"\",\"publisher\":{\"@id\":\"https:\\\/\\\/ajanscyprus.com\\\/#organization\"},\"potentialAction\":[{\"@type\":\"SearchAction\",\"target\":{\"@type\":\"EntryPoint\",\"urlTemplate\":\"https:\\\/\\\/ajanscyprus.com\\\/?s={search_term_string}\"},\"query-input\":{\"@type\":\"PropertyValueSpecification\",\"valueRequired\":true,\"valueName\":\"search_term_string\"}}],\"inLanguage\":\"tr\"},{\"@type\":\"Organization\",\"@id\":\"https:\\\/\\\/ajanscyprus.com\\\/#organization\",\"name\":\"Ajans Cyprus\",\"alternateName\":\"Ajans Mira Turan Cyprus Media And Production\",\"url\":\"https:\\\/\\\/ajanscyprus.com\\\/\",\"logo\":{\"@type\":\"ImageObject\",\"inLanguage\":\"tr\",\"@id\":\"https:\\\/\\\/ajanscyprus.com\\\/#\\\/schema\\\/logo\\\/image\\\/\",\"url\":\"https:\\\/\\\/ajanscyprus.com\\\/wp-content\\\/uploads\\\/2023\\\/02\\\/AjansCyprus-yuvarlak-logo-e1676491087198.png\",\"contentUrl\":\"https:\\\/\\\/ajanscyprus.com\\\/wp-content\\\/uploads\\\/2023\\\/02\\\/AjansCyprus-yuvarlak-logo-e1676491087198.png\",\"width\":200,\"height\":200,\"caption\":\"Ajans Cyprus\"},\"image\":{\"@id\":\"https:\\\/\\\/ajanscyprus.com\\\/#\\\/schema\\\/logo\\\/image\\\/\"},\"sameAs\":[\"https:\\\/\\\/www.facebook.com\\\/AjansCyprusAC\",\"https:\\\/\\\/x.com\\\/AjansCyprus\"]},{\"@type\":\"Person\",\"@id\":\"https:\\\/\\\/ajanscyprus.com\\\/#\\\/schema\\\/person\\\/7a2e842cab5d700268eb209092eb3937\",\"name\":\"Ajans Cyprus\",\"image\":{\"@type\":\"ImageObject\",\"inLanguage\":\"tr\",\"@id\":\"https:\\\/\\\/ajanscyprus.com\\\/wp-content\\\/uploads\\\/2025\\\/06\\\/ajans-cyprus_avatar-96x96.png\",\"url\":\"https:\\\/\\\/ajanscyprus.com\\\/wp-content\\\/uploads\\\/2025\\\/06\\\/ajans-cyprus_avatar-96x96.png\",\"contentUrl\":\"https:\\\/\\\/ajanscyprus.com\\\/wp-content\\\/uploads\\\/2025\\\/06\\\/ajans-cyprus_avatar-96x96.png\",\"caption\":\"Ajans Cyprus\"},\"sameAs\":[\"http:\\\/\\\/ajanscyprus.com\"],\"url\":\"https:\\\/\\\/ajanscyprus.com\\\/author\\\/admin2\\\/\"}]}<\/script>\n<!-- \/ Yoast SEO plugin. -->","yoast_head_json":{"title":"Norve\u00e7'te ABD B\u00fcy\u00fckel\u00e7ili\u011fi'nde patlama - Son Dakika Haberleri - Ajans Cyprus","robots":{"index":"index","follow":"follow","max-snippet":"max-snippet:-1","max-image-preview":"max-image-preview:large","max-video-preview":"max-video-preview:-1"},"canonical":"https:\/\/ajanscyprus.com\/2026\/03\/08\/norvecte-abd-buyukelciliginde-patlama-son-dakika-haberleri\/","og_locale":"tr_TR","og_type":"article","og_title":"Norve\u00e7'te ABD B\u00fcy\u00fckel\u00e7ili\u011fi'nde patlama - Son Dakika Haberleri - Ajans Cyprus","og_description":"Norve\u00e7 bas\u0131n\u0131na g\u00f6re polis, yerel saatle gece yar\u0131s\u0131 01.00 civar\u0131nda ABD B\u00fcy\u00fckel\u00e7ili\u011fi&#8217;nde patlama meydana geldi\u011fini ve&#46;&#46;&#46;","og_url":"https:\/\/ajanscyprus.com\/2026\/03\/08\/norvecte-abd-buyukelciliginde-patlama-son-dakika-haberleri\/","og_site_name":"Ajans Cyprus","article_publisher":"https:\/\/www.facebook.com\/AjansCyprusAC","article_published_time":"2026-03-08T03:52:13+00:00","og_image":[{"width":1280,"height":720,"url":"https:\/\/ajanscyprus.com\/wp-content\/uploads\/2026\/03\/norvec-abd-buyukelciligi-iha-2444658.jpg","type":"image\/jpeg"}],"author":"Ajans Cyprus","twitter_card":"summary_large_image","twitter_creator":"@AjansCyprus","twitter_site":"@AjansCyprus","twitter_misc":{"Yazan:":"Ajans Cyprus","Tahmini okuma s\u00fcresi":"1 dakika"},"schema":{"@context":"https:\/\/schema.org","@graph":[{"@type":"Article","@id":"https:\/\/ajanscyprus.com\/2026\/03\/08\/norvecte-abd-buyukelciliginde-patlama-son-dakika-haberleri\/#article","isPartOf":{"@id":"https:\/\/ajanscyprus.com\/2026\/03\/08\/norvecte-abd-buyukelciliginde-patlama-son-dakika-haberleri\/"},"author":{"name":"Ajans Cyprus","@id":"https:\/\/ajanscyprus.com\/#\/schema\/person\/7a2e842cab5d700268eb209092eb3937"},"headline":"Norve\u00e7&#8217;te ABD B\u00fcy\u00fckel\u00e7ili\u011fi&#8217;nde patlama &#8211; Son Dakika Haberleri","datePublished":"2026-03-08T03:52:13+00:00","mainEntityOfPage":{"@id":"https:\/\/ajanscyprus.com\/2026\/03\/08\/norvecte-abd-buyukelciliginde-patlama-son-dakika-haberleri\/"},"wordCount":131,"publisher":{"@id":"https:\/\/ajanscyprus.com\/#organization"},"image":{"@id":"https:\/\/ajanscyprus.com\/2026\/03\/08\/norvecte-abd-buyukelciliginde-patlama-son-dakika-haberleri\/#primaryimage"},"thumbnailUrl":"https:\/\/ajanscyprus.com\/wp-content\/uploads\/2026\/03\/norvec-abd-buyukelciligi-iha-2444658.jpg","articleSection":["D\u00fcnya"],"inLanguage":"tr"},{"@type":"WebPage","@id":"https:\/\/ajanscyprus.com\/2026\/03\/08\/norvecte-abd-buyukelciliginde-patlama-son-dakika-haberleri\/","url":"https:\/\/ajanscyprus.com\/2026\/03\/08\/norvecte-abd-buyukelciliginde-patlama-son-dakika-haberleri\/","name":"Norve\u00e7'te ABD B\u00fcy\u00fckel\u00e7ili\u011fi'nde patlama - Son Dakika Haberleri - Ajans Cyprus","isPartOf":{"@id":"https:\/\/ajanscyprus.com\/#website"},"primaryImageOfPage":{"@id":"https:\/\/ajanscyprus.com\/2026\/03\/08\/norvecte-abd-buyukelciliginde-patlama-son-dakika-haberleri\/#primaryimage"},"image":{"@id":"https:\/\/ajanscyprus.com\/2026\/03\/08\/norvecte-abd-buyukelciliginde-patlama-son-dakika-haberleri\/#primaryimage"},"thumbnailUrl":"https:\/\/ajanscyprus.com\/wp-content\/uploads\/2026\/03\/norvec-abd-buyukelciligi-iha-2444658.jpg","datePublished":"2026-03-08T03:52:13+00:00","breadcrumb":{"@id":"https:\/\/ajanscyprus.com\/2026\/03\/08\/norvecte-abd-buyukelciliginde-patlama-son-dakika-haberleri\/#breadcrumb"},"inLanguage":"tr","potentialAction":[{"@type":"ReadAction","target":["https:\/\/ajanscyprus.com\/2026\/03\/08\/norvecte-abd-buyukelciliginde-patlama-son-dakika-haberleri\/"]}]},{"@type":"ImageObject","inLanguage":"tr","@id":"https:\/\/ajanscyprus.com\/2026\/03\/08\/norvecte-abd-buyukelciliginde-patlama-son-dakika-haberleri\/#primaryimage","url":"https:\/\/ajanscyprus.com\/wp-content\/uploads\/2026\/03\/norvec-abd-buyukelciligi-iha-2444658.jpg","contentUrl":"https:\/\/ajanscyprus.com\/wp-content\/uploads\/2026\/03\/norvec-abd-buyukelciligi-iha-2444658.jpg","width":1280,"height":720},{"@type":"BreadcrumbList","@id":"https:\/\/ajanscyprus.com\/2026\/03\/08\/norvecte-abd-buyukelciliginde-patlama-son-dakika-haberleri\/#breadcrumb","itemListElement":[{"@type":"ListItem","position":1,"name":"Anasayfa","item":"https:\/\/ajanscyprus.com\/"},{"@type":"ListItem","position":2,"name":"Norve\u00e7&#8217;te ABD B\u00fcy\u00fckel\u00e7ili\u011fi&#8217;nde patlama &#8211; Son Dakika Haberleri"}]},{"@type":"WebSite","@id":"https:\/\/ajanscyprus.com\/#website","url":"https:\/\/ajanscyprus.com\/","name":"Ajans Cyprus","description":"","publisher":{"@id":"https:\/\/ajanscyprus.com\/#organization"},"potentialAction":[{"@type":"SearchAction","target":{"@type":"EntryPoint","urlTemplate":"https:\/\/ajanscyprus.com\/?s={search_term_string}"},"query-input":{"@type":"PropertyValueSpecification","valueRequired":true,"valueName":"search_term_string"}}],"inLanguage":"tr"},{"@type":"Organization","@id":"https:\/\/ajanscyprus.com\/#organization","name":"Ajans Cyprus","alternateName":"Ajans Mira Turan Cyprus Media And Production","url":"https:\/\/ajanscyprus.com\/","logo":{"@type":"ImageObject","inLanguage":"tr","@id":"https:\/\/ajanscyprus.com\/#\/schema\/logo\/image\/","url":"https:\/\/ajanscyprus.com\/wp-content\/uploads\/2023\/02\/AjansCyprus-yuvarlak-logo-e1676491087198.png","contentUrl":"https:\/\/ajanscyprus.com\/wp-content\/uploads\/2023\/02\/AjansCyprus-yuvarlak-logo-e1676491087198.png","width":200,"height":200,"caption":"Ajans Cyprus"},"image":{"@id":"https:\/\/ajanscyprus.com\/#\/schema\/logo\/image\/"},"sameAs":["https:\/\/www.facebook.com\/AjansCyprusAC","https:\/\/x.com\/AjansCyprus"]},{"@type":"Person","@id":"https:\/\/ajanscyprus.com\/#\/schema\/person\/7a2e842cab5d700268eb209092eb3937","name":"Ajans Cyprus","image":{"@type":"ImageObject","inLanguage":"tr","@id":"https:\/\/ajanscyprus.com\/wp-content\/uploads\/2025\/06\/ajans-cyprus_avatar-96x96.png","url":"https:\/\/ajanscyprus.com\/wp-content\/uploads\/2025\/06\/ajans-cyprus_avatar-96x96.png","contentUrl":"https:\/\/ajanscyprus.com\/wp-content\/uploads\/2025\/06\/ajans-cyprus_avatar-96x96.png","caption":"Ajans Cyprus"},"sameAs":["http:\/\/ajanscyprus.com"],"url":"https:\/\/ajanscyprus.com\/author\/admin2\/"}]}},"jetpack_publicize_connections":[],"_links":{"self":[{"href":"https:\/\/ajanscyprus.com\/wp-json\/wp\/v2\/posts\/194205","targetHints":{"allow":["GET"]}}],"collection":[{"href":"https:\/\/ajanscyprus.com\/wp-json\/wp\/v2\/posts"}],"about":[{"href":"https:\/\/ajanscyprus.com\/wp-json\/wp\/v2\/types\/post"}],"author":[{"embeddable":true,"href":"https:\/\/ajanscyprus.com\/wp-json\/wp\/v2\/users\/4"}],"replies":[{"embeddable":true,"href":"https:\/\/ajanscyprus.com\/wp-json\/wp\/v2\/comments?post=194205"}],"version-history":[{"count":0,"href":"https:\/\/ajanscyprus.com\/wp-json\/wp\/v2\/posts\/194205\/revisions"}],"wp:featuredmedia":[{"embeddable":true,"href":"https:\/\/ajanscyprus.com\/wp-json\/wp\/v2\/media\/194206"}],"wp:attachment":[{"href":"https:\/\/ajanscyprus.com\/wp-json\/wp\/v2\/media?parent=194205"}],"wp:term":[{"taxonomy":"category","embeddable":true,"href":"https:\/\/ajanscyprus.com\/wp-json\/wp\/v2\/categories?post=194205"},{"taxonomy":"post_tag","embeddable":true,"href":"https:\/\/ajanscyprus.com\/wp-json\/wp\/v2\/tags?post=194205"},{"taxonomy":"manset","embeddable":true,"href":"https:\/\/ajanscyprus.com\/wp-json\/wp\/v2\/manset?post=194205"}],"curies":[{"name":"wp","href":"https:\/\/api.w.org\/{rel}","templated":true}]}}