{"id":194714,"date":"2026-03-11T18:37:48","date_gmt":"2026-03-11T15:37:48","guid":{"rendered":"https:\/\/ajanscyprus.com\/?p=194714"},"modified":"2026-03-11T18:37:48","modified_gmt":"2026-03-11T15:37:48","slug":"kuskor-ve-gonyeli-alaykoy-belediyesinden-doga-dostu-is-birligi","status":"publish","type":"post","link":"https:\/\/ajanscyprus.com\/2026\/03\/11\/kuskor-ve-gonyeli-alaykoy-belediyesinden-doga-dostu-is-birligi\/","title":{"rendered":"KU\u015eKOR ve G\u00f6nyeli\u2013Alayk\u00f6y Belediyesi\u2019nden Do\u011fa Dostu \u0130\u015f Birli\u011fi"},"content":{"rendered":"<p data-start=\"143\" data-end=\"429\"><strong><em>G\u00f6nyeli\u2013Alayk\u00f6y Belediye Ba\u015fkan\u0131 H\u00fcseyin Amcao\u011flu, KU\u015eKOR ile do\u011fa dostu bir i\u015f birli\u011fine imza att\u0131klar\u0131n\u0131 a\u00e7\u0131klad\u0131. \u0130mzalanan protokol kapsam\u0131nda kent genelinde belirlenen noktalara 50 bayku\u015f yuvas\u0131 yerle\u015ftirilecek ve zararl\u0131 kemirgenlerle biyolojik m\u00fccadele g\u00fc\u00e7lendirilecek.<\/em><\/strong><\/p>\n<p data-start=\"431\" data-end=\"730\">Ba\u015fkan Amcao\u011flu, projeye ili\u015fkin yapt\u0131\u011f\u0131 a\u00e7\u0131klamada, b\u00f6lgede bulunan <strong data-start=\"500\" data-end=\"517\">Ye\u015fil Okullar<\/strong> \u00e7er\u00e7evesinde \u00e7ocuklara do\u011fa, ku\u015flar ve ekosistem \u00fczerine e\u011fitimler verilece\u011fini belirterek, bu \u00e7al\u0131\u015fmalar\u0131n hem \u00e7evrenin korunmas\u0131na hem de \u00e7ocuklarda do\u011fa bilincinin geli\u015fmesine katk\u0131 sa\u011flayaca\u011f\u0131n\u0131 ifade etti.<\/p>\n<p data-start=\"732\" data-end=\"1036\"><img loading=\"lazy\" decoding=\"async\" class=\"alignnone size-full wp-image-194716\" src=\"https:\/\/ajanscyprus.com\/wp-content\/uploads\/2026\/03\/0525d857-d917-4c0b-acf6-fd640e0f7719.jpg\" alt=\"\" width=\"1280\" height=\"853\" srcset=\"https:\/\/ajanscyprus.com\/wp-content\/uploads\/2026\/03\/0525d857-d917-4c0b-acf6-fd640e0f7719.jpg 1280w, https:\/\/ajanscyprus.com\/wp-content\/uploads\/2026\/03\/0525d857-d917-4c0b-acf6-fd640e0f7719-300x200.jpg 300w, https:\/\/ajanscyprus.com\/wp-content\/uploads\/2026\/03\/0525d857-d917-4c0b-acf6-fd640e0f7719-1024x682.jpg 1024w, https:\/\/ajanscyprus.com\/wp-content\/uploads\/2026\/03\/0525d857-d917-4c0b-acf6-fd640e0f7719-768x512.jpg 768w, https:\/\/ajanscyprus.com\/wp-content\/uploads\/2026\/03\/0525d857-d917-4c0b-acf6-fd640e0f7719-282x188.jpg 282w\" sizes=\"auto, (max-width: 1280px) 100vw, 1280px\" \/>Amcao\u011flu, i\u015f birli\u011finin hayata ge\u00e7mesine katk\u0131 koyan <strong data-start=\"785\" data-end=\"819\">KU\u015eKOR Ba\u015fkan\u0131 Dr. Damla Beton<\/strong> ve y\u00f6netim kurulu \u00fcyelerine, belediyenin \u00e7evre dan\u0131\u015fman\u0131 <strong data-start=\"877\" data-end=\"904\">Prof. Dr. \u015eerife G\u00fcnd\u00fcz<\/strong>, Belediye Sa\u011fl\u0131k \u015eube Amiri Veteriner Hekim <strong data-start=\"949\" data-end=\"969\">H\u00fcseyin Menderes<\/strong>, Meclis \u00dcyesi <strong data-start=\"984\" data-end=\"996\">Alev Alp<\/strong> ve belediye ekiplerine te\u015fekk\u00fcr etti.<\/p>\n<p data-start=\"1038\" data-end=\"1189\">Ba\u015fkan Amcao\u011flu, G\u00f6nyeli\u2013Alayk\u00f6y\u2019de <strong data-start=\"1074\" data-end=\"1169\">s\u00fcrd\u00fcr\u00fclebilir ve do\u011fayla uyumlu projeleri hayata ge\u00e7irmeye kararl\u0131l\u0131kla devam edeceklerini<\/strong> s\u00f6zlerine ekledi.<\/p><div class=\"kanews-banner kanews-banner-single\"><img loading=\"lazy\" decoding=\"async\" src=\"https:\/\/ajanscyprus.com\/wp-content\/uploads\/2026\/04\/meRIT-bANNER.jpeg\" alt=\"\" width=\"970\" height=\"90\" class=\"alignnone size-full wp-image-62349\" \/><\/div>\n<p data-start=\"1191\" data-end=\"1369\">\n<\/p>","protected":false},"excerpt":{"rendered":"<p>G\u00f6nyeli\u2013Alayk\u00f6y Belediye Ba\u015fkan\u0131 H\u00fcseyin Amcao\u011flu, KU\u015eKOR ile do\u011fa dostu bir i\u015f birli\u011fine imza att\u0131klar\u0131n\u0131 a\u00e7\u0131klad\u0131. \u0130mzalanan&#46;&#46;&#46;<\/p>\n","protected":false},"author":1,"featured_media":194715,"comment_status":"closed","ping_status":"closed","sticky":false,"template":"","format":"standard","meta":{"footnotes":"","jetpack_publicize_message":"","jetpack_publicize_feature_enabled":true,"jetpack_social_post_already_shared":true,"jetpack_social_options":{"image_generator_settings":{"template":"highway","default_image_id":0,"font":"","enabled":false},"version":2}},"categories":[48],"tags":[1528,61739,52074,4184,5284,61740,7640,48151,61741],"manset":[],"class_list":["post-194714","post","type-post","status-publish","format-standard","has-post-thumbnail","hentry","category-kibris","tag-alaykoy","tag-baykus-yuvasi","tag-biyolojik-mucadele","tag-cevre","tag-doga","tag-ekosistem-egitimi","tag-gonyeli","tag-kuskor","tag-surdurulebilir-projeler"],"yoast_head":"<!-- This site is optimized with the Yoast SEO plugin v27.5 - https:\/\/yoast.com\/product\/yoast-seo-wordpress\/ -->\n<title>KU\u015eKOR ve G\u00f6nyeli\u2013Alayk\u00f6y Belediyesi\u2019nden Do\u011fa Dostu \u0130\u015f Birli\u011fi - Ajans Cyprus<\/title>\n<meta name=\"description\" content=\"G\u00f6nyeli\u2013Alayk\u00f6y Belediyesi ve KU\u015eKOR, kentte do\u011fa dostu bir i\u015f birli\u011fi ba\u015flatt\u0131. 50 bayku\u015f yuvas\u0131 yerle\u015ftirilecek ve \u00e7ocuklara ekosistem e\u011fitimi verilecek.\" \/>\n<meta name=\"robots\" content=\"index, follow, max-snippet:-1, max-image-preview:large, max-video-preview:-1\" \/>\n<link rel=\"canonical\" href=\"https:\/\/ajanscyprus.com\/2026\/03\/11\/kuskor-ve-gonyeli-alaykoy-belediyesinden-doga-dostu-is-birligi\/\" \/>\n<meta property=\"og:locale\" content=\"tr_TR\" \/>\n<meta property=\"og:type\" content=\"article\" \/>\n<meta property=\"og:title\" content=\"KU\u015eKOR ve G\u00f6nyeli\u2013Alayk\u00f6y Belediyesi\u2019nden Do\u011fa Dostu \u0130\u015f Birli\u011fi - Ajans Cyprus\" \/>\n<meta property=\"og:description\" content=\"G\u00f6nyeli\u2013Alayk\u00f6y Belediyesi ve KU\u015eKOR, kentte do\u011fa dostu bir i\u015f birli\u011fi ba\u015flatt\u0131. 50 bayku\u015f yuvas\u0131 yerle\u015ftirilecek ve \u00e7ocuklara ekosistem e\u011fitimi verilecek.\" \/>\n<meta property=\"og:url\" content=\"https:\/\/ajanscyprus.com\/2026\/03\/11\/kuskor-ve-gonyeli-alaykoy-belediyesinden-doga-dostu-is-birligi\/\" \/>\n<meta property=\"og:site_name\" content=\"Ajans Cyprus\" \/>\n<meta property=\"article:publisher\" content=\"https:\/\/www.facebook.com\/AjansCyprusAC\" \/>\n<meta property=\"article:published_time\" content=\"2026-03-11T15:37:48+00:00\" \/>\n<meta property=\"og:image\" content=\"https:\/\/ajanscyprus.com\/wp-content\/uploads\/2026\/03\/0ceee477-14a0-4aaf-aa38-765857cb77ae.jpg\" \/>\n\t<meta property=\"og:image:width\" content=\"1280\" \/>\n\t<meta property=\"og:image:height\" content=\"853\" \/>\n\t<meta property=\"og:image:type\" content=\"image\/jpeg\" \/>\n<meta name=\"author\" content=\"admin\" \/>\n<meta name=\"twitter:card\" content=\"summary_large_image\" \/>\n<meta name=\"twitter:creator\" content=\"@AjansCyprus\" \/>\n<meta name=\"twitter:site\" content=\"@AjansCyprus\" \/>\n<meta name=\"twitter:label1\" content=\"Yazan:\" \/>\n\t<meta name=\"twitter:data1\" content=\"admin\" \/>\n\t<meta name=\"twitter:label2\" content=\"Tahmini okuma s\u00fcresi\" \/>\n\t<meta name=\"twitter:data2\" content=\"2 dakika\" \/>\n<script type=\"application\/ld+json\" class=\"yoast-schema-graph\">{\"@context\":\"https:\\\/\\\/schema.org\",\"@graph\":[{\"@type\":\"Article\",\"@id\":\"https:\\\/\\\/ajanscyprus.com\\\/2026\\\/03\\\/11\\\/kuskor-ve-gonyeli-alaykoy-belediyesinden-doga-dostu-is-birligi\\\/#article\",\"isPartOf\":{\"@id\":\"https:\\\/\\\/ajanscyprus.com\\\/2026\\\/03\\\/11\\\/kuskor-ve-gonyeli-alaykoy-belediyesinden-doga-dostu-is-birligi\\\/\"},\"author\":{\"name\":\"admin\",\"@id\":\"https:\\\/\\\/ajanscyprus.com\\\/#\\\/schema\\\/person\\\/bde04f428980a11e6513136d7f10a011\"},\"headline\":\"KU\u015eKOR ve G\u00f6nyeli\u2013Alayk\u00f6y Belediyesi\u2019nden Do\u011fa Dostu \u0130\u015f Birli\u011fi\",\"datePublished\":\"2026-03-11T15:37:48+00:00\",\"mainEntityOfPage\":{\"@id\":\"https:\\\/\\\/ajanscyprus.com\\\/2026\\\/03\\\/11\\\/kuskor-ve-gonyeli-alaykoy-belediyesinden-doga-dostu-is-birligi\\\/\"},\"wordCount\":197,\"publisher\":{\"@id\":\"https:\\\/\\\/ajanscyprus.com\\\/#organization\"},\"image\":{\"@id\":\"https:\\\/\\\/ajanscyprus.com\\\/2026\\\/03\\\/11\\\/kuskor-ve-gonyeli-alaykoy-belediyesinden-doga-dostu-is-birligi\\\/#primaryimage\"},\"thumbnailUrl\":\"https:\\\/\\\/ajanscyprus.com\\\/wp-content\\\/uploads\\\/2026\\\/03\\\/0ceee477-14a0-4aaf-aa38-765857cb77ae.jpg\",\"keywords\":[\"Alayk\u00f6y\",\"bayku\u015f yuvas\u0131\",\"biyolojik m\u00fccadele\",\"\u00e7evre\",\"Do\u011fa\",\"ekosistem e\u011fitimi\",\"g\u00f6nyeli\",\"KU\u015eKOR\",\"s\u00fcrd\u00fcr\u00fclebilir projeler\"],\"articleSection\":[\"K\u0131br\u0131s\"],\"inLanguage\":\"tr\"},{\"@type\":\"WebPage\",\"@id\":\"https:\\\/\\\/ajanscyprus.com\\\/2026\\\/03\\\/11\\\/kuskor-ve-gonyeli-alaykoy-belediyesinden-doga-dostu-is-birligi\\\/\",\"url\":\"https:\\\/\\\/ajanscyprus.com\\\/2026\\\/03\\\/11\\\/kuskor-ve-gonyeli-alaykoy-belediyesinden-doga-dostu-is-birligi\\\/\",\"name\":\"KU\u015eKOR ve G\u00f6nyeli\u2013Alayk\u00f6y Belediyesi\u2019nden Do\u011fa Dostu \u0130\u015f Birli\u011fi - Ajans Cyprus\",\"isPartOf\":{\"@id\":\"https:\\\/\\\/ajanscyprus.com\\\/#website\"},\"primaryImageOfPage\":{\"@id\":\"https:\\\/\\\/ajanscyprus.com\\\/2026\\\/03\\\/11\\\/kuskor-ve-gonyeli-alaykoy-belediyesinden-doga-dostu-is-birligi\\\/#primaryimage\"},\"image\":{\"@id\":\"https:\\\/\\\/ajanscyprus.com\\\/2026\\\/03\\\/11\\\/kuskor-ve-gonyeli-alaykoy-belediyesinden-doga-dostu-is-birligi\\\/#primaryimage\"},\"thumbnailUrl\":\"https:\\\/\\\/ajanscyprus.com\\\/wp-content\\\/uploads\\\/2026\\\/03\\\/0ceee477-14a0-4aaf-aa38-765857cb77ae.jpg\",\"datePublished\":\"2026-03-11T15:37:48+00:00\",\"description\":\"G\u00f6nyeli\u2013Alayk\u00f6y Belediyesi ve KU\u015eKOR, kentte do\u011fa dostu bir i\u015f birli\u011fi ba\u015flatt\u0131. 50 bayku\u015f yuvas\u0131 yerle\u015ftirilecek ve \u00e7ocuklara ekosistem e\u011fitimi verilecek.\",\"breadcrumb\":{\"@id\":\"https:\\\/\\\/ajanscyprus.com\\\/2026\\\/03\\\/11\\\/kuskor-ve-gonyeli-alaykoy-belediyesinden-doga-dostu-is-birligi\\\/#breadcrumb\"},\"inLanguage\":\"tr\",\"potentialAction\":[{\"@type\":\"ReadAction\",\"target\":[\"https:\\\/\\\/ajanscyprus.com\\\/2026\\\/03\\\/11\\\/kuskor-ve-gonyeli-alaykoy-belediyesinden-doga-dostu-is-birligi\\\/\"]}]},{\"@type\":\"ImageObject\",\"inLanguage\":\"tr\",\"@id\":\"https:\\\/\\\/ajanscyprus.com\\\/2026\\\/03\\\/11\\\/kuskor-ve-gonyeli-alaykoy-belediyesinden-doga-dostu-is-birligi\\\/#primaryimage\",\"url\":\"https:\\\/\\\/ajanscyprus.com\\\/wp-content\\\/uploads\\\/2026\\\/03\\\/0ceee477-14a0-4aaf-aa38-765857cb77ae.jpg\",\"contentUrl\":\"https:\\\/\\\/ajanscyprus.com\\\/wp-content\\\/uploads\\\/2026\\\/03\\\/0ceee477-14a0-4aaf-aa38-765857cb77ae.jpg\",\"width\":1280,\"height\":853},{\"@type\":\"BreadcrumbList\",\"@id\":\"https:\\\/\\\/ajanscyprus.com\\\/2026\\\/03\\\/11\\\/kuskor-ve-gonyeli-alaykoy-belediyesinden-doga-dostu-is-birligi\\\/#breadcrumb\",\"itemListElement\":[{\"@type\":\"ListItem\",\"position\":1,\"name\":\"Anasayfa\",\"item\":\"https:\\\/\\\/ajanscyprus.com\\\/\"},{\"@type\":\"ListItem\",\"position\":2,\"name\":\"KU\u015eKOR ve G\u00f6nyeli\u2013Alayk\u00f6y Belediyesi\u2019nden Do\u011fa Dostu \u0130\u015f Birli\u011fi\"}]},{\"@type\":\"WebSite\",\"@id\":\"https:\\\/\\\/ajanscyprus.com\\\/#website\",\"url\":\"https:\\\/\\\/ajanscyprus.com\\\/\",\"name\":\"Ajans Cyprus\",\"description\":\"\",\"publisher\":{\"@id\":\"https:\\\/\\\/ajanscyprus.com\\\/#organization\"},\"potentialAction\":[{\"@type\":\"SearchAction\",\"target\":{\"@type\":\"EntryPoint\",\"urlTemplate\":\"https:\\\/\\\/ajanscyprus.com\\\/?s={search_term_string}\"},\"query-input\":{\"@type\":\"PropertyValueSpecification\",\"valueRequired\":true,\"valueName\":\"search_term_string\"}}],\"inLanguage\":\"tr\"},{\"@type\":\"Organization\",\"@id\":\"https:\\\/\\\/ajanscyprus.com\\\/#organization\",\"name\":\"Ajans Cyprus\",\"alternateName\":\"Ajans Mira Turan Cyprus Media And Production\",\"url\":\"https:\\\/\\\/ajanscyprus.com\\\/\",\"logo\":{\"@type\":\"ImageObject\",\"inLanguage\":\"tr\",\"@id\":\"https:\\\/\\\/ajanscyprus.com\\\/#\\\/schema\\\/logo\\\/image\\\/\",\"url\":\"https:\\\/\\\/ajanscyprus.com\\\/wp-content\\\/uploads\\\/2023\\\/02\\\/AjansCyprus-yuvarlak-logo-e1676491087198.png\",\"contentUrl\":\"https:\\\/\\\/ajanscyprus.com\\\/wp-content\\\/uploads\\\/2023\\\/02\\\/AjansCyprus-yuvarlak-logo-e1676491087198.png\",\"width\":200,\"height\":200,\"caption\":\"Ajans Cyprus\"},\"image\":{\"@id\":\"https:\\\/\\\/ajanscyprus.com\\\/#\\\/schema\\\/logo\\\/image\\\/\"},\"sameAs\":[\"https:\\\/\\\/www.facebook.com\\\/AjansCyprusAC\",\"https:\\\/\\\/x.com\\\/AjansCyprus\"]},{\"@type\":\"Person\",\"@id\":\"https:\\\/\\\/ajanscyprus.com\\\/#\\\/schema\\\/person\\\/bde04f428980a11e6513136d7f10a011\",\"name\":\"admin\",\"image\":{\"@type\":\"ImageObject\",\"inLanguage\":\"tr\",\"@id\":\"https:\\\/\\\/secure.gravatar.com\\\/avatar\\\/7b3584441088d5ca4cd7222e9873c969610760122e804fb99fa589e24cd99cb8?s=96&d=mm&r=g\",\"url\":\"https:\\\/\\\/secure.gravatar.com\\\/avatar\\\/7b3584441088d5ca4cd7222e9873c969610760122e804fb99fa589e24cd99cb8?s=96&d=mm&r=g\",\"contentUrl\":\"https:\\\/\\\/secure.gravatar.com\\\/avatar\\\/7b3584441088d5ca4cd7222e9873c969610760122e804fb99fa589e24cd99cb8?s=96&d=mm&r=g\",\"caption\":\"admin\"},\"sameAs\":[\"https:\\\/\\\/ajanscyprus.com\"],\"url\":\"https:\\\/\\\/ajanscyprus.com\\\/author\\\/admin_r45uydj1\\\/\"}]}<\/script>\n<!-- \/ Yoast SEO plugin. -->","yoast_head_json":{"title":"KU\u015eKOR ve G\u00f6nyeli\u2013Alayk\u00f6y Belediyesi\u2019nden Do\u011fa Dostu \u0130\u015f Birli\u011fi - Ajans Cyprus","description":"G\u00f6nyeli\u2013Alayk\u00f6y Belediyesi ve KU\u015eKOR, kentte do\u011fa dostu bir i\u015f birli\u011fi ba\u015flatt\u0131. 50 bayku\u015f yuvas\u0131 yerle\u015ftirilecek ve \u00e7ocuklara ekosistem e\u011fitimi verilecek.","robots":{"index":"index","follow":"follow","max-snippet":"max-snippet:-1","max-image-preview":"max-image-preview:large","max-video-preview":"max-video-preview:-1"},"canonical":"https:\/\/ajanscyprus.com\/2026\/03\/11\/kuskor-ve-gonyeli-alaykoy-belediyesinden-doga-dostu-is-birligi\/","og_locale":"tr_TR","og_type":"article","og_title":"KU\u015eKOR ve G\u00f6nyeli\u2013Alayk\u00f6y Belediyesi\u2019nden Do\u011fa Dostu \u0130\u015f Birli\u011fi - Ajans Cyprus","og_description":"G\u00f6nyeli\u2013Alayk\u00f6y Belediyesi ve KU\u015eKOR, kentte do\u011fa dostu bir i\u015f birli\u011fi ba\u015flatt\u0131. 50 bayku\u015f yuvas\u0131 yerle\u015ftirilecek ve \u00e7ocuklara ekosistem e\u011fitimi verilecek.","og_url":"https:\/\/ajanscyprus.com\/2026\/03\/11\/kuskor-ve-gonyeli-alaykoy-belediyesinden-doga-dostu-is-birligi\/","og_site_name":"Ajans Cyprus","article_publisher":"https:\/\/www.facebook.com\/AjansCyprusAC","article_published_time":"2026-03-11T15:37:48+00:00","og_image":[{"width":1280,"height":853,"url":"https:\/\/ajanscyprus.com\/wp-content\/uploads\/2026\/03\/0ceee477-14a0-4aaf-aa38-765857cb77ae.jpg","type":"image\/jpeg"}],"author":"admin","twitter_card":"summary_large_image","twitter_creator":"@AjansCyprus","twitter_site":"@AjansCyprus","twitter_misc":{"Yazan:":"admin","Tahmini okuma s\u00fcresi":"2 dakika"},"schema":{"@context":"https:\/\/schema.org","@graph":[{"@type":"Article","@id":"https:\/\/ajanscyprus.com\/2026\/03\/11\/kuskor-ve-gonyeli-alaykoy-belediyesinden-doga-dostu-is-birligi\/#article","isPartOf":{"@id":"https:\/\/ajanscyprus.com\/2026\/03\/11\/kuskor-ve-gonyeli-alaykoy-belediyesinden-doga-dostu-is-birligi\/"},"author":{"name":"admin","@id":"https:\/\/ajanscyprus.com\/#\/schema\/person\/bde04f428980a11e6513136d7f10a011"},"headline":"KU\u015eKOR ve G\u00f6nyeli\u2013Alayk\u00f6y Belediyesi\u2019nden Do\u011fa Dostu \u0130\u015f Birli\u011fi","datePublished":"2026-03-11T15:37:48+00:00","mainEntityOfPage":{"@id":"https:\/\/ajanscyprus.com\/2026\/03\/11\/kuskor-ve-gonyeli-alaykoy-belediyesinden-doga-dostu-is-birligi\/"},"wordCount":197,"publisher":{"@id":"https:\/\/ajanscyprus.com\/#organization"},"image":{"@id":"https:\/\/ajanscyprus.com\/2026\/03\/11\/kuskor-ve-gonyeli-alaykoy-belediyesinden-doga-dostu-is-birligi\/#primaryimage"},"thumbnailUrl":"https:\/\/ajanscyprus.com\/wp-content\/uploads\/2026\/03\/0ceee477-14a0-4aaf-aa38-765857cb77ae.jpg","keywords":["Alayk\u00f6y","bayku\u015f yuvas\u0131","biyolojik m\u00fccadele","\u00e7evre","Do\u011fa","ekosistem e\u011fitimi","g\u00f6nyeli","KU\u015eKOR","s\u00fcrd\u00fcr\u00fclebilir projeler"],"articleSection":["K\u0131br\u0131s"],"inLanguage":"tr"},{"@type":"WebPage","@id":"https:\/\/ajanscyprus.com\/2026\/03\/11\/kuskor-ve-gonyeli-alaykoy-belediyesinden-doga-dostu-is-birligi\/","url":"https:\/\/ajanscyprus.com\/2026\/03\/11\/kuskor-ve-gonyeli-alaykoy-belediyesinden-doga-dostu-is-birligi\/","name":"KU\u015eKOR ve G\u00f6nyeli\u2013Alayk\u00f6y Belediyesi\u2019nden Do\u011fa Dostu \u0130\u015f Birli\u011fi - Ajans Cyprus","isPartOf":{"@id":"https:\/\/ajanscyprus.com\/#website"},"primaryImageOfPage":{"@id":"https:\/\/ajanscyprus.com\/2026\/03\/11\/kuskor-ve-gonyeli-alaykoy-belediyesinden-doga-dostu-is-birligi\/#primaryimage"},"image":{"@id":"https:\/\/ajanscyprus.com\/2026\/03\/11\/kuskor-ve-gonyeli-alaykoy-belediyesinden-doga-dostu-is-birligi\/#primaryimage"},"thumbnailUrl":"https:\/\/ajanscyprus.com\/wp-content\/uploads\/2026\/03\/0ceee477-14a0-4aaf-aa38-765857cb77ae.jpg","datePublished":"2026-03-11T15:37:48+00:00","description":"G\u00f6nyeli\u2013Alayk\u00f6y Belediyesi ve KU\u015eKOR, kentte do\u011fa dostu bir i\u015f birli\u011fi ba\u015flatt\u0131. 50 bayku\u015f yuvas\u0131 yerle\u015ftirilecek ve \u00e7ocuklara ekosistem e\u011fitimi verilecek.","breadcrumb":{"@id":"https:\/\/ajanscyprus.com\/2026\/03\/11\/kuskor-ve-gonyeli-alaykoy-belediyesinden-doga-dostu-is-birligi\/#breadcrumb"},"inLanguage":"tr","potentialAction":[{"@type":"ReadAction","target":["https:\/\/ajanscyprus.com\/2026\/03\/11\/kuskor-ve-gonyeli-alaykoy-belediyesinden-doga-dostu-is-birligi\/"]}]},{"@type":"ImageObject","inLanguage":"tr","@id":"https:\/\/ajanscyprus.com\/2026\/03\/11\/kuskor-ve-gonyeli-alaykoy-belediyesinden-doga-dostu-is-birligi\/#primaryimage","url":"https:\/\/ajanscyprus.com\/wp-content\/uploads\/2026\/03\/0ceee477-14a0-4aaf-aa38-765857cb77ae.jpg","contentUrl":"https:\/\/ajanscyprus.com\/wp-content\/uploads\/2026\/03\/0ceee477-14a0-4aaf-aa38-765857cb77ae.jpg","width":1280,"height":853},{"@type":"BreadcrumbList","@id":"https:\/\/ajanscyprus.com\/2026\/03\/11\/kuskor-ve-gonyeli-alaykoy-belediyesinden-doga-dostu-is-birligi\/#breadcrumb","itemListElement":[{"@type":"ListItem","position":1,"name":"Anasayfa","item":"https:\/\/ajanscyprus.com\/"},{"@type":"ListItem","position":2,"name":"KU\u015eKOR ve G\u00f6nyeli\u2013Alayk\u00f6y Belediyesi\u2019nden Do\u011fa Dostu \u0130\u015f Birli\u011fi"}]},{"@type":"WebSite","@id":"https:\/\/ajanscyprus.com\/#website","url":"https:\/\/ajanscyprus.com\/","name":"Ajans Cyprus","description":"","publisher":{"@id":"https:\/\/ajanscyprus.com\/#organization"},"potentialAction":[{"@type":"SearchAction","target":{"@type":"EntryPoint","urlTemplate":"https:\/\/ajanscyprus.com\/?s={search_term_string}"},"query-input":{"@type":"PropertyValueSpecification","valueRequired":true,"valueName":"search_term_string"}}],"inLanguage":"tr"},{"@type":"Organization","@id":"https:\/\/ajanscyprus.com\/#organization","name":"Ajans Cyprus","alternateName":"Ajans Mira Turan Cyprus Media And Production","url":"https:\/\/ajanscyprus.com\/","logo":{"@type":"ImageObject","inLanguage":"tr","@id":"https:\/\/ajanscyprus.com\/#\/schema\/logo\/image\/","url":"https:\/\/ajanscyprus.com\/wp-content\/uploads\/2023\/02\/AjansCyprus-yuvarlak-logo-e1676491087198.png","contentUrl":"https:\/\/ajanscyprus.com\/wp-content\/uploads\/2023\/02\/AjansCyprus-yuvarlak-logo-e1676491087198.png","width":200,"height":200,"caption":"Ajans Cyprus"},"image":{"@id":"https:\/\/ajanscyprus.com\/#\/schema\/logo\/image\/"},"sameAs":["https:\/\/www.facebook.com\/AjansCyprusAC","https:\/\/x.com\/AjansCyprus"]},{"@type":"Person","@id":"https:\/\/ajanscyprus.com\/#\/schema\/person\/bde04f428980a11e6513136d7f10a011","name":"admin","image":{"@type":"ImageObject","inLanguage":"tr","@id":"https:\/\/secure.gravatar.com\/avatar\/7b3584441088d5ca4cd7222e9873c969610760122e804fb99fa589e24cd99cb8?s=96&d=mm&r=g","url":"https:\/\/secure.gravatar.com\/avatar\/7b3584441088d5ca4cd7222e9873c969610760122e804fb99fa589e24cd99cb8?s=96&d=mm&r=g","contentUrl":"https:\/\/secure.gravatar.com\/avatar\/7b3584441088d5ca4cd7222e9873c969610760122e804fb99fa589e24cd99cb8?s=96&d=mm&r=g","caption":"admin"},"sameAs":["https:\/\/ajanscyprus.com"],"url":"https:\/\/ajanscyprus.com\/author\/admin_r45uydj1\/"}]}},"jetpack_publicize_connections":[],"_links":{"self":[{"href":"https:\/\/ajanscyprus.com\/wp-json\/wp\/v2\/posts\/194714","targetHints":{"allow":["GET"]}}],"collection":[{"href":"https:\/\/ajanscyprus.com\/wp-json\/wp\/v2\/posts"}],"about":[{"href":"https:\/\/ajanscyprus.com\/wp-json\/wp\/v2\/types\/post"}],"author":[{"embeddable":true,"href":"https:\/\/ajanscyprus.com\/wp-json\/wp\/v2\/users\/1"}],"replies":[{"embeddable":true,"href":"https:\/\/ajanscyprus.com\/wp-json\/wp\/v2\/comments?post=194714"}],"version-history":[{"count":1,"href":"https:\/\/ajanscyprus.com\/wp-json\/wp\/v2\/posts\/194714\/revisions"}],"predecessor-version":[{"id":194717,"href":"https:\/\/ajanscyprus.com\/wp-json\/wp\/v2\/posts\/194714\/revisions\/194717"}],"wp:featuredmedia":[{"embeddable":true,"href":"https:\/\/ajanscyprus.com\/wp-json\/wp\/v2\/media\/194715"}],"wp:attachment":[{"href":"https:\/\/ajanscyprus.com\/wp-json\/wp\/v2\/media?parent=194714"}],"wp:term":[{"taxonomy":"category","embeddable":true,"href":"https:\/\/ajanscyprus.com\/wp-json\/wp\/v2\/categories?post=194714"},{"taxonomy":"post_tag","embeddable":true,"href":"https:\/\/ajanscyprus.com\/wp-json\/wp\/v2\/tags?post=194714"},{"taxonomy":"manset","embeddable":true,"href":"https:\/\/ajanscyprus.com\/wp-json\/wp\/v2\/manset?post=194714"}],"curies":[{"name":"wp","href":"https:\/\/api.w.org\/{rel}","templated":true}]}}