{"id":194719,"date":"2026-03-11T18:43:44","date_gmt":"2026-03-11T15:43:44","guid":{"rendered":"https:\/\/ajanscyprus.com\/?p=194719"},"modified":"2026-03-11T18:43:44","modified_gmt":"2026-03-11T15:43:44","slug":"disisleri-bakani-ertugruloglu-istiklal-marsi-kibris-turk-halkinin-hurriyet-semboludur","status":"publish","type":"post","link":"https:\/\/ajanscyprus.com\/2026\/03\/11\/disisleri-bakani-ertugruloglu-istiklal-marsi-kibris-turk-halkinin-hurriyet-semboludur\/","title":{"rendered":"D\u0131\u015fi\u015fleri Bakan\u0131 Ertu\u011frulo\u011flu: \u0130stiklal Mar\u015f\u0131 K\u0131br\u0131s T\u00fcrk Halk\u0131n\u0131n H\u00fcrriyet Sembol\u00fcd\u00fcr"},"content":{"rendered":"<p data-start=\"162\" data-end=\"319\"><strong><em>D\u0131\u015fi\u015fleri Bakan\u0131 Tahsin Ertu\u011frulo\u011flu, \u0130stiklal Mar\u015f\u0131\u2019n\u0131n K\u0131br\u0131s T\u00fcrk halk\u0131 i\u00e7in h\u00fcrriyet ve varolu\u015f m\u00fccadelesinin en \u00f6nemli sembol\u00fc oldu\u011funu vurgulad\u0131.<\/em><\/strong><\/p>\n<p data-start=\"321\" data-end=\"644\">Ertu\u011frulo\u011flu, T\u00fcrkiye ile birlikte K\u0131br\u0131s T\u00fcrklerinin de milli mar\u015f\u0131 olan \u0130stiklal Mar\u015f\u0131\u2019n\u0131n kabul\u00fcn\u00fcn <strong data-start=\"424\" data-end=\"457\">105. y\u0131l d\u00f6n\u00fcm\u00fcn\u00fc kutlad\u0131\u011f\u0131n\u0131<\/strong> a\u00e7\u0131klad\u0131. 12 Mart 1921\u2019de kabul edilen ve \u201cKorkma!\u201d diye ba\u015flayan \u0130stiklal Mar\u015f\u0131\u2019n\u0131n, s\u00f6m\u00fcrge d\u00f6neminde gizlice okunarak K\u0131br\u0131s T\u00fcrk halk\u0131n\u0131n \u00f6zg\u00fcrl\u00fck umudunu canl\u0131 tuttu\u011funu belirtti.<\/p>\n<p data-start=\"646\" data-end=\"1205\">Ertu\u011frulo\u011flu, <strong data-start=\"660\" data-end=\"755\">1960 K\u0131br\u0131s Cumhuriyeti d\u00f6neminde K\u0131br\u0131s T\u00fcrklerinin milli mar\u015f\u0131n\u0131n \u0130stiklal Mar\u015f\u0131 oldu\u011funu<\/strong> hat\u0131rlatarak, \u015fu ifadeleri kulland\u0131:<br data-start=\"792\" data-end=\"795\" \/>\u201cDevletimiz Kuzey K\u0131br\u0131s T\u00fcrk Cumhuriyeti\u2019nde ba\u011f\u0131ms\u0131zl\u0131\u011f\u0131m\u0131z\u0131n gururuyla okunan \u0130stiklal Mar\u015f\u0131m\u0131z, Anavatan\u0131m\u0131zla aram\u0131zdaki kopmaz ba\u011f\u0131n ve ortak kaderimizin ni\u015fanesidir. Mehmet Akif\u2019in dedi\u011fi gibi: \u2018Allah bu millete bir daha \u0130stiklal Mar\u015f\u0131 yazd\u0131rmas\u0131n\u2019. Ba\u015fta Gazi Mustafa Kemal Atat\u00fcrk ve \u0130stiklal Mar\u015f\u0131\u2019m\u0131z\u0131n yazar\u0131 Mehmet Akif Ersoy olmak \u00fczere, t\u00fcm vatan kahramanlar\u0131m\u0131z\u0131 rahmet ve minnetle an\u0131yorum.\u201d<\/p>\n<div class=\"kanews-banner kanews-banner-single\"><img loading=\"lazy\" decoding=\"async\" src=\"https:\/\/ajanscyprus.com\/wp-content\/uploads\/2026\/04\/meRIT-bANNER.jpeg\" alt=\"\" width=\"970\" height=\"90\" class=\"alignnone size-full wp-image-62349\" \/><\/div>","protected":false},"excerpt":{"rendered":"<p>D\u0131\u015fi\u015fleri Bakan\u0131 Tahsin Ertu\u011frulo\u011flu, \u0130stiklal Mar\u015f\u0131\u2019n\u0131n K\u0131br\u0131s T\u00fcrk halk\u0131 i\u00e7in h\u00fcrriyet ve varolu\u015f m\u00fccadelesinin en \u00f6nemli&#46;&#46;&#46;<\/p>\n","protected":false},"author":1,"featured_media":194720,"comment_status":"closed","ping_status":"closed","sticky":false,"template":"","format":"standard","meta":{"footnotes":"","jetpack_publicize_message":"","jetpack_publicize_feature_enabled":true,"jetpack_social_post_already_shared":true,"jetpack_social_options":{"image_generator_settings":{"template":"highway","default_image_id":0,"font":"","enabled":false},"version":2}},"categories":[48],"tags":[61743,2651,61744,9548,10589,10911,12994,61742,17468,18562],"manset":[],"class_list":["post-194719","post","type-post","status-publish","format-standard","has-post-thumbnail","hentry","category-kibris","tag-105-yil","tag-bagimsizlik","tag-hurriyet","tag-istiklal-marsi","tag-kibris","tag-kibris-turkleri","tag-mehmet-akif-ersoy","tag-milli-mars","tag-tahsin-ertugruloglu","tag-turkiye"],"yoast_head":"<!-- This site is optimized with the Yoast SEO plugin v27.5 - https:\/\/yoast.com\/product\/yoast-seo-wordpress\/ -->\n<title>D\u0131\u015fi\u015fleri Bakan\u0131 Ertu\u011frulo\u011flu: \u0130stiklal Mar\u015f\u0131 K\u0131br\u0131s T\u00fcrk Halk\u0131n\u0131n H\u00fcrriyet Sembol\u00fcd\u00fcr - Ajans Cyprus<\/title>\n<meta name=\"description\" content=\"D\u0131\u015fi\u015fleri Bakan\u0131 Tahsin Ertu\u011frulo\u011flu, \u0130stiklal Mar\u015f\u0131\u2019n\u0131n kabul\u00fcn\u00fcn 105. y\u0131l\u0131 dolay\u0131s\u0131yla K\u0131br\u0131s T\u00fcrk halk\u0131 i\u00e7in \u00f6nemini vurgulad\u0131. Mar\u015f\u0131n \u00f6zg\u00fcrl\u00fck ve h\u00fcrriyet m\u00fccadelesinin simgesi oldu\u011funu s\u00f6yledi.\" \/>\n<meta name=\"robots\" content=\"index, follow, max-snippet:-1, max-image-preview:large, max-video-preview:-1\" \/>\n<link rel=\"canonical\" href=\"https:\/\/ajanscyprus.com\/2026\/03\/11\/disisleri-bakani-ertugruloglu-istiklal-marsi-kibris-turk-halkinin-hurriyet-semboludur\/\" \/>\n<meta property=\"og:locale\" content=\"tr_TR\" \/>\n<meta property=\"og:type\" content=\"article\" \/>\n<meta property=\"og:title\" content=\"D\u0131\u015fi\u015fleri Bakan\u0131 Ertu\u011frulo\u011flu: \u0130stiklal Mar\u015f\u0131 K\u0131br\u0131s T\u00fcrk Halk\u0131n\u0131n H\u00fcrriyet Sembol\u00fcd\u00fcr - Ajans Cyprus\" \/>\n<meta property=\"og:description\" content=\"D\u0131\u015fi\u015fleri Bakan\u0131 Tahsin Ertu\u011frulo\u011flu, \u0130stiklal Mar\u015f\u0131\u2019n\u0131n kabul\u00fcn\u00fcn 105. y\u0131l\u0131 dolay\u0131s\u0131yla K\u0131br\u0131s T\u00fcrk halk\u0131 i\u00e7in \u00f6nemini vurgulad\u0131. Mar\u015f\u0131n \u00f6zg\u00fcrl\u00fck ve h\u00fcrriyet m\u00fccadelesinin simgesi oldu\u011funu s\u00f6yledi.\" \/>\n<meta property=\"og:url\" content=\"https:\/\/ajanscyprus.com\/2026\/03\/11\/disisleri-bakani-ertugruloglu-istiklal-marsi-kibris-turk-halkinin-hurriyet-semboludur\/\" \/>\n<meta property=\"og:site_name\" content=\"Ajans Cyprus\" \/>\n<meta property=\"article:publisher\" content=\"https:\/\/www.facebook.com\/AjansCyprusAC\" \/>\n<meta property=\"article:published_time\" content=\"2026-03-11T15:43:44+00:00\" \/>\n<meta property=\"og:image\" content=\"https:\/\/ajanscyprus.com\/wp-content\/uploads\/2026\/03\/1773237786798ERTUGRULOGLU.jpg\" \/>\n\t<meta property=\"og:image:width\" content=\"1280\" \/>\n\t<meta property=\"og:image:height\" content=\"859\" \/>\n\t<meta property=\"og:image:type\" content=\"image\/jpeg\" \/>\n<meta name=\"author\" content=\"admin\" \/>\n<meta name=\"twitter:card\" content=\"summary_large_image\" \/>\n<meta name=\"twitter:creator\" content=\"@AjansCyprus\" \/>\n<meta name=\"twitter:site\" content=\"@AjansCyprus\" \/>\n<meta name=\"twitter:label1\" content=\"Yazan:\" \/>\n\t<meta name=\"twitter:data1\" content=\"admin\" \/>\n\t<meta name=\"twitter:label2\" content=\"Tahmini okuma s\u00fcresi\" \/>\n\t<meta name=\"twitter:data2\" content=\"1 dakika\" \/>\n<script type=\"application\/ld+json\" class=\"yoast-schema-graph\">{\"@context\":\"https:\\\/\\\/schema.org\",\"@graph\":[{\"@type\":\"Article\",\"@id\":\"https:\\\/\\\/ajanscyprus.com\\\/2026\\\/03\\\/11\\\/disisleri-bakani-ertugruloglu-istiklal-marsi-kibris-turk-halkinin-hurriyet-semboludur\\\/#article\",\"isPartOf\":{\"@id\":\"https:\\\/\\\/ajanscyprus.com\\\/2026\\\/03\\\/11\\\/disisleri-bakani-ertugruloglu-istiklal-marsi-kibris-turk-halkinin-hurriyet-semboludur\\\/\"},\"author\":{\"name\":\"admin\",\"@id\":\"https:\\\/\\\/ajanscyprus.com\\\/#\\\/schema\\\/person\\\/bde04f428980a11e6513136d7f10a011\"},\"headline\":\"D\u0131\u015fi\u015fleri Bakan\u0131 Ertu\u011frulo\u011flu: \u0130stiklal Mar\u015f\u0131 K\u0131br\u0131s T\u00fcrk Halk\u0131n\u0131n H\u00fcrriyet Sembol\u00fcd\u00fcr\",\"datePublished\":\"2026-03-11T15:43:44+00:00\",\"mainEntityOfPage\":{\"@id\":\"https:\\\/\\\/ajanscyprus.com\\\/2026\\\/03\\\/11\\\/disisleri-bakani-ertugruloglu-istiklal-marsi-kibris-turk-halkinin-hurriyet-semboludur\\\/\"},\"wordCount\":230,\"publisher\":{\"@id\":\"https:\\\/\\\/ajanscyprus.com\\\/#organization\"},\"image\":{\"@id\":\"https:\\\/\\\/ajanscyprus.com\\\/2026\\\/03\\\/11\\\/disisleri-bakani-ertugruloglu-istiklal-marsi-kibris-turk-halkinin-hurriyet-semboludur\\\/#primaryimage\"},\"thumbnailUrl\":\"https:\\\/\\\/ajanscyprus.com\\\/wp-content\\\/uploads\\\/2026\\\/03\\\/1773237786798ERTUGRULOGLU.jpg\",\"keywords\":[\"105. y\u0131l\",\"ba\u011f\u0131ms\u0131zl\u0131k\",\"h\u00fcrriyet\",\"istiklal mar\u015f\u0131\",\"k\u0131br\u0131s\",\"k\u0131br\u0131s t\u00fcrkleri\",\"mehmet akif ersoy\",\"milli mar\u015f\",\"tahsin ertu\u011frulo\u011flu\",\"t\u00fcrkiye\"],\"articleSection\":[\"K\u0131br\u0131s\"],\"inLanguage\":\"tr\"},{\"@type\":\"WebPage\",\"@id\":\"https:\\\/\\\/ajanscyprus.com\\\/2026\\\/03\\\/11\\\/disisleri-bakani-ertugruloglu-istiklal-marsi-kibris-turk-halkinin-hurriyet-semboludur\\\/\",\"url\":\"https:\\\/\\\/ajanscyprus.com\\\/2026\\\/03\\\/11\\\/disisleri-bakani-ertugruloglu-istiklal-marsi-kibris-turk-halkinin-hurriyet-semboludur\\\/\",\"name\":\"D\u0131\u015fi\u015fleri Bakan\u0131 Ertu\u011frulo\u011flu: \u0130stiklal Mar\u015f\u0131 K\u0131br\u0131s T\u00fcrk Halk\u0131n\u0131n H\u00fcrriyet Sembol\u00fcd\u00fcr - Ajans Cyprus\",\"isPartOf\":{\"@id\":\"https:\\\/\\\/ajanscyprus.com\\\/#website\"},\"primaryImageOfPage\":{\"@id\":\"https:\\\/\\\/ajanscyprus.com\\\/2026\\\/03\\\/11\\\/disisleri-bakani-ertugruloglu-istiklal-marsi-kibris-turk-halkinin-hurriyet-semboludur\\\/#primaryimage\"},\"image\":{\"@id\":\"https:\\\/\\\/ajanscyprus.com\\\/2026\\\/03\\\/11\\\/disisleri-bakani-ertugruloglu-istiklal-marsi-kibris-turk-halkinin-hurriyet-semboludur\\\/#primaryimage\"},\"thumbnailUrl\":\"https:\\\/\\\/ajanscyprus.com\\\/wp-content\\\/uploads\\\/2026\\\/03\\\/1773237786798ERTUGRULOGLU.jpg\",\"datePublished\":\"2026-03-11T15:43:44+00:00\",\"description\":\"D\u0131\u015fi\u015fleri Bakan\u0131 Tahsin Ertu\u011frulo\u011flu, \u0130stiklal Mar\u015f\u0131\u2019n\u0131n kabul\u00fcn\u00fcn 105. y\u0131l\u0131 dolay\u0131s\u0131yla K\u0131br\u0131s T\u00fcrk halk\u0131 i\u00e7in \u00f6nemini vurgulad\u0131. Mar\u015f\u0131n \u00f6zg\u00fcrl\u00fck ve h\u00fcrriyet m\u00fccadelesinin simgesi oldu\u011funu s\u00f6yledi.\",\"breadcrumb\":{\"@id\":\"https:\\\/\\\/ajanscyprus.com\\\/2026\\\/03\\\/11\\\/disisleri-bakani-ertugruloglu-istiklal-marsi-kibris-turk-halkinin-hurriyet-semboludur\\\/#breadcrumb\"},\"inLanguage\":\"tr\",\"potentialAction\":[{\"@type\":\"ReadAction\",\"target\":[\"https:\\\/\\\/ajanscyprus.com\\\/2026\\\/03\\\/11\\\/disisleri-bakani-ertugruloglu-istiklal-marsi-kibris-turk-halkinin-hurriyet-semboludur\\\/\"]}]},{\"@type\":\"ImageObject\",\"inLanguage\":\"tr\",\"@id\":\"https:\\\/\\\/ajanscyprus.com\\\/2026\\\/03\\\/11\\\/disisleri-bakani-ertugruloglu-istiklal-marsi-kibris-turk-halkinin-hurriyet-semboludur\\\/#primaryimage\",\"url\":\"https:\\\/\\\/ajanscyprus.com\\\/wp-content\\\/uploads\\\/2026\\\/03\\\/1773237786798ERTUGRULOGLU.jpg\",\"contentUrl\":\"https:\\\/\\\/ajanscyprus.com\\\/wp-content\\\/uploads\\\/2026\\\/03\\\/1773237786798ERTUGRULOGLU.jpg\",\"width\":1280,\"height\":859},{\"@type\":\"BreadcrumbList\",\"@id\":\"https:\\\/\\\/ajanscyprus.com\\\/2026\\\/03\\\/11\\\/disisleri-bakani-ertugruloglu-istiklal-marsi-kibris-turk-halkinin-hurriyet-semboludur\\\/#breadcrumb\",\"itemListElement\":[{\"@type\":\"ListItem\",\"position\":1,\"name\":\"Anasayfa\",\"item\":\"https:\\\/\\\/ajanscyprus.com\\\/\"},{\"@type\":\"ListItem\",\"position\":2,\"name\":\"D\u0131\u015fi\u015fleri Bakan\u0131 Ertu\u011frulo\u011flu: \u0130stiklal Mar\u015f\u0131 K\u0131br\u0131s T\u00fcrk Halk\u0131n\u0131n H\u00fcrriyet Sembol\u00fcd\u00fcr\"}]},{\"@type\":\"WebSite\",\"@id\":\"https:\\\/\\\/ajanscyprus.com\\\/#website\",\"url\":\"https:\\\/\\\/ajanscyprus.com\\\/\",\"name\":\"Ajans Cyprus\",\"description\":\"\",\"publisher\":{\"@id\":\"https:\\\/\\\/ajanscyprus.com\\\/#organization\"},\"potentialAction\":[{\"@type\":\"SearchAction\",\"target\":{\"@type\":\"EntryPoint\",\"urlTemplate\":\"https:\\\/\\\/ajanscyprus.com\\\/?s={search_term_string}\"},\"query-input\":{\"@type\":\"PropertyValueSpecification\",\"valueRequired\":true,\"valueName\":\"search_term_string\"}}],\"inLanguage\":\"tr\"},{\"@type\":\"Organization\",\"@id\":\"https:\\\/\\\/ajanscyprus.com\\\/#organization\",\"name\":\"Ajans Cyprus\",\"alternateName\":\"Ajans Mira Turan Cyprus Media And Production\",\"url\":\"https:\\\/\\\/ajanscyprus.com\\\/\",\"logo\":{\"@type\":\"ImageObject\",\"inLanguage\":\"tr\",\"@id\":\"https:\\\/\\\/ajanscyprus.com\\\/#\\\/schema\\\/logo\\\/image\\\/\",\"url\":\"https:\\\/\\\/ajanscyprus.com\\\/wp-content\\\/uploads\\\/2023\\\/02\\\/AjansCyprus-yuvarlak-logo-e1676491087198.png\",\"contentUrl\":\"https:\\\/\\\/ajanscyprus.com\\\/wp-content\\\/uploads\\\/2023\\\/02\\\/AjansCyprus-yuvarlak-logo-e1676491087198.png\",\"width\":200,\"height\":200,\"caption\":\"Ajans Cyprus\"},\"image\":{\"@id\":\"https:\\\/\\\/ajanscyprus.com\\\/#\\\/schema\\\/logo\\\/image\\\/\"},\"sameAs\":[\"https:\\\/\\\/www.facebook.com\\\/AjansCyprusAC\",\"https:\\\/\\\/x.com\\\/AjansCyprus\"]},{\"@type\":\"Person\",\"@id\":\"https:\\\/\\\/ajanscyprus.com\\\/#\\\/schema\\\/person\\\/bde04f428980a11e6513136d7f10a011\",\"name\":\"admin\",\"image\":{\"@type\":\"ImageObject\",\"inLanguage\":\"tr\",\"@id\":\"https:\\\/\\\/secure.gravatar.com\\\/avatar\\\/7b3584441088d5ca4cd7222e9873c969610760122e804fb99fa589e24cd99cb8?s=96&d=mm&r=g\",\"url\":\"https:\\\/\\\/secure.gravatar.com\\\/avatar\\\/7b3584441088d5ca4cd7222e9873c969610760122e804fb99fa589e24cd99cb8?s=96&d=mm&r=g\",\"contentUrl\":\"https:\\\/\\\/secure.gravatar.com\\\/avatar\\\/7b3584441088d5ca4cd7222e9873c969610760122e804fb99fa589e24cd99cb8?s=96&d=mm&r=g\",\"caption\":\"admin\"},\"sameAs\":[\"https:\\\/\\\/ajanscyprus.com\"],\"url\":\"https:\\\/\\\/ajanscyprus.com\\\/author\\\/admin_r45uydj1\\\/\"}]}<\/script>\n<!-- \/ Yoast SEO plugin. -->","yoast_head_json":{"title":"D\u0131\u015fi\u015fleri Bakan\u0131 Ertu\u011frulo\u011flu: \u0130stiklal Mar\u015f\u0131 K\u0131br\u0131s T\u00fcrk Halk\u0131n\u0131n H\u00fcrriyet Sembol\u00fcd\u00fcr - Ajans Cyprus","description":"D\u0131\u015fi\u015fleri Bakan\u0131 Tahsin Ertu\u011frulo\u011flu, \u0130stiklal Mar\u015f\u0131\u2019n\u0131n kabul\u00fcn\u00fcn 105. y\u0131l\u0131 dolay\u0131s\u0131yla K\u0131br\u0131s T\u00fcrk halk\u0131 i\u00e7in \u00f6nemini vurgulad\u0131. Mar\u015f\u0131n \u00f6zg\u00fcrl\u00fck ve h\u00fcrriyet m\u00fccadelesinin simgesi oldu\u011funu s\u00f6yledi.","robots":{"index":"index","follow":"follow","max-snippet":"max-snippet:-1","max-image-preview":"max-image-preview:large","max-video-preview":"max-video-preview:-1"},"canonical":"https:\/\/ajanscyprus.com\/2026\/03\/11\/disisleri-bakani-ertugruloglu-istiklal-marsi-kibris-turk-halkinin-hurriyet-semboludur\/","og_locale":"tr_TR","og_type":"article","og_title":"D\u0131\u015fi\u015fleri Bakan\u0131 Ertu\u011frulo\u011flu: \u0130stiklal Mar\u015f\u0131 K\u0131br\u0131s T\u00fcrk Halk\u0131n\u0131n H\u00fcrriyet Sembol\u00fcd\u00fcr - Ajans Cyprus","og_description":"D\u0131\u015fi\u015fleri Bakan\u0131 Tahsin Ertu\u011frulo\u011flu, \u0130stiklal Mar\u015f\u0131\u2019n\u0131n kabul\u00fcn\u00fcn 105. y\u0131l\u0131 dolay\u0131s\u0131yla K\u0131br\u0131s T\u00fcrk halk\u0131 i\u00e7in \u00f6nemini vurgulad\u0131. Mar\u015f\u0131n \u00f6zg\u00fcrl\u00fck ve h\u00fcrriyet m\u00fccadelesinin simgesi oldu\u011funu s\u00f6yledi.","og_url":"https:\/\/ajanscyprus.com\/2026\/03\/11\/disisleri-bakani-ertugruloglu-istiklal-marsi-kibris-turk-halkinin-hurriyet-semboludur\/","og_site_name":"Ajans Cyprus","article_publisher":"https:\/\/www.facebook.com\/AjansCyprusAC","article_published_time":"2026-03-11T15:43:44+00:00","og_image":[{"width":1280,"height":859,"url":"https:\/\/ajanscyprus.com\/wp-content\/uploads\/2026\/03\/1773237786798ERTUGRULOGLU.jpg","type":"image\/jpeg"}],"author":"admin","twitter_card":"summary_large_image","twitter_creator":"@AjansCyprus","twitter_site":"@AjansCyprus","twitter_misc":{"Yazan:":"admin","Tahmini okuma s\u00fcresi":"1 dakika"},"schema":{"@context":"https:\/\/schema.org","@graph":[{"@type":"Article","@id":"https:\/\/ajanscyprus.com\/2026\/03\/11\/disisleri-bakani-ertugruloglu-istiklal-marsi-kibris-turk-halkinin-hurriyet-semboludur\/#article","isPartOf":{"@id":"https:\/\/ajanscyprus.com\/2026\/03\/11\/disisleri-bakani-ertugruloglu-istiklal-marsi-kibris-turk-halkinin-hurriyet-semboludur\/"},"author":{"name":"admin","@id":"https:\/\/ajanscyprus.com\/#\/schema\/person\/bde04f428980a11e6513136d7f10a011"},"headline":"D\u0131\u015fi\u015fleri Bakan\u0131 Ertu\u011frulo\u011flu: \u0130stiklal Mar\u015f\u0131 K\u0131br\u0131s T\u00fcrk Halk\u0131n\u0131n H\u00fcrriyet Sembol\u00fcd\u00fcr","datePublished":"2026-03-11T15:43:44+00:00","mainEntityOfPage":{"@id":"https:\/\/ajanscyprus.com\/2026\/03\/11\/disisleri-bakani-ertugruloglu-istiklal-marsi-kibris-turk-halkinin-hurriyet-semboludur\/"},"wordCount":230,"publisher":{"@id":"https:\/\/ajanscyprus.com\/#organization"},"image":{"@id":"https:\/\/ajanscyprus.com\/2026\/03\/11\/disisleri-bakani-ertugruloglu-istiklal-marsi-kibris-turk-halkinin-hurriyet-semboludur\/#primaryimage"},"thumbnailUrl":"https:\/\/ajanscyprus.com\/wp-content\/uploads\/2026\/03\/1773237786798ERTUGRULOGLU.jpg","keywords":["105. y\u0131l","ba\u011f\u0131ms\u0131zl\u0131k","h\u00fcrriyet","istiklal mar\u015f\u0131","k\u0131br\u0131s","k\u0131br\u0131s t\u00fcrkleri","mehmet akif ersoy","milli mar\u015f","tahsin ertu\u011frulo\u011flu","t\u00fcrkiye"],"articleSection":["K\u0131br\u0131s"],"inLanguage":"tr"},{"@type":"WebPage","@id":"https:\/\/ajanscyprus.com\/2026\/03\/11\/disisleri-bakani-ertugruloglu-istiklal-marsi-kibris-turk-halkinin-hurriyet-semboludur\/","url":"https:\/\/ajanscyprus.com\/2026\/03\/11\/disisleri-bakani-ertugruloglu-istiklal-marsi-kibris-turk-halkinin-hurriyet-semboludur\/","name":"D\u0131\u015fi\u015fleri Bakan\u0131 Ertu\u011frulo\u011flu: \u0130stiklal Mar\u015f\u0131 K\u0131br\u0131s T\u00fcrk Halk\u0131n\u0131n H\u00fcrriyet Sembol\u00fcd\u00fcr - Ajans Cyprus","isPartOf":{"@id":"https:\/\/ajanscyprus.com\/#website"},"primaryImageOfPage":{"@id":"https:\/\/ajanscyprus.com\/2026\/03\/11\/disisleri-bakani-ertugruloglu-istiklal-marsi-kibris-turk-halkinin-hurriyet-semboludur\/#primaryimage"},"image":{"@id":"https:\/\/ajanscyprus.com\/2026\/03\/11\/disisleri-bakani-ertugruloglu-istiklal-marsi-kibris-turk-halkinin-hurriyet-semboludur\/#primaryimage"},"thumbnailUrl":"https:\/\/ajanscyprus.com\/wp-content\/uploads\/2026\/03\/1773237786798ERTUGRULOGLU.jpg","datePublished":"2026-03-11T15:43:44+00:00","description":"D\u0131\u015fi\u015fleri Bakan\u0131 Tahsin Ertu\u011frulo\u011flu, \u0130stiklal Mar\u015f\u0131\u2019n\u0131n kabul\u00fcn\u00fcn 105. y\u0131l\u0131 dolay\u0131s\u0131yla K\u0131br\u0131s T\u00fcrk halk\u0131 i\u00e7in \u00f6nemini vurgulad\u0131. Mar\u015f\u0131n \u00f6zg\u00fcrl\u00fck ve h\u00fcrriyet m\u00fccadelesinin simgesi oldu\u011funu s\u00f6yledi.","breadcrumb":{"@id":"https:\/\/ajanscyprus.com\/2026\/03\/11\/disisleri-bakani-ertugruloglu-istiklal-marsi-kibris-turk-halkinin-hurriyet-semboludur\/#breadcrumb"},"inLanguage":"tr","potentialAction":[{"@type":"ReadAction","target":["https:\/\/ajanscyprus.com\/2026\/03\/11\/disisleri-bakani-ertugruloglu-istiklal-marsi-kibris-turk-halkinin-hurriyet-semboludur\/"]}]},{"@type":"ImageObject","inLanguage":"tr","@id":"https:\/\/ajanscyprus.com\/2026\/03\/11\/disisleri-bakani-ertugruloglu-istiklal-marsi-kibris-turk-halkinin-hurriyet-semboludur\/#primaryimage","url":"https:\/\/ajanscyprus.com\/wp-content\/uploads\/2026\/03\/1773237786798ERTUGRULOGLU.jpg","contentUrl":"https:\/\/ajanscyprus.com\/wp-content\/uploads\/2026\/03\/1773237786798ERTUGRULOGLU.jpg","width":1280,"height":859},{"@type":"BreadcrumbList","@id":"https:\/\/ajanscyprus.com\/2026\/03\/11\/disisleri-bakani-ertugruloglu-istiklal-marsi-kibris-turk-halkinin-hurriyet-semboludur\/#breadcrumb","itemListElement":[{"@type":"ListItem","position":1,"name":"Anasayfa","item":"https:\/\/ajanscyprus.com\/"},{"@type":"ListItem","position":2,"name":"D\u0131\u015fi\u015fleri Bakan\u0131 Ertu\u011frulo\u011flu: \u0130stiklal Mar\u015f\u0131 K\u0131br\u0131s T\u00fcrk Halk\u0131n\u0131n H\u00fcrriyet Sembol\u00fcd\u00fcr"}]},{"@type":"WebSite","@id":"https:\/\/ajanscyprus.com\/#website","url":"https:\/\/ajanscyprus.com\/","name":"Ajans Cyprus","description":"","publisher":{"@id":"https:\/\/ajanscyprus.com\/#organization"},"potentialAction":[{"@type":"SearchAction","target":{"@type":"EntryPoint","urlTemplate":"https:\/\/ajanscyprus.com\/?s={search_term_string}"},"query-input":{"@type":"PropertyValueSpecification","valueRequired":true,"valueName":"search_term_string"}}],"inLanguage":"tr"},{"@type":"Organization","@id":"https:\/\/ajanscyprus.com\/#organization","name":"Ajans Cyprus","alternateName":"Ajans Mira Turan Cyprus Media And Production","url":"https:\/\/ajanscyprus.com\/","logo":{"@type":"ImageObject","inLanguage":"tr","@id":"https:\/\/ajanscyprus.com\/#\/schema\/logo\/image\/","url":"https:\/\/ajanscyprus.com\/wp-content\/uploads\/2023\/02\/AjansCyprus-yuvarlak-logo-e1676491087198.png","contentUrl":"https:\/\/ajanscyprus.com\/wp-content\/uploads\/2023\/02\/AjansCyprus-yuvarlak-logo-e1676491087198.png","width":200,"height":200,"caption":"Ajans Cyprus"},"image":{"@id":"https:\/\/ajanscyprus.com\/#\/schema\/logo\/image\/"},"sameAs":["https:\/\/www.facebook.com\/AjansCyprusAC","https:\/\/x.com\/AjansCyprus"]},{"@type":"Person","@id":"https:\/\/ajanscyprus.com\/#\/schema\/person\/bde04f428980a11e6513136d7f10a011","name":"admin","image":{"@type":"ImageObject","inLanguage":"tr","@id":"https:\/\/secure.gravatar.com\/avatar\/7b3584441088d5ca4cd7222e9873c969610760122e804fb99fa589e24cd99cb8?s=96&d=mm&r=g","url":"https:\/\/secure.gravatar.com\/avatar\/7b3584441088d5ca4cd7222e9873c969610760122e804fb99fa589e24cd99cb8?s=96&d=mm&r=g","contentUrl":"https:\/\/secure.gravatar.com\/avatar\/7b3584441088d5ca4cd7222e9873c969610760122e804fb99fa589e24cd99cb8?s=96&d=mm&r=g","caption":"admin"},"sameAs":["https:\/\/ajanscyprus.com"],"url":"https:\/\/ajanscyprus.com\/author\/admin_r45uydj1\/"}]}},"jetpack_publicize_connections":[],"_links":{"self":[{"href":"https:\/\/ajanscyprus.com\/wp-json\/wp\/v2\/posts\/194719","targetHints":{"allow":["GET"]}}],"collection":[{"href":"https:\/\/ajanscyprus.com\/wp-json\/wp\/v2\/posts"}],"about":[{"href":"https:\/\/ajanscyprus.com\/wp-json\/wp\/v2\/types\/post"}],"author":[{"embeddable":true,"href":"https:\/\/ajanscyprus.com\/wp-json\/wp\/v2\/users\/1"}],"replies":[{"embeddable":true,"href":"https:\/\/ajanscyprus.com\/wp-json\/wp\/v2\/comments?post=194719"}],"version-history":[{"count":1,"href":"https:\/\/ajanscyprus.com\/wp-json\/wp\/v2\/posts\/194719\/revisions"}],"predecessor-version":[{"id":194721,"href":"https:\/\/ajanscyprus.com\/wp-json\/wp\/v2\/posts\/194719\/revisions\/194721"}],"wp:featuredmedia":[{"embeddable":true,"href":"https:\/\/ajanscyprus.com\/wp-json\/wp\/v2\/media\/194720"}],"wp:attachment":[{"href":"https:\/\/ajanscyprus.com\/wp-json\/wp\/v2\/media?parent=194719"}],"wp:term":[{"taxonomy":"category","embeddable":true,"href":"https:\/\/ajanscyprus.com\/wp-json\/wp\/v2\/categories?post=194719"},{"taxonomy":"post_tag","embeddable":true,"href":"https:\/\/ajanscyprus.com\/wp-json\/wp\/v2\/tags?post=194719"},{"taxonomy":"manset","embeddable":true,"href":"https:\/\/ajanscyprus.com\/wp-json\/wp\/v2\/manset?post=194719"}],"curies":[{"name":"wp","href":"https:\/\/api.w.org\/{rel}","templated":true}]}}