{"id":194723,"date":"2026-03-11T19:11:41","date_gmt":"2026-03-11T16:11:41","guid":{"rendered":"https:\/\/ajanscyprus.com\/index.php\/2026\/03\/11\/macron-hepimiz-ayni-kuresel-ekonomik-sonuclarla-karsi-karsiyayiz\/"},"modified":"2026-03-11T19:11:41","modified_gmt":"2026-03-11T16:11:41","slug":"macron-hepimiz-ayni-kuresel-ekonomik-sonuclarla-karsi-karsiyayiz","status":"publish","type":"post","link":"https:\/\/ajanscyprus.com\/2026\/03\/11\/macron-hepimiz-ayni-kuresel-ekonomik-sonuclarla-karsi-karsiyayiz\/","title":{"rendered":"Macron: Hepimiz ayn\u0131 k\u00fcresel ekonomik sonu\u00e7larla kar\u015f\u0131 kar\u015f\u0131yay\u0131z"},"content":{"rendered":"<p><\/p>\n<div>\n<p>&#13;<br \/>\n\tMacron, G7 \u00fclke ve h\u00fck\u00fcmet liderlerinin kat\u0131l\u0131m\u0131yla d\u00fczenlenen Orta Do\u011fu&#8217;daki \u00e7at\u0131\u015fmalar\u0131n ekonomik sonu\u00e7lar\u0131na ili\u015fkin video konferans\u0131n a\u00e7\u0131l\u0131\u015f\u0131nda konu\u015ftu.<\/p>\n<p>&#13;<br \/>\n\t&#8220;N\u00fckleer ve balistik program\u0131n\u0131 sonland\u0131rmas\u0131 i\u00e7in \u0130ran&#8217;a kar\u015f\u0131 ba\u015flat\u0131lan operasyonlarda&#8221; 11. g\u00fcne girildi\u011fini hat\u0131rlatan Macron, &#8220;Hepimiz ayn\u0131 k\u00fcresel ekonomik sonu\u00e7larla kar\u015f\u0131 kar\u015f\u0131yay\u0131z.&#8221; dedi.<\/p>\n<p>&#13;<br \/>\n\tMacron, konferansta 3 ana noktaya odaklanacaklar\u0131n\u0131 dile getirerek, ilk olarak devam eden sald\u0131r\u0131lar ve sahadaki son durumu ve at\u0131lacak ad\u0131mlar\u0131 g\u00f6r\u00fc\u015feceklerini s\u00f6yledi.<\/p><div class=\"kanews-banner kanews-banner-single\"><img loading=\"lazy\" decoding=\"async\" src=\"https:\/\/ajanscyprus.com\/wp-content\/uploads\/2026\/04\/meRIT-bANNER.jpeg\" alt=\"\" width=\"970\" height=\"90\" class=\"alignnone size-full wp-image-62349\" \/><\/div>\n<p>&#13;<br \/>\n\t\u0130kinci olarak H\u00fcrm\u00fcz Bo\u011faz\u0131&#8217;nda, K\u0131z\u0131l Deniz&#8217;de ve Bab\u00fclmendep Bo\u011faz\u0131&#8217;nda seyr\u00fcsefer \u00f6zg\u00fcrl\u00fc\u011f\u00fcn\u00fcn yeniden g\u00fcvence alt\u0131na al\u0131nmas\u0131 konusunda koordinasyonu ele alacaklar\u0131n\u0131 aktaran Macron, \u00fc\u00e7\u00fcnc\u00fc s\u0131rada ise ekonomik i\u015fbirli\u011finin masaya yat\u0131r\u0131laca\u011f\u0131n\u0131 dile getirdi.<\/p>\n<p>&#13;<br \/>\n\tUluslararas\u0131 Enerji Ajans\u0131n\u0131n (IEA), H\u00fcrm\u00fcz Bo\u011faz\u0131&#8217;ndan a\u015fa\u011f\u0131 yukar\u0131 20 g\u00fcnde ihra\u00e7 edilen petrole denk olan 400 milyon varil petrol\u00fcn piyasaya s\u00fcr\u00fclmesi konusunda uzla\u015ft\u0131\u011f\u0131n\u0131 ifade eden Macron, petrol ve do\u011fal gaz piyasalar\u0131nda daha \u00e7ok dalgalanma yaratabilecek olas\u0131 ihracat k\u0131s\u0131tlamalar\u0131n\u0131n \u00f6nlenmesi i\u00e7in de \u00fc\u00e7\u00fcnc\u00fc taraflarla i\u015fbirli\u011fi yapman\u0131n \u00f6nemli oldu\u011funu vurgulad\u0131.<\/p>\n<p>&#13;<br \/>\n\tIEA Ba\u015fkan\u0131 Fatih Birol, 400 milyon varil petrol\u00fcn piyasaya s\u00fcr\u00fclece\u011fini a\u00e7\u0131klam\u0131\u015ft\u0131. Birol, enerji g\u00fcvenli\u011fine y\u00f6nelik b\u00fcy\u00fck aksakl\u0131klar oldu\u011funda IEA&#8217;n\u0131n petrol piyasalar\u0131na ili\u015fkin daha \u00f6nce 5 kez koordineli \u015fekilde eyleme ge\u00e7me kararlar\u0131 ald\u0131\u011f\u0131n\u0131 hat\u0131rlatarak \u015funlar\u0131 kaydetmi\u015fti:<\/p>\n<p>&#13;<br \/>\n\t&#8220;Bu kapsamda, IEA \u00fcye \u00fclkeleriyle yapt\u0131\u011f\u0131m\u0131z g\u00f6r\u00fc\u015fmeler kapsam\u0131nda, IEA \u00fclkelerinin oy birli\u011fiyle kurum tarihindeki en b\u00fcy\u00fck miktarda acil durum petrol stokunu piyasaya s\u00fcrme konusunda anla\u015fmaya vard\u0131\u011f\u0131n\u0131 a\u00e7\u0131klayabilirim. IEA \u00fclkeleri, H\u00fcrm\u00fcz Bo\u011faz\u0131&#8217;n\u0131n fiilen kapanmas\u0131yla kaybedilen arz\u0131 telafi etmek i\u00e7in 400 milyon varil petrol\u00fc piyasaya sunacak. Bu, piyasalardaki aksakl\u0131klar\u0131n acil etkilerini hafifletmeyi ama\u00e7layan \u00f6nemli bir \u00f6nlemdir. Ancak a\u00e7\u0131k\u00e7a belirtmem gerekir ki petrol ve gaz ak\u0131\u015f\u0131n\u0131n istikrarl\u0131 hale gelmesi i\u00e7in en \u00f6nemli geli\u015fme, H\u00fcrm\u00fcz Bo\u011faz\u0131 \u00fczerinden transit ge\u00e7i\u015fin yeniden ba\u015flamas\u0131d\u0131r. IEA, piyasalardaki durumu aktif olarak izlemeye devam edecek ve gerekirse \u00fcye \u00fclkelerimize daha fazla \u00f6neride bulunacakt\u0131r.\u201d<\/p>\n<\/div>\n<p>Kaynak : TRT HABER<\/p>\n","protected":false},"excerpt":{"rendered":"<p>&#13; Macron, G7 \u00fclke ve h\u00fck\u00fcmet liderlerinin kat\u0131l\u0131m\u0131yla d\u00fczenlenen Orta Do\u011fu&#8217;daki \u00e7at\u0131\u015fmalar\u0131n ekonomik sonu\u00e7lar\u0131na ili\u015fkin video&#46;&#46;&#46;<\/p>\n","protected":false},"author":4,"featured_media":194724,"comment_status":"closed","ping_status":"closed","sticky":false,"template":"","format":"standard","meta":{"footnotes":"","jetpack_publicize_message":"","jetpack_publicize_feature_enabled":true,"jetpack_social_post_already_shared":true,"jetpack_social_options":{"image_generator_settings":{"template":"highway","default_image_id":0,"font":"","enabled":false},"version":2}},"categories":[44],"tags":[],"manset":[],"class_list":["post-194723","post","type-post","status-publish","format-standard","has-post-thumbnail","hentry","category-dunya"],"yoast_head":"<!-- This site is optimized with the Yoast SEO plugin v27.4 - https:\/\/yoast.com\/product\/yoast-seo-wordpress\/ -->\n<title>Macron: Hepimiz ayn\u0131 k\u00fcresel ekonomik sonu\u00e7larla kar\u015f\u0131 kar\u015f\u0131yay\u0131z - Ajans Cyprus<\/title>\n<meta name=\"robots\" content=\"index, follow, max-snippet:-1, max-image-preview:large, max-video-preview:-1\" \/>\n<link rel=\"canonical\" href=\"https:\/\/ajanscyprus.com\/2026\/03\/11\/macron-hepimiz-ayni-kuresel-ekonomik-sonuclarla-karsi-karsiyayiz\/\" \/>\n<meta property=\"og:locale\" content=\"tr_TR\" \/>\n<meta property=\"og:type\" content=\"article\" \/>\n<meta property=\"og:title\" content=\"Macron: Hepimiz ayn\u0131 k\u00fcresel ekonomik sonu\u00e7larla kar\u015f\u0131 kar\u015f\u0131yay\u0131z - Ajans Cyprus\" \/>\n<meta property=\"og:description\" content=\"&#013; Macron, G7 \u00fclke ve h\u00fck\u00fcmet liderlerinin kat\u0131l\u0131m\u0131yla d\u00fczenlenen Orta Do\u011fu&#8217;daki \u00e7at\u0131\u015fmalar\u0131n ekonomik sonu\u00e7lar\u0131na ili\u015fkin video&#046;&#046;&#046;\" \/>\n<meta property=\"og:url\" content=\"https:\/\/ajanscyprus.com\/2026\/03\/11\/macron-hepimiz-ayni-kuresel-ekonomik-sonuclarla-karsi-karsiyayiz\/\" \/>\n<meta property=\"og:site_name\" content=\"Ajans Cyprus\" \/>\n<meta property=\"article:publisher\" content=\"https:\/\/www.facebook.com\/AjansCyprusAC\" \/>\n<meta property=\"article:published_time\" content=\"2026-03-11T16:11:41+00:00\" \/>\n<meta property=\"og:image\" content=\"https:\/\/ajanscyprus.com\/wp-content\/uploads\/2026\/03\/macron-reu-2061034.jpg\" \/>\n\t<meta property=\"og:image:width\" content=\"1280\" \/>\n\t<meta property=\"og:image:height\" content=\"720\" \/>\n\t<meta property=\"og:image:type\" content=\"image\/jpeg\" \/>\n<meta name=\"author\" content=\"Ajans Cyprus\" \/>\n<meta name=\"twitter:card\" content=\"summary_large_image\" \/>\n<meta name=\"twitter:creator\" content=\"@AjansCyprus\" \/>\n<meta name=\"twitter:site\" content=\"@AjansCyprus\" \/>\n<meta name=\"twitter:label1\" content=\"Yazan:\" \/>\n\t<meta name=\"twitter:data1\" content=\"Ajans Cyprus\" \/>\n\t<meta name=\"twitter:label2\" content=\"Tahmini okuma s\u00fcresi\" \/>\n\t<meta name=\"twitter:data2\" content=\"2 dakika\" \/>\n<script type=\"application\/ld+json\" class=\"yoast-schema-graph\">{\"@context\":\"https:\\\/\\\/schema.org\",\"@graph\":[{\"@type\":\"Article\",\"@id\":\"https:\\\/\\\/ajanscyprus.com\\\/2026\\\/03\\\/11\\\/macron-hepimiz-ayni-kuresel-ekonomik-sonuclarla-karsi-karsiyayiz\\\/#article\",\"isPartOf\":{\"@id\":\"https:\\\/\\\/ajanscyprus.com\\\/2026\\\/03\\\/11\\\/macron-hepimiz-ayni-kuresel-ekonomik-sonuclarla-karsi-karsiyayiz\\\/\"},\"author\":{\"name\":\"Ajans Cyprus\",\"@id\":\"https:\\\/\\\/ajanscyprus.com\\\/#\\\/schema\\\/person\\\/7a2e842cab5d700268eb209092eb3937\"},\"headline\":\"Macron: Hepimiz ayn\u0131 k\u00fcresel ekonomik sonu\u00e7larla kar\u015f\u0131 kar\u015f\u0131yay\u0131z\",\"datePublished\":\"2026-03-11T16:11:41+00:00\",\"mainEntityOfPage\":{\"@id\":\"https:\\\/\\\/ajanscyprus.com\\\/2026\\\/03\\\/11\\\/macron-hepimiz-ayni-kuresel-ekonomik-sonuclarla-karsi-karsiyayiz\\\/\"},\"wordCount\":423,\"publisher\":{\"@id\":\"https:\\\/\\\/ajanscyprus.com\\\/#organization\"},\"image\":{\"@id\":\"https:\\\/\\\/ajanscyprus.com\\\/2026\\\/03\\\/11\\\/macron-hepimiz-ayni-kuresel-ekonomik-sonuclarla-karsi-karsiyayiz\\\/#primaryimage\"},\"thumbnailUrl\":\"https:\\\/\\\/ajanscyprus.com\\\/wp-content\\\/uploads\\\/2026\\\/03\\\/macron-reu-2061034.jpg\",\"articleSection\":[\"D\u00fcnya\"],\"inLanguage\":\"tr\"},{\"@type\":\"WebPage\",\"@id\":\"https:\\\/\\\/ajanscyprus.com\\\/2026\\\/03\\\/11\\\/macron-hepimiz-ayni-kuresel-ekonomik-sonuclarla-karsi-karsiyayiz\\\/\",\"url\":\"https:\\\/\\\/ajanscyprus.com\\\/2026\\\/03\\\/11\\\/macron-hepimiz-ayni-kuresel-ekonomik-sonuclarla-karsi-karsiyayiz\\\/\",\"name\":\"Macron: Hepimiz ayn\u0131 k\u00fcresel ekonomik sonu\u00e7larla kar\u015f\u0131 kar\u015f\u0131yay\u0131z - Ajans Cyprus\",\"isPartOf\":{\"@id\":\"https:\\\/\\\/ajanscyprus.com\\\/#website\"},\"primaryImageOfPage\":{\"@id\":\"https:\\\/\\\/ajanscyprus.com\\\/2026\\\/03\\\/11\\\/macron-hepimiz-ayni-kuresel-ekonomik-sonuclarla-karsi-karsiyayiz\\\/#primaryimage\"},\"image\":{\"@id\":\"https:\\\/\\\/ajanscyprus.com\\\/2026\\\/03\\\/11\\\/macron-hepimiz-ayni-kuresel-ekonomik-sonuclarla-karsi-karsiyayiz\\\/#primaryimage\"},\"thumbnailUrl\":\"https:\\\/\\\/ajanscyprus.com\\\/wp-content\\\/uploads\\\/2026\\\/03\\\/macron-reu-2061034.jpg\",\"datePublished\":\"2026-03-11T16:11:41+00:00\",\"breadcrumb\":{\"@id\":\"https:\\\/\\\/ajanscyprus.com\\\/2026\\\/03\\\/11\\\/macron-hepimiz-ayni-kuresel-ekonomik-sonuclarla-karsi-karsiyayiz\\\/#breadcrumb\"},\"inLanguage\":\"tr\",\"potentialAction\":[{\"@type\":\"ReadAction\",\"target\":[\"https:\\\/\\\/ajanscyprus.com\\\/2026\\\/03\\\/11\\\/macron-hepimiz-ayni-kuresel-ekonomik-sonuclarla-karsi-karsiyayiz\\\/\"]}]},{\"@type\":\"ImageObject\",\"inLanguage\":\"tr\",\"@id\":\"https:\\\/\\\/ajanscyprus.com\\\/2026\\\/03\\\/11\\\/macron-hepimiz-ayni-kuresel-ekonomik-sonuclarla-karsi-karsiyayiz\\\/#primaryimage\",\"url\":\"https:\\\/\\\/ajanscyprus.com\\\/wp-content\\\/uploads\\\/2026\\\/03\\\/macron-reu-2061034.jpg\",\"contentUrl\":\"https:\\\/\\\/ajanscyprus.com\\\/wp-content\\\/uploads\\\/2026\\\/03\\\/macron-reu-2061034.jpg\",\"width\":1280,\"height\":720},{\"@type\":\"BreadcrumbList\",\"@id\":\"https:\\\/\\\/ajanscyprus.com\\\/2026\\\/03\\\/11\\\/macron-hepimiz-ayni-kuresel-ekonomik-sonuclarla-karsi-karsiyayiz\\\/#breadcrumb\",\"itemListElement\":[{\"@type\":\"ListItem\",\"position\":1,\"name\":\"Anasayfa\",\"item\":\"https:\\\/\\\/ajanscyprus.com\\\/\"},{\"@type\":\"ListItem\",\"position\":2,\"name\":\"Macron: Hepimiz ayn\u0131 k\u00fcresel ekonomik sonu\u00e7larla kar\u015f\u0131 kar\u015f\u0131yay\u0131z\"}]},{\"@type\":\"WebSite\",\"@id\":\"https:\\\/\\\/ajanscyprus.com\\\/#website\",\"url\":\"https:\\\/\\\/ajanscyprus.com\\\/\",\"name\":\"Ajans Cyprus\",\"description\":\"\",\"publisher\":{\"@id\":\"https:\\\/\\\/ajanscyprus.com\\\/#organization\"},\"potentialAction\":[{\"@type\":\"SearchAction\",\"target\":{\"@type\":\"EntryPoint\",\"urlTemplate\":\"https:\\\/\\\/ajanscyprus.com\\\/?s={search_term_string}\"},\"query-input\":{\"@type\":\"PropertyValueSpecification\",\"valueRequired\":true,\"valueName\":\"search_term_string\"}}],\"inLanguage\":\"tr\"},{\"@type\":\"Organization\",\"@id\":\"https:\\\/\\\/ajanscyprus.com\\\/#organization\",\"name\":\"Ajans Cyprus\",\"alternateName\":\"Ajans Mira Turan Cyprus Media And Production\",\"url\":\"https:\\\/\\\/ajanscyprus.com\\\/\",\"logo\":{\"@type\":\"ImageObject\",\"inLanguage\":\"tr\",\"@id\":\"https:\\\/\\\/ajanscyprus.com\\\/#\\\/schema\\\/logo\\\/image\\\/\",\"url\":\"https:\\\/\\\/ajanscyprus.com\\\/wp-content\\\/uploads\\\/2023\\\/02\\\/AjansCyprus-yuvarlak-logo-e1676491087198.png\",\"contentUrl\":\"https:\\\/\\\/ajanscyprus.com\\\/wp-content\\\/uploads\\\/2023\\\/02\\\/AjansCyprus-yuvarlak-logo-e1676491087198.png\",\"width\":200,\"height\":200,\"caption\":\"Ajans Cyprus\"},\"image\":{\"@id\":\"https:\\\/\\\/ajanscyprus.com\\\/#\\\/schema\\\/logo\\\/image\\\/\"},\"sameAs\":[\"https:\\\/\\\/www.facebook.com\\\/AjansCyprusAC\",\"https:\\\/\\\/x.com\\\/AjansCyprus\"]},{\"@type\":\"Person\",\"@id\":\"https:\\\/\\\/ajanscyprus.com\\\/#\\\/schema\\\/person\\\/7a2e842cab5d700268eb209092eb3937\",\"name\":\"Ajans Cyprus\",\"image\":{\"@type\":\"ImageObject\",\"inLanguage\":\"tr\",\"@id\":\"https:\\\/\\\/ajanscyprus.com\\\/wp-content\\\/uploads\\\/2025\\\/06\\\/ajans-cyprus_avatar-96x96.png\",\"url\":\"https:\\\/\\\/ajanscyprus.com\\\/wp-content\\\/uploads\\\/2025\\\/06\\\/ajans-cyprus_avatar-96x96.png\",\"contentUrl\":\"https:\\\/\\\/ajanscyprus.com\\\/wp-content\\\/uploads\\\/2025\\\/06\\\/ajans-cyprus_avatar-96x96.png\",\"caption\":\"Ajans Cyprus\"},\"sameAs\":[\"http:\\\/\\\/ajanscyprus.com\"],\"url\":\"https:\\\/\\\/ajanscyprus.com\\\/author\\\/admin2\\\/\"}]}<\/script>\n<!-- \/ Yoast SEO plugin. -->","yoast_head_json":{"title":"Macron: Hepimiz ayn\u0131 k\u00fcresel ekonomik sonu\u00e7larla kar\u015f\u0131 kar\u015f\u0131yay\u0131z - Ajans Cyprus","robots":{"index":"index","follow":"follow","max-snippet":"max-snippet:-1","max-image-preview":"max-image-preview:large","max-video-preview":"max-video-preview:-1"},"canonical":"https:\/\/ajanscyprus.com\/2026\/03\/11\/macron-hepimiz-ayni-kuresel-ekonomik-sonuclarla-karsi-karsiyayiz\/","og_locale":"tr_TR","og_type":"article","og_title":"Macron: Hepimiz ayn\u0131 k\u00fcresel ekonomik sonu\u00e7larla kar\u015f\u0131 kar\u015f\u0131yay\u0131z - Ajans Cyprus","og_description":"&#13; Macron, G7 \u00fclke ve h\u00fck\u00fcmet liderlerinin kat\u0131l\u0131m\u0131yla d\u00fczenlenen Orta Do\u011fu&#8217;daki \u00e7at\u0131\u015fmalar\u0131n ekonomik sonu\u00e7lar\u0131na ili\u015fkin video&#46;&#46;&#46;","og_url":"https:\/\/ajanscyprus.com\/2026\/03\/11\/macron-hepimiz-ayni-kuresel-ekonomik-sonuclarla-karsi-karsiyayiz\/","og_site_name":"Ajans Cyprus","article_publisher":"https:\/\/www.facebook.com\/AjansCyprusAC","article_published_time":"2026-03-11T16:11:41+00:00","og_image":[{"width":1280,"height":720,"url":"https:\/\/ajanscyprus.com\/wp-content\/uploads\/2026\/03\/macron-reu-2061034.jpg","type":"image\/jpeg"}],"author":"Ajans Cyprus","twitter_card":"summary_large_image","twitter_creator":"@AjansCyprus","twitter_site":"@AjansCyprus","twitter_misc":{"Yazan:":"Ajans Cyprus","Tahmini okuma s\u00fcresi":"2 dakika"},"schema":{"@context":"https:\/\/schema.org","@graph":[{"@type":"Article","@id":"https:\/\/ajanscyprus.com\/2026\/03\/11\/macron-hepimiz-ayni-kuresel-ekonomik-sonuclarla-karsi-karsiyayiz\/#article","isPartOf":{"@id":"https:\/\/ajanscyprus.com\/2026\/03\/11\/macron-hepimiz-ayni-kuresel-ekonomik-sonuclarla-karsi-karsiyayiz\/"},"author":{"name":"Ajans Cyprus","@id":"https:\/\/ajanscyprus.com\/#\/schema\/person\/7a2e842cab5d700268eb209092eb3937"},"headline":"Macron: Hepimiz ayn\u0131 k\u00fcresel ekonomik sonu\u00e7larla kar\u015f\u0131 kar\u015f\u0131yay\u0131z","datePublished":"2026-03-11T16:11:41+00:00","mainEntityOfPage":{"@id":"https:\/\/ajanscyprus.com\/2026\/03\/11\/macron-hepimiz-ayni-kuresel-ekonomik-sonuclarla-karsi-karsiyayiz\/"},"wordCount":423,"publisher":{"@id":"https:\/\/ajanscyprus.com\/#organization"},"image":{"@id":"https:\/\/ajanscyprus.com\/2026\/03\/11\/macron-hepimiz-ayni-kuresel-ekonomik-sonuclarla-karsi-karsiyayiz\/#primaryimage"},"thumbnailUrl":"https:\/\/ajanscyprus.com\/wp-content\/uploads\/2026\/03\/macron-reu-2061034.jpg","articleSection":["D\u00fcnya"],"inLanguage":"tr"},{"@type":"WebPage","@id":"https:\/\/ajanscyprus.com\/2026\/03\/11\/macron-hepimiz-ayni-kuresel-ekonomik-sonuclarla-karsi-karsiyayiz\/","url":"https:\/\/ajanscyprus.com\/2026\/03\/11\/macron-hepimiz-ayni-kuresel-ekonomik-sonuclarla-karsi-karsiyayiz\/","name":"Macron: Hepimiz ayn\u0131 k\u00fcresel ekonomik sonu\u00e7larla kar\u015f\u0131 kar\u015f\u0131yay\u0131z - Ajans Cyprus","isPartOf":{"@id":"https:\/\/ajanscyprus.com\/#website"},"primaryImageOfPage":{"@id":"https:\/\/ajanscyprus.com\/2026\/03\/11\/macron-hepimiz-ayni-kuresel-ekonomik-sonuclarla-karsi-karsiyayiz\/#primaryimage"},"image":{"@id":"https:\/\/ajanscyprus.com\/2026\/03\/11\/macron-hepimiz-ayni-kuresel-ekonomik-sonuclarla-karsi-karsiyayiz\/#primaryimage"},"thumbnailUrl":"https:\/\/ajanscyprus.com\/wp-content\/uploads\/2026\/03\/macron-reu-2061034.jpg","datePublished":"2026-03-11T16:11:41+00:00","breadcrumb":{"@id":"https:\/\/ajanscyprus.com\/2026\/03\/11\/macron-hepimiz-ayni-kuresel-ekonomik-sonuclarla-karsi-karsiyayiz\/#breadcrumb"},"inLanguage":"tr","potentialAction":[{"@type":"ReadAction","target":["https:\/\/ajanscyprus.com\/2026\/03\/11\/macron-hepimiz-ayni-kuresel-ekonomik-sonuclarla-karsi-karsiyayiz\/"]}]},{"@type":"ImageObject","inLanguage":"tr","@id":"https:\/\/ajanscyprus.com\/2026\/03\/11\/macron-hepimiz-ayni-kuresel-ekonomik-sonuclarla-karsi-karsiyayiz\/#primaryimage","url":"https:\/\/ajanscyprus.com\/wp-content\/uploads\/2026\/03\/macron-reu-2061034.jpg","contentUrl":"https:\/\/ajanscyprus.com\/wp-content\/uploads\/2026\/03\/macron-reu-2061034.jpg","width":1280,"height":720},{"@type":"BreadcrumbList","@id":"https:\/\/ajanscyprus.com\/2026\/03\/11\/macron-hepimiz-ayni-kuresel-ekonomik-sonuclarla-karsi-karsiyayiz\/#breadcrumb","itemListElement":[{"@type":"ListItem","position":1,"name":"Anasayfa","item":"https:\/\/ajanscyprus.com\/"},{"@type":"ListItem","position":2,"name":"Macron: Hepimiz ayn\u0131 k\u00fcresel ekonomik sonu\u00e7larla kar\u015f\u0131 kar\u015f\u0131yay\u0131z"}]},{"@type":"WebSite","@id":"https:\/\/ajanscyprus.com\/#website","url":"https:\/\/ajanscyprus.com\/","name":"Ajans Cyprus","description":"","publisher":{"@id":"https:\/\/ajanscyprus.com\/#organization"},"potentialAction":[{"@type":"SearchAction","target":{"@type":"EntryPoint","urlTemplate":"https:\/\/ajanscyprus.com\/?s={search_term_string}"},"query-input":{"@type":"PropertyValueSpecification","valueRequired":true,"valueName":"search_term_string"}}],"inLanguage":"tr"},{"@type":"Organization","@id":"https:\/\/ajanscyprus.com\/#organization","name":"Ajans Cyprus","alternateName":"Ajans Mira Turan Cyprus Media And Production","url":"https:\/\/ajanscyprus.com\/","logo":{"@type":"ImageObject","inLanguage":"tr","@id":"https:\/\/ajanscyprus.com\/#\/schema\/logo\/image\/","url":"https:\/\/ajanscyprus.com\/wp-content\/uploads\/2023\/02\/AjansCyprus-yuvarlak-logo-e1676491087198.png","contentUrl":"https:\/\/ajanscyprus.com\/wp-content\/uploads\/2023\/02\/AjansCyprus-yuvarlak-logo-e1676491087198.png","width":200,"height":200,"caption":"Ajans Cyprus"},"image":{"@id":"https:\/\/ajanscyprus.com\/#\/schema\/logo\/image\/"},"sameAs":["https:\/\/www.facebook.com\/AjansCyprusAC","https:\/\/x.com\/AjansCyprus"]},{"@type":"Person","@id":"https:\/\/ajanscyprus.com\/#\/schema\/person\/7a2e842cab5d700268eb209092eb3937","name":"Ajans Cyprus","image":{"@type":"ImageObject","inLanguage":"tr","@id":"https:\/\/ajanscyprus.com\/wp-content\/uploads\/2025\/06\/ajans-cyprus_avatar-96x96.png","url":"https:\/\/ajanscyprus.com\/wp-content\/uploads\/2025\/06\/ajans-cyprus_avatar-96x96.png","contentUrl":"https:\/\/ajanscyprus.com\/wp-content\/uploads\/2025\/06\/ajans-cyprus_avatar-96x96.png","caption":"Ajans Cyprus"},"sameAs":["http:\/\/ajanscyprus.com"],"url":"https:\/\/ajanscyprus.com\/author\/admin2\/"}]}},"jetpack_publicize_connections":[],"_links":{"self":[{"href":"https:\/\/ajanscyprus.com\/wp-json\/wp\/v2\/posts\/194723","targetHints":{"allow":["GET"]}}],"collection":[{"href":"https:\/\/ajanscyprus.com\/wp-json\/wp\/v2\/posts"}],"about":[{"href":"https:\/\/ajanscyprus.com\/wp-json\/wp\/v2\/types\/post"}],"author":[{"embeddable":true,"href":"https:\/\/ajanscyprus.com\/wp-json\/wp\/v2\/users\/4"}],"replies":[{"embeddable":true,"href":"https:\/\/ajanscyprus.com\/wp-json\/wp\/v2\/comments?post=194723"}],"version-history":[{"count":0,"href":"https:\/\/ajanscyprus.com\/wp-json\/wp\/v2\/posts\/194723\/revisions"}],"wp:featuredmedia":[{"embeddable":true,"href":"https:\/\/ajanscyprus.com\/wp-json\/wp\/v2\/media\/194724"}],"wp:attachment":[{"href":"https:\/\/ajanscyprus.com\/wp-json\/wp\/v2\/media?parent=194723"}],"wp:term":[{"taxonomy":"category","embeddable":true,"href":"https:\/\/ajanscyprus.com\/wp-json\/wp\/v2\/categories?post=194723"},{"taxonomy":"post_tag","embeddable":true,"href":"https:\/\/ajanscyprus.com\/wp-json\/wp\/v2\/tags?post=194723"},{"taxonomy":"manset","embeddable":true,"href":"https:\/\/ajanscyprus.com\/wp-json\/wp\/v2\/manset?post=194723"}],"curies":[{"name":"wp","href":"https:\/\/api.w.org\/{rel}","templated":true}]}}