{"id":194728,"date":"2026-03-11T21:15:42","date_gmt":"2026-03-11T18:15:42","guid":{"rendered":"https:\/\/ajanscyprus.com\/index.php\/2026\/03\/11\/iran-israil-ve-abd-radar-ve-savunmasinin-onemli-bir-kismi-imha-edildi-fuzelerimizin-onundeki-zorluklar-azaldi\/"},"modified":"2026-03-11T21:15:42","modified_gmt":"2026-03-11T18:15:42","slug":"iran-israil-ve-abd-radar-ve-savunmasinin-onemli-bir-kismi-imha-edildi-fuzelerimizin-onundeki-zorluklar-azaldi","status":"publish","type":"post","link":"https:\/\/ajanscyprus.com\/2026\/03\/11\/iran-israil-ve-abd-radar-ve-savunmasinin-onemli-bir-kismi-imha-edildi-fuzelerimizin-onundeki-zorluklar-azaldi\/","title":{"rendered":"\u0130ran: \u0130srail ve ABD radar ve savunmas\u0131n\u0131n \u00f6nemli bir k\u0131sm\u0131 imha edildi, f\u00fczelerimizin \u00f6n\u00fcndeki zorluklar azald\u0131"},"content":{"rendered":"<p><\/p>\n<div>\n<p>&#13;<br \/>\n\t\u0130ran resmi haber ajans\u0131 IRNA\u2019n\u0131n haberine g\u00f6re, Ordu S\u00f6zc\u00fcs\u00fc Ekreminiya, \u0130srail ve ABD\u2019nin savunma sitemleri ve \u0130ran\u2019\u0131n f\u00fcze kabiliyeti hakk\u0131nda a\u00e7\u0131klama yapt\u0131.<\/p>\n<p>&#13;<br \/>\n\tEkreminiya, &#8220;Siyonist rejim (\u0130srail) ve ABD, kendi teknolojilerine ek olarak NATO teknolojilerinden de faydalan\u0131yorlar, ancak yine de radar ve savunma yeteneklerinin \u00f6nemli bir k\u0131sm\u0131 imha edildi ve art\u0131k f\u00fczelerimizin \u00f6n\u00fcndeki zorluklar azald\u0131.&#8221; dedi.<\/p>\n<p>&#13;<br \/>\n\t\u0130ran f\u00fczeleri ile insans\u0131z hava ara\u00e7lar\u0131n\u0131n \u00f6n\u00fcndeki engellerin azald\u0131\u011f\u0131n\u0131 belirten Ekreminiya, &#8220;D\u00fc\u015fman art\u0131k f\u00fczelerimizi ve insans\u0131z hava ara\u00e7lar\u0131m\u0131z\u0131 engelleyemez hale geldi ve bu s\u00fcre\u00e7, i\u015fgal alt\u0131ndaki topraklar (\u0130srail) ve b\u00f6lgedeki ABD \u00fcsleri savunmas\u0131z kalana kadar \u00f6n\u00fcm\u00fczdeki g\u00fcnlerde devam edecek.&#8221; ifadesini kulland\u0131.<\/p><div class=\"kanews-banner kanews-banner-single\"><img loading=\"lazy\" decoding=\"async\" src=\"https:\/\/ajanscyprus.com\/wp-content\/uploads\/2026\/04\/meRIT-bANNER.jpeg\" alt=\"\" width=\"970\" height=\"90\" class=\"alignnone size-full wp-image-62349\" \/><\/div>\n<p>&#13;<br \/>\n\t\u0130ran Meclis Ba\u015fkan\u0131 Muhammed Bak\u0131r Kalibaf da ABD merkezli X sosyal medya platformundan yapt\u0131\u011f\u0131 a\u00e7\u0131klamada, &#8220;ABD, \u0130ran&#8217;\u0131n f\u00fcze yeteneklerini yok etti\u011fini iddia ediyor. \u0130lk b\u00fcy\u00fck \u00f6l\u00e7ekli f\u00fcze f\u0131rlatma dalgalar\u0131, d\u00fc\u015fman radarlar\u0131n\u0131 ve savunma sistemlerini k\u00f6r etmeyi ama\u00e7l\u0131yordu.&#8221; dedi.<\/p>\n<p>&#13;<br \/>\n\tKalibaf, &#8220;\u015eimdi ise \u0130ran, daha az f\u00fczeyle istedi\u011fi herhangi bir yeri hedef alabiliyor. Bug\u00fcn &#8216;Demir Kubbe&#8217; bir \u015faka gibi g\u00f6r\u00fcn\u00fcyor.&#8221; ifadesini kulland\u0131.<\/p>\n<\/div>\n<p>Kaynak : TRT HABER<\/p>\n","protected":false},"excerpt":{"rendered":"<p>&#13; \u0130ran resmi haber ajans\u0131 IRNA\u2019n\u0131n haberine g\u00f6re, Ordu S\u00f6zc\u00fcs\u00fc Ekreminiya, \u0130srail ve ABD\u2019nin savunma sitemleri&#46;&#46;&#46;<\/p>\n","protected":false},"author":4,"featured_media":194149,"comment_status":"closed","ping_status":"closed","sticky":false,"template":"","format":"standard","meta":{"footnotes":"","jetpack_publicize_message":"","jetpack_publicize_feature_enabled":true,"jetpack_social_post_already_shared":true,"jetpack_social_options":{"image_generator_settings":{"template":"highway","default_image_id":0,"font":"","enabled":false},"version":2}},"categories":[44],"tags":[],"manset":[],"class_list":["post-194728","post","type-post","status-publish","format-standard","has-post-thumbnail","hentry","category-dunya"],"yoast_head":"<!-- This site is optimized with the Yoast SEO plugin v27.4 - https:\/\/yoast.com\/product\/yoast-seo-wordpress\/ -->\n<title>\u0130ran: \u0130srail ve ABD radar ve savunmas\u0131n\u0131n \u00f6nemli bir k\u0131sm\u0131 imha edildi, f\u00fczelerimizin \u00f6n\u00fcndeki zorluklar azald\u0131 - Ajans Cyprus<\/title>\n<meta name=\"robots\" content=\"index, follow, max-snippet:-1, max-image-preview:large, max-video-preview:-1\" \/>\n<link rel=\"canonical\" href=\"https:\/\/ajanscyprus.com\/2026\/03\/11\/iran-israil-ve-abd-radar-ve-savunmasinin-onemli-bir-kismi-imha-edildi-fuzelerimizin-onundeki-zorluklar-azaldi\/\" \/>\n<meta property=\"og:locale\" content=\"tr_TR\" \/>\n<meta property=\"og:type\" content=\"article\" \/>\n<meta property=\"og:title\" content=\"\u0130ran: \u0130srail ve ABD radar ve savunmas\u0131n\u0131n \u00f6nemli bir k\u0131sm\u0131 imha edildi, f\u00fczelerimizin \u00f6n\u00fcndeki zorluklar azald\u0131 - Ajans Cyprus\" \/>\n<meta property=\"og:description\" content=\"&#013; \u0130ran resmi haber ajans\u0131 IRNA\u2019n\u0131n haberine g\u00f6re, Ordu S\u00f6zc\u00fcs\u00fc Ekreminiya, \u0130srail ve ABD\u2019nin savunma sitemleri&#046;&#046;&#046;\" \/>\n<meta property=\"og:url\" content=\"https:\/\/ajanscyprus.com\/2026\/03\/11\/iran-israil-ve-abd-radar-ve-savunmasinin-onemli-bir-kismi-imha-edildi-fuzelerimizin-onundeki-zorluklar-azaldi\/\" \/>\n<meta property=\"og:site_name\" content=\"Ajans Cyprus\" \/>\n<meta property=\"article:publisher\" content=\"https:\/\/www.facebook.com\/AjansCyprusAC\" \/>\n<meta property=\"article:published_time\" content=\"2026-03-11T18:15:42+00:00\" \/>\n<meta property=\"og:image\" content=\"https:\/\/ajanscyprus.com\/wp-content\/uploads\/2026\/03\/iran-hurremsehr-4-fuzesi-2444301.jpg\" \/>\n\t<meta property=\"og:image:width\" content=\"1280\" \/>\n\t<meta property=\"og:image:height\" content=\"720\" \/>\n\t<meta property=\"og:image:type\" content=\"image\/jpeg\" \/>\n<meta name=\"author\" content=\"Ajans Cyprus\" \/>\n<meta name=\"twitter:card\" content=\"summary_large_image\" \/>\n<meta name=\"twitter:creator\" content=\"@AjansCyprus\" \/>\n<meta name=\"twitter:site\" content=\"@AjansCyprus\" \/>\n<meta name=\"twitter:label1\" content=\"Yazan:\" \/>\n\t<meta name=\"twitter:data1\" content=\"Ajans Cyprus\" \/>\n\t<meta name=\"twitter:label2\" content=\"Tahmini okuma s\u00fcresi\" \/>\n\t<meta name=\"twitter:data2\" content=\"1 dakika\" \/>\n<script type=\"application\/ld+json\" class=\"yoast-schema-graph\">{\"@context\":\"https:\\\/\\\/schema.org\",\"@graph\":[{\"@type\":\"Article\",\"@id\":\"https:\\\/\\\/ajanscyprus.com\\\/2026\\\/03\\\/11\\\/iran-israil-ve-abd-radar-ve-savunmasinin-onemli-bir-kismi-imha-edildi-fuzelerimizin-onundeki-zorluklar-azaldi\\\/#article\",\"isPartOf\":{\"@id\":\"https:\\\/\\\/ajanscyprus.com\\\/2026\\\/03\\\/11\\\/iran-israil-ve-abd-radar-ve-savunmasinin-onemli-bir-kismi-imha-edildi-fuzelerimizin-onundeki-zorluklar-azaldi\\\/\"},\"author\":{\"name\":\"Ajans Cyprus\",\"@id\":\"https:\\\/\\\/ajanscyprus.com\\\/#\\\/schema\\\/person\\\/7a2e842cab5d700268eb209092eb3937\"},\"headline\":\"\u0130ran: \u0130srail ve ABD radar ve savunmas\u0131n\u0131n \u00f6nemli bir k\u0131sm\u0131 imha edildi, f\u00fczelerimizin \u00f6n\u00fcndeki zorluklar azald\u0131\",\"datePublished\":\"2026-03-11T18:15:42+00:00\",\"mainEntityOfPage\":{\"@id\":\"https:\\\/\\\/ajanscyprus.com\\\/2026\\\/03\\\/11\\\/iran-israil-ve-abd-radar-ve-savunmasinin-onemli-bir-kismi-imha-edildi-fuzelerimizin-onundeki-zorluklar-azaldi\\\/\"},\"wordCount\":239,\"publisher\":{\"@id\":\"https:\\\/\\\/ajanscyprus.com\\\/#organization\"},\"image\":{\"@id\":\"https:\\\/\\\/ajanscyprus.com\\\/2026\\\/03\\\/11\\\/iran-israil-ve-abd-radar-ve-savunmasinin-onemli-bir-kismi-imha-edildi-fuzelerimizin-onundeki-zorluklar-azaldi\\\/#primaryimage\"},\"thumbnailUrl\":\"https:\\\/\\\/ajanscyprus.com\\\/wp-content\\\/uploads\\\/2026\\\/03\\\/iran-hurremsehr-4-fuzesi-2444301.jpg\",\"articleSection\":[\"D\u00fcnya\"],\"inLanguage\":\"tr\"},{\"@type\":\"WebPage\",\"@id\":\"https:\\\/\\\/ajanscyprus.com\\\/2026\\\/03\\\/11\\\/iran-israil-ve-abd-radar-ve-savunmasinin-onemli-bir-kismi-imha-edildi-fuzelerimizin-onundeki-zorluklar-azaldi\\\/\",\"url\":\"https:\\\/\\\/ajanscyprus.com\\\/2026\\\/03\\\/11\\\/iran-israil-ve-abd-radar-ve-savunmasinin-onemli-bir-kismi-imha-edildi-fuzelerimizin-onundeki-zorluklar-azaldi\\\/\",\"name\":\"\u0130ran: \u0130srail ve ABD radar ve savunmas\u0131n\u0131n \u00f6nemli bir k\u0131sm\u0131 imha edildi, f\u00fczelerimizin \u00f6n\u00fcndeki zorluklar azald\u0131 - Ajans Cyprus\",\"isPartOf\":{\"@id\":\"https:\\\/\\\/ajanscyprus.com\\\/#website\"},\"primaryImageOfPage\":{\"@id\":\"https:\\\/\\\/ajanscyprus.com\\\/2026\\\/03\\\/11\\\/iran-israil-ve-abd-radar-ve-savunmasinin-onemli-bir-kismi-imha-edildi-fuzelerimizin-onundeki-zorluklar-azaldi\\\/#primaryimage\"},\"image\":{\"@id\":\"https:\\\/\\\/ajanscyprus.com\\\/2026\\\/03\\\/11\\\/iran-israil-ve-abd-radar-ve-savunmasinin-onemli-bir-kismi-imha-edildi-fuzelerimizin-onundeki-zorluklar-azaldi\\\/#primaryimage\"},\"thumbnailUrl\":\"https:\\\/\\\/ajanscyprus.com\\\/wp-content\\\/uploads\\\/2026\\\/03\\\/iran-hurremsehr-4-fuzesi-2444301.jpg\",\"datePublished\":\"2026-03-11T18:15:42+00:00\",\"breadcrumb\":{\"@id\":\"https:\\\/\\\/ajanscyprus.com\\\/2026\\\/03\\\/11\\\/iran-israil-ve-abd-radar-ve-savunmasinin-onemli-bir-kismi-imha-edildi-fuzelerimizin-onundeki-zorluklar-azaldi\\\/#breadcrumb\"},\"inLanguage\":\"tr\",\"potentialAction\":[{\"@type\":\"ReadAction\",\"target\":[\"https:\\\/\\\/ajanscyprus.com\\\/2026\\\/03\\\/11\\\/iran-israil-ve-abd-radar-ve-savunmasinin-onemli-bir-kismi-imha-edildi-fuzelerimizin-onundeki-zorluklar-azaldi\\\/\"]}]},{\"@type\":\"ImageObject\",\"inLanguage\":\"tr\",\"@id\":\"https:\\\/\\\/ajanscyprus.com\\\/2026\\\/03\\\/11\\\/iran-israil-ve-abd-radar-ve-savunmasinin-onemli-bir-kismi-imha-edildi-fuzelerimizin-onundeki-zorluklar-azaldi\\\/#primaryimage\",\"url\":\"https:\\\/\\\/ajanscyprus.com\\\/wp-content\\\/uploads\\\/2026\\\/03\\\/iran-hurremsehr-4-fuzesi-2444301.jpg\",\"contentUrl\":\"https:\\\/\\\/ajanscyprus.com\\\/wp-content\\\/uploads\\\/2026\\\/03\\\/iran-hurremsehr-4-fuzesi-2444301.jpg\",\"width\":1280,\"height\":720},{\"@type\":\"BreadcrumbList\",\"@id\":\"https:\\\/\\\/ajanscyprus.com\\\/2026\\\/03\\\/11\\\/iran-israil-ve-abd-radar-ve-savunmasinin-onemli-bir-kismi-imha-edildi-fuzelerimizin-onundeki-zorluklar-azaldi\\\/#breadcrumb\",\"itemListElement\":[{\"@type\":\"ListItem\",\"position\":1,\"name\":\"Anasayfa\",\"item\":\"https:\\\/\\\/ajanscyprus.com\\\/\"},{\"@type\":\"ListItem\",\"position\":2,\"name\":\"\u0130ran: \u0130srail ve ABD radar ve savunmas\u0131n\u0131n \u00f6nemli bir k\u0131sm\u0131 imha edildi, f\u00fczelerimizin \u00f6n\u00fcndeki zorluklar azald\u0131\"}]},{\"@type\":\"WebSite\",\"@id\":\"https:\\\/\\\/ajanscyprus.com\\\/#website\",\"url\":\"https:\\\/\\\/ajanscyprus.com\\\/\",\"name\":\"Ajans Cyprus\",\"description\":\"\",\"publisher\":{\"@id\":\"https:\\\/\\\/ajanscyprus.com\\\/#organization\"},\"potentialAction\":[{\"@type\":\"SearchAction\",\"target\":{\"@type\":\"EntryPoint\",\"urlTemplate\":\"https:\\\/\\\/ajanscyprus.com\\\/?s={search_term_string}\"},\"query-input\":{\"@type\":\"PropertyValueSpecification\",\"valueRequired\":true,\"valueName\":\"search_term_string\"}}],\"inLanguage\":\"tr\"},{\"@type\":\"Organization\",\"@id\":\"https:\\\/\\\/ajanscyprus.com\\\/#organization\",\"name\":\"Ajans Cyprus\",\"alternateName\":\"Ajans Mira Turan Cyprus Media And Production\",\"url\":\"https:\\\/\\\/ajanscyprus.com\\\/\",\"logo\":{\"@type\":\"ImageObject\",\"inLanguage\":\"tr\",\"@id\":\"https:\\\/\\\/ajanscyprus.com\\\/#\\\/schema\\\/logo\\\/image\\\/\",\"url\":\"https:\\\/\\\/ajanscyprus.com\\\/wp-content\\\/uploads\\\/2023\\\/02\\\/AjansCyprus-yuvarlak-logo-e1676491087198.png\",\"contentUrl\":\"https:\\\/\\\/ajanscyprus.com\\\/wp-content\\\/uploads\\\/2023\\\/02\\\/AjansCyprus-yuvarlak-logo-e1676491087198.png\",\"width\":200,\"height\":200,\"caption\":\"Ajans Cyprus\"},\"image\":{\"@id\":\"https:\\\/\\\/ajanscyprus.com\\\/#\\\/schema\\\/logo\\\/image\\\/\"},\"sameAs\":[\"https:\\\/\\\/www.facebook.com\\\/AjansCyprusAC\",\"https:\\\/\\\/x.com\\\/AjansCyprus\"]},{\"@type\":\"Person\",\"@id\":\"https:\\\/\\\/ajanscyprus.com\\\/#\\\/schema\\\/person\\\/7a2e842cab5d700268eb209092eb3937\",\"name\":\"Ajans Cyprus\",\"image\":{\"@type\":\"ImageObject\",\"inLanguage\":\"tr\",\"@id\":\"https:\\\/\\\/ajanscyprus.com\\\/wp-content\\\/uploads\\\/2025\\\/06\\\/ajans-cyprus_avatar-96x96.png\",\"url\":\"https:\\\/\\\/ajanscyprus.com\\\/wp-content\\\/uploads\\\/2025\\\/06\\\/ajans-cyprus_avatar-96x96.png\",\"contentUrl\":\"https:\\\/\\\/ajanscyprus.com\\\/wp-content\\\/uploads\\\/2025\\\/06\\\/ajans-cyprus_avatar-96x96.png\",\"caption\":\"Ajans Cyprus\"},\"sameAs\":[\"http:\\\/\\\/ajanscyprus.com\"],\"url\":\"https:\\\/\\\/ajanscyprus.com\\\/author\\\/admin2\\\/\"}]}<\/script>\n<!-- \/ Yoast SEO plugin. -->","yoast_head_json":{"title":"\u0130ran: \u0130srail ve ABD radar ve savunmas\u0131n\u0131n \u00f6nemli bir k\u0131sm\u0131 imha edildi, f\u00fczelerimizin \u00f6n\u00fcndeki zorluklar azald\u0131 - Ajans Cyprus","robots":{"index":"index","follow":"follow","max-snippet":"max-snippet:-1","max-image-preview":"max-image-preview:large","max-video-preview":"max-video-preview:-1"},"canonical":"https:\/\/ajanscyprus.com\/2026\/03\/11\/iran-israil-ve-abd-radar-ve-savunmasinin-onemli-bir-kismi-imha-edildi-fuzelerimizin-onundeki-zorluklar-azaldi\/","og_locale":"tr_TR","og_type":"article","og_title":"\u0130ran: \u0130srail ve ABD radar ve savunmas\u0131n\u0131n \u00f6nemli bir k\u0131sm\u0131 imha edildi, f\u00fczelerimizin \u00f6n\u00fcndeki zorluklar azald\u0131 - Ajans Cyprus","og_description":"&#13; \u0130ran resmi haber ajans\u0131 IRNA\u2019n\u0131n haberine g\u00f6re, Ordu S\u00f6zc\u00fcs\u00fc Ekreminiya, \u0130srail ve ABD\u2019nin savunma sitemleri&#46;&#46;&#46;","og_url":"https:\/\/ajanscyprus.com\/2026\/03\/11\/iran-israil-ve-abd-radar-ve-savunmasinin-onemli-bir-kismi-imha-edildi-fuzelerimizin-onundeki-zorluklar-azaldi\/","og_site_name":"Ajans Cyprus","article_publisher":"https:\/\/www.facebook.com\/AjansCyprusAC","article_published_time":"2026-03-11T18:15:42+00:00","og_image":[{"width":1280,"height":720,"url":"https:\/\/ajanscyprus.com\/wp-content\/uploads\/2026\/03\/iran-hurremsehr-4-fuzesi-2444301.jpg","type":"image\/jpeg"}],"author":"Ajans Cyprus","twitter_card":"summary_large_image","twitter_creator":"@AjansCyprus","twitter_site":"@AjansCyprus","twitter_misc":{"Yazan:":"Ajans Cyprus","Tahmini okuma s\u00fcresi":"1 dakika"},"schema":{"@context":"https:\/\/schema.org","@graph":[{"@type":"Article","@id":"https:\/\/ajanscyprus.com\/2026\/03\/11\/iran-israil-ve-abd-radar-ve-savunmasinin-onemli-bir-kismi-imha-edildi-fuzelerimizin-onundeki-zorluklar-azaldi\/#article","isPartOf":{"@id":"https:\/\/ajanscyprus.com\/2026\/03\/11\/iran-israil-ve-abd-radar-ve-savunmasinin-onemli-bir-kismi-imha-edildi-fuzelerimizin-onundeki-zorluklar-azaldi\/"},"author":{"name":"Ajans Cyprus","@id":"https:\/\/ajanscyprus.com\/#\/schema\/person\/7a2e842cab5d700268eb209092eb3937"},"headline":"\u0130ran: \u0130srail ve ABD radar ve savunmas\u0131n\u0131n \u00f6nemli bir k\u0131sm\u0131 imha edildi, f\u00fczelerimizin \u00f6n\u00fcndeki zorluklar azald\u0131","datePublished":"2026-03-11T18:15:42+00:00","mainEntityOfPage":{"@id":"https:\/\/ajanscyprus.com\/2026\/03\/11\/iran-israil-ve-abd-radar-ve-savunmasinin-onemli-bir-kismi-imha-edildi-fuzelerimizin-onundeki-zorluklar-azaldi\/"},"wordCount":239,"publisher":{"@id":"https:\/\/ajanscyprus.com\/#organization"},"image":{"@id":"https:\/\/ajanscyprus.com\/2026\/03\/11\/iran-israil-ve-abd-radar-ve-savunmasinin-onemli-bir-kismi-imha-edildi-fuzelerimizin-onundeki-zorluklar-azaldi\/#primaryimage"},"thumbnailUrl":"https:\/\/ajanscyprus.com\/wp-content\/uploads\/2026\/03\/iran-hurremsehr-4-fuzesi-2444301.jpg","articleSection":["D\u00fcnya"],"inLanguage":"tr"},{"@type":"WebPage","@id":"https:\/\/ajanscyprus.com\/2026\/03\/11\/iran-israil-ve-abd-radar-ve-savunmasinin-onemli-bir-kismi-imha-edildi-fuzelerimizin-onundeki-zorluklar-azaldi\/","url":"https:\/\/ajanscyprus.com\/2026\/03\/11\/iran-israil-ve-abd-radar-ve-savunmasinin-onemli-bir-kismi-imha-edildi-fuzelerimizin-onundeki-zorluklar-azaldi\/","name":"\u0130ran: \u0130srail ve ABD radar ve savunmas\u0131n\u0131n \u00f6nemli bir k\u0131sm\u0131 imha edildi, f\u00fczelerimizin \u00f6n\u00fcndeki zorluklar azald\u0131 - Ajans Cyprus","isPartOf":{"@id":"https:\/\/ajanscyprus.com\/#website"},"primaryImageOfPage":{"@id":"https:\/\/ajanscyprus.com\/2026\/03\/11\/iran-israil-ve-abd-radar-ve-savunmasinin-onemli-bir-kismi-imha-edildi-fuzelerimizin-onundeki-zorluklar-azaldi\/#primaryimage"},"image":{"@id":"https:\/\/ajanscyprus.com\/2026\/03\/11\/iran-israil-ve-abd-radar-ve-savunmasinin-onemli-bir-kismi-imha-edildi-fuzelerimizin-onundeki-zorluklar-azaldi\/#primaryimage"},"thumbnailUrl":"https:\/\/ajanscyprus.com\/wp-content\/uploads\/2026\/03\/iran-hurremsehr-4-fuzesi-2444301.jpg","datePublished":"2026-03-11T18:15:42+00:00","breadcrumb":{"@id":"https:\/\/ajanscyprus.com\/2026\/03\/11\/iran-israil-ve-abd-radar-ve-savunmasinin-onemli-bir-kismi-imha-edildi-fuzelerimizin-onundeki-zorluklar-azaldi\/#breadcrumb"},"inLanguage":"tr","potentialAction":[{"@type":"ReadAction","target":["https:\/\/ajanscyprus.com\/2026\/03\/11\/iran-israil-ve-abd-radar-ve-savunmasinin-onemli-bir-kismi-imha-edildi-fuzelerimizin-onundeki-zorluklar-azaldi\/"]}]},{"@type":"ImageObject","inLanguage":"tr","@id":"https:\/\/ajanscyprus.com\/2026\/03\/11\/iran-israil-ve-abd-radar-ve-savunmasinin-onemli-bir-kismi-imha-edildi-fuzelerimizin-onundeki-zorluklar-azaldi\/#primaryimage","url":"https:\/\/ajanscyprus.com\/wp-content\/uploads\/2026\/03\/iran-hurremsehr-4-fuzesi-2444301.jpg","contentUrl":"https:\/\/ajanscyprus.com\/wp-content\/uploads\/2026\/03\/iran-hurremsehr-4-fuzesi-2444301.jpg","width":1280,"height":720},{"@type":"BreadcrumbList","@id":"https:\/\/ajanscyprus.com\/2026\/03\/11\/iran-israil-ve-abd-radar-ve-savunmasinin-onemli-bir-kismi-imha-edildi-fuzelerimizin-onundeki-zorluklar-azaldi\/#breadcrumb","itemListElement":[{"@type":"ListItem","position":1,"name":"Anasayfa","item":"https:\/\/ajanscyprus.com\/"},{"@type":"ListItem","position":2,"name":"\u0130ran: \u0130srail ve ABD radar ve savunmas\u0131n\u0131n \u00f6nemli bir k\u0131sm\u0131 imha edildi, f\u00fczelerimizin \u00f6n\u00fcndeki zorluklar azald\u0131"}]},{"@type":"WebSite","@id":"https:\/\/ajanscyprus.com\/#website","url":"https:\/\/ajanscyprus.com\/","name":"Ajans Cyprus","description":"","publisher":{"@id":"https:\/\/ajanscyprus.com\/#organization"},"potentialAction":[{"@type":"SearchAction","target":{"@type":"EntryPoint","urlTemplate":"https:\/\/ajanscyprus.com\/?s={search_term_string}"},"query-input":{"@type":"PropertyValueSpecification","valueRequired":true,"valueName":"search_term_string"}}],"inLanguage":"tr"},{"@type":"Organization","@id":"https:\/\/ajanscyprus.com\/#organization","name":"Ajans Cyprus","alternateName":"Ajans Mira Turan Cyprus Media And Production","url":"https:\/\/ajanscyprus.com\/","logo":{"@type":"ImageObject","inLanguage":"tr","@id":"https:\/\/ajanscyprus.com\/#\/schema\/logo\/image\/","url":"https:\/\/ajanscyprus.com\/wp-content\/uploads\/2023\/02\/AjansCyprus-yuvarlak-logo-e1676491087198.png","contentUrl":"https:\/\/ajanscyprus.com\/wp-content\/uploads\/2023\/02\/AjansCyprus-yuvarlak-logo-e1676491087198.png","width":200,"height":200,"caption":"Ajans Cyprus"},"image":{"@id":"https:\/\/ajanscyprus.com\/#\/schema\/logo\/image\/"},"sameAs":["https:\/\/www.facebook.com\/AjansCyprusAC","https:\/\/x.com\/AjansCyprus"]},{"@type":"Person","@id":"https:\/\/ajanscyprus.com\/#\/schema\/person\/7a2e842cab5d700268eb209092eb3937","name":"Ajans Cyprus","image":{"@type":"ImageObject","inLanguage":"tr","@id":"https:\/\/ajanscyprus.com\/wp-content\/uploads\/2025\/06\/ajans-cyprus_avatar-96x96.png","url":"https:\/\/ajanscyprus.com\/wp-content\/uploads\/2025\/06\/ajans-cyprus_avatar-96x96.png","contentUrl":"https:\/\/ajanscyprus.com\/wp-content\/uploads\/2025\/06\/ajans-cyprus_avatar-96x96.png","caption":"Ajans Cyprus"},"sameAs":["http:\/\/ajanscyprus.com"],"url":"https:\/\/ajanscyprus.com\/author\/admin2\/"}]}},"jetpack_publicize_connections":[],"_links":{"self":[{"href":"https:\/\/ajanscyprus.com\/wp-json\/wp\/v2\/posts\/194728","targetHints":{"allow":["GET"]}}],"collection":[{"href":"https:\/\/ajanscyprus.com\/wp-json\/wp\/v2\/posts"}],"about":[{"href":"https:\/\/ajanscyprus.com\/wp-json\/wp\/v2\/types\/post"}],"author":[{"embeddable":true,"href":"https:\/\/ajanscyprus.com\/wp-json\/wp\/v2\/users\/4"}],"replies":[{"embeddable":true,"href":"https:\/\/ajanscyprus.com\/wp-json\/wp\/v2\/comments?post=194728"}],"version-history":[{"count":0,"href":"https:\/\/ajanscyprus.com\/wp-json\/wp\/v2\/posts\/194728\/revisions"}],"wp:featuredmedia":[{"embeddable":true,"href":"https:\/\/ajanscyprus.com\/wp-json\/wp\/v2\/media\/194149"}],"wp:attachment":[{"href":"https:\/\/ajanscyprus.com\/wp-json\/wp\/v2\/media?parent=194728"}],"wp:term":[{"taxonomy":"category","embeddable":true,"href":"https:\/\/ajanscyprus.com\/wp-json\/wp\/v2\/categories?post=194728"},{"taxonomy":"post_tag","embeddable":true,"href":"https:\/\/ajanscyprus.com\/wp-json\/wp\/v2\/tags?post=194728"},{"taxonomy":"manset","embeddable":true,"href":"https:\/\/ajanscyprus.com\/wp-json\/wp\/v2\/manset?post=194728"}],"curies":[{"name":"wp","href":"https:\/\/api.w.org\/{rel}","templated":true}]}}