{"id":194729,"date":"2026-03-11T21:46:41","date_gmt":"2026-03-11T18:46:41","guid":{"rendered":"https:\/\/ajanscyprus.com\/index.php\/2026\/03\/11\/nyt-irandaki-okul-saldirisi-on-sorusturmaya-gore-abd-ordusunun-yanlis-hedeflemesi-sonucu-gerceklesmis\/"},"modified":"2026-03-11T21:46:41","modified_gmt":"2026-03-11T18:46:41","slug":"nyt-irandaki-okul-saldirisi-on-sorusturmaya-gore-abd-ordusunun-yanlis-hedeflemesi-sonucu-gerceklesmis","status":"publish","type":"post","link":"https:\/\/ajanscyprus.com\/2026\/03\/11\/nyt-irandaki-okul-saldirisi-on-sorusturmaya-gore-abd-ordusunun-yanlis-hedeflemesi-sonucu-gerceklesmis\/","title":{"rendered":"NYT: \u0130ran&#8217;daki okul sald\u0131r\u0131s\u0131 &#8220;\u00f6n soru\u015fturmaya g\u00f6re ABD ordusunun yanl\u0131\u015f hedeflemesi sonucu&#8221; ger\u00e7ekle\u015fmi\u015f"},"content":{"rendered":"<p><\/p>\n<div>\n<p>&#13;<br \/>\n\t\u0130smi a\u00e7\u0131klanmayan ABD&#8217;li yetkililer ve konuya dair bilgi sahibi kaynaklar, 28 \u015eubat&#8217;ta ger\u00e7ekle\u015ftirilen sald\u0131r\u0131yla ilgili NYT&#8217;ye konu\u015ftu.<\/p>\n<p>&#13;<br \/>\n\tABD&#8217;li yetkililere g\u00f6re, devam eden askeri soru\u015fturman\u0131n \u00f6n bulgular\u0131, \u0130ran Devrim Muhaf\u0131zlar\u0131 Ordusunun kulland\u0131\u011f\u0131 deniz \u00fcss\u00fcn\u00fc hedef alan operasyon s\u0131ras\u0131nda sald\u0131r\u0131n\u0131n s\u00f6z konusu okula &#8220;yanl\u0131\u015f hedefleme&#8221; sonucu ger\u00e7ekle\u015fti\u011fine i\u015faret ediyor.<\/p>\n<p>&#13;<br \/>\n\tBu kapsamda, ABD&#8217;li yetkililer, ABD Merkez Kuvvetler Komutanl\u0131\u011f\u0131&#8217;ndaki (CENTCOM) subaylar\u0131n, Savunma \u0130stihbarat Ajans\u0131&#8217;n\u0131n (DIA) sa\u011flad\u0131\u011f\u0131 g\u00fcncel olmayan verileri kullanarak sald\u0131r\u0131 koordinatlar\u0131n\u0131 belirledi\u011fini savundu.<\/p><div class=\"kanews-banner kanews-banner-single\"><img loading=\"lazy\" decoding=\"async\" src=\"https:\/\/ajanscyprus.com\/wp-content\/uploads\/2026\/04\/meRIT-bANNER.jpeg\" alt=\"\" width=\"970\" height=\"90\" class=\"alignnone size-full wp-image-62349\" \/><\/div>\n<p>&#13;<br \/>\n\tOkula y\u00f6nelik sald\u0131r\u0131n\u0131n yapay zeka modelleri ya da yeni teknolojilerden kaynaklanmad\u0131\u011f\u0131n\u0131 vurgulayan ABD&#8217;li yetkililer, bunun sava\u015f ortam\u0131nda zaman zaman g\u00f6r\u00fclen ve y\u0131k\u0131c\u0131 sonu\u00e7lar do\u011furabilen &#8220;insani bir hatan\u0131n \u00fcr\u00fcn\u00fc&#8221; oldu\u011funu kaydetti.<\/p>\n<p>&#13;<br \/>\n\tOkul binas\u0131n\u0131n askeri bir hedef olarak etiketlendi\u011fi bu eski verilerin neden tekrar kontrol edilmedi\u011fi bilinmezken, NYT&#8217;nin ara\u015ft\u0131rmas\u0131na g\u00f6re, s\u00f6z konusu okul binas\u0131, 2013-2016 y\u0131llar\u0131 aras\u0131nda askeri \u00fcsten ayr\u0131larak ba\u011f\u0131ms\u0131z hale geldi.<\/p>\n<p>&#13;<br \/>\n\tNYT&#8217;nin ula\u015ft\u0131\u011f\u0131 uydu g\u00f6r\u00fcnt\u00fcleri, binan\u0131n \u00e7evresindeki g\u00f6zetleme kulelerinin kald\u0131r\u0131ld\u0131\u011f\u0131n\u0131, \u00fc\u00e7 adet halka a\u00e7\u0131k giri\u015fin olu\u015fturuldu\u011funu, spor sahas\u0131 dahil oyun alanlar\u0131n\u0131n asfalt \u00fczerine \u00e7izildi\u011fini ve duvarlar\u0131n mavi ile pembeye boyand\u0131\u011f\u0131n\u0131 ortaya koyuyor.<\/p>\n<p>&#13;<br \/>\n\t\u00d6te yandan, sald\u0131r\u0131y\u0131 defalarca \u0130ran&#8217;a ba\u011flamaya \u00e7al\u0131\u015fan ABD Ba\u015fkan\u0131 Donald Trump, &#8220;G\u00f6rd\u00fcklerime dayanarak o sald\u0131r\u0131 \u0130ran taraf\u0131ndan yap\u0131ld\u0131. M\u00fchimmatlar\u0131nda hi\u00e7 isabet kabiliyeti yok.&#8221; ifadesini kullanm\u0131\u015ft\u0131.<\/p>\n<p>&#13;<br \/>\n\t\u0130ran devlet televizyonu, 28 \u015eubat&#8217;ta ABD ve \u0130srail&#8217;in H\u00fcrm\u00fczgan eyaletine ba\u011fl\u0131 Minab kentindeki \u015eeceret\u00fc&#8217;t-Tayyibe K\u0131z \u0130lkokulu&#8217;na sald\u0131r\u0131 d\u00fczenledi\u011fini duyurmu\u015ftu. Sald\u0131r\u0131da \u00e7o\u011fu \u00e7ocuk 175 ki\u015fi ya\u015fam\u0131n\u0131 yitirmi\u015fti.<\/p>\n<\/div>\n<p>Kaynak : TRT HABER<\/p>\n","protected":false},"excerpt":{"rendered":"<p>&#13; \u0130smi a\u00e7\u0131klanmayan ABD&#8217;li yetkililer ve konuya dair bilgi sahibi kaynaklar, 28 \u015eubat&#8217;ta ger\u00e7ekle\u015ftirilen sald\u0131r\u0131yla ilgili&#46;&#46;&#46;<\/p>\n","protected":false},"author":4,"featured_media":194730,"comment_status":"closed","ping_status":"closed","sticky":false,"template":"","format":"standard","meta":{"footnotes":"","jetpack_publicize_message":"","jetpack_publicize_feature_enabled":true,"jetpack_social_post_already_shared":true,"jetpack_social_options":{"image_generator_settings":{"template":"highway","default_image_id":0,"font":"","enabled":false},"version":2}},"categories":[44],"tags":[],"manset":[],"class_list":["post-194729","post","type-post","status-publish","format-standard","has-post-thumbnail","hentry","category-dunya"],"yoast_head":"<!-- This site is optimized with the Yoast SEO plugin v27.5 - https:\/\/yoast.com\/product\/yoast-seo-wordpress\/ -->\n<title>NYT: \u0130ran&#039;daki okul sald\u0131r\u0131s\u0131 &quot;\u00f6n soru\u015fturmaya g\u00f6re ABD ordusunun yanl\u0131\u015f hedeflemesi sonucu&quot; ger\u00e7ekle\u015fmi\u015f - Ajans Cyprus<\/title>\n<meta name=\"robots\" content=\"index, follow, max-snippet:-1, max-image-preview:large, max-video-preview:-1\" \/>\n<link rel=\"canonical\" href=\"https:\/\/ajanscyprus.com\/2026\/03\/11\/nyt-irandaki-okul-saldirisi-on-sorusturmaya-gore-abd-ordusunun-yanlis-hedeflemesi-sonucu-gerceklesmis\/\" \/>\n<meta property=\"og:locale\" content=\"tr_TR\" \/>\n<meta property=\"og:type\" content=\"article\" \/>\n<meta property=\"og:title\" content=\"NYT: \u0130ran&#039;daki okul sald\u0131r\u0131s\u0131 &quot;\u00f6n soru\u015fturmaya g\u00f6re ABD ordusunun yanl\u0131\u015f hedeflemesi sonucu&quot; ger\u00e7ekle\u015fmi\u015f - Ajans Cyprus\" \/>\n<meta property=\"og:description\" content=\"&#013; \u0130smi a\u00e7\u0131klanmayan ABD&#8217;li yetkililer ve konuya dair bilgi sahibi kaynaklar, 28 \u015eubat&#8217;ta ger\u00e7ekle\u015ftirilen sald\u0131r\u0131yla ilgili&#046;&#046;&#046;\" \/>\n<meta property=\"og:url\" content=\"https:\/\/ajanscyprus.com\/2026\/03\/11\/nyt-irandaki-okul-saldirisi-on-sorusturmaya-gore-abd-ordusunun-yanlis-hedeflemesi-sonucu-gerceklesmis\/\" \/>\n<meta property=\"og:site_name\" content=\"Ajans Cyprus\" \/>\n<meta property=\"article:publisher\" content=\"https:\/\/www.facebook.com\/AjansCyprusAC\" \/>\n<meta property=\"article:published_time\" content=\"2026-03-11T18:46:41+00:00\" \/>\n<meta property=\"og:image\" content=\"https:\/\/ajanscyprus.com\/wp-content\/uploads\/2026\/03\/iran-ilkokul-cenaze-2443526.jpg\" \/>\n\t<meta property=\"og:image:width\" content=\"1280\" \/>\n\t<meta property=\"og:image:height\" content=\"720\" \/>\n\t<meta property=\"og:image:type\" content=\"image\/jpeg\" \/>\n<meta name=\"author\" content=\"Ajans Cyprus\" \/>\n<meta name=\"twitter:card\" content=\"summary_large_image\" \/>\n<meta name=\"twitter:creator\" content=\"@AjansCyprus\" \/>\n<meta name=\"twitter:site\" content=\"@AjansCyprus\" \/>\n<meta name=\"twitter:label1\" content=\"Yazan:\" \/>\n\t<meta name=\"twitter:data1\" content=\"Ajans Cyprus\" \/>\n\t<meta name=\"twitter:label2\" content=\"Tahmini okuma s\u00fcresi\" \/>\n\t<meta name=\"twitter:data2\" content=\"2 dakika\" \/>\n<script type=\"application\/ld+json\" class=\"yoast-schema-graph\">{\"@context\":\"https:\\\/\\\/schema.org\",\"@graph\":[{\"@type\":\"Article\",\"@id\":\"https:\\\/\\\/ajanscyprus.com\\\/2026\\\/03\\\/11\\\/nyt-irandaki-okul-saldirisi-on-sorusturmaya-gore-abd-ordusunun-yanlis-hedeflemesi-sonucu-gerceklesmis\\\/#article\",\"isPartOf\":{\"@id\":\"https:\\\/\\\/ajanscyprus.com\\\/2026\\\/03\\\/11\\\/nyt-irandaki-okul-saldirisi-on-sorusturmaya-gore-abd-ordusunun-yanlis-hedeflemesi-sonucu-gerceklesmis\\\/\"},\"author\":{\"name\":\"Ajans Cyprus\",\"@id\":\"https:\\\/\\\/ajanscyprus.com\\\/#\\\/schema\\\/person\\\/7a2e842cab5d700268eb209092eb3937\"},\"headline\":\"NYT: \u0130ran&#8217;daki okul sald\u0131r\u0131s\u0131 &#8220;\u00f6n soru\u015fturmaya g\u00f6re ABD ordusunun yanl\u0131\u015f hedeflemesi sonucu&#8221; ger\u00e7ekle\u015fmi\u015f\",\"datePublished\":\"2026-03-11T18:46:41+00:00\",\"mainEntityOfPage\":{\"@id\":\"https:\\\/\\\/ajanscyprus.com\\\/2026\\\/03\\\/11\\\/nyt-irandaki-okul-saldirisi-on-sorusturmaya-gore-abd-ordusunun-yanlis-hedeflemesi-sonucu-gerceklesmis\\\/\"},\"wordCount\":350,\"publisher\":{\"@id\":\"https:\\\/\\\/ajanscyprus.com\\\/#organization\"},\"image\":{\"@id\":\"https:\\\/\\\/ajanscyprus.com\\\/2026\\\/03\\\/11\\\/nyt-irandaki-okul-saldirisi-on-sorusturmaya-gore-abd-ordusunun-yanlis-hedeflemesi-sonucu-gerceklesmis\\\/#primaryimage\"},\"thumbnailUrl\":\"https:\\\/\\\/ajanscyprus.com\\\/wp-content\\\/uploads\\\/2026\\\/03\\\/iran-ilkokul-cenaze-2443526.jpg\",\"articleSection\":[\"D\u00fcnya\"],\"inLanguage\":\"tr\"},{\"@type\":\"WebPage\",\"@id\":\"https:\\\/\\\/ajanscyprus.com\\\/2026\\\/03\\\/11\\\/nyt-irandaki-okul-saldirisi-on-sorusturmaya-gore-abd-ordusunun-yanlis-hedeflemesi-sonucu-gerceklesmis\\\/\",\"url\":\"https:\\\/\\\/ajanscyprus.com\\\/2026\\\/03\\\/11\\\/nyt-irandaki-okul-saldirisi-on-sorusturmaya-gore-abd-ordusunun-yanlis-hedeflemesi-sonucu-gerceklesmis\\\/\",\"name\":\"NYT: \u0130ran'daki okul sald\u0131r\u0131s\u0131 \\\"\u00f6n soru\u015fturmaya g\u00f6re ABD ordusunun yanl\u0131\u015f hedeflemesi sonucu\\\" ger\u00e7ekle\u015fmi\u015f - Ajans Cyprus\",\"isPartOf\":{\"@id\":\"https:\\\/\\\/ajanscyprus.com\\\/#website\"},\"primaryImageOfPage\":{\"@id\":\"https:\\\/\\\/ajanscyprus.com\\\/2026\\\/03\\\/11\\\/nyt-irandaki-okul-saldirisi-on-sorusturmaya-gore-abd-ordusunun-yanlis-hedeflemesi-sonucu-gerceklesmis\\\/#primaryimage\"},\"image\":{\"@id\":\"https:\\\/\\\/ajanscyprus.com\\\/2026\\\/03\\\/11\\\/nyt-irandaki-okul-saldirisi-on-sorusturmaya-gore-abd-ordusunun-yanlis-hedeflemesi-sonucu-gerceklesmis\\\/#primaryimage\"},\"thumbnailUrl\":\"https:\\\/\\\/ajanscyprus.com\\\/wp-content\\\/uploads\\\/2026\\\/03\\\/iran-ilkokul-cenaze-2443526.jpg\",\"datePublished\":\"2026-03-11T18:46:41+00:00\",\"breadcrumb\":{\"@id\":\"https:\\\/\\\/ajanscyprus.com\\\/2026\\\/03\\\/11\\\/nyt-irandaki-okul-saldirisi-on-sorusturmaya-gore-abd-ordusunun-yanlis-hedeflemesi-sonucu-gerceklesmis\\\/#breadcrumb\"},\"inLanguage\":\"tr\",\"potentialAction\":[{\"@type\":\"ReadAction\",\"target\":[\"https:\\\/\\\/ajanscyprus.com\\\/2026\\\/03\\\/11\\\/nyt-irandaki-okul-saldirisi-on-sorusturmaya-gore-abd-ordusunun-yanlis-hedeflemesi-sonucu-gerceklesmis\\\/\"]}]},{\"@type\":\"ImageObject\",\"inLanguage\":\"tr\",\"@id\":\"https:\\\/\\\/ajanscyprus.com\\\/2026\\\/03\\\/11\\\/nyt-irandaki-okul-saldirisi-on-sorusturmaya-gore-abd-ordusunun-yanlis-hedeflemesi-sonucu-gerceklesmis\\\/#primaryimage\",\"url\":\"https:\\\/\\\/ajanscyprus.com\\\/wp-content\\\/uploads\\\/2026\\\/03\\\/iran-ilkokul-cenaze-2443526.jpg\",\"contentUrl\":\"https:\\\/\\\/ajanscyprus.com\\\/wp-content\\\/uploads\\\/2026\\\/03\\\/iran-ilkokul-cenaze-2443526.jpg\",\"width\":1280,\"height\":720},{\"@type\":\"BreadcrumbList\",\"@id\":\"https:\\\/\\\/ajanscyprus.com\\\/2026\\\/03\\\/11\\\/nyt-irandaki-okul-saldirisi-on-sorusturmaya-gore-abd-ordusunun-yanlis-hedeflemesi-sonucu-gerceklesmis\\\/#breadcrumb\",\"itemListElement\":[{\"@type\":\"ListItem\",\"position\":1,\"name\":\"Anasayfa\",\"item\":\"https:\\\/\\\/ajanscyprus.com\\\/\"},{\"@type\":\"ListItem\",\"position\":2,\"name\":\"NYT: \u0130ran&#8217;daki okul sald\u0131r\u0131s\u0131 &#8220;\u00f6n soru\u015fturmaya g\u00f6re ABD ordusunun yanl\u0131\u015f hedeflemesi sonucu&#8221; ger\u00e7ekle\u015fmi\u015f\"}]},{\"@type\":\"WebSite\",\"@id\":\"https:\\\/\\\/ajanscyprus.com\\\/#website\",\"url\":\"https:\\\/\\\/ajanscyprus.com\\\/\",\"name\":\"Ajans Cyprus\",\"description\":\"\",\"publisher\":{\"@id\":\"https:\\\/\\\/ajanscyprus.com\\\/#organization\"},\"potentialAction\":[{\"@type\":\"SearchAction\",\"target\":{\"@type\":\"EntryPoint\",\"urlTemplate\":\"https:\\\/\\\/ajanscyprus.com\\\/?s={search_term_string}\"},\"query-input\":{\"@type\":\"PropertyValueSpecification\",\"valueRequired\":true,\"valueName\":\"search_term_string\"}}],\"inLanguage\":\"tr\"},{\"@type\":\"Organization\",\"@id\":\"https:\\\/\\\/ajanscyprus.com\\\/#organization\",\"name\":\"Ajans Cyprus\",\"alternateName\":\"Ajans Mira Turan Cyprus Media And Production\",\"url\":\"https:\\\/\\\/ajanscyprus.com\\\/\",\"logo\":{\"@type\":\"ImageObject\",\"inLanguage\":\"tr\",\"@id\":\"https:\\\/\\\/ajanscyprus.com\\\/#\\\/schema\\\/logo\\\/image\\\/\",\"url\":\"https:\\\/\\\/ajanscyprus.com\\\/wp-content\\\/uploads\\\/2023\\\/02\\\/AjansCyprus-yuvarlak-logo-e1676491087198.png\",\"contentUrl\":\"https:\\\/\\\/ajanscyprus.com\\\/wp-content\\\/uploads\\\/2023\\\/02\\\/AjansCyprus-yuvarlak-logo-e1676491087198.png\",\"width\":200,\"height\":200,\"caption\":\"Ajans Cyprus\"},\"image\":{\"@id\":\"https:\\\/\\\/ajanscyprus.com\\\/#\\\/schema\\\/logo\\\/image\\\/\"},\"sameAs\":[\"https:\\\/\\\/www.facebook.com\\\/AjansCyprusAC\",\"https:\\\/\\\/x.com\\\/AjansCyprus\"]},{\"@type\":\"Person\",\"@id\":\"https:\\\/\\\/ajanscyprus.com\\\/#\\\/schema\\\/person\\\/7a2e842cab5d700268eb209092eb3937\",\"name\":\"Ajans Cyprus\",\"image\":{\"@type\":\"ImageObject\",\"inLanguage\":\"tr\",\"@id\":\"https:\\\/\\\/ajanscyprus.com\\\/wp-content\\\/uploads\\\/2025\\\/06\\\/ajans-cyprus_avatar-96x96.png\",\"url\":\"https:\\\/\\\/ajanscyprus.com\\\/wp-content\\\/uploads\\\/2025\\\/06\\\/ajans-cyprus_avatar-96x96.png\",\"contentUrl\":\"https:\\\/\\\/ajanscyprus.com\\\/wp-content\\\/uploads\\\/2025\\\/06\\\/ajans-cyprus_avatar-96x96.png\",\"caption\":\"Ajans Cyprus\"},\"sameAs\":[\"http:\\\/\\\/ajanscyprus.com\"],\"url\":\"https:\\\/\\\/ajanscyprus.com\\\/author\\\/admin2\\\/\"}]}<\/script>\n<!-- \/ Yoast SEO plugin. -->","yoast_head_json":{"title":"NYT: \u0130ran'daki okul sald\u0131r\u0131s\u0131 \"\u00f6n soru\u015fturmaya g\u00f6re ABD ordusunun yanl\u0131\u015f hedeflemesi sonucu\" ger\u00e7ekle\u015fmi\u015f - Ajans Cyprus","robots":{"index":"index","follow":"follow","max-snippet":"max-snippet:-1","max-image-preview":"max-image-preview:large","max-video-preview":"max-video-preview:-1"},"canonical":"https:\/\/ajanscyprus.com\/2026\/03\/11\/nyt-irandaki-okul-saldirisi-on-sorusturmaya-gore-abd-ordusunun-yanlis-hedeflemesi-sonucu-gerceklesmis\/","og_locale":"tr_TR","og_type":"article","og_title":"NYT: \u0130ran'daki okul sald\u0131r\u0131s\u0131 \"\u00f6n soru\u015fturmaya g\u00f6re ABD ordusunun yanl\u0131\u015f hedeflemesi sonucu\" ger\u00e7ekle\u015fmi\u015f - Ajans Cyprus","og_description":"&#13; \u0130smi a\u00e7\u0131klanmayan ABD&#8217;li yetkililer ve konuya dair bilgi sahibi kaynaklar, 28 \u015eubat&#8217;ta ger\u00e7ekle\u015ftirilen sald\u0131r\u0131yla ilgili&#46;&#46;&#46;","og_url":"https:\/\/ajanscyprus.com\/2026\/03\/11\/nyt-irandaki-okul-saldirisi-on-sorusturmaya-gore-abd-ordusunun-yanlis-hedeflemesi-sonucu-gerceklesmis\/","og_site_name":"Ajans Cyprus","article_publisher":"https:\/\/www.facebook.com\/AjansCyprusAC","article_published_time":"2026-03-11T18:46:41+00:00","og_image":[{"width":1280,"height":720,"url":"https:\/\/ajanscyprus.com\/wp-content\/uploads\/2026\/03\/iran-ilkokul-cenaze-2443526.jpg","type":"image\/jpeg"}],"author":"Ajans Cyprus","twitter_card":"summary_large_image","twitter_creator":"@AjansCyprus","twitter_site":"@AjansCyprus","twitter_misc":{"Yazan:":"Ajans Cyprus","Tahmini okuma s\u00fcresi":"2 dakika"},"schema":{"@context":"https:\/\/schema.org","@graph":[{"@type":"Article","@id":"https:\/\/ajanscyprus.com\/2026\/03\/11\/nyt-irandaki-okul-saldirisi-on-sorusturmaya-gore-abd-ordusunun-yanlis-hedeflemesi-sonucu-gerceklesmis\/#article","isPartOf":{"@id":"https:\/\/ajanscyprus.com\/2026\/03\/11\/nyt-irandaki-okul-saldirisi-on-sorusturmaya-gore-abd-ordusunun-yanlis-hedeflemesi-sonucu-gerceklesmis\/"},"author":{"name":"Ajans Cyprus","@id":"https:\/\/ajanscyprus.com\/#\/schema\/person\/7a2e842cab5d700268eb209092eb3937"},"headline":"NYT: \u0130ran&#8217;daki okul sald\u0131r\u0131s\u0131 &#8220;\u00f6n soru\u015fturmaya g\u00f6re ABD ordusunun yanl\u0131\u015f hedeflemesi sonucu&#8221; ger\u00e7ekle\u015fmi\u015f","datePublished":"2026-03-11T18:46:41+00:00","mainEntityOfPage":{"@id":"https:\/\/ajanscyprus.com\/2026\/03\/11\/nyt-irandaki-okul-saldirisi-on-sorusturmaya-gore-abd-ordusunun-yanlis-hedeflemesi-sonucu-gerceklesmis\/"},"wordCount":350,"publisher":{"@id":"https:\/\/ajanscyprus.com\/#organization"},"image":{"@id":"https:\/\/ajanscyprus.com\/2026\/03\/11\/nyt-irandaki-okul-saldirisi-on-sorusturmaya-gore-abd-ordusunun-yanlis-hedeflemesi-sonucu-gerceklesmis\/#primaryimage"},"thumbnailUrl":"https:\/\/ajanscyprus.com\/wp-content\/uploads\/2026\/03\/iran-ilkokul-cenaze-2443526.jpg","articleSection":["D\u00fcnya"],"inLanguage":"tr"},{"@type":"WebPage","@id":"https:\/\/ajanscyprus.com\/2026\/03\/11\/nyt-irandaki-okul-saldirisi-on-sorusturmaya-gore-abd-ordusunun-yanlis-hedeflemesi-sonucu-gerceklesmis\/","url":"https:\/\/ajanscyprus.com\/2026\/03\/11\/nyt-irandaki-okul-saldirisi-on-sorusturmaya-gore-abd-ordusunun-yanlis-hedeflemesi-sonucu-gerceklesmis\/","name":"NYT: \u0130ran'daki okul sald\u0131r\u0131s\u0131 \"\u00f6n soru\u015fturmaya g\u00f6re ABD ordusunun yanl\u0131\u015f hedeflemesi sonucu\" ger\u00e7ekle\u015fmi\u015f - Ajans Cyprus","isPartOf":{"@id":"https:\/\/ajanscyprus.com\/#website"},"primaryImageOfPage":{"@id":"https:\/\/ajanscyprus.com\/2026\/03\/11\/nyt-irandaki-okul-saldirisi-on-sorusturmaya-gore-abd-ordusunun-yanlis-hedeflemesi-sonucu-gerceklesmis\/#primaryimage"},"image":{"@id":"https:\/\/ajanscyprus.com\/2026\/03\/11\/nyt-irandaki-okul-saldirisi-on-sorusturmaya-gore-abd-ordusunun-yanlis-hedeflemesi-sonucu-gerceklesmis\/#primaryimage"},"thumbnailUrl":"https:\/\/ajanscyprus.com\/wp-content\/uploads\/2026\/03\/iran-ilkokul-cenaze-2443526.jpg","datePublished":"2026-03-11T18:46:41+00:00","breadcrumb":{"@id":"https:\/\/ajanscyprus.com\/2026\/03\/11\/nyt-irandaki-okul-saldirisi-on-sorusturmaya-gore-abd-ordusunun-yanlis-hedeflemesi-sonucu-gerceklesmis\/#breadcrumb"},"inLanguage":"tr","potentialAction":[{"@type":"ReadAction","target":["https:\/\/ajanscyprus.com\/2026\/03\/11\/nyt-irandaki-okul-saldirisi-on-sorusturmaya-gore-abd-ordusunun-yanlis-hedeflemesi-sonucu-gerceklesmis\/"]}]},{"@type":"ImageObject","inLanguage":"tr","@id":"https:\/\/ajanscyprus.com\/2026\/03\/11\/nyt-irandaki-okul-saldirisi-on-sorusturmaya-gore-abd-ordusunun-yanlis-hedeflemesi-sonucu-gerceklesmis\/#primaryimage","url":"https:\/\/ajanscyprus.com\/wp-content\/uploads\/2026\/03\/iran-ilkokul-cenaze-2443526.jpg","contentUrl":"https:\/\/ajanscyprus.com\/wp-content\/uploads\/2026\/03\/iran-ilkokul-cenaze-2443526.jpg","width":1280,"height":720},{"@type":"BreadcrumbList","@id":"https:\/\/ajanscyprus.com\/2026\/03\/11\/nyt-irandaki-okul-saldirisi-on-sorusturmaya-gore-abd-ordusunun-yanlis-hedeflemesi-sonucu-gerceklesmis\/#breadcrumb","itemListElement":[{"@type":"ListItem","position":1,"name":"Anasayfa","item":"https:\/\/ajanscyprus.com\/"},{"@type":"ListItem","position":2,"name":"NYT: \u0130ran&#8217;daki okul sald\u0131r\u0131s\u0131 &#8220;\u00f6n soru\u015fturmaya g\u00f6re ABD ordusunun yanl\u0131\u015f hedeflemesi sonucu&#8221; ger\u00e7ekle\u015fmi\u015f"}]},{"@type":"WebSite","@id":"https:\/\/ajanscyprus.com\/#website","url":"https:\/\/ajanscyprus.com\/","name":"Ajans Cyprus","description":"","publisher":{"@id":"https:\/\/ajanscyprus.com\/#organization"},"potentialAction":[{"@type":"SearchAction","target":{"@type":"EntryPoint","urlTemplate":"https:\/\/ajanscyprus.com\/?s={search_term_string}"},"query-input":{"@type":"PropertyValueSpecification","valueRequired":true,"valueName":"search_term_string"}}],"inLanguage":"tr"},{"@type":"Organization","@id":"https:\/\/ajanscyprus.com\/#organization","name":"Ajans Cyprus","alternateName":"Ajans Mira Turan Cyprus Media And Production","url":"https:\/\/ajanscyprus.com\/","logo":{"@type":"ImageObject","inLanguage":"tr","@id":"https:\/\/ajanscyprus.com\/#\/schema\/logo\/image\/","url":"https:\/\/ajanscyprus.com\/wp-content\/uploads\/2023\/02\/AjansCyprus-yuvarlak-logo-e1676491087198.png","contentUrl":"https:\/\/ajanscyprus.com\/wp-content\/uploads\/2023\/02\/AjansCyprus-yuvarlak-logo-e1676491087198.png","width":200,"height":200,"caption":"Ajans Cyprus"},"image":{"@id":"https:\/\/ajanscyprus.com\/#\/schema\/logo\/image\/"},"sameAs":["https:\/\/www.facebook.com\/AjansCyprusAC","https:\/\/x.com\/AjansCyprus"]},{"@type":"Person","@id":"https:\/\/ajanscyprus.com\/#\/schema\/person\/7a2e842cab5d700268eb209092eb3937","name":"Ajans Cyprus","image":{"@type":"ImageObject","inLanguage":"tr","@id":"https:\/\/ajanscyprus.com\/wp-content\/uploads\/2025\/06\/ajans-cyprus_avatar-96x96.png","url":"https:\/\/ajanscyprus.com\/wp-content\/uploads\/2025\/06\/ajans-cyprus_avatar-96x96.png","contentUrl":"https:\/\/ajanscyprus.com\/wp-content\/uploads\/2025\/06\/ajans-cyprus_avatar-96x96.png","caption":"Ajans Cyprus"},"sameAs":["http:\/\/ajanscyprus.com"],"url":"https:\/\/ajanscyprus.com\/author\/admin2\/"}]}},"jetpack_publicize_connections":[],"_links":{"self":[{"href":"https:\/\/ajanscyprus.com\/wp-json\/wp\/v2\/posts\/194729","targetHints":{"allow":["GET"]}}],"collection":[{"href":"https:\/\/ajanscyprus.com\/wp-json\/wp\/v2\/posts"}],"about":[{"href":"https:\/\/ajanscyprus.com\/wp-json\/wp\/v2\/types\/post"}],"author":[{"embeddable":true,"href":"https:\/\/ajanscyprus.com\/wp-json\/wp\/v2\/users\/4"}],"replies":[{"embeddable":true,"href":"https:\/\/ajanscyprus.com\/wp-json\/wp\/v2\/comments?post=194729"}],"version-history":[{"count":0,"href":"https:\/\/ajanscyprus.com\/wp-json\/wp\/v2\/posts\/194729\/revisions"}],"wp:featuredmedia":[{"embeddable":true,"href":"https:\/\/ajanscyprus.com\/wp-json\/wp\/v2\/media\/194730"}],"wp:attachment":[{"href":"https:\/\/ajanscyprus.com\/wp-json\/wp\/v2\/media?parent=194729"}],"wp:term":[{"taxonomy":"category","embeddable":true,"href":"https:\/\/ajanscyprus.com\/wp-json\/wp\/v2\/categories?post=194729"},{"taxonomy":"post_tag","embeddable":true,"href":"https:\/\/ajanscyprus.com\/wp-json\/wp\/v2\/tags?post=194729"},{"taxonomy":"manset","embeddable":true,"href":"https:\/\/ajanscyprus.com\/wp-json\/wp\/v2\/manset?post=194729"}],"curies":[{"name":"wp","href":"https:\/\/api.w.org\/{rel}","templated":true}]}}