{"id":197940,"date":"2026-04-09T12:22:43","date_gmt":"2026-04-09T09:22:43","guid":{"rendered":"https:\/\/ajanscyprus.com\/index.php\/2026\/04\/09\/iranin-islamabad-buyukelcisi-iran-heyetinin-pakistana-gidecegine-iliskin-paylasimini-sildi\/"},"modified":"2026-04-09T12:22:43","modified_gmt":"2026-04-09T09:22:43","slug":"iranin-islamabad-buyukelcisi-iran-heyetinin-pakistana-gidecegine-iliskin-paylasimini-sildi","status":"publish","type":"post","link":"https:\/\/ajanscyprus.com\/2026\/04\/09\/iranin-islamabad-buyukelcisi-iran-heyetinin-pakistana-gidecegine-iliskin-paylasimini-sildi\/","title":{"rendered":"\u0130ran&#8217;\u0131n \u0130slamabad B\u00fcy\u00fckel\u00e7isi, \u0130ran heyetinin Pakistan&#8217;a gidece\u011fine ili\u015fkin payla\u015f\u0131m\u0131n\u0131 sildi"},"content":{"rendered":"<p><\/p>\n<div>\n<p>&#13;<br \/>\n\tMukaddem, X sosyal medya platformundan yapt\u0131\u011f\u0131 ve daha sonra kald\u0131rd\u0131\u011f\u0131 payla\u015f\u0131m\u0131nda, \u0130srail\u2019in, diplomatik giri\u015fimleri sabote etmek i\u00e7in ABD ile var\u0131lan ate\u015fkesi ihlal etti\u011fini, bu nedenle \u0130ran kamuoyunda \u015f\u00fcpheler olu\u015ftu\u011funu ifade etti.<\/p>\n<p>&#13;<br \/>\n\tMukaddem, \u201cKamuoyunda \u015f\u00fcpheler olu\u015fsa da \u0130ran heyeti, Say\u0131n \u015eahbaz \u015eerif\u2019in daveti \u00fczerine, \u0130ran taraf\u0131ndan \u00f6nerilen 10 maddeye dayal\u0131 g\u00f6r\u00fc\u015fmeler i\u00e7in bu gece \u0130slamabad\u2019a geliyor\u201d bilgisine yer vermi\u015fti.<\/p>\n<h2>&#13;<br \/>\n\tABD-\u0130ran aras\u0131nda \u0130srail\u2019i de kapsayan ge\u00e7ici ate\u015fkes<\/h2>\n<p>&#13;<br \/>\n\tABD ve \u0130srail\u2019in \u0130ran\u2019a 28 \u015eubat\u2019ta ba\u015flatt\u0131\u011f\u0131 sald\u0131r\u0131lar\u0131n ard\u0131ndan \u0130ran\u2019\u0131n misillemeleri ile baz\u0131 b\u00f6lge \u00fclkelerine d\u00fczenledi\u011fi sald\u0131r\u0131larla sava\u015fa d\u00f6n\u00fc\u015fen s\u00fcre\u00e7te, ABD Ba\u015fkan\u0131 Donald Trump, 8 Nisan\u2019da 01.30 sular\u0131nda ate\u015fkesi kabul etti\u011fini duyurdu.<\/p><div class=\"kanews-banner kanews-banner-single\"><img loading=\"lazy\" decoding=\"async\" src=\"https:\/\/ajanscyprus.com\/wp-content\/uploads\/2026\/04\/meRIT-bANNER.jpeg\" alt=\"\" width=\"970\" height=\"90\" class=\"alignnone size-full wp-image-62349\" \/><\/div>\n<p>&#13;<br \/>\n\tTrump, H\u00fcrm\u00fcz Bo\u011faz\u0131&#8217;n\u0131n a\u00e7\u0131lmas\u0131 \u015fart\u0131yla 2 haftal\u0131k ate\u015fkesi kabul ettiklerini, \u0130ran\u2019dan 10 maddelik teklif ald\u0131klar\u0131n\u0131 ve bunun m\u00fczakere i\u00e7in uygulanabilir bir temel oldu\u011funu ifade etti.<\/p>\n<p>&#13;<br \/>\n\t\u201c\u0130ran&#8217;\u0131n sava\u015ftaki hedeflerine ula\u015ft\u0131\u011f\u0131&#8221; a\u00e7\u0131klamas\u0131nda bulunan \u0130ran Ulusal G\u00fcvenlik Y\u00fcksek Konseyi de nihai m\u00fczakerelerin \u0130slamabad\u2019da en fazla 15 g\u00fcn i\u00e7inde sonu\u00e7land\u0131r\u0131lmas\u0131n\u0131n hedeflendi\u011fini bildirdi.<\/p>\n<p>&#13;<br \/>\n\tT\u00fcrkiye, Pakistan ve M\u0131s\u0131r; ABD-\u0130ran aras\u0131ndaki mesaj al\u0131\u015fveri\u015finin s\u00fcrmesi ve sonuca ula\u015fmas\u0131 i\u00e7in yo\u011fun \u00e7aba g\u00f6sterdi.<\/p>\n<p>&#13;<br \/>\n\tGe\u00e7ici ate\u015fkesi destekledi\u011fini a\u00e7\u0131klayan \u0130srail y\u00f6netimi ise uzla\u015fmaya L\u00fcbnan konusunun dahil olmad\u0131\u011f\u0131n\u0131 savunarak L\u00fcbnan\u2019a y\u00f6nelik sald\u0131r\u0131lar\u0131n\u0131 s\u00fcrd\u00fcr\u00fcyor.<\/p>\n<\/div>\n<p>Kaynak : TRT HABER<\/p>\n","protected":false},"excerpt":{"rendered":"<p>&#13; Mukaddem, X sosyal medya platformundan yapt\u0131\u011f\u0131 ve daha sonra kald\u0131rd\u0131\u011f\u0131 payla\u015f\u0131m\u0131nda, \u0130srail\u2019in, diplomatik giri\u015fimleri sabote&#46;&#46;&#46;<\/p>\n","protected":false},"author":4,"featured_media":193057,"comment_status":"closed","ping_status":"closed","sticky":false,"template":"","format":"standard","meta":{"footnotes":"","jetpack_publicize_message":"","jetpack_publicize_feature_enabled":true,"jetpack_social_post_already_shared":true,"jetpack_social_options":{"image_generator_settings":{"template":"highway","default_image_id":0,"font":"","enabled":false},"version":2}},"categories":[44],"tags":[],"manset":[],"class_list":["post-197940","post","type-post","status-publish","format-standard","has-post-thumbnail","hentry","category-dunya"],"yoast_head":"<!-- This site is optimized with the Yoast SEO plugin v27.5 - https:\/\/yoast.com\/product\/yoast-seo-wordpress\/ -->\n<title>\u0130ran&#039;\u0131n \u0130slamabad B\u00fcy\u00fckel\u00e7isi, \u0130ran heyetinin Pakistan&#039;a gidece\u011fine ili\u015fkin payla\u015f\u0131m\u0131n\u0131 sildi - Ajans Cyprus<\/title>\n<meta name=\"robots\" content=\"index, follow, max-snippet:-1, max-image-preview:large, max-video-preview:-1\" \/>\n<link rel=\"canonical\" href=\"https:\/\/ajanscyprus.com\/2026\/04\/09\/iranin-islamabad-buyukelcisi-iran-heyetinin-pakistana-gidecegine-iliskin-paylasimini-sildi\/\" \/>\n<meta property=\"og:locale\" content=\"tr_TR\" \/>\n<meta property=\"og:type\" content=\"article\" \/>\n<meta property=\"og:title\" content=\"\u0130ran&#039;\u0131n \u0130slamabad B\u00fcy\u00fckel\u00e7isi, \u0130ran heyetinin Pakistan&#039;a gidece\u011fine ili\u015fkin payla\u015f\u0131m\u0131n\u0131 sildi - Ajans Cyprus\" \/>\n<meta property=\"og:description\" content=\"&#013; Mukaddem, X sosyal medya platformundan yapt\u0131\u011f\u0131 ve daha sonra kald\u0131rd\u0131\u011f\u0131 payla\u015f\u0131m\u0131nda, \u0130srail\u2019in, diplomatik giri\u015fimleri sabote&#046;&#046;&#046;\" \/>\n<meta property=\"og:url\" content=\"https:\/\/ajanscyprus.com\/2026\/04\/09\/iranin-islamabad-buyukelcisi-iran-heyetinin-pakistana-gidecegine-iliskin-paylasimini-sildi\/\" \/>\n<meta property=\"og:site_name\" content=\"Ajans Cyprus\" \/>\n<meta property=\"article:publisher\" content=\"https:\/\/www.facebook.com\/AjansCyprusAC\" \/>\n<meta property=\"article:published_time\" content=\"2026-04-09T09:22:43+00:00\" \/>\n<meta property=\"og:image\" content=\"https:\/\/ajanscyprus.com\/wp-content\/uploads\/2026\/02\/2442138.jpg\" \/>\n\t<meta property=\"og:image:width\" content=\"1280\" \/>\n\t<meta property=\"og:image:height\" content=\"720\" \/>\n\t<meta property=\"og:image:type\" content=\"image\/jpeg\" \/>\n<meta name=\"author\" content=\"Ajans Cyprus\" \/>\n<meta name=\"twitter:card\" content=\"summary_large_image\" \/>\n<meta name=\"twitter:creator\" content=\"@AjansCyprus\" \/>\n<meta name=\"twitter:site\" content=\"@AjansCyprus\" \/>\n<meta name=\"twitter:label1\" content=\"Yazan:\" \/>\n\t<meta name=\"twitter:data1\" content=\"Ajans Cyprus\" \/>\n\t<meta name=\"twitter:label2\" content=\"Tahmini okuma s\u00fcresi\" \/>\n\t<meta name=\"twitter:data2\" content=\"1 dakika\" \/>\n<script type=\"application\/ld+json\" class=\"yoast-schema-graph\">{\"@context\":\"https:\\\/\\\/schema.org\",\"@graph\":[{\"@type\":\"Article\",\"@id\":\"https:\\\/\\\/ajanscyprus.com\\\/2026\\\/04\\\/09\\\/iranin-islamabad-buyukelcisi-iran-heyetinin-pakistana-gidecegine-iliskin-paylasimini-sildi\\\/#article\",\"isPartOf\":{\"@id\":\"https:\\\/\\\/ajanscyprus.com\\\/2026\\\/04\\\/09\\\/iranin-islamabad-buyukelcisi-iran-heyetinin-pakistana-gidecegine-iliskin-paylasimini-sildi\\\/\"},\"author\":{\"name\":\"Ajans Cyprus\",\"@id\":\"https:\\\/\\\/ajanscyprus.com\\\/#\\\/schema\\\/person\\\/7a2e842cab5d700268eb209092eb3937\"},\"headline\":\"\u0130ran&#8217;\u0131n \u0130slamabad B\u00fcy\u00fckel\u00e7isi, \u0130ran heyetinin Pakistan&#8217;a gidece\u011fine ili\u015fkin payla\u015f\u0131m\u0131n\u0131 sildi\",\"datePublished\":\"2026-04-09T09:22:43+00:00\",\"mainEntityOfPage\":{\"@id\":\"https:\\\/\\\/ajanscyprus.com\\\/2026\\\/04\\\/09\\\/iranin-islamabad-buyukelcisi-iran-heyetinin-pakistana-gidecegine-iliskin-paylasimini-sildi\\\/\"},\"wordCount\":303,\"publisher\":{\"@id\":\"https:\\\/\\\/ajanscyprus.com\\\/#organization\"},\"image\":{\"@id\":\"https:\\\/\\\/ajanscyprus.com\\\/2026\\\/04\\\/09\\\/iranin-islamabad-buyukelcisi-iran-heyetinin-pakistana-gidecegine-iliskin-paylasimini-sildi\\\/#primaryimage\"},\"thumbnailUrl\":\"https:\\\/\\\/ajanscyprus.com\\\/wp-content\\\/uploads\\\/2026\\\/02\\\/2442138.jpg\",\"articleSection\":[\"D\u00fcnya\"],\"inLanguage\":\"tr\"},{\"@type\":\"WebPage\",\"@id\":\"https:\\\/\\\/ajanscyprus.com\\\/2026\\\/04\\\/09\\\/iranin-islamabad-buyukelcisi-iran-heyetinin-pakistana-gidecegine-iliskin-paylasimini-sildi\\\/\",\"url\":\"https:\\\/\\\/ajanscyprus.com\\\/2026\\\/04\\\/09\\\/iranin-islamabad-buyukelcisi-iran-heyetinin-pakistana-gidecegine-iliskin-paylasimini-sildi\\\/\",\"name\":\"\u0130ran'\u0131n \u0130slamabad B\u00fcy\u00fckel\u00e7isi, \u0130ran heyetinin Pakistan'a gidece\u011fine ili\u015fkin payla\u015f\u0131m\u0131n\u0131 sildi - Ajans Cyprus\",\"isPartOf\":{\"@id\":\"https:\\\/\\\/ajanscyprus.com\\\/#website\"},\"primaryImageOfPage\":{\"@id\":\"https:\\\/\\\/ajanscyprus.com\\\/2026\\\/04\\\/09\\\/iranin-islamabad-buyukelcisi-iran-heyetinin-pakistana-gidecegine-iliskin-paylasimini-sildi\\\/#primaryimage\"},\"image\":{\"@id\":\"https:\\\/\\\/ajanscyprus.com\\\/2026\\\/04\\\/09\\\/iranin-islamabad-buyukelcisi-iran-heyetinin-pakistana-gidecegine-iliskin-paylasimini-sildi\\\/#primaryimage\"},\"thumbnailUrl\":\"https:\\\/\\\/ajanscyprus.com\\\/wp-content\\\/uploads\\\/2026\\\/02\\\/2442138.jpg\",\"datePublished\":\"2026-04-09T09:22:43+00:00\",\"breadcrumb\":{\"@id\":\"https:\\\/\\\/ajanscyprus.com\\\/2026\\\/04\\\/09\\\/iranin-islamabad-buyukelcisi-iran-heyetinin-pakistana-gidecegine-iliskin-paylasimini-sildi\\\/#breadcrumb\"},\"inLanguage\":\"tr\",\"potentialAction\":[{\"@type\":\"ReadAction\",\"target\":[\"https:\\\/\\\/ajanscyprus.com\\\/2026\\\/04\\\/09\\\/iranin-islamabad-buyukelcisi-iran-heyetinin-pakistana-gidecegine-iliskin-paylasimini-sildi\\\/\"]}]},{\"@type\":\"ImageObject\",\"inLanguage\":\"tr\",\"@id\":\"https:\\\/\\\/ajanscyprus.com\\\/2026\\\/04\\\/09\\\/iranin-islamabad-buyukelcisi-iran-heyetinin-pakistana-gidecegine-iliskin-paylasimini-sildi\\\/#primaryimage\",\"url\":\"https:\\\/\\\/ajanscyprus.com\\\/wp-content\\\/uploads\\\/2026\\\/02\\\/2442138.jpg\",\"contentUrl\":\"https:\\\/\\\/ajanscyprus.com\\\/wp-content\\\/uploads\\\/2026\\\/02\\\/2442138.jpg\",\"width\":1280,\"height\":720},{\"@type\":\"BreadcrumbList\",\"@id\":\"https:\\\/\\\/ajanscyprus.com\\\/2026\\\/04\\\/09\\\/iranin-islamabad-buyukelcisi-iran-heyetinin-pakistana-gidecegine-iliskin-paylasimini-sildi\\\/#breadcrumb\",\"itemListElement\":[{\"@type\":\"ListItem\",\"position\":1,\"name\":\"Anasayfa\",\"item\":\"https:\\\/\\\/ajanscyprus.com\\\/\"},{\"@type\":\"ListItem\",\"position\":2,\"name\":\"\u0130ran&#8217;\u0131n \u0130slamabad B\u00fcy\u00fckel\u00e7isi, \u0130ran heyetinin Pakistan&#8217;a gidece\u011fine ili\u015fkin payla\u015f\u0131m\u0131n\u0131 sildi\"}]},{\"@type\":\"WebSite\",\"@id\":\"https:\\\/\\\/ajanscyprus.com\\\/#website\",\"url\":\"https:\\\/\\\/ajanscyprus.com\\\/\",\"name\":\"Ajans Cyprus\",\"description\":\"\",\"publisher\":{\"@id\":\"https:\\\/\\\/ajanscyprus.com\\\/#organization\"},\"potentialAction\":[{\"@type\":\"SearchAction\",\"target\":{\"@type\":\"EntryPoint\",\"urlTemplate\":\"https:\\\/\\\/ajanscyprus.com\\\/?s={search_term_string}\"},\"query-input\":{\"@type\":\"PropertyValueSpecification\",\"valueRequired\":true,\"valueName\":\"search_term_string\"}}],\"inLanguage\":\"tr\"},{\"@type\":\"Organization\",\"@id\":\"https:\\\/\\\/ajanscyprus.com\\\/#organization\",\"name\":\"Ajans Cyprus\",\"alternateName\":\"Ajans Mira Turan Cyprus Media And Production\",\"url\":\"https:\\\/\\\/ajanscyprus.com\\\/\",\"logo\":{\"@type\":\"ImageObject\",\"inLanguage\":\"tr\",\"@id\":\"https:\\\/\\\/ajanscyprus.com\\\/#\\\/schema\\\/logo\\\/image\\\/\",\"url\":\"https:\\\/\\\/ajanscyprus.com\\\/wp-content\\\/uploads\\\/2023\\\/02\\\/AjansCyprus-yuvarlak-logo-e1676491087198.png\",\"contentUrl\":\"https:\\\/\\\/ajanscyprus.com\\\/wp-content\\\/uploads\\\/2023\\\/02\\\/AjansCyprus-yuvarlak-logo-e1676491087198.png\",\"width\":200,\"height\":200,\"caption\":\"Ajans Cyprus\"},\"image\":{\"@id\":\"https:\\\/\\\/ajanscyprus.com\\\/#\\\/schema\\\/logo\\\/image\\\/\"},\"sameAs\":[\"https:\\\/\\\/www.facebook.com\\\/AjansCyprusAC\",\"https:\\\/\\\/x.com\\\/AjansCyprus\"]},{\"@type\":\"Person\",\"@id\":\"https:\\\/\\\/ajanscyprus.com\\\/#\\\/schema\\\/person\\\/7a2e842cab5d700268eb209092eb3937\",\"name\":\"Ajans Cyprus\",\"image\":{\"@type\":\"ImageObject\",\"inLanguage\":\"tr\",\"@id\":\"https:\\\/\\\/ajanscyprus.com\\\/wp-content\\\/uploads\\\/2025\\\/06\\\/ajans-cyprus_avatar-96x96.png\",\"url\":\"https:\\\/\\\/ajanscyprus.com\\\/wp-content\\\/uploads\\\/2025\\\/06\\\/ajans-cyprus_avatar-96x96.png\",\"contentUrl\":\"https:\\\/\\\/ajanscyprus.com\\\/wp-content\\\/uploads\\\/2025\\\/06\\\/ajans-cyprus_avatar-96x96.png\",\"caption\":\"Ajans Cyprus\"},\"sameAs\":[\"http:\\\/\\\/ajanscyprus.com\"],\"url\":\"https:\\\/\\\/ajanscyprus.com\\\/author\\\/admin2\\\/\"}]}<\/script>\n<!-- \/ Yoast SEO plugin. -->","yoast_head_json":{"title":"\u0130ran'\u0131n \u0130slamabad B\u00fcy\u00fckel\u00e7isi, \u0130ran heyetinin Pakistan'a gidece\u011fine ili\u015fkin payla\u015f\u0131m\u0131n\u0131 sildi - Ajans Cyprus","robots":{"index":"index","follow":"follow","max-snippet":"max-snippet:-1","max-image-preview":"max-image-preview:large","max-video-preview":"max-video-preview:-1"},"canonical":"https:\/\/ajanscyprus.com\/2026\/04\/09\/iranin-islamabad-buyukelcisi-iran-heyetinin-pakistana-gidecegine-iliskin-paylasimini-sildi\/","og_locale":"tr_TR","og_type":"article","og_title":"\u0130ran'\u0131n \u0130slamabad B\u00fcy\u00fckel\u00e7isi, \u0130ran heyetinin Pakistan'a gidece\u011fine ili\u015fkin payla\u015f\u0131m\u0131n\u0131 sildi - Ajans Cyprus","og_description":"&#13; Mukaddem, X sosyal medya platformundan yapt\u0131\u011f\u0131 ve daha sonra kald\u0131rd\u0131\u011f\u0131 payla\u015f\u0131m\u0131nda, \u0130srail\u2019in, diplomatik giri\u015fimleri sabote&#46;&#46;&#46;","og_url":"https:\/\/ajanscyprus.com\/2026\/04\/09\/iranin-islamabad-buyukelcisi-iran-heyetinin-pakistana-gidecegine-iliskin-paylasimini-sildi\/","og_site_name":"Ajans Cyprus","article_publisher":"https:\/\/www.facebook.com\/AjansCyprusAC","article_published_time":"2026-04-09T09:22:43+00:00","og_image":[{"width":1280,"height":720,"url":"https:\/\/ajanscyprus.com\/wp-content\/uploads\/2026\/02\/2442138.jpg","type":"image\/jpeg"}],"author":"Ajans Cyprus","twitter_card":"summary_large_image","twitter_creator":"@AjansCyprus","twitter_site":"@AjansCyprus","twitter_misc":{"Yazan:":"Ajans Cyprus","Tahmini okuma s\u00fcresi":"1 dakika"},"schema":{"@context":"https:\/\/schema.org","@graph":[{"@type":"Article","@id":"https:\/\/ajanscyprus.com\/2026\/04\/09\/iranin-islamabad-buyukelcisi-iran-heyetinin-pakistana-gidecegine-iliskin-paylasimini-sildi\/#article","isPartOf":{"@id":"https:\/\/ajanscyprus.com\/2026\/04\/09\/iranin-islamabad-buyukelcisi-iran-heyetinin-pakistana-gidecegine-iliskin-paylasimini-sildi\/"},"author":{"name":"Ajans Cyprus","@id":"https:\/\/ajanscyprus.com\/#\/schema\/person\/7a2e842cab5d700268eb209092eb3937"},"headline":"\u0130ran&#8217;\u0131n \u0130slamabad B\u00fcy\u00fckel\u00e7isi, \u0130ran heyetinin Pakistan&#8217;a gidece\u011fine ili\u015fkin payla\u015f\u0131m\u0131n\u0131 sildi","datePublished":"2026-04-09T09:22:43+00:00","mainEntityOfPage":{"@id":"https:\/\/ajanscyprus.com\/2026\/04\/09\/iranin-islamabad-buyukelcisi-iran-heyetinin-pakistana-gidecegine-iliskin-paylasimini-sildi\/"},"wordCount":303,"publisher":{"@id":"https:\/\/ajanscyprus.com\/#organization"},"image":{"@id":"https:\/\/ajanscyprus.com\/2026\/04\/09\/iranin-islamabad-buyukelcisi-iran-heyetinin-pakistana-gidecegine-iliskin-paylasimini-sildi\/#primaryimage"},"thumbnailUrl":"https:\/\/ajanscyprus.com\/wp-content\/uploads\/2026\/02\/2442138.jpg","articleSection":["D\u00fcnya"],"inLanguage":"tr"},{"@type":"WebPage","@id":"https:\/\/ajanscyprus.com\/2026\/04\/09\/iranin-islamabad-buyukelcisi-iran-heyetinin-pakistana-gidecegine-iliskin-paylasimini-sildi\/","url":"https:\/\/ajanscyprus.com\/2026\/04\/09\/iranin-islamabad-buyukelcisi-iran-heyetinin-pakistana-gidecegine-iliskin-paylasimini-sildi\/","name":"\u0130ran'\u0131n \u0130slamabad B\u00fcy\u00fckel\u00e7isi, \u0130ran heyetinin Pakistan'a gidece\u011fine ili\u015fkin payla\u015f\u0131m\u0131n\u0131 sildi - Ajans Cyprus","isPartOf":{"@id":"https:\/\/ajanscyprus.com\/#website"},"primaryImageOfPage":{"@id":"https:\/\/ajanscyprus.com\/2026\/04\/09\/iranin-islamabad-buyukelcisi-iran-heyetinin-pakistana-gidecegine-iliskin-paylasimini-sildi\/#primaryimage"},"image":{"@id":"https:\/\/ajanscyprus.com\/2026\/04\/09\/iranin-islamabad-buyukelcisi-iran-heyetinin-pakistana-gidecegine-iliskin-paylasimini-sildi\/#primaryimage"},"thumbnailUrl":"https:\/\/ajanscyprus.com\/wp-content\/uploads\/2026\/02\/2442138.jpg","datePublished":"2026-04-09T09:22:43+00:00","breadcrumb":{"@id":"https:\/\/ajanscyprus.com\/2026\/04\/09\/iranin-islamabad-buyukelcisi-iran-heyetinin-pakistana-gidecegine-iliskin-paylasimini-sildi\/#breadcrumb"},"inLanguage":"tr","potentialAction":[{"@type":"ReadAction","target":["https:\/\/ajanscyprus.com\/2026\/04\/09\/iranin-islamabad-buyukelcisi-iran-heyetinin-pakistana-gidecegine-iliskin-paylasimini-sildi\/"]}]},{"@type":"ImageObject","inLanguage":"tr","@id":"https:\/\/ajanscyprus.com\/2026\/04\/09\/iranin-islamabad-buyukelcisi-iran-heyetinin-pakistana-gidecegine-iliskin-paylasimini-sildi\/#primaryimage","url":"https:\/\/ajanscyprus.com\/wp-content\/uploads\/2026\/02\/2442138.jpg","contentUrl":"https:\/\/ajanscyprus.com\/wp-content\/uploads\/2026\/02\/2442138.jpg","width":1280,"height":720},{"@type":"BreadcrumbList","@id":"https:\/\/ajanscyprus.com\/2026\/04\/09\/iranin-islamabad-buyukelcisi-iran-heyetinin-pakistana-gidecegine-iliskin-paylasimini-sildi\/#breadcrumb","itemListElement":[{"@type":"ListItem","position":1,"name":"Anasayfa","item":"https:\/\/ajanscyprus.com\/"},{"@type":"ListItem","position":2,"name":"\u0130ran&#8217;\u0131n \u0130slamabad B\u00fcy\u00fckel\u00e7isi, \u0130ran heyetinin Pakistan&#8217;a gidece\u011fine ili\u015fkin payla\u015f\u0131m\u0131n\u0131 sildi"}]},{"@type":"WebSite","@id":"https:\/\/ajanscyprus.com\/#website","url":"https:\/\/ajanscyprus.com\/","name":"Ajans Cyprus","description":"","publisher":{"@id":"https:\/\/ajanscyprus.com\/#organization"},"potentialAction":[{"@type":"SearchAction","target":{"@type":"EntryPoint","urlTemplate":"https:\/\/ajanscyprus.com\/?s={search_term_string}"},"query-input":{"@type":"PropertyValueSpecification","valueRequired":true,"valueName":"search_term_string"}}],"inLanguage":"tr"},{"@type":"Organization","@id":"https:\/\/ajanscyprus.com\/#organization","name":"Ajans Cyprus","alternateName":"Ajans Mira Turan Cyprus Media And Production","url":"https:\/\/ajanscyprus.com\/","logo":{"@type":"ImageObject","inLanguage":"tr","@id":"https:\/\/ajanscyprus.com\/#\/schema\/logo\/image\/","url":"https:\/\/ajanscyprus.com\/wp-content\/uploads\/2023\/02\/AjansCyprus-yuvarlak-logo-e1676491087198.png","contentUrl":"https:\/\/ajanscyprus.com\/wp-content\/uploads\/2023\/02\/AjansCyprus-yuvarlak-logo-e1676491087198.png","width":200,"height":200,"caption":"Ajans Cyprus"},"image":{"@id":"https:\/\/ajanscyprus.com\/#\/schema\/logo\/image\/"},"sameAs":["https:\/\/www.facebook.com\/AjansCyprusAC","https:\/\/x.com\/AjansCyprus"]},{"@type":"Person","@id":"https:\/\/ajanscyprus.com\/#\/schema\/person\/7a2e842cab5d700268eb209092eb3937","name":"Ajans Cyprus","image":{"@type":"ImageObject","inLanguage":"tr","@id":"https:\/\/ajanscyprus.com\/wp-content\/uploads\/2025\/06\/ajans-cyprus_avatar-96x96.png","url":"https:\/\/ajanscyprus.com\/wp-content\/uploads\/2025\/06\/ajans-cyprus_avatar-96x96.png","contentUrl":"https:\/\/ajanscyprus.com\/wp-content\/uploads\/2025\/06\/ajans-cyprus_avatar-96x96.png","caption":"Ajans Cyprus"},"sameAs":["http:\/\/ajanscyprus.com"],"url":"https:\/\/ajanscyprus.com\/author\/admin2\/"}]}},"jetpack_publicize_connections":[],"_links":{"self":[{"href":"https:\/\/ajanscyprus.com\/wp-json\/wp\/v2\/posts\/197940","targetHints":{"allow":["GET"]}}],"collection":[{"href":"https:\/\/ajanscyprus.com\/wp-json\/wp\/v2\/posts"}],"about":[{"href":"https:\/\/ajanscyprus.com\/wp-json\/wp\/v2\/types\/post"}],"author":[{"embeddable":true,"href":"https:\/\/ajanscyprus.com\/wp-json\/wp\/v2\/users\/4"}],"replies":[{"embeddable":true,"href":"https:\/\/ajanscyprus.com\/wp-json\/wp\/v2\/comments?post=197940"}],"version-history":[{"count":0,"href":"https:\/\/ajanscyprus.com\/wp-json\/wp\/v2\/posts\/197940\/revisions"}],"wp:featuredmedia":[{"embeddable":true,"href":"https:\/\/ajanscyprus.com\/wp-json\/wp\/v2\/media\/193057"}],"wp:attachment":[{"href":"https:\/\/ajanscyprus.com\/wp-json\/wp\/v2\/media?parent=197940"}],"wp:term":[{"taxonomy":"category","embeddable":true,"href":"https:\/\/ajanscyprus.com\/wp-json\/wp\/v2\/categories?post=197940"},{"taxonomy":"post_tag","embeddable":true,"href":"https:\/\/ajanscyprus.com\/wp-json\/wp\/v2\/tags?post=197940"},{"taxonomy":"manset","embeddable":true,"href":"https:\/\/ajanscyprus.com\/wp-json\/wp\/v2\/manset?post=197940"}],"curies":[{"name":"wp","href":"https:\/\/api.w.org\/{rel}","templated":true}]}}