{"id":197942,"date":"2026-04-09T13:24:41","date_gmt":"2026-04-09T10:24:41","guid":{"rendered":"https:\/\/ajanscyprus.com\/index.php\/2026\/04\/09\/iran-adli-tip-kurumu-iranda-en-az-3-bin-kisi-hayatini-kaybetti\/"},"modified":"2026-04-09T13:24:41","modified_gmt":"2026-04-09T10:24:41","slug":"iran-adli-tip-kurumu-iranda-en-az-3-bin-kisi-hayatini-kaybetti","status":"publish","type":"post","link":"https:\/\/ajanscyprus.com\/2026\/04\/09\/iran-adli-tip-kurumu-iranda-en-az-3-bin-kisi-hayatini-kaybetti\/","title":{"rendered":"\u0130ran Adli T\u0131p Kurumu: \u0130ran&#8217;da en az 3 bin ki\u015fi hayat\u0131n\u0131 kaybetti"},"content":{"rendered":"<p><\/p>\n<div>\n<div class=\"news-content-container\" id=\"newsDetail941021\" data-id=\"941021\" data-url=\"https:\/\/www.trthaber.com\/haber\/dunya\/iran-adli-tip-kurumu-iranda-en-az-3-bin-kisi-hayatini-kaybetti-941021.html\">\n                    <input type=\"hidden\" name=\"page_category_id\" class=\"page-category-id\" value=\"4\"\/><br \/>\n                    <input type=\"hidden\" name=\"page_category_name\" class=\"page-category-name\" value=\"D\u00fcnya\"\/><br \/>\n                    <input type=\"hidden\" name=\"page_id\" class=\"page-id\" value=\"941021\"\/><br \/>\n                    <input type=\"hidden\" name=\"page_url\" class=\"page-url\" value=\"https:\/\/www.trthaber.com\/haber\/dunya\/iran-adli-tip-kurumu-iranda-en-az-3-bin-kisi-hayatini-kaybetti-941021.html\"\/><br \/>\n                    <input type=\"hidden\" name=\"page_seo_title\" class=\"page-seo-title\" value=\"\u0130ran Adli T\u0131p Kurumu: \u0130ran'da en az 3 bin ki\u015fi hayat\u0131n\u0131 kaybetti - Son Dakika Haberleri\"\/><br \/>\n                    <input type=\"hidden\" name=\"page_title\" class=\"page-title\" value=\"\u0130ran Adli T\u0131p Kurumu: \u0130ran'da en az 3 bin ki\u015fi hayat\u0131n\u0131 kaybetti\"\/><br \/>\n                    <input type=\"hidden\" name=\"page_clear_title\" class=\"page-clear-title\" value=\"\u0130ran Adli T\u0131p Kurumu: \u0130ran'da en az 3 bin ki\u015fi hayat\u0131n\u0131 kaybetti\"\/><br \/>\n                    <input type=\"hidden\" name=\"page_clear_description\" class=\"page-clear-description\" value=\"\u0130ran Adli T\u0131p Kurumu Ba\u015fkan\u0131: 28 \u015eubat'ta ba\u015flayan sald\u0131r\u0131lardan bu yana \u0130ran'da en az 3 bin ki\u015fi hayat\u0131n\u0131 kaybetti\"\/><br \/>\n                    <input type=\"hidden\" name=\"page_clear_tag_description\" class=\"page-clear-tag-description\" value=\"\u0130ran Adli T\u0131p Kurumu Ba\u015fkan\u0131: 28 \u015eubat'ta ba\u015flayan sald\u0131r\u0131lardan bu yana \u0130ran'da en az 3 bin ki\u015fi hayat\u0131n\u0131 kaybetti\"\/><br \/>\n                    <input type=\"hidden\" name=\"page_data_description\" class=\"page-data-description\" value=\"\u0130ran Adli T\u0131p Kurumu Ba\u015fkan\u0131: 28 \u015eubat'ta ba\u015flayan sald\u0131r\u0131lardan bu yana \u0130ran'da en az 3 bin ki\u015fi hayat\u0131n\u0131 kaybetti\"\/><br \/>\n                    <input type=\"hidden\" name=\"page_data_keywords\" class=\"page-data-keywords\" value=\"\"\/><br \/>\n                    <input type=\"hidden\" name=\"page_data_breadcrumb_items\" class=\"page-data-breadcrumb-items\" value=\"{ &quot;@type&quot;: &quot;ListItem&quot;, &quot;position&quot;: 1, &quot;name&quot;: &quot;Haberler&quot;, &quot;item&quot;: &quot;https:\/\/www.trthaber.com\/&quot; },{ &quot;@type&quot;: &quot;ListItem&quot;, &quot;position&quot;: 2, &quot;name&quot;: &quot;D\u00fcnya&quot;, &quot;item&quot;: &quot;https:\/\/www.trthaber.com\/haber\/dunya\/&quot; },{ &quot;@type&quot;: &quot;ListItem&quot;, &quot;position&quot;: 3, &quot;name&quot;: &quot;\u0130ran Adli T\u0131p Kurumu: \u0130ran'da en az 3 bin ki\u015fi hayat\u0131n\u0131 kaybetti&quot;, &quot;item&quot;: &quot;https:\/\/www.trthaber.com\/haber\/dunya\/iran-adli-tip-kurumu-iranda-en-az-3-bin-kisi-hayatini-kaybetti-941021.html&quot; }\"\/><br \/>\n                    <input type=\"hidden\" name=\"page_img_url\" class=\"page-img-url\" value=\"https:\/\/trthaberstatic.cdn.wp.trt.com.tr\/resimler\/2444000\/iran-olen-cocuklar-aa-2445916.jpg\"\/><br \/>\n                    <input type=\"hidden\" name=\"page_video_thumbnail_urls\" class=\"page-video-thumbnail-urls\" value=\"\"\/><br \/>\n                    <input type=\"hidden\" name=\"page_date\" class=\"page-date\" value=\"2026-04-09 12:41:00\"\/><br \/>\n                    <input type=\"hidden\" name=\"page_added_by_id\" class=\"page-added-by-id\" value=\"239\"\/><br \/>\n                    <input type=\"hidden\" name=\"page_added_by_name\" class=\"page-added-by-name\" value=\"Ali Burak Biber\"\/><br \/>\n                    <input type=\"hidden\" name=\"page_edited_by_id\" class=\"page-edited-by-id\" value=\"287\"\/><br \/>\n                    <input type=\"hidden\" name=\"page_edited_by_name\" class=\"page-edited-by-name\" value=\"Candan Bilgici\"\/><br \/>\n                    <input type=\"hidden\" name=\"page_canonical_url\" class=\"page-canonical-url\" value=\"https:\/\/www.trthaber.com\/haber\/dunya\/iran-adli-tip-kurumu-iranda-en-az-3-bin-kisi-hayatini-kaybetti-941021.html\"\/><br \/>\n                    <input type=\"hidden\" name=\"page_video_content\" class=\"page-video-content\" value=\"\"\/><br \/>\n                    <input type=\"hidden\" name=\"page_agency_ids\" class=\"page-agency-ids\" value=\"1\"\/><br \/>\n                    <input type=\"hidden\" name=\"page_is_special_news\" class=\"page-is-special-news\" value=\"0\"\/><br \/>\n                    <input type=\"hidden\" name=\"page_is_file_news\" class=\"page-is-file-news\" value=\"0\"\/><br \/>\n                    <input type=\"hidden\" name=\"page_date_published\" class=\"page-date-published\" value=\"2026-04-09 12:41:00+03:00\"\/><br \/>\n                    <input type=\"hidden\" name=\"page_date_modified\" class=\"page-date-modified\" value=\"2026-04-09 13:05:02+03:00\"\/><br \/>\n                    <input type=\"hidden\" name=\"page_next_news_id\" class=\"page-next-news-id\" value=\"941018\"\/><br \/>\n                    <input type=\"hidden\" name=\"page_next_news_url\" class=\"page-next-news-url\" value=\"haber\/dunya\/soykirimin-mimari-netanyahu-lubnana-saldirilarin-devam-edecegini-belirtti-941018.html\"\/><br \/>\n                    <input type=\"hidden\" name=\"page_next_news_image\" class=\"page-next-news-image\" value=\"https:\/\/trthaberstatic.cdn.wp.trt.com.tr\/resimler\/2372000\/netanyahu-re-2373718_4.jpg\"\/><br \/>\n                    <input type=\"hidden\" name=\"page_next_news_title\" class=\"page-next-news-title\" value=\"Soyk\u0131r\u0131m\u0131n mimar\u0131 Netanyahu, L\u00fcbnan'a sald\u0131r\u0131lar\u0131n devam edece\u011fini belirtti\"\/><\/p>\n<div class=\"news-info-bar\">\n<p>                            <span class=\"category-tag\">D\u00fcnya<\/span><\/p>\n<p>\n                                                        <span class=\"source\"><br \/>\n                                <label>KAYNAK<\/label>AA                            <\/span><br \/>\n                                                                                        <span class=\"created-date\"><br \/>\n                                    <label>HABER G\u0130R\u0130\u015e<\/label><br \/>\n                                                                            09.04.2026 12:41                                                                                                                    <time class=\"updated-date-content\" datetime=\"2026-04-09 13:05\">, 09.04.2026 13:05<\/time><br \/>\n                                                                    <\/span><br \/>\n                                                                                        <span class=\"updated-date\"><br \/>\n                                    <label>SON G\u00dcNCELLEME<\/label><br \/>\n                                    <time datetime=\"2026-04-09 13:05\">09.04.2026 13:05<\/time><br \/>\n                                <\/span>\n                                                    <\/p><div class=\"kanews-banner kanews-banner-single\"><img loading=\"lazy\" decoding=\"async\" src=\"https:\/\/ajanscyprus.com\/wp-content\/uploads\/2026\/04\/meRIT-bANNER.jpeg\" alt=\"\" width=\"970\" height=\"90\" class=\"alignnone size-full wp-image-62349\" \/><\/div>\n<\/div>\n<h2 class=\"news-spot\">\u0130ran Adli T\u0131p Kurumu Ba\u015fkan\u0131: 28 \u015eubat&#8217;ta ba\u015flayan sald\u0131r\u0131lardan bu yana \u0130ran&#8217;da en az 3 bin ki\u015fi hayat\u0131n\u0131 kaybetti<\/h2>\n<div class=\"news-image\">\n                            <picture><source data-srcset=\"https:\/\/trthaberstatic.cdn.wp.trt.com.tr\/resimler\/2444000\/iran-olen-cocuklar-aa-2445916_3.jpg\" media=\"(max-width: 320px)\"><source data-srcset=\"https:\/\/trthaberstatic.cdn.wp.trt.com.tr\/resimler\/2444000\/iran-olen-cocuklar-aa-2445916_2.jpg\" media=\"(max-width: 576px)\"><source data-srcset=\"https:\/\/trthaberstatic.cdn.wp.trt.com.tr\/resimler\/2444000\/iran-olen-cocuklar-aa-2445916_1.jpg\" media=\"(max-width: 1470px)\"><source data-srcset=\"https:\/\/trthaberstatic.cdn.wp.trt.com.tr\/resimler\/2444000\/iran-olen-cocuklar-aa-2445916.jpg\"><br \/>\n                            <\/source><\/source><\/source><\/source><\/picture>\n                                                    <\/div>\n<div class=\"social-links-container\">\n<ul>\n<li><span class=\"nsosyal\"\/><\/li>\n<li><span class=\"facebook\"\/><\/li>\n<li><a href=\"https:\/\/twitter.com\/intent\/tweet?hashtags=trthaber&amp;original_referer=https%3A%2F%2Fwww.trthaber.com%2Fhaber%2Fdunya%2Firan-adli-tip-kurumu-iranda-en-az-3-bin-kisi-hayatini-kaybetti-941021.html&amp;related=trthaber&amp;text=%C4%B0ran+Adli+T%C4%B1p+Kurumu%3A+%C4%B0ran%27da+en+az+3+bin+ki%C5%9Fi+hayat%C4%B1n%C4%B1+kaybetti&amp;url=https%3A%2F%2Fwww.trthaber.com%2Fhaber%2Fdunya%2Firan-adli-tip-kurumu-iranda-en-az-3-bin-kisi-hayatini-kaybetti-941021.html&amp;via=trthaber\" class=\"social-share-url site-social-share-url\" title=\"Twitter Payla\u015f\" target=\"_blank\"><span class=\"twitter\"\/><\/a><\/li>\n<li><span class=\"linkedin\"\/><\/li>\n<li><span class=\"telegram\"\/><\/li>\n<li><span class=\"whatsapp\"\/><\/li>\n<li><span class=\"email\"\/><\/li>\n<\/ul><\/div>\n<div class=\"news-content\">\n<p>&#13;<br \/>\n\t\u0130ran Adli T\u0131p Kurumu \u00fclkede sald\u0131r\u0131lar nedeniyle 3 binden fazla ki\u015finin hayat\u0131n\u0131 kaybetti\u011fini a\u00e7\u0131klayarak cans\u0131z bedenlerin y\u00fczde 40&#8217;\u0131n\u0131n tan\u0131nmayacak halde oldu\u011funu a\u00e7\u0131klad\u0131.<\/p>\n<p>&#13;<br \/>\n\tAyr\u0131nt\u0131lar geliyor&#8230;<\/p>\n<div class=\"news-tags\">\n<p>ET\u0130KETLER<\/p>\n<div class=\"tags\">\n                                                                            \u0130ran\n                                                                    <\/div>\n<\/p><\/div>\n<\/p><\/div>\n<div class=\"news-detail-bottom-mobile-ads-container\">\n                            <!-- \/112281457\/trthaber_mobil_showcase -->\n                        <\/div>\n<\/p><\/div>\n<div class=\"mobile-news-progress-bar-container\"><\/div>\n<div class=\"mobile-next-news\" data-id=\"941018\">\n<p>S\u0131radaki Haber<\/p>\n<p>Soyk\u0131r\u0131m\u0131n mimar\u0131 Netanyahu, L\u00fcbnan&#8217;a sald\u0131r\u0131lar\u0131n devam edece\u011fini belirtti<\/p>\n<\/div>\n<p>Y\u00fckleniyor l\u00fctfen bekleyiniz<\/p>\n<\/div>\n<p><script async src=\"\/\/platform.twitter.com\/widgets.js\" charset=\"utf-8\"><\/script><\/p>\n<p>Kaynak : TRT HABER<\/p>\n","protected":false},"excerpt":{"rendered":"<p>D\u00fcnya KAYNAKAA HABER G\u0130R\u0130\u015e 09.04.2026 12:41 , 09.04.2026 13:05 SON G\u00dcNCELLEME 09.04.2026 13:05 \u0130ran Adli T\u0131p&#46;&#46;&#46;<\/p>\n","protected":false},"author":4,"featured_media":197943,"comment_status":"closed","ping_status":"closed","sticky":false,"template":"","format":"standard","meta":{"footnotes":"","jetpack_publicize_message":"","jetpack_publicize_feature_enabled":true,"jetpack_social_post_already_shared":true,"jetpack_social_options":{"image_generator_settings":{"template":"highway","default_image_id":0,"font":"","enabled":false},"version":2}},"categories":[44],"tags":[],"manset":[],"class_list":["post-197942","post","type-post","status-publish","format-standard","has-post-thumbnail","hentry","category-dunya"],"yoast_head":"<!-- This site is optimized with the Yoast SEO plugin v27.5 - https:\/\/yoast.com\/product\/yoast-seo-wordpress\/ -->\n<title>\u0130ran Adli T\u0131p Kurumu: \u0130ran&#039;da en az 3 bin ki\u015fi hayat\u0131n\u0131 kaybetti - Ajans Cyprus<\/title>\n<meta name=\"robots\" content=\"index, follow, max-snippet:-1, max-image-preview:large, max-video-preview:-1\" \/>\n<link rel=\"canonical\" href=\"https:\/\/ajanscyprus.com\/2026\/04\/09\/iran-adli-tip-kurumu-iranda-en-az-3-bin-kisi-hayatini-kaybetti\/\" \/>\n<meta property=\"og:locale\" content=\"tr_TR\" \/>\n<meta property=\"og:type\" content=\"article\" \/>\n<meta property=\"og:title\" content=\"\u0130ran Adli T\u0131p Kurumu: \u0130ran&#039;da en az 3 bin ki\u015fi hayat\u0131n\u0131 kaybetti - Ajans Cyprus\" \/>\n<meta property=\"og:description\" content=\"D\u00fcnya KAYNAKAA HABER G\u0130R\u0130\u015e 09.04.2026 12:41 , 09.04.2026 13:05 SON G\u00dcNCELLEME 09.04.2026 13:05 \u0130ran Adli T\u0131p&#046;&#046;&#046;\" \/>\n<meta property=\"og:url\" content=\"https:\/\/ajanscyprus.com\/2026\/04\/09\/iran-adli-tip-kurumu-iranda-en-az-3-bin-kisi-hayatini-kaybetti\/\" \/>\n<meta property=\"og:site_name\" content=\"Ajans Cyprus\" \/>\n<meta property=\"article:publisher\" content=\"https:\/\/www.facebook.com\/AjansCyprusAC\" \/>\n<meta property=\"article:published_time\" content=\"2026-04-09T10:24:41+00:00\" \/>\n<meta property=\"og:image\" content=\"https:\/\/ajanscyprus.com\/wp-content\/uploads\/2026\/04\/iran-olen-cocuklar-aa-2445916.jpg\" \/>\n\t<meta property=\"og:image:width\" content=\"1280\" \/>\n\t<meta property=\"og:image:height\" content=\"720\" \/>\n\t<meta property=\"og:image:type\" content=\"image\/jpeg\" \/>\n<meta name=\"author\" content=\"Ajans Cyprus\" \/>\n<meta name=\"twitter:card\" content=\"summary_large_image\" \/>\n<meta name=\"twitter:creator\" content=\"@AjansCyprus\" \/>\n<meta name=\"twitter:site\" content=\"@AjansCyprus\" \/>\n<meta name=\"twitter:label1\" content=\"Yazan:\" \/>\n\t<meta name=\"twitter:data1\" content=\"Ajans Cyprus\" \/>\n\t<meta name=\"twitter:label2\" content=\"Tahmini okuma s\u00fcresi\" \/>\n\t<meta name=\"twitter:data2\" content=\"1 dakika\" \/>\n<script type=\"application\/ld+json\" class=\"yoast-schema-graph\">{\"@context\":\"https:\\\/\\\/schema.org\",\"@graph\":[{\"@type\":\"Article\",\"@id\":\"https:\\\/\\\/ajanscyprus.com\\\/2026\\\/04\\\/09\\\/iran-adli-tip-kurumu-iranda-en-az-3-bin-kisi-hayatini-kaybetti\\\/#article\",\"isPartOf\":{\"@id\":\"https:\\\/\\\/ajanscyprus.com\\\/2026\\\/04\\\/09\\\/iran-adli-tip-kurumu-iranda-en-az-3-bin-kisi-hayatini-kaybetti\\\/\"},\"author\":{\"name\":\"Ajans Cyprus\",\"@id\":\"https:\\\/\\\/ajanscyprus.com\\\/#\\\/schema\\\/person\\\/7a2e842cab5d700268eb209092eb3937\"},\"headline\":\"\u0130ran Adli T\u0131p Kurumu: \u0130ran&#8217;da en az 3 bin ki\u015fi hayat\u0131n\u0131 kaybetti\",\"datePublished\":\"2026-04-09T10:24:41+00:00\",\"mainEntityOfPage\":{\"@id\":\"https:\\\/\\\/ajanscyprus.com\\\/2026\\\/04\\\/09\\\/iran-adli-tip-kurumu-iranda-en-az-3-bin-kisi-hayatini-kaybetti\\\/\"},\"wordCount\":119,\"publisher\":{\"@id\":\"https:\\\/\\\/ajanscyprus.com\\\/#organization\"},\"image\":{\"@id\":\"https:\\\/\\\/ajanscyprus.com\\\/2026\\\/04\\\/09\\\/iran-adli-tip-kurumu-iranda-en-az-3-bin-kisi-hayatini-kaybetti\\\/#primaryimage\"},\"thumbnailUrl\":\"https:\\\/\\\/ajanscyprus.com\\\/wp-content\\\/uploads\\\/2026\\\/04\\\/iran-olen-cocuklar-aa-2445916.jpg\",\"articleSection\":[\"D\u00fcnya\"],\"inLanguage\":\"tr\"},{\"@type\":\"WebPage\",\"@id\":\"https:\\\/\\\/ajanscyprus.com\\\/2026\\\/04\\\/09\\\/iran-adli-tip-kurumu-iranda-en-az-3-bin-kisi-hayatini-kaybetti\\\/\",\"url\":\"https:\\\/\\\/ajanscyprus.com\\\/2026\\\/04\\\/09\\\/iran-adli-tip-kurumu-iranda-en-az-3-bin-kisi-hayatini-kaybetti\\\/\",\"name\":\"\u0130ran Adli T\u0131p Kurumu: \u0130ran'da en az 3 bin ki\u015fi hayat\u0131n\u0131 kaybetti - Ajans Cyprus\",\"isPartOf\":{\"@id\":\"https:\\\/\\\/ajanscyprus.com\\\/#website\"},\"primaryImageOfPage\":{\"@id\":\"https:\\\/\\\/ajanscyprus.com\\\/2026\\\/04\\\/09\\\/iran-adli-tip-kurumu-iranda-en-az-3-bin-kisi-hayatini-kaybetti\\\/#primaryimage\"},\"image\":{\"@id\":\"https:\\\/\\\/ajanscyprus.com\\\/2026\\\/04\\\/09\\\/iran-adli-tip-kurumu-iranda-en-az-3-bin-kisi-hayatini-kaybetti\\\/#primaryimage\"},\"thumbnailUrl\":\"https:\\\/\\\/ajanscyprus.com\\\/wp-content\\\/uploads\\\/2026\\\/04\\\/iran-olen-cocuklar-aa-2445916.jpg\",\"datePublished\":\"2026-04-09T10:24:41+00:00\",\"breadcrumb\":{\"@id\":\"https:\\\/\\\/ajanscyprus.com\\\/2026\\\/04\\\/09\\\/iran-adli-tip-kurumu-iranda-en-az-3-bin-kisi-hayatini-kaybetti\\\/#breadcrumb\"},\"inLanguage\":\"tr\",\"potentialAction\":[{\"@type\":\"ReadAction\",\"target\":[\"https:\\\/\\\/ajanscyprus.com\\\/2026\\\/04\\\/09\\\/iran-adli-tip-kurumu-iranda-en-az-3-bin-kisi-hayatini-kaybetti\\\/\"]}]},{\"@type\":\"ImageObject\",\"inLanguage\":\"tr\",\"@id\":\"https:\\\/\\\/ajanscyprus.com\\\/2026\\\/04\\\/09\\\/iran-adli-tip-kurumu-iranda-en-az-3-bin-kisi-hayatini-kaybetti\\\/#primaryimage\",\"url\":\"https:\\\/\\\/ajanscyprus.com\\\/wp-content\\\/uploads\\\/2026\\\/04\\\/iran-olen-cocuklar-aa-2445916.jpg\",\"contentUrl\":\"https:\\\/\\\/ajanscyprus.com\\\/wp-content\\\/uploads\\\/2026\\\/04\\\/iran-olen-cocuklar-aa-2445916.jpg\",\"width\":1280,\"height\":720},{\"@type\":\"BreadcrumbList\",\"@id\":\"https:\\\/\\\/ajanscyprus.com\\\/2026\\\/04\\\/09\\\/iran-adli-tip-kurumu-iranda-en-az-3-bin-kisi-hayatini-kaybetti\\\/#breadcrumb\",\"itemListElement\":[{\"@type\":\"ListItem\",\"position\":1,\"name\":\"Anasayfa\",\"item\":\"https:\\\/\\\/ajanscyprus.com\\\/\"},{\"@type\":\"ListItem\",\"position\":2,\"name\":\"\u0130ran Adli T\u0131p Kurumu: \u0130ran&#8217;da en az 3 bin ki\u015fi hayat\u0131n\u0131 kaybetti\"}]},{\"@type\":\"WebSite\",\"@id\":\"https:\\\/\\\/ajanscyprus.com\\\/#website\",\"url\":\"https:\\\/\\\/ajanscyprus.com\\\/\",\"name\":\"Ajans Cyprus\",\"description\":\"\",\"publisher\":{\"@id\":\"https:\\\/\\\/ajanscyprus.com\\\/#organization\"},\"potentialAction\":[{\"@type\":\"SearchAction\",\"target\":{\"@type\":\"EntryPoint\",\"urlTemplate\":\"https:\\\/\\\/ajanscyprus.com\\\/?s={search_term_string}\"},\"query-input\":{\"@type\":\"PropertyValueSpecification\",\"valueRequired\":true,\"valueName\":\"search_term_string\"}}],\"inLanguage\":\"tr\"},{\"@type\":\"Organization\",\"@id\":\"https:\\\/\\\/ajanscyprus.com\\\/#organization\",\"name\":\"Ajans Cyprus\",\"alternateName\":\"Ajans Mira Turan Cyprus Media And Production\",\"url\":\"https:\\\/\\\/ajanscyprus.com\\\/\",\"logo\":{\"@type\":\"ImageObject\",\"inLanguage\":\"tr\",\"@id\":\"https:\\\/\\\/ajanscyprus.com\\\/#\\\/schema\\\/logo\\\/image\\\/\",\"url\":\"https:\\\/\\\/ajanscyprus.com\\\/wp-content\\\/uploads\\\/2023\\\/02\\\/AjansCyprus-yuvarlak-logo-e1676491087198.png\",\"contentUrl\":\"https:\\\/\\\/ajanscyprus.com\\\/wp-content\\\/uploads\\\/2023\\\/02\\\/AjansCyprus-yuvarlak-logo-e1676491087198.png\",\"width\":200,\"height\":200,\"caption\":\"Ajans Cyprus\"},\"image\":{\"@id\":\"https:\\\/\\\/ajanscyprus.com\\\/#\\\/schema\\\/logo\\\/image\\\/\"},\"sameAs\":[\"https:\\\/\\\/www.facebook.com\\\/AjansCyprusAC\",\"https:\\\/\\\/x.com\\\/AjansCyprus\"]},{\"@type\":\"Person\",\"@id\":\"https:\\\/\\\/ajanscyprus.com\\\/#\\\/schema\\\/person\\\/7a2e842cab5d700268eb209092eb3937\",\"name\":\"Ajans Cyprus\",\"image\":{\"@type\":\"ImageObject\",\"inLanguage\":\"tr\",\"@id\":\"https:\\\/\\\/ajanscyprus.com\\\/wp-content\\\/uploads\\\/2025\\\/06\\\/ajans-cyprus_avatar-96x96.png\",\"url\":\"https:\\\/\\\/ajanscyprus.com\\\/wp-content\\\/uploads\\\/2025\\\/06\\\/ajans-cyprus_avatar-96x96.png\",\"contentUrl\":\"https:\\\/\\\/ajanscyprus.com\\\/wp-content\\\/uploads\\\/2025\\\/06\\\/ajans-cyprus_avatar-96x96.png\",\"caption\":\"Ajans Cyprus\"},\"sameAs\":[\"http:\\\/\\\/ajanscyprus.com\"],\"url\":\"https:\\\/\\\/ajanscyprus.com\\\/author\\\/admin2\\\/\"}]}<\/script>\n<!-- \/ Yoast SEO plugin. -->","yoast_head_json":{"title":"\u0130ran Adli T\u0131p Kurumu: \u0130ran'da en az 3 bin ki\u015fi hayat\u0131n\u0131 kaybetti - Ajans Cyprus","robots":{"index":"index","follow":"follow","max-snippet":"max-snippet:-1","max-image-preview":"max-image-preview:large","max-video-preview":"max-video-preview:-1"},"canonical":"https:\/\/ajanscyprus.com\/2026\/04\/09\/iran-adli-tip-kurumu-iranda-en-az-3-bin-kisi-hayatini-kaybetti\/","og_locale":"tr_TR","og_type":"article","og_title":"\u0130ran Adli T\u0131p Kurumu: \u0130ran'da en az 3 bin ki\u015fi hayat\u0131n\u0131 kaybetti - Ajans Cyprus","og_description":"D\u00fcnya KAYNAKAA HABER G\u0130R\u0130\u015e 09.04.2026 12:41 , 09.04.2026 13:05 SON G\u00dcNCELLEME 09.04.2026 13:05 \u0130ran Adli T\u0131p&#46;&#46;&#46;","og_url":"https:\/\/ajanscyprus.com\/2026\/04\/09\/iran-adli-tip-kurumu-iranda-en-az-3-bin-kisi-hayatini-kaybetti\/","og_site_name":"Ajans Cyprus","article_publisher":"https:\/\/www.facebook.com\/AjansCyprusAC","article_published_time":"2026-04-09T10:24:41+00:00","og_image":[{"width":1280,"height":720,"url":"https:\/\/ajanscyprus.com\/wp-content\/uploads\/2026\/04\/iran-olen-cocuklar-aa-2445916.jpg","type":"image\/jpeg"}],"author":"Ajans Cyprus","twitter_card":"summary_large_image","twitter_creator":"@AjansCyprus","twitter_site":"@AjansCyprus","twitter_misc":{"Yazan:":"Ajans Cyprus","Tahmini okuma s\u00fcresi":"1 dakika"},"schema":{"@context":"https:\/\/schema.org","@graph":[{"@type":"Article","@id":"https:\/\/ajanscyprus.com\/2026\/04\/09\/iran-adli-tip-kurumu-iranda-en-az-3-bin-kisi-hayatini-kaybetti\/#article","isPartOf":{"@id":"https:\/\/ajanscyprus.com\/2026\/04\/09\/iran-adli-tip-kurumu-iranda-en-az-3-bin-kisi-hayatini-kaybetti\/"},"author":{"name":"Ajans Cyprus","@id":"https:\/\/ajanscyprus.com\/#\/schema\/person\/7a2e842cab5d700268eb209092eb3937"},"headline":"\u0130ran Adli T\u0131p Kurumu: \u0130ran&#8217;da en az 3 bin ki\u015fi hayat\u0131n\u0131 kaybetti","datePublished":"2026-04-09T10:24:41+00:00","mainEntityOfPage":{"@id":"https:\/\/ajanscyprus.com\/2026\/04\/09\/iran-adli-tip-kurumu-iranda-en-az-3-bin-kisi-hayatini-kaybetti\/"},"wordCount":119,"publisher":{"@id":"https:\/\/ajanscyprus.com\/#organization"},"image":{"@id":"https:\/\/ajanscyprus.com\/2026\/04\/09\/iran-adli-tip-kurumu-iranda-en-az-3-bin-kisi-hayatini-kaybetti\/#primaryimage"},"thumbnailUrl":"https:\/\/ajanscyprus.com\/wp-content\/uploads\/2026\/04\/iran-olen-cocuklar-aa-2445916.jpg","articleSection":["D\u00fcnya"],"inLanguage":"tr"},{"@type":"WebPage","@id":"https:\/\/ajanscyprus.com\/2026\/04\/09\/iran-adli-tip-kurumu-iranda-en-az-3-bin-kisi-hayatini-kaybetti\/","url":"https:\/\/ajanscyprus.com\/2026\/04\/09\/iran-adli-tip-kurumu-iranda-en-az-3-bin-kisi-hayatini-kaybetti\/","name":"\u0130ran Adli T\u0131p Kurumu: \u0130ran'da en az 3 bin ki\u015fi hayat\u0131n\u0131 kaybetti - Ajans Cyprus","isPartOf":{"@id":"https:\/\/ajanscyprus.com\/#website"},"primaryImageOfPage":{"@id":"https:\/\/ajanscyprus.com\/2026\/04\/09\/iran-adli-tip-kurumu-iranda-en-az-3-bin-kisi-hayatini-kaybetti\/#primaryimage"},"image":{"@id":"https:\/\/ajanscyprus.com\/2026\/04\/09\/iran-adli-tip-kurumu-iranda-en-az-3-bin-kisi-hayatini-kaybetti\/#primaryimage"},"thumbnailUrl":"https:\/\/ajanscyprus.com\/wp-content\/uploads\/2026\/04\/iran-olen-cocuklar-aa-2445916.jpg","datePublished":"2026-04-09T10:24:41+00:00","breadcrumb":{"@id":"https:\/\/ajanscyprus.com\/2026\/04\/09\/iran-adli-tip-kurumu-iranda-en-az-3-bin-kisi-hayatini-kaybetti\/#breadcrumb"},"inLanguage":"tr","potentialAction":[{"@type":"ReadAction","target":["https:\/\/ajanscyprus.com\/2026\/04\/09\/iran-adli-tip-kurumu-iranda-en-az-3-bin-kisi-hayatini-kaybetti\/"]}]},{"@type":"ImageObject","inLanguage":"tr","@id":"https:\/\/ajanscyprus.com\/2026\/04\/09\/iran-adli-tip-kurumu-iranda-en-az-3-bin-kisi-hayatini-kaybetti\/#primaryimage","url":"https:\/\/ajanscyprus.com\/wp-content\/uploads\/2026\/04\/iran-olen-cocuklar-aa-2445916.jpg","contentUrl":"https:\/\/ajanscyprus.com\/wp-content\/uploads\/2026\/04\/iran-olen-cocuklar-aa-2445916.jpg","width":1280,"height":720},{"@type":"BreadcrumbList","@id":"https:\/\/ajanscyprus.com\/2026\/04\/09\/iran-adli-tip-kurumu-iranda-en-az-3-bin-kisi-hayatini-kaybetti\/#breadcrumb","itemListElement":[{"@type":"ListItem","position":1,"name":"Anasayfa","item":"https:\/\/ajanscyprus.com\/"},{"@type":"ListItem","position":2,"name":"\u0130ran Adli T\u0131p Kurumu: \u0130ran&#8217;da en az 3 bin ki\u015fi hayat\u0131n\u0131 kaybetti"}]},{"@type":"WebSite","@id":"https:\/\/ajanscyprus.com\/#website","url":"https:\/\/ajanscyprus.com\/","name":"Ajans Cyprus","description":"","publisher":{"@id":"https:\/\/ajanscyprus.com\/#organization"},"potentialAction":[{"@type":"SearchAction","target":{"@type":"EntryPoint","urlTemplate":"https:\/\/ajanscyprus.com\/?s={search_term_string}"},"query-input":{"@type":"PropertyValueSpecification","valueRequired":true,"valueName":"search_term_string"}}],"inLanguage":"tr"},{"@type":"Organization","@id":"https:\/\/ajanscyprus.com\/#organization","name":"Ajans Cyprus","alternateName":"Ajans Mira Turan Cyprus Media And Production","url":"https:\/\/ajanscyprus.com\/","logo":{"@type":"ImageObject","inLanguage":"tr","@id":"https:\/\/ajanscyprus.com\/#\/schema\/logo\/image\/","url":"https:\/\/ajanscyprus.com\/wp-content\/uploads\/2023\/02\/AjansCyprus-yuvarlak-logo-e1676491087198.png","contentUrl":"https:\/\/ajanscyprus.com\/wp-content\/uploads\/2023\/02\/AjansCyprus-yuvarlak-logo-e1676491087198.png","width":200,"height":200,"caption":"Ajans Cyprus"},"image":{"@id":"https:\/\/ajanscyprus.com\/#\/schema\/logo\/image\/"},"sameAs":["https:\/\/www.facebook.com\/AjansCyprusAC","https:\/\/x.com\/AjansCyprus"]},{"@type":"Person","@id":"https:\/\/ajanscyprus.com\/#\/schema\/person\/7a2e842cab5d700268eb209092eb3937","name":"Ajans Cyprus","image":{"@type":"ImageObject","inLanguage":"tr","@id":"https:\/\/ajanscyprus.com\/wp-content\/uploads\/2025\/06\/ajans-cyprus_avatar-96x96.png","url":"https:\/\/ajanscyprus.com\/wp-content\/uploads\/2025\/06\/ajans-cyprus_avatar-96x96.png","contentUrl":"https:\/\/ajanscyprus.com\/wp-content\/uploads\/2025\/06\/ajans-cyprus_avatar-96x96.png","caption":"Ajans Cyprus"},"sameAs":["http:\/\/ajanscyprus.com"],"url":"https:\/\/ajanscyprus.com\/author\/admin2\/"}]}},"jetpack_publicize_connections":[],"_links":{"self":[{"href":"https:\/\/ajanscyprus.com\/wp-json\/wp\/v2\/posts\/197942","targetHints":{"allow":["GET"]}}],"collection":[{"href":"https:\/\/ajanscyprus.com\/wp-json\/wp\/v2\/posts"}],"about":[{"href":"https:\/\/ajanscyprus.com\/wp-json\/wp\/v2\/types\/post"}],"author":[{"embeddable":true,"href":"https:\/\/ajanscyprus.com\/wp-json\/wp\/v2\/users\/4"}],"replies":[{"embeddable":true,"href":"https:\/\/ajanscyprus.com\/wp-json\/wp\/v2\/comments?post=197942"}],"version-history":[{"count":0,"href":"https:\/\/ajanscyprus.com\/wp-json\/wp\/v2\/posts\/197942\/revisions"}],"wp:featuredmedia":[{"embeddable":true,"href":"https:\/\/ajanscyprus.com\/wp-json\/wp\/v2\/media\/197943"}],"wp:attachment":[{"href":"https:\/\/ajanscyprus.com\/wp-json\/wp\/v2\/media?parent=197942"}],"wp:term":[{"taxonomy":"category","embeddable":true,"href":"https:\/\/ajanscyprus.com\/wp-json\/wp\/v2\/categories?post=197942"},{"taxonomy":"post_tag","embeddable":true,"href":"https:\/\/ajanscyprus.com\/wp-json\/wp\/v2\/tags?post=197942"},{"taxonomy":"manset","embeddable":true,"href":"https:\/\/ajanscyprus.com\/wp-json\/wp\/v2\/manset?post=197942"}],"curies":[{"name":"wp","href":"https:\/\/api.w.org\/{rel}","templated":true}]}}