{"id":197950,"date":"2026-04-09T15:59:50","date_gmt":"2026-04-09T12:59:50","guid":{"rendered":"https:\/\/ajanscyprus.com\/index.php\/2026\/04\/09\/iran-meclis-baskanindan-abdye-atesi-hemen-sondurun-mesaji\/"},"modified":"2026-04-09T15:59:50","modified_gmt":"2026-04-09T12:59:50","slug":"iran-meclis-baskanindan-abdye-atesi-hemen-sondurun-mesaji","status":"publish","type":"post","link":"https:\/\/ajanscyprus.com\/2026\/04\/09\/iran-meclis-baskanindan-abdye-atesi-hemen-sondurun-mesaji\/","title":{"rendered":"\u0130ran Meclis Ba\u015fkan\u0131ndan ABD&#8217;ye &#8220;ate\u015fi hemen s\u00f6nd\u00fcr\u00fcn&#8221; mesaj\u0131"},"content":{"rendered":"<p><\/p>\n<div>\n<p>&#13;<br \/>\n\tKalibaf, sosyal medya hesab\u0131ndan payla\u015ft\u0131\u011f\u0131 mesaj\u0131nda, ABD ile var\u0131lan ve \u0130srail&#8217;i de kapsayan ge\u00e7ici ate\u015fkese ra\u011fmen \u0130srail&#8217;in L\u00fcbnan&#8217;a sald\u0131r\u0131lar\u0131n\u0131 ve ABD y\u00f6netiminin ate\u015fkesin L\u00fcbnan&#8217;\u0131 i\u00e7ermedi\u011fine dair iddias\u0131n\u0131 de\u011ferlendirdi.<\/p>\n<p>&#13;<br \/>\n\tAte\u015fkese arabuluculuk eden Pakistan&#8217;\u0131n Ba\u015fbakan\u0131 \u015eahbaz \u015eerif&#8217;in, ate\u015fkesin L\u00fcbnan&#8217;\u0131 da kapsad\u0131\u011f\u0131na dair a\u00e7\u0131klamas\u0131n\u0131 hat\u0131rlatan Kalibaf, &#8220;\u0130nkar ve geri ad\u0131m atmaya hi\u00e7 yer yok. L\u00fcbnan ve t\u00fcm &#8216;Direni\u015f Ekseni&#8217;, \u0130ran\u2019\u0131n m\u00fcttefikleri olarak ate\u015fkesin ayr\u0131lmaz bir par\u00e7as\u0131n\u0131 olu\u015fturmaktad\u0131r.&#8221; ifadelerini kulland\u0131.<\/p>\n<p>&#13;<br \/>\n\tKalibaf, &#8220;Ate\u015fkes ihlalleri a\u00e7\u0131k maliyetlere, g\u00fc\u00e7l\u00fc kar\u015f\u0131l\u0131klara yol a\u00e7ar. Ate\u015fi hemen s\u00f6nd\u00fcr\u00fcn.&#8221; \u00e7a\u011fr\u0131s\u0131 yapt\u0131.<\/p><div class=\"kanews-banner kanews-banner-single\"><img loading=\"lazy\" decoding=\"async\" src=\"https:\/\/ajanscyprus.com\/wp-content\/uploads\/2026\/04\/meRIT-bANNER.jpeg\" alt=\"\" width=\"970\" height=\"90\" class=\"alignnone size-full wp-image-62349\" \/><\/div>\n<p>&#13;<br \/>\n\t\u0130ran ile ABD aras\u0131nda var\u0131lan ve \u0130srail&#8217;i de kapsayan ge\u00e7ici ate\u015fkesin arabulucusu Pakistan Ba\u015fbakan\u0131 \u015eerif, ate\u015fkesin L\u00fcbnan&#8217;\u0131 da kapsad\u0131\u011f\u0131n\u0131 a\u00e7\u0131klamas\u0131na ra\u011fmen ABD Ba\u015fkan Yard\u0131mc\u0131s\u0131 James David Vance, \u0130srail&#8217;in L\u00fcbnan&#8217;a sald\u0131r\u0131lar\u0131n\u0131n \u0130ran&#8217;la yap\u0131lan ge\u00e7ici ate\u015fkesin bir par\u00e7as\u0131 olmad\u0131\u011f\u0131n\u0131 savunmu\u015ftu.<\/p>\n<p>&#13;<br \/>\n\t\u0130ran ise ate\u015fkesin L\u00fcbnan dahil b\u00f6lgedeki t\u00fcm \u00e7at\u0131\u015fma ve sava\u015flar\u0131n durdurulmas\u0131n\u0131 i\u00e7erdi\u011fini a\u00e7\u0131klam\u0131\u015ft\u0131.<\/p>\n<\/div>\n<p>Kaynak : TRT HABER<\/p>\n","protected":false},"excerpt":{"rendered":"<p>&#13; Kalibaf, sosyal medya hesab\u0131ndan payla\u015ft\u0131\u011f\u0131 mesaj\u0131nda, ABD ile var\u0131lan ve \u0130srail&#8217;i de kapsayan ge\u00e7ici ate\u015fkese&#46;&#46;&#46;<\/p>\n","protected":false},"author":4,"featured_media":194231,"comment_status":"closed","ping_status":"closed","sticky":false,"template":"","format":"standard","meta":{"footnotes":"","jetpack_publicize_message":"","jetpack_publicize_feature_enabled":true,"jetpack_social_post_already_shared":true,"jetpack_social_options":{"image_generator_settings":{"template":"highway","default_image_id":0,"font":"","enabled":false},"version":2}},"categories":[44],"tags":[],"manset":[],"class_list":["post-197950","post","type-post","status-publish","format-standard","has-post-thumbnail","hentry","category-dunya"],"yoast_head":"<!-- This site is optimized with the Yoast SEO plugin v27.5 - https:\/\/yoast.com\/product\/yoast-seo-wordpress\/ -->\n<title>\u0130ran Meclis Ba\u015fkan\u0131ndan ABD&#039;ye &quot;ate\u015fi hemen s\u00f6nd\u00fcr\u00fcn&quot; mesaj\u0131 - Ajans Cyprus<\/title>\n<meta name=\"robots\" content=\"index, follow, max-snippet:-1, max-image-preview:large, max-video-preview:-1\" \/>\n<link rel=\"canonical\" href=\"https:\/\/ajanscyprus.com\/2026\/04\/09\/iran-meclis-baskanindan-abdye-atesi-hemen-sondurun-mesaji\/\" \/>\n<meta property=\"og:locale\" content=\"tr_TR\" \/>\n<meta property=\"og:type\" content=\"article\" \/>\n<meta property=\"og:title\" content=\"\u0130ran Meclis Ba\u015fkan\u0131ndan ABD&#039;ye &quot;ate\u015fi hemen s\u00f6nd\u00fcr\u00fcn&quot; mesaj\u0131 - Ajans Cyprus\" \/>\n<meta property=\"og:description\" content=\"&#013; Kalibaf, sosyal medya hesab\u0131ndan payla\u015ft\u0131\u011f\u0131 mesaj\u0131nda, ABD ile var\u0131lan ve \u0130srail&#8217;i de kapsayan ge\u00e7ici ate\u015fkese&#046;&#046;&#046;\" \/>\n<meta property=\"og:url\" content=\"https:\/\/ajanscyprus.com\/2026\/04\/09\/iran-meclis-baskanindan-abdye-atesi-hemen-sondurun-mesaji\/\" \/>\n<meta property=\"og:site_name\" content=\"Ajans Cyprus\" \/>\n<meta property=\"article:publisher\" content=\"https:\/\/www.facebook.com\/AjansCyprusAC\" \/>\n<meta property=\"article:published_time\" content=\"2026-04-09T12:59:50+00:00\" \/>\n<meta property=\"og:image\" content=\"https:\/\/ajanscyprus.com\/wp-content\/uploads\/2026\/03\/muhammed-bakir-kalibafaa-2444668.jpg\" \/>\n\t<meta property=\"og:image:width\" content=\"1280\" \/>\n\t<meta property=\"og:image:height\" content=\"720\" \/>\n\t<meta property=\"og:image:type\" content=\"image\/jpeg\" \/>\n<meta name=\"author\" content=\"Ajans Cyprus\" \/>\n<meta name=\"twitter:card\" content=\"summary_large_image\" \/>\n<meta name=\"twitter:creator\" content=\"@AjansCyprus\" \/>\n<meta name=\"twitter:site\" content=\"@AjansCyprus\" \/>\n<meta name=\"twitter:label1\" content=\"Yazan:\" \/>\n\t<meta name=\"twitter:data1\" content=\"Ajans Cyprus\" \/>\n\t<meta name=\"twitter:label2\" content=\"Tahmini okuma s\u00fcresi\" \/>\n\t<meta name=\"twitter:data2\" content=\"1 dakika\" \/>\n<script type=\"application\/ld+json\" class=\"yoast-schema-graph\">{\"@context\":\"https:\\\/\\\/schema.org\",\"@graph\":[{\"@type\":\"Article\",\"@id\":\"https:\\\/\\\/ajanscyprus.com\\\/2026\\\/04\\\/09\\\/iran-meclis-baskanindan-abdye-atesi-hemen-sondurun-mesaji\\\/#article\",\"isPartOf\":{\"@id\":\"https:\\\/\\\/ajanscyprus.com\\\/2026\\\/04\\\/09\\\/iran-meclis-baskanindan-abdye-atesi-hemen-sondurun-mesaji\\\/\"},\"author\":{\"name\":\"Ajans Cyprus\",\"@id\":\"https:\\\/\\\/ajanscyprus.com\\\/#\\\/schema\\\/person\\\/7a2e842cab5d700268eb209092eb3937\"},\"headline\":\"\u0130ran Meclis Ba\u015fkan\u0131ndan ABD&#8217;ye &#8220;ate\u015fi hemen s\u00f6nd\u00fcr\u00fcn&#8221; mesaj\u0131\",\"datePublished\":\"2026-04-09T12:59:50+00:00\",\"mainEntityOfPage\":{\"@id\":\"https:\\\/\\\/ajanscyprus.com\\\/2026\\\/04\\\/09\\\/iran-meclis-baskanindan-abdye-atesi-hemen-sondurun-mesaji\\\/\"},\"wordCount\":244,\"publisher\":{\"@id\":\"https:\\\/\\\/ajanscyprus.com\\\/#organization\"},\"image\":{\"@id\":\"https:\\\/\\\/ajanscyprus.com\\\/2026\\\/04\\\/09\\\/iran-meclis-baskanindan-abdye-atesi-hemen-sondurun-mesaji\\\/#primaryimage\"},\"thumbnailUrl\":\"https:\\\/\\\/ajanscyprus.com\\\/wp-content\\\/uploads\\\/2026\\\/03\\\/muhammed-bakir-kalibafaa-2444668.jpg\",\"articleSection\":[\"D\u00fcnya\"],\"inLanguage\":\"tr\"},{\"@type\":\"WebPage\",\"@id\":\"https:\\\/\\\/ajanscyprus.com\\\/2026\\\/04\\\/09\\\/iran-meclis-baskanindan-abdye-atesi-hemen-sondurun-mesaji\\\/\",\"url\":\"https:\\\/\\\/ajanscyprus.com\\\/2026\\\/04\\\/09\\\/iran-meclis-baskanindan-abdye-atesi-hemen-sondurun-mesaji\\\/\",\"name\":\"\u0130ran Meclis Ba\u015fkan\u0131ndan ABD'ye \\\"ate\u015fi hemen s\u00f6nd\u00fcr\u00fcn\\\" mesaj\u0131 - Ajans Cyprus\",\"isPartOf\":{\"@id\":\"https:\\\/\\\/ajanscyprus.com\\\/#website\"},\"primaryImageOfPage\":{\"@id\":\"https:\\\/\\\/ajanscyprus.com\\\/2026\\\/04\\\/09\\\/iran-meclis-baskanindan-abdye-atesi-hemen-sondurun-mesaji\\\/#primaryimage\"},\"image\":{\"@id\":\"https:\\\/\\\/ajanscyprus.com\\\/2026\\\/04\\\/09\\\/iran-meclis-baskanindan-abdye-atesi-hemen-sondurun-mesaji\\\/#primaryimage\"},\"thumbnailUrl\":\"https:\\\/\\\/ajanscyprus.com\\\/wp-content\\\/uploads\\\/2026\\\/03\\\/muhammed-bakir-kalibafaa-2444668.jpg\",\"datePublished\":\"2026-04-09T12:59:50+00:00\",\"breadcrumb\":{\"@id\":\"https:\\\/\\\/ajanscyprus.com\\\/2026\\\/04\\\/09\\\/iran-meclis-baskanindan-abdye-atesi-hemen-sondurun-mesaji\\\/#breadcrumb\"},\"inLanguage\":\"tr\",\"potentialAction\":[{\"@type\":\"ReadAction\",\"target\":[\"https:\\\/\\\/ajanscyprus.com\\\/2026\\\/04\\\/09\\\/iran-meclis-baskanindan-abdye-atesi-hemen-sondurun-mesaji\\\/\"]}]},{\"@type\":\"ImageObject\",\"inLanguage\":\"tr\",\"@id\":\"https:\\\/\\\/ajanscyprus.com\\\/2026\\\/04\\\/09\\\/iran-meclis-baskanindan-abdye-atesi-hemen-sondurun-mesaji\\\/#primaryimage\",\"url\":\"https:\\\/\\\/ajanscyprus.com\\\/wp-content\\\/uploads\\\/2026\\\/03\\\/muhammed-bakir-kalibafaa-2444668.jpg\",\"contentUrl\":\"https:\\\/\\\/ajanscyprus.com\\\/wp-content\\\/uploads\\\/2026\\\/03\\\/muhammed-bakir-kalibafaa-2444668.jpg\",\"width\":1280,\"height\":720},{\"@type\":\"BreadcrumbList\",\"@id\":\"https:\\\/\\\/ajanscyprus.com\\\/2026\\\/04\\\/09\\\/iran-meclis-baskanindan-abdye-atesi-hemen-sondurun-mesaji\\\/#breadcrumb\",\"itemListElement\":[{\"@type\":\"ListItem\",\"position\":1,\"name\":\"Anasayfa\",\"item\":\"https:\\\/\\\/ajanscyprus.com\\\/\"},{\"@type\":\"ListItem\",\"position\":2,\"name\":\"\u0130ran Meclis Ba\u015fkan\u0131ndan ABD&#8217;ye &#8220;ate\u015fi hemen s\u00f6nd\u00fcr\u00fcn&#8221; mesaj\u0131\"}]},{\"@type\":\"WebSite\",\"@id\":\"https:\\\/\\\/ajanscyprus.com\\\/#website\",\"url\":\"https:\\\/\\\/ajanscyprus.com\\\/\",\"name\":\"Ajans Cyprus\",\"description\":\"\",\"publisher\":{\"@id\":\"https:\\\/\\\/ajanscyprus.com\\\/#organization\"},\"potentialAction\":[{\"@type\":\"SearchAction\",\"target\":{\"@type\":\"EntryPoint\",\"urlTemplate\":\"https:\\\/\\\/ajanscyprus.com\\\/?s={search_term_string}\"},\"query-input\":{\"@type\":\"PropertyValueSpecification\",\"valueRequired\":true,\"valueName\":\"search_term_string\"}}],\"inLanguage\":\"tr\"},{\"@type\":\"Organization\",\"@id\":\"https:\\\/\\\/ajanscyprus.com\\\/#organization\",\"name\":\"Ajans Cyprus\",\"alternateName\":\"Ajans Mira Turan Cyprus Media And Production\",\"url\":\"https:\\\/\\\/ajanscyprus.com\\\/\",\"logo\":{\"@type\":\"ImageObject\",\"inLanguage\":\"tr\",\"@id\":\"https:\\\/\\\/ajanscyprus.com\\\/#\\\/schema\\\/logo\\\/image\\\/\",\"url\":\"https:\\\/\\\/ajanscyprus.com\\\/wp-content\\\/uploads\\\/2023\\\/02\\\/AjansCyprus-yuvarlak-logo-e1676491087198.png\",\"contentUrl\":\"https:\\\/\\\/ajanscyprus.com\\\/wp-content\\\/uploads\\\/2023\\\/02\\\/AjansCyprus-yuvarlak-logo-e1676491087198.png\",\"width\":200,\"height\":200,\"caption\":\"Ajans Cyprus\"},\"image\":{\"@id\":\"https:\\\/\\\/ajanscyprus.com\\\/#\\\/schema\\\/logo\\\/image\\\/\"},\"sameAs\":[\"https:\\\/\\\/www.facebook.com\\\/AjansCyprusAC\",\"https:\\\/\\\/x.com\\\/AjansCyprus\"]},{\"@type\":\"Person\",\"@id\":\"https:\\\/\\\/ajanscyprus.com\\\/#\\\/schema\\\/person\\\/7a2e842cab5d700268eb209092eb3937\",\"name\":\"Ajans Cyprus\",\"image\":{\"@type\":\"ImageObject\",\"inLanguage\":\"tr\",\"@id\":\"https:\\\/\\\/ajanscyprus.com\\\/wp-content\\\/uploads\\\/2025\\\/06\\\/ajans-cyprus_avatar-96x96.png\",\"url\":\"https:\\\/\\\/ajanscyprus.com\\\/wp-content\\\/uploads\\\/2025\\\/06\\\/ajans-cyprus_avatar-96x96.png\",\"contentUrl\":\"https:\\\/\\\/ajanscyprus.com\\\/wp-content\\\/uploads\\\/2025\\\/06\\\/ajans-cyprus_avatar-96x96.png\",\"caption\":\"Ajans Cyprus\"},\"sameAs\":[\"http:\\\/\\\/ajanscyprus.com\"],\"url\":\"https:\\\/\\\/ajanscyprus.com\\\/author\\\/admin2\\\/\"}]}<\/script>\n<!-- \/ Yoast SEO plugin. -->","yoast_head_json":{"title":"\u0130ran Meclis Ba\u015fkan\u0131ndan ABD'ye \"ate\u015fi hemen s\u00f6nd\u00fcr\u00fcn\" mesaj\u0131 - Ajans Cyprus","robots":{"index":"index","follow":"follow","max-snippet":"max-snippet:-1","max-image-preview":"max-image-preview:large","max-video-preview":"max-video-preview:-1"},"canonical":"https:\/\/ajanscyprus.com\/2026\/04\/09\/iran-meclis-baskanindan-abdye-atesi-hemen-sondurun-mesaji\/","og_locale":"tr_TR","og_type":"article","og_title":"\u0130ran Meclis Ba\u015fkan\u0131ndan ABD'ye \"ate\u015fi hemen s\u00f6nd\u00fcr\u00fcn\" mesaj\u0131 - Ajans Cyprus","og_description":"&#13; Kalibaf, sosyal medya hesab\u0131ndan payla\u015ft\u0131\u011f\u0131 mesaj\u0131nda, ABD ile var\u0131lan ve \u0130srail&#8217;i de kapsayan ge\u00e7ici ate\u015fkese&#46;&#46;&#46;","og_url":"https:\/\/ajanscyprus.com\/2026\/04\/09\/iran-meclis-baskanindan-abdye-atesi-hemen-sondurun-mesaji\/","og_site_name":"Ajans Cyprus","article_publisher":"https:\/\/www.facebook.com\/AjansCyprusAC","article_published_time":"2026-04-09T12:59:50+00:00","og_image":[{"width":1280,"height":720,"url":"https:\/\/ajanscyprus.com\/wp-content\/uploads\/2026\/03\/muhammed-bakir-kalibafaa-2444668.jpg","type":"image\/jpeg"}],"author":"Ajans Cyprus","twitter_card":"summary_large_image","twitter_creator":"@AjansCyprus","twitter_site":"@AjansCyprus","twitter_misc":{"Yazan:":"Ajans Cyprus","Tahmini okuma s\u00fcresi":"1 dakika"},"schema":{"@context":"https:\/\/schema.org","@graph":[{"@type":"Article","@id":"https:\/\/ajanscyprus.com\/2026\/04\/09\/iran-meclis-baskanindan-abdye-atesi-hemen-sondurun-mesaji\/#article","isPartOf":{"@id":"https:\/\/ajanscyprus.com\/2026\/04\/09\/iran-meclis-baskanindan-abdye-atesi-hemen-sondurun-mesaji\/"},"author":{"name":"Ajans Cyprus","@id":"https:\/\/ajanscyprus.com\/#\/schema\/person\/7a2e842cab5d700268eb209092eb3937"},"headline":"\u0130ran Meclis Ba\u015fkan\u0131ndan ABD&#8217;ye &#8220;ate\u015fi hemen s\u00f6nd\u00fcr\u00fcn&#8221; mesaj\u0131","datePublished":"2026-04-09T12:59:50+00:00","mainEntityOfPage":{"@id":"https:\/\/ajanscyprus.com\/2026\/04\/09\/iran-meclis-baskanindan-abdye-atesi-hemen-sondurun-mesaji\/"},"wordCount":244,"publisher":{"@id":"https:\/\/ajanscyprus.com\/#organization"},"image":{"@id":"https:\/\/ajanscyprus.com\/2026\/04\/09\/iran-meclis-baskanindan-abdye-atesi-hemen-sondurun-mesaji\/#primaryimage"},"thumbnailUrl":"https:\/\/ajanscyprus.com\/wp-content\/uploads\/2026\/03\/muhammed-bakir-kalibafaa-2444668.jpg","articleSection":["D\u00fcnya"],"inLanguage":"tr"},{"@type":"WebPage","@id":"https:\/\/ajanscyprus.com\/2026\/04\/09\/iran-meclis-baskanindan-abdye-atesi-hemen-sondurun-mesaji\/","url":"https:\/\/ajanscyprus.com\/2026\/04\/09\/iran-meclis-baskanindan-abdye-atesi-hemen-sondurun-mesaji\/","name":"\u0130ran Meclis Ba\u015fkan\u0131ndan ABD'ye \"ate\u015fi hemen s\u00f6nd\u00fcr\u00fcn\" mesaj\u0131 - Ajans Cyprus","isPartOf":{"@id":"https:\/\/ajanscyprus.com\/#website"},"primaryImageOfPage":{"@id":"https:\/\/ajanscyprus.com\/2026\/04\/09\/iran-meclis-baskanindan-abdye-atesi-hemen-sondurun-mesaji\/#primaryimage"},"image":{"@id":"https:\/\/ajanscyprus.com\/2026\/04\/09\/iran-meclis-baskanindan-abdye-atesi-hemen-sondurun-mesaji\/#primaryimage"},"thumbnailUrl":"https:\/\/ajanscyprus.com\/wp-content\/uploads\/2026\/03\/muhammed-bakir-kalibafaa-2444668.jpg","datePublished":"2026-04-09T12:59:50+00:00","breadcrumb":{"@id":"https:\/\/ajanscyprus.com\/2026\/04\/09\/iran-meclis-baskanindan-abdye-atesi-hemen-sondurun-mesaji\/#breadcrumb"},"inLanguage":"tr","potentialAction":[{"@type":"ReadAction","target":["https:\/\/ajanscyprus.com\/2026\/04\/09\/iran-meclis-baskanindan-abdye-atesi-hemen-sondurun-mesaji\/"]}]},{"@type":"ImageObject","inLanguage":"tr","@id":"https:\/\/ajanscyprus.com\/2026\/04\/09\/iran-meclis-baskanindan-abdye-atesi-hemen-sondurun-mesaji\/#primaryimage","url":"https:\/\/ajanscyprus.com\/wp-content\/uploads\/2026\/03\/muhammed-bakir-kalibafaa-2444668.jpg","contentUrl":"https:\/\/ajanscyprus.com\/wp-content\/uploads\/2026\/03\/muhammed-bakir-kalibafaa-2444668.jpg","width":1280,"height":720},{"@type":"BreadcrumbList","@id":"https:\/\/ajanscyprus.com\/2026\/04\/09\/iran-meclis-baskanindan-abdye-atesi-hemen-sondurun-mesaji\/#breadcrumb","itemListElement":[{"@type":"ListItem","position":1,"name":"Anasayfa","item":"https:\/\/ajanscyprus.com\/"},{"@type":"ListItem","position":2,"name":"\u0130ran Meclis Ba\u015fkan\u0131ndan ABD&#8217;ye &#8220;ate\u015fi hemen s\u00f6nd\u00fcr\u00fcn&#8221; mesaj\u0131"}]},{"@type":"WebSite","@id":"https:\/\/ajanscyprus.com\/#website","url":"https:\/\/ajanscyprus.com\/","name":"Ajans Cyprus","description":"","publisher":{"@id":"https:\/\/ajanscyprus.com\/#organization"},"potentialAction":[{"@type":"SearchAction","target":{"@type":"EntryPoint","urlTemplate":"https:\/\/ajanscyprus.com\/?s={search_term_string}"},"query-input":{"@type":"PropertyValueSpecification","valueRequired":true,"valueName":"search_term_string"}}],"inLanguage":"tr"},{"@type":"Organization","@id":"https:\/\/ajanscyprus.com\/#organization","name":"Ajans Cyprus","alternateName":"Ajans Mira Turan Cyprus Media And Production","url":"https:\/\/ajanscyprus.com\/","logo":{"@type":"ImageObject","inLanguage":"tr","@id":"https:\/\/ajanscyprus.com\/#\/schema\/logo\/image\/","url":"https:\/\/ajanscyprus.com\/wp-content\/uploads\/2023\/02\/AjansCyprus-yuvarlak-logo-e1676491087198.png","contentUrl":"https:\/\/ajanscyprus.com\/wp-content\/uploads\/2023\/02\/AjansCyprus-yuvarlak-logo-e1676491087198.png","width":200,"height":200,"caption":"Ajans Cyprus"},"image":{"@id":"https:\/\/ajanscyprus.com\/#\/schema\/logo\/image\/"},"sameAs":["https:\/\/www.facebook.com\/AjansCyprusAC","https:\/\/x.com\/AjansCyprus"]},{"@type":"Person","@id":"https:\/\/ajanscyprus.com\/#\/schema\/person\/7a2e842cab5d700268eb209092eb3937","name":"Ajans Cyprus","image":{"@type":"ImageObject","inLanguage":"tr","@id":"https:\/\/ajanscyprus.com\/wp-content\/uploads\/2025\/06\/ajans-cyprus_avatar-96x96.png","url":"https:\/\/ajanscyprus.com\/wp-content\/uploads\/2025\/06\/ajans-cyprus_avatar-96x96.png","contentUrl":"https:\/\/ajanscyprus.com\/wp-content\/uploads\/2025\/06\/ajans-cyprus_avatar-96x96.png","caption":"Ajans Cyprus"},"sameAs":["http:\/\/ajanscyprus.com"],"url":"https:\/\/ajanscyprus.com\/author\/admin2\/"}]}},"jetpack_publicize_connections":[],"_links":{"self":[{"href":"https:\/\/ajanscyprus.com\/wp-json\/wp\/v2\/posts\/197950","targetHints":{"allow":["GET"]}}],"collection":[{"href":"https:\/\/ajanscyprus.com\/wp-json\/wp\/v2\/posts"}],"about":[{"href":"https:\/\/ajanscyprus.com\/wp-json\/wp\/v2\/types\/post"}],"author":[{"embeddable":true,"href":"https:\/\/ajanscyprus.com\/wp-json\/wp\/v2\/users\/4"}],"replies":[{"embeddable":true,"href":"https:\/\/ajanscyprus.com\/wp-json\/wp\/v2\/comments?post=197950"}],"version-history":[{"count":0,"href":"https:\/\/ajanscyprus.com\/wp-json\/wp\/v2\/posts\/197950\/revisions"}],"wp:featuredmedia":[{"embeddable":true,"href":"https:\/\/ajanscyprus.com\/wp-json\/wp\/v2\/media\/194231"}],"wp:attachment":[{"href":"https:\/\/ajanscyprus.com\/wp-json\/wp\/v2\/media?parent=197950"}],"wp:term":[{"taxonomy":"category","embeddable":true,"href":"https:\/\/ajanscyprus.com\/wp-json\/wp\/v2\/categories?post=197950"},{"taxonomy":"post_tag","embeddable":true,"href":"https:\/\/ajanscyprus.com\/wp-json\/wp\/v2\/tags?post=197950"},{"taxonomy":"manset","embeddable":true,"href":"https:\/\/ajanscyprus.com\/wp-json\/wp\/v2\/manset?post=197950"}],"curies":[{"name":"wp","href":"https:\/\/api.w.org\/{rel}","templated":true}]}}