{"id":197957,"date":"2026-04-09T18:39:48","date_gmt":"2026-04-09T15:39:48","guid":{"rendered":"https:\/\/ajanscyprus.com\/index.php\/2026\/04\/09\/lubnan-ordusu-israilin-saldirilari-ulkenin-istikrarini-hedef-aliyor-ic-karisiklik-cikarmayi-amacliyor\/"},"modified":"2026-04-09T18:39:48","modified_gmt":"2026-04-09T15:39:48","slug":"lubnan-ordusu-israilin-saldirilari-ulkenin-istikrarini-hedef-aliyor-ic-karisiklik-cikarmayi-amacliyor","status":"publish","type":"post","link":"https:\/\/ajanscyprus.com\/2026\/04\/09\/lubnan-ordusu-israilin-saldirilari-ulkenin-istikrarini-hedef-aliyor-ic-karisiklik-cikarmayi-amacliyor\/","title":{"rendered":"L\u00fcbnan ordusu: \u0130srail&#8217;in sald\u0131r\u0131lar\u0131 \u00fclkenin istikrar\u0131n\u0131 hedef al\u0131yor, i\u00e7 kar\u0131\u015f\u0131kl\u0131k \u00e7\u0131karmay\u0131 ama\u00e7l\u0131yor"},"content":{"rendered":"<p><\/p>\n<div>\n<p>&#13;<br \/>\n\tL\u00fcbnan ordusundan yap\u0131lan a\u00e7\u0131klamaya g\u00f6re Heykel, \u00fclkenin g\u00fcneyindeki baz\u0131 askeri birlikleri ziyaret etti.<\/p>\n<p>&#13;<br \/>\n\tBurada askerler ve komutanlarla bir araya gelen Heykel, &#8220;zorlu \u015fartlara ra\u011fmen g\u00f6sterdikleri fedakarl\u0131klar\u0131&#8221; takdir etti\u011fini s\u00f6yledi.<\/p>\n<p>&#13;<br \/>\n\tHeykel, \u0130srail&#8217;in son d\u00f6nemde yo\u011funla\u015fan ve sistematik \u015fekilde y\u00fcr\u00fct\u00fclen sald\u0131r\u0131lar\u0131n\u0131n L\u00fcbnan&#8217;\u0131n istikrar\u0131n\u0131 bozmay\u0131 ve i\u00e7 kar\u0131\u015f\u0131kl\u0131k \u00e7\u0131karmay\u0131 hedefledi\u011fini vurgulad\u0131.<\/p><div class=\"kanews-banner kanews-banner-single\"><img loading=\"lazy\" decoding=\"async\" src=\"https:\/\/ajanscyprus.com\/wp-content\/uploads\/2026\/04\/meRIT-bANNER.jpeg\" alt=\"\" width=\"970\" height=\"90\" class=\"alignnone size-full wp-image-62349\" \/><\/div>\n<p>&#13;<br \/>\n\tOrduyu hedef alan kampanyalara da tepki g\u00f6steren Heykel, L\u00fcbnan ordusunun g\u00f6revini kararl\u0131l\u0131kla s\u00fcrd\u00fcrd\u00fc\u011f\u00fcn\u00fc ve \u00fclkenin g\u00fcvenli\u011fini sa\u011flamaya devam edece\u011fini kaydetti.<\/p>\n<p>&#13;<br \/>\n\t\u0130srail ordusu, d\u00fcn \u00f6\u011fle saatlerinde Beyrut ile L\u00fcbnan&#8217;\u0131n do\u011fu ve g\u00fcney kesimlerine \u00f6n uyar\u0131 yapmadan e\u015f zamanl\u0131 yakla\u015f\u0131k 100 hava sald\u0131r\u0131s\u0131 ger\u00e7ekle\u015ftirmi\u015fti.<\/p>\n<p>&#13;<br \/>\n\tL\u00fcbnan Sivil Savunma M\u00fcd\u00fcrl\u00fc\u011f\u00fc, sald\u0131r\u0131larda en az 254 ki\u015finin hayat\u0131n\u0131 kaybetti\u011fini a\u00e7\u0131klam\u0131\u015ft\u0131.<\/p>\n<p>&#13;<br \/>\n\tS\u00f6z konusu sald\u0131r\u0131lar, \u0130srail&#8217;in 2 Mart&#8217;tan bu yana L\u00fcbnan&#8217;a d\u00fczenledi\u011fi en \u015fiddetli sald\u0131r\u0131lar olarak kay\u0131tlara ge\u00e7ti.<\/p>\n<\/div>\n<p>Kaynak : TRT HABER<\/p>\n","protected":false},"excerpt":{"rendered":"<p>&#13; L\u00fcbnan ordusundan yap\u0131lan a\u00e7\u0131klamaya g\u00f6re Heykel, \u00fclkenin g\u00fcneyindeki baz\u0131 askeri birlikleri ziyaret etti. &#13; Burada&#46;&#46;&#46;<\/p>\n","protected":false},"author":4,"featured_media":195407,"comment_status":"closed","ping_status":"closed","sticky":false,"template":"","format":"standard","meta":{"footnotes":"","jetpack_publicize_message":"","jetpack_publicize_feature_enabled":true,"jetpack_social_post_already_shared":true,"jetpack_social_options":{"image_generator_settings":{"template":"highway","default_image_id":0,"font":"","enabled":false},"version":2}},"categories":[44],"tags":[],"manset":[],"class_list":["post-197957","post","type-post","status-publish","format-standard","has-post-thumbnail","hentry","category-dunya"],"yoast_head":"<!-- This site is optimized with the Yoast SEO plugin v27.5 - https:\/\/yoast.com\/product\/yoast-seo-wordpress\/ -->\n<title>L\u00fcbnan ordusu: \u0130srail&#039;in sald\u0131r\u0131lar\u0131 \u00fclkenin istikrar\u0131n\u0131 hedef al\u0131yor, i\u00e7 kar\u0131\u015f\u0131kl\u0131k \u00e7\u0131karmay\u0131 ama\u00e7l\u0131yor - Ajans Cyprus<\/title>\n<meta name=\"robots\" content=\"index, follow, max-snippet:-1, max-image-preview:large, max-video-preview:-1\" \/>\n<link rel=\"canonical\" href=\"https:\/\/ajanscyprus.com\/2026\/04\/09\/lubnan-ordusu-israilin-saldirilari-ulkenin-istikrarini-hedef-aliyor-ic-karisiklik-cikarmayi-amacliyor\/\" \/>\n<meta property=\"og:locale\" content=\"tr_TR\" \/>\n<meta property=\"og:type\" content=\"article\" \/>\n<meta property=\"og:title\" content=\"L\u00fcbnan ordusu: \u0130srail&#039;in sald\u0131r\u0131lar\u0131 \u00fclkenin istikrar\u0131n\u0131 hedef al\u0131yor, i\u00e7 kar\u0131\u015f\u0131kl\u0131k \u00e7\u0131karmay\u0131 ama\u00e7l\u0131yor - Ajans Cyprus\" \/>\n<meta property=\"og:description\" content=\"&#013; L\u00fcbnan ordusundan yap\u0131lan a\u00e7\u0131klamaya g\u00f6re Heykel, \u00fclkenin g\u00fcneyindeki baz\u0131 askeri birlikleri ziyaret etti. &#013; Burada&#046;&#046;&#046;\" \/>\n<meta property=\"og:url\" content=\"https:\/\/ajanscyprus.com\/2026\/04\/09\/lubnan-ordusu-israilin-saldirilari-ulkenin-istikrarini-hedef-aliyor-ic-karisiklik-cikarmayi-amacliyor\/\" \/>\n<meta property=\"og:site_name\" content=\"Ajans Cyprus\" \/>\n<meta property=\"article:publisher\" content=\"https:\/\/www.facebook.com\/AjansCyprusAC\" \/>\n<meta property=\"article:published_time\" content=\"2026-04-09T15:39:48+00:00\" \/>\n<meta property=\"og:image\" content=\"https:\/\/ajanscyprus.com\/wp-content\/uploads\/2026\/03\/israil-lubnan-beyrut-saldiri-aa-2446964.jpg\" \/>\n\t<meta property=\"og:image:width\" content=\"1280\" \/>\n\t<meta property=\"og:image:height\" content=\"720\" \/>\n\t<meta property=\"og:image:type\" content=\"image\/jpeg\" \/>\n<meta name=\"author\" content=\"Ajans Cyprus\" \/>\n<meta name=\"twitter:card\" content=\"summary_large_image\" \/>\n<meta name=\"twitter:creator\" content=\"@AjansCyprus\" \/>\n<meta name=\"twitter:site\" content=\"@AjansCyprus\" \/>\n<meta name=\"twitter:label1\" content=\"Yazan:\" \/>\n\t<meta name=\"twitter:data1\" content=\"Ajans Cyprus\" \/>\n\t<meta name=\"twitter:label2\" content=\"Tahmini okuma s\u00fcresi\" \/>\n\t<meta name=\"twitter:data2\" content=\"1 dakika\" \/>\n<script type=\"application\/ld+json\" class=\"yoast-schema-graph\">{\"@context\":\"https:\\\/\\\/schema.org\",\"@graph\":[{\"@type\":\"Article\",\"@id\":\"https:\\\/\\\/ajanscyprus.com\\\/2026\\\/04\\\/09\\\/lubnan-ordusu-israilin-saldirilari-ulkenin-istikrarini-hedef-aliyor-ic-karisiklik-cikarmayi-amacliyor\\\/#article\",\"isPartOf\":{\"@id\":\"https:\\\/\\\/ajanscyprus.com\\\/2026\\\/04\\\/09\\\/lubnan-ordusu-israilin-saldirilari-ulkenin-istikrarini-hedef-aliyor-ic-karisiklik-cikarmayi-amacliyor\\\/\"},\"author\":{\"name\":\"Ajans Cyprus\",\"@id\":\"https:\\\/\\\/ajanscyprus.com\\\/#\\\/schema\\\/person\\\/7a2e842cab5d700268eb209092eb3937\"},\"headline\":\"L\u00fcbnan ordusu: \u0130srail&#8217;in sald\u0131r\u0131lar\u0131 \u00fclkenin istikrar\u0131n\u0131 hedef al\u0131yor, i\u00e7 kar\u0131\u015f\u0131kl\u0131k \u00e7\u0131karmay\u0131 ama\u00e7l\u0131yor\",\"datePublished\":\"2026-04-09T15:39:48+00:00\",\"mainEntityOfPage\":{\"@id\":\"https:\\\/\\\/ajanscyprus.com\\\/2026\\\/04\\\/09\\\/lubnan-ordusu-israilin-saldirilari-ulkenin-istikrarini-hedef-aliyor-ic-karisiklik-cikarmayi-amacliyor\\\/\"},\"wordCount\":213,\"publisher\":{\"@id\":\"https:\\\/\\\/ajanscyprus.com\\\/#organization\"},\"image\":{\"@id\":\"https:\\\/\\\/ajanscyprus.com\\\/2026\\\/04\\\/09\\\/lubnan-ordusu-israilin-saldirilari-ulkenin-istikrarini-hedef-aliyor-ic-karisiklik-cikarmayi-amacliyor\\\/#primaryimage\"},\"thumbnailUrl\":\"https:\\\/\\\/ajanscyprus.com\\\/wp-content\\\/uploads\\\/2026\\\/03\\\/israil-lubnan-beyrut-saldiri-aa-2446964.jpg\",\"articleSection\":[\"D\u00fcnya\"],\"inLanguage\":\"tr\"},{\"@type\":\"WebPage\",\"@id\":\"https:\\\/\\\/ajanscyprus.com\\\/2026\\\/04\\\/09\\\/lubnan-ordusu-israilin-saldirilari-ulkenin-istikrarini-hedef-aliyor-ic-karisiklik-cikarmayi-amacliyor\\\/\",\"url\":\"https:\\\/\\\/ajanscyprus.com\\\/2026\\\/04\\\/09\\\/lubnan-ordusu-israilin-saldirilari-ulkenin-istikrarini-hedef-aliyor-ic-karisiklik-cikarmayi-amacliyor\\\/\",\"name\":\"L\u00fcbnan ordusu: \u0130srail'in sald\u0131r\u0131lar\u0131 \u00fclkenin istikrar\u0131n\u0131 hedef al\u0131yor, i\u00e7 kar\u0131\u015f\u0131kl\u0131k \u00e7\u0131karmay\u0131 ama\u00e7l\u0131yor - Ajans Cyprus\",\"isPartOf\":{\"@id\":\"https:\\\/\\\/ajanscyprus.com\\\/#website\"},\"primaryImageOfPage\":{\"@id\":\"https:\\\/\\\/ajanscyprus.com\\\/2026\\\/04\\\/09\\\/lubnan-ordusu-israilin-saldirilari-ulkenin-istikrarini-hedef-aliyor-ic-karisiklik-cikarmayi-amacliyor\\\/#primaryimage\"},\"image\":{\"@id\":\"https:\\\/\\\/ajanscyprus.com\\\/2026\\\/04\\\/09\\\/lubnan-ordusu-israilin-saldirilari-ulkenin-istikrarini-hedef-aliyor-ic-karisiklik-cikarmayi-amacliyor\\\/#primaryimage\"},\"thumbnailUrl\":\"https:\\\/\\\/ajanscyprus.com\\\/wp-content\\\/uploads\\\/2026\\\/03\\\/israil-lubnan-beyrut-saldiri-aa-2446964.jpg\",\"datePublished\":\"2026-04-09T15:39:48+00:00\",\"breadcrumb\":{\"@id\":\"https:\\\/\\\/ajanscyprus.com\\\/2026\\\/04\\\/09\\\/lubnan-ordusu-israilin-saldirilari-ulkenin-istikrarini-hedef-aliyor-ic-karisiklik-cikarmayi-amacliyor\\\/#breadcrumb\"},\"inLanguage\":\"tr\",\"potentialAction\":[{\"@type\":\"ReadAction\",\"target\":[\"https:\\\/\\\/ajanscyprus.com\\\/2026\\\/04\\\/09\\\/lubnan-ordusu-israilin-saldirilari-ulkenin-istikrarini-hedef-aliyor-ic-karisiklik-cikarmayi-amacliyor\\\/\"]}]},{\"@type\":\"ImageObject\",\"inLanguage\":\"tr\",\"@id\":\"https:\\\/\\\/ajanscyprus.com\\\/2026\\\/04\\\/09\\\/lubnan-ordusu-israilin-saldirilari-ulkenin-istikrarini-hedef-aliyor-ic-karisiklik-cikarmayi-amacliyor\\\/#primaryimage\",\"url\":\"https:\\\/\\\/ajanscyprus.com\\\/wp-content\\\/uploads\\\/2026\\\/03\\\/israil-lubnan-beyrut-saldiri-aa-2446964.jpg\",\"contentUrl\":\"https:\\\/\\\/ajanscyprus.com\\\/wp-content\\\/uploads\\\/2026\\\/03\\\/israil-lubnan-beyrut-saldiri-aa-2446964.jpg\",\"width\":1280,\"height\":720},{\"@type\":\"BreadcrumbList\",\"@id\":\"https:\\\/\\\/ajanscyprus.com\\\/2026\\\/04\\\/09\\\/lubnan-ordusu-israilin-saldirilari-ulkenin-istikrarini-hedef-aliyor-ic-karisiklik-cikarmayi-amacliyor\\\/#breadcrumb\",\"itemListElement\":[{\"@type\":\"ListItem\",\"position\":1,\"name\":\"Anasayfa\",\"item\":\"https:\\\/\\\/ajanscyprus.com\\\/\"},{\"@type\":\"ListItem\",\"position\":2,\"name\":\"L\u00fcbnan ordusu: \u0130srail&#8217;in sald\u0131r\u0131lar\u0131 \u00fclkenin istikrar\u0131n\u0131 hedef al\u0131yor, i\u00e7 kar\u0131\u015f\u0131kl\u0131k \u00e7\u0131karmay\u0131 ama\u00e7l\u0131yor\"}]},{\"@type\":\"WebSite\",\"@id\":\"https:\\\/\\\/ajanscyprus.com\\\/#website\",\"url\":\"https:\\\/\\\/ajanscyprus.com\\\/\",\"name\":\"Ajans Cyprus\",\"description\":\"\",\"publisher\":{\"@id\":\"https:\\\/\\\/ajanscyprus.com\\\/#organization\"},\"potentialAction\":[{\"@type\":\"SearchAction\",\"target\":{\"@type\":\"EntryPoint\",\"urlTemplate\":\"https:\\\/\\\/ajanscyprus.com\\\/?s={search_term_string}\"},\"query-input\":{\"@type\":\"PropertyValueSpecification\",\"valueRequired\":true,\"valueName\":\"search_term_string\"}}],\"inLanguage\":\"tr\"},{\"@type\":\"Organization\",\"@id\":\"https:\\\/\\\/ajanscyprus.com\\\/#organization\",\"name\":\"Ajans Cyprus\",\"alternateName\":\"Ajans Mira Turan Cyprus Media And Production\",\"url\":\"https:\\\/\\\/ajanscyprus.com\\\/\",\"logo\":{\"@type\":\"ImageObject\",\"inLanguage\":\"tr\",\"@id\":\"https:\\\/\\\/ajanscyprus.com\\\/#\\\/schema\\\/logo\\\/image\\\/\",\"url\":\"https:\\\/\\\/ajanscyprus.com\\\/wp-content\\\/uploads\\\/2023\\\/02\\\/AjansCyprus-yuvarlak-logo-e1676491087198.png\",\"contentUrl\":\"https:\\\/\\\/ajanscyprus.com\\\/wp-content\\\/uploads\\\/2023\\\/02\\\/AjansCyprus-yuvarlak-logo-e1676491087198.png\",\"width\":200,\"height\":200,\"caption\":\"Ajans Cyprus\"},\"image\":{\"@id\":\"https:\\\/\\\/ajanscyprus.com\\\/#\\\/schema\\\/logo\\\/image\\\/\"},\"sameAs\":[\"https:\\\/\\\/www.facebook.com\\\/AjansCyprusAC\",\"https:\\\/\\\/x.com\\\/AjansCyprus\"]},{\"@type\":\"Person\",\"@id\":\"https:\\\/\\\/ajanscyprus.com\\\/#\\\/schema\\\/person\\\/7a2e842cab5d700268eb209092eb3937\",\"name\":\"Ajans Cyprus\",\"image\":{\"@type\":\"ImageObject\",\"inLanguage\":\"tr\",\"@id\":\"https:\\\/\\\/ajanscyprus.com\\\/wp-content\\\/uploads\\\/2025\\\/06\\\/ajans-cyprus_avatar-96x96.png\",\"url\":\"https:\\\/\\\/ajanscyprus.com\\\/wp-content\\\/uploads\\\/2025\\\/06\\\/ajans-cyprus_avatar-96x96.png\",\"contentUrl\":\"https:\\\/\\\/ajanscyprus.com\\\/wp-content\\\/uploads\\\/2025\\\/06\\\/ajans-cyprus_avatar-96x96.png\",\"caption\":\"Ajans Cyprus\"},\"sameAs\":[\"http:\\\/\\\/ajanscyprus.com\"],\"url\":\"https:\\\/\\\/ajanscyprus.com\\\/author\\\/admin2\\\/\"}]}<\/script>\n<!-- \/ Yoast SEO plugin. -->","yoast_head_json":{"title":"L\u00fcbnan ordusu: \u0130srail'in sald\u0131r\u0131lar\u0131 \u00fclkenin istikrar\u0131n\u0131 hedef al\u0131yor, i\u00e7 kar\u0131\u015f\u0131kl\u0131k \u00e7\u0131karmay\u0131 ama\u00e7l\u0131yor - Ajans Cyprus","robots":{"index":"index","follow":"follow","max-snippet":"max-snippet:-1","max-image-preview":"max-image-preview:large","max-video-preview":"max-video-preview:-1"},"canonical":"https:\/\/ajanscyprus.com\/2026\/04\/09\/lubnan-ordusu-israilin-saldirilari-ulkenin-istikrarini-hedef-aliyor-ic-karisiklik-cikarmayi-amacliyor\/","og_locale":"tr_TR","og_type":"article","og_title":"L\u00fcbnan ordusu: \u0130srail'in sald\u0131r\u0131lar\u0131 \u00fclkenin istikrar\u0131n\u0131 hedef al\u0131yor, i\u00e7 kar\u0131\u015f\u0131kl\u0131k \u00e7\u0131karmay\u0131 ama\u00e7l\u0131yor - Ajans Cyprus","og_description":"&#13; L\u00fcbnan ordusundan yap\u0131lan a\u00e7\u0131klamaya g\u00f6re Heykel, \u00fclkenin g\u00fcneyindeki baz\u0131 askeri birlikleri ziyaret etti. &#13; Burada&#46;&#46;&#46;","og_url":"https:\/\/ajanscyprus.com\/2026\/04\/09\/lubnan-ordusu-israilin-saldirilari-ulkenin-istikrarini-hedef-aliyor-ic-karisiklik-cikarmayi-amacliyor\/","og_site_name":"Ajans Cyprus","article_publisher":"https:\/\/www.facebook.com\/AjansCyprusAC","article_published_time":"2026-04-09T15:39:48+00:00","og_image":[{"width":1280,"height":720,"url":"https:\/\/ajanscyprus.com\/wp-content\/uploads\/2026\/03\/israil-lubnan-beyrut-saldiri-aa-2446964.jpg","type":"image\/jpeg"}],"author":"Ajans Cyprus","twitter_card":"summary_large_image","twitter_creator":"@AjansCyprus","twitter_site":"@AjansCyprus","twitter_misc":{"Yazan:":"Ajans Cyprus","Tahmini okuma s\u00fcresi":"1 dakika"},"schema":{"@context":"https:\/\/schema.org","@graph":[{"@type":"Article","@id":"https:\/\/ajanscyprus.com\/2026\/04\/09\/lubnan-ordusu-israilin-saldirilari-ulkenin-istikrarini-hedef-aliyor-ic-karisiklik-cikarmayi-amacliyor\/#article","isPartOf":{"@id":"https:\/\/ajanscyprus.com\/2026\/04\/09\/lubnan-ordusu-israilin-saldirilari-ulkenin-istikrarini-hedef-aliyor-ic-karisiklik-cikarmayi-amacliyor\/"},"author":{"name":"Ajans Cyprus","@id":"https:\/\/ajanscyprus.com\/#\/schema\/person\/7a2e842cab5d700268eb209092eb3937"},"headline":"L\u00fcbnan ordusu: \u0130srail&#8217;in sald\u0131r\u0131lar\u0131 \u00fclkenin istikrar\u0131n\u0131 hedef al\u0131yor, i\u00e7 kar\u0131\u015f\u0131kl\u0131k \u00e7\u0131karmay\u0131 ama\u00e7l\u0131yor","datePublished":"2026-04-09T15:39:48+00:00","mainEntityOfPage":{"@id":"https:\/\/ajanscyprus.com\/2026\/04\/09\/lubnan-ordusu-israilin-saldirilari-ulkenin-istikrarini-hedef-aliyor-ic-karisiklik-cikarmayi-amacliyor\/"},"wordCount":213,"publisher":{"@id":"https:\/\/ajanscyprus.com\/#organization"},"image":{"@id":"https:\/\/ajanscyprus.com\/2026\/04\/09\/lubnan-ordusu-israilin-saldirilari-ulkenin-istikrarini-hedef-aliyor-ic-karisiklik-cikarmayi-amacliyor\/#primaryimage"},"thumbnailUrl":"https:\/\/ajanscyprus.com\/wp-content\/uploads\/2026\/03\/israil-lubnan-beyrut-saldiri-aa-2446964.jpg","articleSection":["D\u00fcnya"],"inLanguage":"tr"},{"@type":"WebPage","@id":"https:\/\/ajanscyprus.com\/2026\/04\/09\/lubnan-ordusu-israilin-saldirilari-ulkenin-istikrarini-hedef-aliyor-ic-karisiklik-cikarmayi-amacliyor\/","url":"https:\/\/ajanscyprus.com\/2026\/04\/09\/lubnan-ordusu-israilin-saldirilari-ulkenin-istikrarini-hedef-aliyor-ic-karisiklik-cikarmayi-amacliyor\/","name":"L\u00fcbnan ordusu: \u0130srail'in sald\u0131r\u0131lar\u0131 \u00fclkenin istikrar\u0131n\u0131 hedef al\u0131yor, i\u00e7 kar\u0131\u015f\u0131kl\u0131k \u00e7\u0131karmay\u0131 ama\u00e7l\u0131yor - Ajans Cyprus","isPartOf":{"@id":"https:\/\/ajanscyprus.com\/#website"},"primaryImageOfPage":{"@id":"https:\/\/ajanscyprus.com\/2026\/04\/09\/lubnan-ordusu-israilin-saldirilari-ulkenin-istikrarini-hedef-aliyor-ic-karisiklik-cikarmayi-amacliyor\/#primaryimage"},"image":{"@id":"https:\/\/ajanscyprus.com\/2026\/04\/09\/lubnan-ordusu-israilin-saldirilari-ulkenin-istikrarini-hedef-aliyor-ic-karisiklik-cikarmayi-amacliyor\/#primaryimage"},"thumbnailUrl":"https:\/\/ajanscyprus.com\/wp-content\/uploads\/2026\/03\/israil-lubnan-beyrut-saldiri-aa-2446964.jpg","datePublished":"2026-04-09T15:39:48+00:00","breadcrumb":{"@id":"https:\/\/ajanscyprus.com\/2026\/04\/09\/lubnan-ordusu-israilin-saldirilari-ulkenin-istikrarini-hedef-aliyor-ic-karisiklik-cikarmayi-amacliyor\/#breadcrumb"},"inLanguage":"tr","potentialAction":[{"@type":"ReadAction","target":["https:\/\/ajanscyprus.com\/2026\/04\/09\/lubnan-ordusu-israilin-saldirilari-ulkenin-istikrarini-hedef-aliyor-ic-karisiklik-cikarmayi-amacliyor\/"]}]},{"@type":"ImageObject","inLanguage":"tr","@id":"https:\/\/ajanscyprus.com\/2026\/04\/09\/lubnan-ordusu-israilin-saldirilari-ulkenin-istikrarini-hedef-aliyor-ic-karisiklik-cikarmayi-amacliyor\/#primaryimage","url":"https:\/\/ajanscyprus.com\/wp-content\/uploads\/2026\/03\/israil-lubnan-beyrut-saldiri-aa-2446964.jpg","contentUrl":"https:\/\/ajanscyprus.com\/wp-content\/uploads\/2026\/03\/israil-lubnan-beyrut-saldiri-aa-2446964.jpg","width":1280,"height":720},{"@type":"BreadcrumbList","@id":"https:\/\/ajanscyprus.com\/2026\/04\/09\/lubnan-ordusu-israilin-saldirilari-ulkenin-istikrarini-hedef-aliyor-ic-karisiklik-cikarmayi-amacliyor\/#breadcrumb","itemListElement":[{"@type":"ListItem","position":1,"name":"Anasayfa","item":"https:\/\/ajanscyprus.com\/"},{"@type":"ListItem","position":2,"name":"L\u00fcbnan ordusu: \u0130srail&#8217;in sald\u0131r\u0131lar\u0131 \u00fclkenin istikrar\u0131n\u0131 hedef al\u0131yor, i\u00e7 kar\u0131\u015f\u0131kl\u0131k \u00e7\u0131karmay\u0131 ama\u00e7l\u0131yor"}]},{"@type":"WebSite","@id":"https:\/\/ajanscyprus.com\/#website","url":"https:\/\/ajanscyprus.com\/","name":"Ajans Cyprus","description":"","publisher":{"@id":"https:\/\/ajanscyprus.com\/#organization"},"potentialAction":[{"@type":"SearchAction","target":{"@type":"EntryPoint","urlTemplate":"https:\/\/ajanscyprus.com\/?s={search_term_string}"},"query-input":{"@type":"PropertyValueSpecification","valueRequired":true,"valueName":"search_term_string"}}],"inLanguage":"tr"},{"@type":"Organization","@id":"https:\/\/ajanscyprus.com\/#organization","name":"Ajans Cyprus","alternateName":"Ajans Mira Turan Cyprus Media And Production","url":"https:\/\/ajanscyprus.com\/","logo":{"@type":"ImageObject","inLanguage":"tr","@id":"https:\/\/ajanscyprus.com\/#\/schema\/logo\/image\/","url":"https:\/\/ajanscyprus.com\/wp-content\/uploads\/2023\/02\/AjansCyprus-yuvarlak-logo-e1676491087198.png","contentUrl":"https:\/\/ajanscyprus.com\/wp-content\/uploads\/2023\/02\/AjansCyprus-yuvarlak-logo-e1676491087198.png","width":200,"height":200,"caption":"Ajans Cyprus"},"image":{"@id":"https:\/\/ajanscyprus.com\/#\/schema\/logo\/image\/"},"sameAs":["https:\/\/www.facebook.com\/AjansCyprusAC","https:\/\/x.com\/AjansCyprus"]},{"@type":"Person","@id":"https:\/\/ajanscyprus.com\/#\/schema\/person\/7a2e842cab5d700268eb209092eb3937","name":"Ajans Cyprus","image":{"@type":"ImageObject","inLanguage":"tr","@id":"https:\/\/ajanscyprus.com\/wp-content\/uploads\/2025\/06\/ajans-cyprus_avatar-96x96.png","url":"https:\/\/ajanscyprus.com\/wp-content\/uploads\/2025\/06\/ajans-cyprus_avatar-96x96.png","contentUrl":"https:\/\/ajanscyprus.com\/wp-content\/uploads\/2025\/06\/ajans-cyprus_avatar-96x96.png","caption":"Ajans Cyprus"},"sameAs":["http:\/\/ajanscyprus.com"],"url":"https:\/\/ajanscyprus.com\/author\/admin2\/"}]}},"jetpack_publicize_connections":[],"_links":{"self":[{"href":"https:\/\/ajanscyprus.com\/wp-json\/wp\/v2\/posts\/197957","targetHints":{"allow":["GET"]}}],"collection":[{"href":"https:\/\/ajanscyprus.com\/wp-json\/wp\/v2\/posts"}],"about":[{"href":"https:\/\/ajanscyprus.com\/wp-json\/wp\/v2\/types\/post"}],"author":[{"embeddable":true,"href":"https:\/\/ajanscyprus.com\/wp-json\/wp\/v2\/users\/4"}],"replies":[{"embeddable":true,"href":"https:\/\/ajanscyprus.com\/wp-json\/wp\/v2\/comments?post=197957"}],"version-history":[{"count":0,"href":"https:\/\/ajanscyprus.com\/wp-json\/wp\/v2\/posts\/197957\/revisions"}],"wp:featuredmedia":[{"embeddable":true,"href":"https:\/\/ajanscyprus.com\/wp-json\/wp\/v2\/media\/195407"}],"wp:attachment":[{"href":"https:\/\/ajanscyprus.com\/wp-json\/wp\/v2\/media?parent=197957"}],"wp:term":[{"taxonomy":"category","embeddable":true,"href":"https:\/\/ajanscyprus.com\/wp-json\/wp\/v2\/categories?post=197957"},{"taxonomy":"post_tag","embeddable":true,"href":"https:\/\/ajanscyprus.com\/wp-json\/wp\/v2\/tags?post=197957"},{"taxonomy":"manset","embeddable":true,"href":"https:\/\/ajanscyprus.com\/wp-json\/wp\/v2\/manset?post=197957"}],"curies":[{"name":"wp","href":"https:\/\/api.w.org\/{rel}","templated":true}]}}