{"id":197959,"date":"2026-04-09T19:41:41","date_gmt":"2026-04-09T16:41:41","guid":{"rendered":"https:\/\/ajanscyprus.com\/index.php\/2026\/04\/09\/nato-genel-sekreteri-rutte-abd-liderligi-kesinlikle-gereklidir\/"},"modified":"2026-04-09T19:41:41","modified_gmt":"2026-04-09T16:41:41","slug":"nato-genel-sekreteri-rutte-abd-liderligi-kesinlikle-gereklidir","status":"publish","type":"post","link":"https:\/\/ajanscyprus.com\/2026\/04\/09\/nato-genel-sekreteri-rutte-abd-liderligi-kesinlikle-gereklidir\/","title":{"rendered":"NATO Genel Sekreteri Rutte: ABD liderli\u011fi kesinlikle gereklidir"},"content":{"rendered":"<p><\/p>\n<div>\n<p>&#13;<br \/>\n\tNATO Genel Sekreteri Mark Rutte, ittifak\u0131n gelece\u011fine dair yapt\u0131\u011f\u0131 a\u00e7\u0131klamalarda m\u00fcttefiklerin savunma kapasitelerini art\u0131rma h\u0131z\u0131ndan memnuniyet duydu\u011funu ancak bunun yeterli olmad\u0131\u011f\u0131n\u0131 ifade etti. \u00d6zellikle savunma harcamalar\u0131n\u0131n GSYH\u2019nin y\u00fczde 5&#8217;ine \u00e7\u0131kar\u0131lmas\u0131na y\u00f6nelik taahh\u00fctlere de\u011finen Rutte, &#8220;Bu, gelecekte NATO\u2019nun m\u00fcttefiklerin ABD\u2019ye a\u015f\u0131r\u0131 ba\u011f\u0131ml\u0131 oldu\u011fu bir ittifak olmas\u0131n\u0131 engelleyecek&#8221; dedi.<\/p>\n<p>&#13;<br \/>\n\tGenel Sekreter, m\u00fcttefiklerin b\u00fct\u00e7eleri g\u00fcvence alt\u0131na almak ve ordular\u0131n\u0131 b\u00fcy\u00fctmek i\u00e7in h\u0131zl\u0131 hareket etti\u011fini belirterek, &#8220;Ancak bu ilerlemelere ra\u011fmen, daha fazlas\u0131na ihtiyac\u0131m\u0131z olaca\u011f\u0131 a\u00e7\u0131k&#8221; uyar\u0131s\u0131nda bulundu.<\/p>\n<h2>&#13;<br \/>\n\t&#8220;\u00d6zg\u00fcrl\u00fck istisna de\u011fil, kural olmal\u0131&#8221;<\/h2>\n<p>&#13;<br \/>\n\tABD liderli\u011finin k\u00fcresel g\u00fcvenlik i\u00e7in vazge\u00e7ilmez oldu\u011funu savunan Rutte, &#8220;\u00d6zg\u00fcrl\u00fc\u011f\u00fcn istisna de\u011fil, kural olmas\u0131 i\u00e7in Amerikan liderli\u011fi kesinlikle gereklidir&#8221; ifadelerini kulland\u0131. Trump y\u00f6netiminin &#8220;sert g\u00fc\u00e7&#8221; odakl\u0131 yakla\u015f\u0131m\u0131n\u0131n Avrupa \u00fczerinde olumlu bir etkisi oldu\u011funu kaydeden Rutte, &#8220;Trump\u2019\u0131n ilerlemeye olan ba\u011fl\u0131l\u0131\u011f\u0131, Avrupa\u2019ya de\u011ferlerin sert g\u00fc\u00e7le desteklenmesi gerekti\u011fini hat\u0131rlatarak, bir nesilden fazla s\u00fcren durgunluk ve zay\u0131flamay\u0131 tersine \u00e7evirdi&#8221; dedi.<\/p><div class=\"kanews-banner kanews-banner-single\"><img loading=\"lazy\" decoding=\"async\" src=\"https:\/\/ajanscyprus.com\/wp-content\/uploads\/2026\/04\/meRIT-bANNER.jpeg\" alt=\"\" width=\"970\" height=\"90\" class=\"alignnone size-full wp-image-62349\" \/><\/div>\n<p>&#13;<br \/>\n\tRutte, ittifak\u0131n yeni d\u00f6nemdeki vizyonunu ise \u015fu s\u00f6zlerle \u00f6zetledi: &#8220;Amerikan liderli\u011fi, \u00f6zg\u00fcrl\u00fc\u011f\u00fc ve g\u00fcvenli\u011fi s\u00fcrd\u00fcrme konusundaki ortak kararl\u0131l\u0131k sayesinde NATO g\u00fc\u00e7leniyor. Daha g\u00fc\u00e7l\u00fc bir NATO i\u00e7inde daha g\u00fc\u00e7l\u00fc bir Avrupa\u2019n\u0131n, ABD liderli\u011fini garanti g\u00f6rmeyece\u011fine inan\u0131yorum.&#8221;<\/p>\n<\/div>\n<p>Kaynak : TRT HABER<\/p>\n","protected":false},"excerpt":{"rendered":"<p>&#13; NATO Genel Sekreteri Mark Rutte, ittifak\u0131n gelece\u011fine dair yapt\u0131\u011f\u0131 a\u00e7\u0131klamalarda m\u00fcttefiklerin savunma kapasitelerini art\u0131rma h\u0131z\u0131ndan&#46;&#46;&#46;<\/p>\n","protected":false},"author":4,"featured_media":185537,"comment_status":"closed","ping_status":"closed","sticky":false,"template":"","format":"standard","meta":{"footnotes":"","jetpack_publicize_message":"","jetpack_publicize_feature_enabled":true,"jetpack_social_post_already_shared":true,"jetpack_social_options":{"image_generator_settings":{"template":"highway","default_image_id":0,"font":"","enabled":false},"version":2}},"categories":[44],"tags":[],"manset":[],"class_list":["post-197959","post","type-post","status-publish","format-standard","has-post-thumbnail","hentry","category-dunya"],"yoast_head":"<!-- This site is optimized with the Yoast SEO plugin v27.4 - https:\/\/yoast.com\/product\/yoast-seo-wordpress\/ -->\n<title>NATO Genel Sekreteri Rutte: ABD liderli\u011fi kesinlikle gereklidir - Ajans Cyprus<\/title>\n<meta name=\"robots\" content=\"index, follow, max-snippet:-1, max-image-preview:large, max-video-preview:-1\" \/>\n<link rel=\"canonical\" href=\"https:\/\/ajanscyprus.com\/2026\/04\/09\/nato-genel-sekreteri-rutte-abd-liderligi-kesinlikle-gereklidir\/\" \/>\n<meta property=\"og:locale\" content=\"tr_TR\" \/>\n<meta property=\"og:type\" content=\"article\" \/>\n<meta property=\"og:title\" content=\"NATO Genel Sekreteri Rutte: ABD liderli\u011fi kesinlikle gereklidir - Ajans Cyprus\" \/>\n<meta property=\"og:description\" content=\"&#013; NATO Genel Sekreteri Mark Rutte, ittifak\u0131n gelece\u011fine dair yapt\u0131\u011f\u0131 a\u00e7\u0131klamalarda m\u00fcttefiklerin savunma kapasitelerini art\u0131rma h\u0131z\u0131ndan&#046;&#046;&#046;\" \/>\n<meta property=\"og:url\" content=\"https:\/\/ajanscyprus.com\/2026\/04\/09\/nato-genel-sekreteri-rutte-abd-liderligi-kesinlikle-gereklidir\/\" \/>\n<meta property=\"og:site_name\" content=\"Ajans Cyprus\" \/>\n<meta property=\"article:publisher\" content=\"https:\/\/www.facebook.com\/AjansCyprusAC\" \/>\n<meta property=\"article:published_time\" content=\"2026-04-09T16:41:41+00:00\" \/>\n<meta property=\"og:image\" content=\"https:\/\/ajanscyprus.com\/wp-content\/uploads\/2025\/12\/rutte-a-2416169.jpg\" \/>\n\t<meta property=\"og:image:width\" content=\"1280\" \/>\n\t<meta property=\"og:image:height\" content=\"720\" \/>\n\t<meta property=\"og:image:type\" content=\"image\/jpeg\" \/>\n<meta name=\"author\" content=\"Ajans Cyprus\" \/>\n<meta name=\"twitter:card\" content=\"summary_large_image\" \/>\n<meta name=\"twitter:creator\" content=\"@AjansCyprus\" \/>\n<meta name=\"twitter:site\" content=\"@AjansCyprus\" \/>\n<meta name=\"twitter:label1\" content=\"Yazan:\" \/>\n\t<meta name=\"twitter:data1\" content=\"Ajans Cyprus\" \/>\n\t<meta name=\"twitter:label2\" content=\"Tahmini okuma s\u00fcresi\" \/>\n\t<meta name=\"twitter:data2\" content=\"1 dakika\" \/>\n<script type=\"application\/ld+json\" class=\"yoast-schema-graph\">{\"@context\":\"https:\\\/\\\/schema.org\",\"@graph\":[{\"@type\":\"Article\",\"@id\":\"https:\\\/\\\/ajanscyprus.com\\\/2026\\\/04\\\/09\\\/nato-genel-sekreteri-rutte-abd-liderligi-kesinlikle-gereklidir\\\/#article\",\"isPartOf\":{\"@id\":\"https:\\\/\\\/ajanscyprus.com\\\/2026\\\/04\\\/09\\\/nato-genel-sekreteri-rutte-abd-liderligi-kesinlikle-gereklidir\\\/\"},\"author\":{\"name\":\"Ajans Cyprus\",\"@id\":\"https:\\\/\\\/ajanscyprus.com\\\/#\\\/schema\\\/person\\\/7a2e842cab5d700268eb209092eb3937\"},\"headline\":\"NATO Genel Sekreteri Rutte: ABD liderli\u011fi kesinlikle gereklidir\",\"datePublished\":\"2026-04-09T16:41:41+00:00\",\"mainEntityOfPage\":{\"@id\":\"https:\\\/\\\/ajanscyprus.com\\\/2026\\\/04\\\/09\\\/nato-genel-sekreteri-rutte-abd-liderligi-kesinlikle-gereklidir\\\/\"},\"wordCount\":274,\"publisher\":{\"@id\":\"https:\\\/\\\/ajanscyprus.com\\\/#organization\"},\"image\":{\"@id\":\"https:\\\/\\\/ajanscyprus.com\\\/2026\\\/04\\\/09\\\/nato-genel-sekreteri-rutte-abd-liderligi-kesinlikle-gereklidir\\\/#primaryimage\"},\"thumbnailUrl\":\"https:\\\/\\\/ajanscyprus.com\\\/wp-content\\\/uploads\\\/2025\\\/12\\\/rutte-a-2416169.jpg\",\"articleSection\":[\"D\u00fcnya\"],\"inLanguage\":\"tr\"},{\"@type\":\"WebPage\",\"@id\":\"https:\\\/\\\/ajanscyprus.com\\\/2026\\\/04\\\/09\\\/nato-genel-sekreteri-rutte-abd-liderligi-kesinlikle-gereklidir\\\/\",\"url\":\"https:\\\/\\\/ajanscyprus.com\\\/2026\\\/04\\\/09\\\/nato-genel-sekreteri-rutte-abd-liderligi-kesinlikle-gereklidir\\\/\",\"name\":\"NATO Genel Sekreteri Rutte: ABD liderli\u011fi kesinlikle gereklidir - Ajans Cyprus\",\"isPartOf\":{\"@id\":\"https:\\\/\\\/ajanscyprus.com\\\/#website\"},\"primaryImageOfPage\":{\"@id\":\"https:\\\/\\\/ajanscyprus.com\\\/2026\\\/04\\\/09\\\/nato-genel-sekreteri-rutte-abd-liderligi-kesinlikle-gereklidir\\\/#primaryimage\"},\"image\":{\"@id\":\"https:\\\/\\\/ajanscyprus.com\\\/2026\\\/04\\\/09\\\/nato-genel-sekreteri-rutte-abd-liderligi-kesinlikle-gereklidir\\\/#primaryimage\"},\"thumbnailUrl\":\"https:\\\/\\\/ajanscyprus.com\\\/wp-content\\\/uploads\\\/2025\\\/12\\\/rutte-a-2416169.jpg\",\"datePublished\":\"2026-04-09T16:41:41+00:00\",\"breadcrumb\":{\"@id\":\"https:\\\/\\\/ajanscyprus.com\\\/2026\\\/04\\\/09\\\/nato-genel-sekreteri-rutte-abd-liderligi-kesinlikle-gereklidir\\\/#breadcrumb\"},\"inLanguage\":\"tr\",\"potentialAction\":[{\"@type\":\"ReadAction\",\"target\":[\"https:\\\/\\\/ajanscyprus.com\\\/2026\\\/04\\\/09\\\/nato-genel-sekreteri-rutte-abd-liderligi-kesinlikle-gereklidir\\\/\"]}]},{\"@type\":\"ImageObject\",\"inLanguage\":\"tr\",\"@id\":\"https:\\\/\\\/ajanscyprus.com\\\/2026\\\/04\\\/09\\\/nato-genel-sekreteri-rutte-abd-liderligi-kesinlikle-gereklidir\\\/#primaryimage\",\"url\":\"https:\\\/\\\/ajanscyprus.com\\\/wp-content\\\/uploads\\\/2025\\\/12\\\/rutte-a-2416169.jpg\",\"contentUrl\":\"https:\\\/\\\/ajanscyprus.com\\\/wp-content\\\/uploads\\\/2025\\\/12\\\/rutte-a-2416169.jpg\",\"width\":1280,\"height\":720},{\"@type\":\"BreadcrumbList\",\"@id\":\"https:\\\/\\\/ajanscyprus.com\\\/2026\\\/04\\\/09\\\/nato-genel-sekreteri-rutte-abd-liderligi-kesinlikle-gereklidir\\\/#breadcrumb\",\"itemListElement\":[{\"@type\":\"ListItem\",\"position\":1,\"name\":\"Anasayfa\",\"item\":\"https:\\\/\\\/ajanscyprus.com\\\/\"},{\"@type\":\"ListItem\",\"position\":2,\"name\":\"NATO Genel Sekreteri Rutte: ABD liderli\u011fi kesinlikle gereklidir\"}]},{\"@type\":\"WebSite\",\"@id\":\"https:\\\/\\\/ajanscyprus.com\\\/#website\",\"url\":\"https:\\\/\\\/ajanscyprus.com\\\/\",\"name\":\"Ajans Cyprus\",\"description\":\"\",\"publisher\":{\"@id\":\"https:\\\/\\\/ajanscyprus.com\\\/#organization\"},\"potentialAction\":[{\"@type\":\"SearchAction\",\"target\":{\"@type\":\"EntryPoint\",\"urlTemplate\":\"https:\\\/\\\/ajanscyprus.com\\\/?s={search_term_string}\"},\"query-input\":{\"@type\":\"PropertyValueSpecification\",\"valueRequired\":true,\"valueName\":\"search_term_string\"}}],\"inLanguage\":\"tr\"},{\"@type\":\"Organization\",\"@id\":\"https:\\\/\\\/ajanscyprus.com\\\/#organization\",\"name\":\"Ajans Cyprus\",\"alternateName\":\"Ajans Mira Turan Cyprus Media And Production\",\"url\":\"https:\\\/\\\/ajanscyprus.com\\\/\",\"logo\":{\"@type\":\"ImageObject\",\"inLanguage\":\"tr\",\"@id\":\"https:\\\/\\\/ajanscyprus.com\\\/#\\\/schema\\\/logo\\\/image\\\/\",\"url\":\"https:\\\/\\\/ajanscyprus.com\\\/wp-content\\\/uploads\\\/2023\\\/02\\\/AjansCyprus-yuvarlak-logo-e1676491087198.png\",\"contentUrl\":\"https:\\\/\\\/ajanscyprus.com\\\/wp-content\\\/uploads\\\/2023\\\/02\\\/AjansCyprus-yuvarlak-logo-e1676491087198.png\",\"width\":200,\"height\":200,\"caption\":\"Ajans Cyprus\"},\"image\":{\"@id\":\"https:\\\/\\\/ajanscyprus.com\\\/#\\\/schema\\\/logo\\\/image\\\/\"},\"sameAs\":[\"https:\\\/\\\/www.facebook.com\\\/AjansCyprusAC\",\"https:\\\/\\\/x.com\\\/AjansCyprus\"]},{\"@type\":\"Person\",\"@id\":\"https:\\\/\\\/ajanscyprus.com\\\/#\\\/schema\\\/person\\\/7a2e842cab5d700268eb209092eb3937\",\"name\":\"Ajans Cyprus\",\"image\":{\"@type\":\"ImageObject\",\"inLanguage\":\"tr\",\"@id\":\"https:\\\/\\\/ajanscyprus.com\\\/wp-content\\\/uploads\\\/2025\\\/06\\\/ajans-cyprus_avatar-96x96.png\",\"url\":\"https:\\\/\\\/ajanscyprus.com\\\/wp-content\\\/uploads\\\/2025\\\/06\\\/ajans-cyprus_avatar-96x96.png\",\"contentUrl\":\"https:\\\/\\\/ajanscyprus.com\\\/wp-content\\\/uploads\\\/2025\\\/06\\\/ajans-cyprus_avatar-96x96.png\",\"caption\":\"Ajans Cyprus\"},\"sameAs\":[\"http:\\\/\\\/ajanscyprus.com\"],\"url\":\"https:\\\/\\\/ajanscyprus.com\\\/author\\\/admin2\\\/\"}]}<\/script>\n<!-- \/ Yoast SEO plugin. -->","yoast_head_json":{"title":"NATO Genel Sekreteri Rutte: ABD liderli\u011fi kesinlikle gereklidir - Ajans Cyprus","robots":{"index":"index","follow":"follow","max-snippet":"max-snippet:-1","max-image-preview":"max-image-preview:large","max-video-preview":"max-video-preview:-1"},"canonical":"https:\/\/ajanscyprus.com\/2026\/04\/09\/nato-genel-sekreteri-rutte-abd-liderligi-kesinlikle-gereklidir\/","og_locale":"tr_TR","og_type":"article","og_title":"NATO Genel Sekreteri Rutte: ABD liderli\u011fi kesinlikle gereklidir - Ajans Cyprus","og_description":"&#13; NATO Genel Sekreteri Mark Rutte, ittifak\u0131n gelece\u011fine dair yapt\u0131\u011f\u0131 a\u00e7\u0131klamalarda m\u00fcttefiklerin savunma kapasitelerini art\u0131rma h\u0131z\u0131ndan&#46;&#46;&#46;","og_url":"https:\/\/ajanscyprus.com\/2026\/04\/09\/nato-genel-sekreteri-rutte-abd-liderligi-kesinlikle-gereklidir\/","og_site_name":"Ajans Cyprus","article_publisher":"https:\/\/www.facebook.com\/AjansCyprusAC","article_published_time":"2026-04-09T16:41:41+00:00","og_image":[{"width":1280,"height":720,"url":"https:\/\/ajanscyprus.com\/wp-content\/uploads\/2025\/12\/rutte-a-2416169.jpg","type":"image\/jpeg"}],"author":"Ajans Cyprus","twitter_card":"summary_large_image","twitter_creator":"@AjansCyprus","twitter_site":"@AjansCyprus","twitter_misc":{"Yazan:":"Ajans Cyprus","Tahmini okuma s\u00fcresi":"1 dakika"},"schema":{"@context":"https:\/\/schema.org","@graph":[{"@type":"Article","@id":"https:\/\/ajanscyprus.com\/2026\/04\/09\/nato-genel-sekreteri-rutte-abd-liderligi-kesinlikle-gereklidir\/#article","isPartOf":{"@id":"https:\/\/ajanscyprus.com\/2026\/04\/09\/nato-genel-sekreteri-rutte-abd-liderligi-kesinlikle-gereklidir\/"},"author":{"name":"Ajans Cyprus","@id":"https:\/\/ajanscyprus.com\/#\/schema\/person\/7a2e842cab5d700268eb209092eb3937"},"headline":"NATO Genel Sekreteri Rutte: ABD liderli\u011fi kesinlikle gereklidir","datePublished":"2026-04-09T16:41:41+00:00","mainEntityOfPage":{"@id":"https:\/\/ajanscyprus.com\/2026\/04\/09\/nato-genel-sekreteri-rutte-abd-liderligi-kesinlikle-gereklidir\/"},"wordCount":274,"publisher":{"@id":"https:\/\/ajanscyprus.com\/#organization"},"image":{"@id":"https:\/\/ajanscyprus.com\/2026\/04\/09\/nato-genel-sekreteri-rutte-abd-liderligi-kesinlikle-gereklidir\/#primaryimage"},"thumbnailUrl":"https:\/\/ajanscyprus.com\/wp-content\/uploads\/2025\/12\/rutte-a-2416169.jpg","articleSection":["D\u00fcnya"],"inLanguage":"tr"},{"@type":"WebPage","@id":"https:\/\/ajanscyprus.com\/2026\/04\/09\/nato-genel-sekreteri-rutte-abd-liderligi-kesinlikle-gereklidir\/","url":"https:\/\/ajanscyprus.com\/2026\/04\/09\/nato-genel-sekreteri-rutte-abd-liderligi-kesinlikle-gereklidir\/","name":"NATO Genel Sekreteri Rutte: ABD liderli\u011fi kesinlikle gereklidir - Ajans Cyprus","isPartOf":{"@id":"https:\/\/ajanscyprus.com\/#website"},"primaryImageOfPage":{"@id":"https:\/\/ajanscyprus.com\/2026\/04\/09\/nato-genel-sekreteri-rutte-abd-liderligi-kesinlikle-gereklidir\/#primaryimage"},"image":{"@id":"https:\/\/ajanscyprus.com\/2026\/04\/09\/nato-genel-sekreteri-rutte-abd-liderligi-kesinlikle-gereklidir\/#primaryimage"},"thumbnailUrl":"https:\/\/ajanscyprus.com\/wp-content\/uploads\/2025\/12\/rutte-a-2416169.jpg","datePublished":"2026-04-09T16:41:41+00:00","breadcrumb":{"@id":"https:\/\/ajanscyprus.com\/2026\/04\/09\/nato-genel-sekreteri-rutte-abd-liderligi-kesinlikle-gereklidir\/#breadcrumb"},"inLanguage":"tr","potentialAction":[{"@type":"ReadAction","target":["https:\/\/ajanscyprus.com\/2026\/04\/09\/nato-genel-sekreteri-rutte-abd-liderligi-kesinlikle-gereklidir\/"]}]},{"@type":"ImageObject","inLanguage":"tr","@id":"https:\/\/ajanscyprus.com\/2026\/04\/09\/nato-genel-sekreteri-rutte-abd-liderligi-kesinlikle-gereklidir\/#primaryimage","url":"https:\/\/ajanscyprus.com\/wp-content\/uploads\/2025\/12\/rutte-a-2416169.jpg","contentUrl":"https:\/\/ajanscyprus.com\/wp-content\/uploads\/2025\/12\/rutte-a-2416169.jpg","width":1280,"height":720},{"@type":"BreadcrumbList","@id":"https:\/\/ajanscyprus.com\/2026\/04\/09\/nato-genel-sekreteri-rutte-abd-liderligi-kesinlikle-gereklidir\/#breadcrumb","itemListElement":[{"@type":"ListItem","position":1,"name":"Anasayfa","item":"https:\/\/ajanscyprus.com\/"},{"@type":"ListItem","position":2,"name":"NATO Genel Sekreteri Rutte: ABD liderli\u011fi kesinlikle gereklidir"}]},{"@type":"WebSite","@id":"https:\/\/ajanscyprus.com\/#website","url":"https:\/\/ajanscyprus.com\/","name":"Ajans Cyprus","description":"","publisher":{"@id":"https:\/\/ajanscyprus.com\/#organization"},"potentialAction":[{"@type":"SearchAction","target":{"@type":"EntryPoint","urlTemplate":"https:\/\/ajanscyprus.com\/?s={search_term_string}"},"query-input":{"@type":"PropertyValueSpecification","valueRequired":true,"valueName":"search_term_string"}}],"inLanguage":"tr"},{"@type":"Organization","@id":"https:\/\/ajanscyprus.com\/#organization","name":"Ajans Cyprus","alternateName":"Ajans Mira Turan Cyprus Media And Production","url":"https:\/\/ajanscyprus.com\/","logo":{"@type":"ImageObject","inLanguage":"tr","@id":"https:\/\/ajanscyprus.com\/#\/schema\/logo\/image\/","url":"https:\/\/ajanscyprus.com\/wp-content\/uploads\/2023\/02\/AjansCyprus-yuvarlak-logo-e1676491087198.png","contentUrl":"https:\/\/ajanscyprus.com\/wp-content\/uploads\/2023\/02\/AjansCyprus-yuvarlak-logo-e1676491087198.png","width":200,"height":200,"caption":"Ajans Cyprus"},"image":{"@id":"https:\/\/ajanscyprus.com\/#\/schema\/logo\/image\/"},"sameAs":["https:\/\/www.facebook.com\/AjansCyprusAC","https:\/\/x.com\/AjansCyprus"]},{"@type":"Person","@id":"https:\/\/ajanscyprus.com\/#\/schema\/person\/7a2e842cab5d700268eb209092eb3937","name":"Ajans Cyprus","image":{"@type":"ImageObject","inLanguage":"tr","@id":"https:\/\/ajanscyprus.com\/wp-content\/uploads\/2025\/06\/ajans-cyprus_avatar-96x96.png","url":"https:\/\/ajanscyprus.com\/wp-content\/uploads\/2025\/06\/ajans-cyprus_avatar-96x96.png","contentUrl":"https:\/\/ajanscyprus.com\/wp-content\/uploads\/2025\/06\/ajans-cyprus_avatar-96x96.png","caption":"Ajans Cyprus"},"sameAs":["http:\/\/ajanscyprus.com"],"url":"https:\/\/ajanscyprus.com\/author\/admin2\/"}]}},"jetpack_publicize_connections":[],"_links":{"self":[{"href":"https:\/\/ajanscyprus.com\/wp-json\/wp\/v2\/posts\/197959","targetHints":{"allow":["GET"]}}],"collection":[{"href":"https:\/\/ajanscyprus.com\/wp-json\/wp\/v2\/posts"}],"about":[{"href":"https:\/\/ajanscyprus.com\/wp-json\/wp\/v2\/types\/post"}],"author":[{"embeddable":true,"href":"https:\/\/ajanscyprus.com\/wp-json\/wp\/v2\/users\/4"}],"replies":[{"embeddable":true,"href":"https:\/\/ajanscyprus.com\/wp-json\/wp\/v2\/comments?post=197959"}],"version-history":[{"count":0,"href":"https:\/\/ajanscyprus.com\/wp-json\/wp\/v2\/posts\/197959\/revisions"}],"wp:featuredmedia":[{"embeddable":true,"href":"https:\/\/ajanscyprus.com\/wp-json\/wp\/v2\/media\/185537"}],"wp:attachment":[{"href":"https:\/\/ajanscyprus.com\/wp-json\/wp\/v2\/media?parent=197959"}],"wp:term":[{"taxonomy":"category","embeddable":true,"href":"https:\/\/ajanscyprus.com\/wp-json\/wp\/v2\/categories?post=197959"},{"taxonomy":"post_tag","embeddable":true,"href":"https:\/\/ajanscyprus.com\/wp-json\/wp\/v2\/tags?post=197959"},{"taxonomy":"manset","embeddable":true,"href":"https:\/\/ajanscyprus.com\/wp-json\/wp\/v2\/manset?post=197959"}],"curies":[{"name":"wp","href":"https:\/\/api.w.org\/{rel}","templated":true}]}}