{"id":197970,"date":"2026-04-09T20:57:02","date_gmt":"2026-04-09T17:57:02","guid":{"rendered":"https:\/\/ajanscyprus.com\/?p=197970"},"modified":"2026-04-09T20:57:02","modified_gmt":"2026-04-09T17:57:02","slug":"denetleme-kurulu-baskani-dagseverden-aciklama-8-ogretmenin-asaleti-durduruldu-iddiasi-gercegi-yansitmiyor","status":"publish","type":"post","link":"https:\/\/ajanscyprus.com\/2026\/04\/09\/denetleme-kurulu-baskani-dagseverden-aciklama-8-ogretmenin-asaleti-durduruldu-iddiasi-gercegi-yansitmiyor\/","title":{"rendered":"Denetleme Kurulu Ba\u015fkan\u0131 Da\u011fsever\u2019den A\u00e7\u0131klama: \u201c8 \u00d6\u011fretmenin Asaleti Durduruldu \u0130ddias\u0131 Ger\u00e7e\u011fi Yans\u0131tm\u0131yor\u201d"},"content":{"rendered":"<p data-start=\"115\" data-end=\"338\"><strong><em>Milli E\u011fitim Denetleme, De\u011ferlendirme ve Y\u00f6nlendirme Kurulu Ba\u015fkan\u0131 <span class=\"hover:entity-accent entity-underline inline cursor-pointer align-baseline\"><span class=\"whitespace-normal\">Havva Da\u011fsever<\/span><\/span>, kamuoyunda yer alan \u201csekiz \u00f6\u011fretmenin asaletinin durduruldu\u011fu\u201d y\u00f6n\u00fcndeki iddialar\u0131n ger\u00e7e\u011fi yans\u0131tmad\u0131\u011f\u0131n\u0131 a\u00e7\u0131klad\u0131.<\/em><\/strong><\/p>\n<p data-start=\"340\" data-end=\"662\">Da\u011fsever, yapt\u0131\u011f\u0131 yaz\u0131l\u0131 a\u00e7\u0131klamada baz\u0131 bas\u0131n organlar\u0131 ve sosyal medyada, eyleme kat\u0131lan <span class=\"hover:entity-accent entity-underline inline cursor-pointer align-baseline\"><span class=\"whitespace-normal\">K\u0131br\u0131s T\u00fcrk \u00d6\u011fretmenler Sendikas\u0131<\/span><\/span> (KT\u00d6S) \u00fcyesi sekiz \u00f6\u011fretmenin asalete ge\u00e7i\u015f s\u00fcrecinin durdurulmas\u0131 i\u00e7in <span class=\"hover:entity-accent entity-underline inline cursor-pointer align-baseline\"><span class=\"whitespace-normal\">Naz\u0131m \u00c7avu\u015fo\u011flu<\/span><\/span> taraf\u0131ndan kurula do\u011frudan talimat verildi\u011fi y\u00f6n\u00fcnde haberler yay\u0131ld\u0131\u011f\u0131n\u0131 belirtti.<\/p>\n<h3 data-start=\"664\" data-end=\"709\">\u201c\u0130ddialar Ger\u00e7e\u011fi Kesinlikle Yans\u0131tm\u0131yor\u201d<\/h3>\n<p data-start=\"711\" data-end=\"1045\">S\u00f6z konusu iddialara net bir dille yan\u0131t veren Da\u011fsever, Bakan \u00c7avu\u015fo\u011flu\u2019nun b\u00f6yle bir talimat verdi\u011fi y\u00f6n\u00fcndeki s\u00f6ylemlerin do\u011fru olmad\u0131\u011f\u0131n\u0131 vurgulad\u0131. Da\u011fsever, \u201cHaberde yer alan iddialar ger\u00e7e\u011fi kesinlikle yans\u0131tmamaktad\u0131r. Bu t\u00fcr do\u011frulanmam\u0131\u015f ve spek\u00fclatif i\u00e7eriklere itibar edilmemesini \u00f6nemle rica ederiz\u201d ifadelerini kulland\u0131.<\/p>\n<h3 data-start=\"1047\" data-end=\"1073\">Bas\u0131na \u201cTeyit\u201d \u00c7a\u011fr\u0131s\u0131<\/h3>\n<p data-start=\"1075\" data-end=\"1391\">A\u00e7\u0131klamada ayr\u0131ca, Milli E\u011fitim Bakanl\u0131\u011f\u0131\u2019n\u0131n \u015feffafl\u0131k ve do\u011fru bilgilendirme ilkesi do\u011frultusunda hareket etti\u011fine dikkat \u00e7ekildi. Da\u011fsever, bas\u0131n kurulu\u015flar\u0131n\u0131n benzer durumlarda bakanl\u0131k ile ileti\u015fime ge\u00e7erek bilgi teyidi yapmas\u0131n\u0131n, kamuoyunun do\u011fru bilgilendirilmesi a\u00e7\u0131s\u0131ndan b\u00fcy\u00fck \u00f6nem ta\u015f\u0131d\u0131\u011f\u0131n\u0131 ifade etti.<\/p><div class=\"kanews-banner kanews-banner-single\"><img loading=\"lazy\" decoding=\"async\" src=\"https:\/\/ajanscyprus.com\/wp-content\/uploads\/2026\/04\/meRIT-bANNER.jpeg\" alt=\"\" width=\"970\" height=\"90\" class=\"alignnone size-full wp-image-62349\" \/><\/div>\n","protected":false},"excerpt":{"rendered":"<p>Milli E\u011fitim Denetleme, De\u011ferlendirme ve Y\u00f6nlendirme Kurulu Ba\u015fkan\u0131 Havva Da\u011fsever, kamuoyunda yer alan \u201csekiz \u00f6\u011fretmenin asaletinin&#46;&#46;&#46;<\/p>\n","protected":false},"author":1,"featured_media":197971,"comment_status":"closed","ping_status":"closed","sticky":false,"template":"","format":"standard","meta":{"footnotes":"","jetpack_publicize_message":"","jetpack_publicize_feature_enabled":true,"jetpack_social_post_already_shared":true,"jetpack_social_options":{"image_generator_settings":{"template":"highway","default_image_id":0,"font":"","enabled":false},"version":2}},"categories":[45,48],"tags":[966,62741,5807,62740,8858,11083,11855,13372,13941,14296],"manset":[],"class_list":["post-197970","post","type-post","status-publish","format-standard","has-post-thumbnail","hentry","category-egitim","category-kibris","tag-aciklama","tag-asalet","tag-egitim","tag-havva-dagsever","tag-iddia","tag-kktc","tag-ktos","tag-milli-egitim-bakanligi","tag-nazim-cavusoglu","tag-ogretmenler"],"yoast_head":"<!-- This site is optimized with the Yoast SEO plugin v27.5 - https:\/\/yoast.com\/product\/yoast-seo-wordpress\/ -->\n<title>Denetleme Kurulu Ba\u015fkan\u0131 Da\u011fsever\u2019den A\u00e7\u0131klama: \u201c8 \u00d6\u011fretmenin Asaleti Durduruldu \u0130ddias\u0131 Ger\u00e7e\u011fi Yans\u0131tm\u0131yor\u201d - Ajans Cyprus<\/title>\n<meta name=\"description\" content=\"Denetleme Kurulu Ba\u015fkan\u0131 Havva Da\u011fsever, 8 \u00f6\u011fretmenin asaleti durduruldu iddialar\u0131n\u0131n ger\u00e7e\u011fi yans\u0131tmad\u0131\u011f\u0131n\u0131 a\u00e7\u0131klad\u0131. Bakanl\u0131ktan bas\u0131na \u201cteyit\u201d \u00e7a\u011fr\u0131s\u0131 geldi.\" \/>\n<meta name=\"robots\" content=\"index, follow, max-snippet:-1, max-image-preview:large, max-video-preview:-1\" \/>\n<link rel=\"canonical\" href=\"https:\/\/ajanscyprus.com\/2026\/04\/09\/denetleme-kurulu-baskani-dagseverden-aciklama-8-ogretmenin-asaleti-durduruldu-iddiasi-gercegi-yansitmiyor\/\" \/>\n<meta property=\"og:locale\" content=\"tr_TR\" \/>\n<meta property=\"og:type\" content=\"article\" \/>\n<meta property=\"og:title\" content=\"Denetleme Kurulu Ba\u015fkan\u0131 Da\u011fsever\u2019den A\u00e7\u0131klama: \u201c8 \u00d6\u011fretmenin Asaleti Durduruldu \u0130ddias\u0131 Ger\u00e7e\u011fi Yans\u0131tm\u0131yor\u201d - Ajans Cyprus\" \/>\n<meta property=\"og:description\" content=\"Denetleme Kurulu Ba\u015fkan\u0131 Havva Da\u011fsever, 8 \u00f6\u011fretmenin asaleti durduruldu iddialar\u0131n\u0131n ger\u00e7e\u011fi yans\u0131tmad\u0131\u011f\u0131n\u0131 a\u00e7\u0131klad\u0131. Bakanl\u0131ktan bas\u0131na \u201cteyit\u201d \u00e7a\u011fr\u0131s\u0131 geldi.\" \/>\n<meta property=\"og:url\" content=\"https:\/\/ajanscyprus.com\/2026\/04\/09\/denetleme-kurulu-baskani-dagseverden-aciklama-8-ogretmenin-asaleti-durduruldu-iddiasi-gercegi-yansitmiyor\/\" \/>\n<meta property=\"og:site_name\" content=\"Ajans Cyprus\" \/>\n<meta property=\"article:publisher\" content=\"https:\/\/www.facebook.com\/AjansCyprusAC\" \/>\n<meta property=\"article:published_time\" content=\"2026-04-09T17:57:02+00:00\" \/>\n<meta property=\"og:image\" content=\"https:\/\/ajanscyprus.com\/wp-content\/uploads\/2026\/04\/1775734544884MILLI-EGITIM-ASALET-Havva-Dagsever.jpg\" \/>\n\t<meta property=\"og:image:width\" content=\"1280\" \/>\n\t<meta property=\"og:image:height\" content=\"798\" \/>\n\t<meta property=\"og:image:type\" content=\"image\/jpeg\" \/>\n<meta name=\"author\" content=\"admin\" \/>\n<meta name=\"twitter:card\" content=\"summary_large_image\" \/>\n<meta name=\"twitter:creator\" content=\"@AjansCyprus\" \/>\n<meta name=\"twitter:site\" content=\"@AjansCyprus\" \/>\n<meta name=\"twitter:label1\" content=\"Yazan:\" \/>\n\t<meta name=\"twitter:data1\" content=\"admin\" \/>\n\t<meta name=\"twitter:label2\" content=\"Tahmini okuma s\u00fcresi\" \/>\n\t<meta name=\"twitter:data2\" content=\"1 dakika\" \/>\n<script type=\"application\/ld+json\" class=\"yoast-schema-graph\">{\"@context\":\"https:\\\/\\\/schema.org\",\"@graph\":[{\"@type\":\"Article\",\"@id\":\"https:\\\/\\\/ajanscyprus.com\\\/2026\\\/04\\\/09\\\/denetleme-kurulu-baskani-dagseverden-aciklama-8-ogretmenin-asaleti-durduruldu-iddiasi-gercegi-yansitmiyor\\\/#article\",\"isPartOf\":{\"@id\":\"https:\\\/\\\/ajanscyprus.com\\\/2026\\\/04\\\/09\\\/denetleme-kurulu-baskani-dagseverden-aciklama-8-ogretmenin-asaleti-durduruldu-iddiasi-gercegi-yansitmiyor\\\/\"},\"author\":{\"name\":\"admin\",\"@id\":\"https:\\\/\\\/ajanscyprus.com\\\/#\\\/schema\\\/person\\\/bde04f428980a11e6513136d7f10a011\"},\"headline\":\"Denetleme Kurulu Ba\u015fkan\u0131 Da\u011fsever\u2019den A\u00e7\u0131klama: \u201c8 \u00d6\u011fretmenin Asaleti Durduruldu \u0130ddias\u0131 Ger\u00e7e\u011fi Yans\u0131tm\u0131yor\u201d\",\"datePublished\":\"2026-04-09T17:57:02+00:00\",\"mainEntityOfPage\":{\"@id\":\"https:\\\/\\\/ajanscyprus.com\\\/2026\\\/04\\\/09\\\/denetleme-kurulu-baskani-dagseverden-aciklama-8-ogretmenin-asaleti-durduruldu-iddiasi-gercegi-yansitmiyor\\\/\"},\"wordCount\":252,\"publisher\":{\"@id\":\"https:\\\/\\\/ajanscyprus.com\\\/#organization\"},\"image\":{\"@id\":\"https:\\\/\\\/ajanscyprus.com\\\/2026\\\/04\\\/09\\\/denetleme-kurulu-baskani-dagseverden-aciklama-8-ogretmenin-asaleti-durduruldu-iddiasi-gercegi-yansitmiyor\\\/#primaryimage\"},\"thumbnailUrl\":\"https:\\\/\\\/ajanscyprus.com\\\/wp-content\\\/uploads\\\/2026\\\/04\\\/1775734544884MILLI-EGITIM-ASALET-Havva-Dagsever.jpg\",\"keywords\":[\"a\u00e7\u0131klama\",\"asalet\",\"e\u011fitim\",\"Havva Da\u011fsever\",\"\u0130ddia\",\"kktc\",\"kt\u00f6s\",\"milli e\u011fitim bakanl\u0131\u011f\u0131\",\"naz\u0131m \u00e7avu\u015fo\u011flu\",\"\u00d6\u011fretmenler\"],\"articleSection\":[\"E\u011fitim\",\"K\u0131br\u0131s\"],\"inLanguage\":\"tr\"},{\"@type\":\"WebPage\",\"@id\":\"https:\\\/\\\/ajanscyprus.com\\\/2026\\\/04\\\/09\\\/denetleme-kurulu-baskani-dagseverden-aciklama-8-ogretmenin-asaleti-durduruldu-iddiasi-gercegi-yansitmiyor\\\/\",\"url\":\"https:\\\/\\\/ajanscyprus.com\\\/2026\\\/04\\\/09\\\/denetleme-kurulu-baskani-dagseverden-aciklama-8-ogretmenin-asaleti-durduruldu-iddiasi-gercegi-yansitmiyor\\\/\",\"name\":\"Denetleme Kurulu Ba\u015fkan\u0131 Da\u011fsever\u2019den A\u00e7\u0131klama: \u201c8 \u00d6\u011fretmenin Asaleti Durduruldu \u0130ddias\u0131 Ger\u00e7e\u011fi Yans\u0131tm\u0131yor\u201d - Ajans Cyprus\",\"isPartOf\":{\"@id\":\"https:\\\/\\\/ajanscyprus.com\\\/#website\"},\"primaryImageOfPage\":{\"@id\":\"https:\\\/\\\/ajanscyprus.com\\\/2026\\\/04\\\/09\\\/denetleme-kurulu-baskani-dagseverden-aciklama-8-ogretmenin-asaleti-durduruldu-iddiasi-gercegi-yansitmiyor\\\/#primaryimage\"},\"image\":{\"@id\":\"https:\\\/\\\/ajanscyprus.com\\\/2026\\\/04\\\/09\\\/denetleme-kurulu-baskani-dagseverden-aciklama-8-ogretmenin-asaleti-durduruldu-iddiasi-gercegi-yansitmiyor\\\/#primaryimage\"},\"thumbnailUrl\":\"https:\\\/\\\/ajanscyprus.com\\\/wp-content\\\/uploads\\\/2026\\\/04\\\/1775734544884MILLI-EGITIM-ASALET-Havva-Dagsever.jpg\",\"datePublished\":\"2026-04-09T17:57:02+00:00\",\"description\":\"Denetleme Kurulu Ba\u015fkan\u0131 Havva Da\u011fsever, 8 \u00f6\u011fretmenin asaleti durduruldu iddialar\u0131n\u0131n ger\u00e7e\u011fi yans\u0131tmad\u0131\u011f\u0131n\u0131 a\u00e7\u0131klad\u0131. Bakanl\u0131ktan bas\u0131na \u201cteyit\u201d \u00e7a\u011fr\u0131s\u0131 geldi.\",\"breadcrumb\":{\"@id\":\"https:\\\/\\\/ajanscyprus.com\\\/2026\\\/04\\\/09\\\/denetleme-kurulu-baskani-dagseverden-aciklama-8-ogretmenin-asaleti-durduruldu-iddiasi-gercegi-yansitmiyor\\\/#breadcrumb\"},\"inLanguage\":\"tr\",\"potentialAction\":[{\"@type\":\"ReadAction\",\"target\":[\"https:\\\/\\\/ajanscyprus.com\\\/2026\\\/04\\\/09\\\/denetleme-kurulu-baskani-dagseverden-aciklama-8-ogretmenin-asaleti-durduruldu-iddiasi-gercegi-yansitmiyor\\\/\"]}]},{\"@type\":\"ImageObject\",\"inLanguage\":\"tr\",\"@id\":\"https:\\\/\\\/ajanscyprus.com\\\/2026\\\/04\\\/09\\\/denetleme-kurulu-baskani-dagseverden-aciklama-8-ogretmenin-asaleti-durduruldu-iddiasi-gercegi-yansitmiyor\\\/#primaryimage\",\"url\":\"https:\\\/\\\/ajanscyprus.com\\\/wp-content\\\/uploads\\\/2026\\\/04\\\/1775734544884MILLI-EGITIM-ASALET-Havva-Dagsever.jpg\",\"contentUrl\":\"https:\\\/\\\/ajanscyprus.com\\\/wp-content\\\/uploads\\\/2026\\\/04\\\/1775734544884MILLI-EGITIM-ASALET-Havva-Dagsever.jpg\",\"width\":1280,\"height\":798},{\"@type\":\"BreadcrumbList\",\"@id\":\"https:\\\/\\\/ajanscyprus.com\\\/2026\\\/04\\\/09\\\/denetleme-kurulu-baskani-dagseverden-aciklama-8-ogretmenin-asaleti-durduruldu-iddiasi-gercegi-yansitmiyor\\\/#breadcrumb\",\"itemListElement\":[{\"@type\":\"ListItem\",\"position\":1,\"name\":\"Anasayfa\",\"item\":\"https:\\\/\\\/ajanscyprus.com\\\/\"},{\"@type\":\"ListItem\",\"position\":2,\"name\":\"Denetleme Kurulu Ba\u015fkan\u0131 Da\u011fsever\u2019den A\u00e7\u0131klama: \u201c8 \u00d6\u011fretmenin Asaleti Durduruldu \u0130ddias\u0131 Ger\u00e7e\u011fi Yans\u0131tm\u0131yor\u201d\"}]},{\"@type\":\"WebSite\",\"@id\":\"https:\\\/\\\/ajanscyprus.com\\\/#website\",\"url\":\"https:\\\/\\\/ajanscyprus.com\\\/\",\"name\":\"Ajans Cyprus\",\"description\":\"\",\"publisher\":{\"@id\":\"https:\\\/\\\/ajanscyprus.com\\\/#organization\"},\"potentialAction\":[{\"@type\":\"SearchAction\",\"target\":{\"@type\":\"EntryPoint\",\"urlTemplate\":\"https:\\\/\\\/ajanscyprus.com\\\/?s={search_term_string}\"},\"query-input\":{\"@type\":\"PropertyValueSpecification\",\"valueRequired\":true,\"valueName\":\"search_term_string\"}}],\"inLanguage\":\"tr\"},{\"@type\":\"Organization\",\"@id\":\"https:\\\/\\\/ajanscyprus.com\\\/#organization\",\"name\":\"Ajans Cyprus\",\"alternateName\":\"Ajans Mira Turan Cyprus Media And Production\",\"url\":\"https:\\\/\\\/ajanscyprus.com\\\/\",\"logo\":{\"@type\":\"ImageObject\",\"inLanguage\":\"tr\",\"@id\":\"https:\\\/\\\/ajanscyprus.com\\\/#\\\/schema\\\/logo\\\/image\\\/\",\"url\":\"https:\\\/\\\/ajanscyprus.com\\\/wp-content\\\/uploads\\\/2023\\\/02\\\/AjansCyprus-yuvarlak-logo-e1676491087198.png\",\"contentUrl\":\"https:\\\/\\\/ajanscyprus.com\\\/wp-content\\\/uploads\\\/2023\\\/02\\\/AjansCyprus-yuvarlak-logo-e1676491087198.png\",\"width\":200,\"height\":200,\"caption\":\"Ajans Cyprus\"},\"image\":{\"@id\":\"https:\\\/\\\/ajanscyprus.com\\\/#\\\/schema\\\/logo\\\/image\\\/\"},\"sameAs\":[\"https:\\\/\\\/www.facebook.com\\\/AjansCyprusAC\",\"https:\\\/\\\/x.com\\\/AjansCyprus\"]},{\"@type\":\"Person\",\"@id\":\"https:\\\/\\\/ajanscyprus.com\\\/#\\\/schema\\\/person\\\/bde04f428980a11e6513136d7f10a011\",\"name\":\"admin\",\"image\":{\"@type\":\"ImageObject\",\"inLanguage\":\"tr\",\"@id\":\"https:\\\/\\\/secure.gravatar.com\\\/avatar\\\/7b3584441088d5ca4cd7222e9873c969610760122e804fb99fa589e24cd99cb8?s=96&d=mm&r=g\",\"url\":\"https:\\\/\\\/secure.gravatar.com\\\/avatar\\\/7b3584441088d5ca4cd7222e9873c969610760122e804fb99fa589e24cd99cb8?s=96&d=mm&r=g\",\"contentUrl\":\"https:\\\/\\\/secure.gravatar.com\\\/avatar\\\/7b3584441088d5ca4cd7222e9873c969610760122e804fb99fa589e24cd99cb8?s=96&d=mm&r=g\",\"caption\":\"admin\"},\"sameAs\":[\"https:\\\/\\\/ajanscyprus.com\"],\"url\":\"https:\\\/\\\/ajanscyprus.com\\\/author\\\/admin_r45uydj1\\\/\"}]}<\/script>\n<!-- \/ Yoast SEO plugin. -->","yoast_head_json":{"title":"Denetleme Kurulu Ba\u015fkan\u0131 Da\u011fsever\u2019den A\u00e7\u0131klama: \u201c8 \u00d6\u011fretmenin Asaleti Durduruldu \u0130ddias\u0131 Ger\u00e7e\u011fi Yans\u0131tm\u0131yor\u201d - Ajans Cyprus","description":"Denetleme Kurulu Ba\u015fkan\u0131 Havva Da\u011fsever, 8 \u00f6\u011fretmenin asaleti durduruldu iddialar\u0131n\u0131n ger\u00e7e\u011fi yans\u0131tmad\u0131\u011f\u0131n\u0131 a\u00e7\u0131klad\u0131. Bakanl\u0131ktan bas\u0131na \u201cteyit\u201d \u00e7a\u011fr\u0131s\u0131 geldi.","robots":{"index":"index","follow":"follow","max-snippet":"max-snippet:-1","max-image-preview":"max-image-preview:large","max-video-preview":"max-video-preview:-1"},"canonical":"https:\/\/ajanscyprus.com\/2026\/04\/09\/denetleme-kurulu-baskani-dagseverden-aciklama-8-ogretmenin-asaleti-durduruldu-iddiasi-gercegi-yansitmiyor\/","og_locale":"tr_TR","og_type":"article","og_title":"Denetleme Kurulu Ba\u015fkan\u0131 Da\u011fsever\u2019den A\u00e7\u0131klama: \u201c8 \u00d6\u011fretmenin Asaleti Durduruldu \u0130ddias\u0131 Ger\u00e7e\u011fi Yans\u0131tm\u0131yor\u201d - Ajans Cyprus","og_description":"Denetleme Kurulu Ba\u015fkan\u0131 Havva Da\u011fsever, 8 \u00f6\u011fretmenin asaleti durduruldu iddialar\u0131n\u0131n ger\u00e7e\u011fi yans\u0131tmad\u0131\u011f\u0131n\u0131 a\u00e7\u0131klad\u0131. Bakanl\u0131ktan bas\u0131na \u201cteyit\u201d \u00e7a\u011fr\u0131s\u0131 geldi.","og_url":"https:\/\/ajanscyprus.com\/2026\/04\/09\/denetleme-kurulu-baskani-dagseverden-aciklama-8-ogretmenin-asaleti-durduruldu-iddiasi-gercegi-yansitmiyor\/","og_site_name":"Ajans Cyprus","article_publisher":"https:\/\/www.facebook.com\/AjansCyprusAC","article_published_time":"2026-04-09T17:57:02+00:00","og_image":[{"width":1280,"height":798,"url":"https:\/\/ajanscyprus.com\/wp-content\/uploads\/2026\/04\/1775734544884MILLI-EGITIM-ASALET-Havva-Dagsever.jpg","type":"image\/jpeg"}],"author":"admin","twitter_card":"summary_large_image","twitter_creator":"@AjansCyprus","twitter_site":"@AjansCyprus","twitter_misc":{"Yazan:":"admin","Tahmini okuma s\u00fcresi":"1 dakika"},"schema":{"@context":"https:\/\/schema.org","@graph":[{"@type":"Article","@id":"https:\/\/ajanscyprus.com\/2026\/04\/09\/denetleme-kurulu-baskani-dagseverden-aciklama-8-ogretmenin-asaleti-durduruldu-iddiasi-gercegi-yansitmiyor\/#article","isPartOf":{"@id":"https:\/\/ajanscyprus.com\/2026\/04\/09\/denetleme-kurulu-baskani-dagseverden-aciklama-8-ogretmenin-asaleti-durduruldu-iddiasi-gercegi-yansitmiyor\/"},"author":{"name":"admin","@id":"https:\/\/ajanscyprus.com\/#\/schema\/person\/bde04f428980a11e6513136d7f10a011"},"headline":"Denetleme Kurulu Ba\u015fkan\u0131 Da\u011fsever\u2019den A\u00e7\u0131klama: \u201c8 \u00d6\u011fretmenin Asaleti Durduruldu \u0130ddias\u0131 Ger\u00e7e\u011fi Yans\u0131tm\u0131yor\u201d","datePublished":"2026-04-09T17:57:02+00:00","mainEntityOfPage":{"@id":"https:\/\/ajanscyprus.com\/2026\/04\/09\/denetleme-kurulu-baskani-dagseverden-aciklama-8-ogretmenin-asaleti-durduruldu-iddiasi-gercegi-yansitmiyor\/"},"wordCount":252,"publisher":{"@id":"https:\/\/ajanscyprus.com\/#organization"},"image":{"@id":"https:\/\/ajanscyprus.com\/2026\/04\/09\/denetleme-kurulu-baskani-dagseverden-aciklama-8-ogretmenin-asaleti-durduruldu-iddiasi-gercegi-yansitmiyor\/#primaryimage"},"thumbnailUrl":"https:\/\/ajanscyprus.com\/wp-content\/uploads\/2026\/04\/1775734544884MILLI-EGITIM-ASALET-Havva-Dagsever.jpg","keywords":["a\u00e7\u0131klama","asalet","e\u011fitim","Havva Da\u011fsever","\u0130ddia","kktc","kt\u00f6s","milli e\u011fitim bakanl\u0131\u011f\u0131","naz\u0131m \u00e7avu\u015fo\u011flu","\u00d6\u011fretmenler"],"articleSection":["E\u011fitim","K\u0131br\u0131s"],"inLanguage":"tr"},{"@type":"WebPage","@id":"https:\/\/ajanscyprus.com\/2026\/04\/09\/denetleme-kurulu-baskani-dagseverden-aciklama-8-ogretmenin-asaleti-durduruldu-iddiasi-gercegi-yansitmiyor\/","url":"https:\/\/ajanscyprus.com\/2026\/04\/09\/denetleme-kurulu-baskani-dagseverden-aciklama-8-ogretmenin-asaleti-durduruldu-iddiasi-gercegi-yansitmiyor\/","name":"Denetleme Kurulu Ba\u015fkan\u0131 Da\u011fsever\u2019den A\u00e7\u0131klama: \u201c8 \u00d6\u011fretmenin Asaleti Durduruldu \u0130ddias\u0131 Ger\u00e7e\u011fi Yans\u0131tm\u0131yor\u201d - Ajans Cyprus","isPartOf":{"@id":"https:\/\/ajanscyprus.com\/#website"},"primaryImageOfPage":{"@id":"https:\/\/ajanscyprus.com\/2026\/04\/09\/denetleme-kurulu-baskani-dagseverden-aciklama-8-ogretmenin-asaleti-durduruldu-iddiasi-gercegi-yansitmiyor\/#primaryimage"},"image":{"@id":"https:\/\/ajanscyprus.com\/2026\/04\/09\/denetleme-kurulu-baskani-dagseverden-aciklama-8-ogretmenin-asaleti-durduruldu-iddiasi-gercegi-yansitmiyor\/#primaryimage"},"thumbnailUrl":"https:\/\/ajanscyprus.com\/wp-content\/uploads\/2026\/04\/1775734544884MILLI-EGITIM-ASALET-Havva-Dagsever.jpg","datePublished":"2026-04-09T17:57:02+00:00","description":"Denetleme Kurulu Ba\u015fkan\u0131 Havva Da\u011fsever, 8 \u00f6\u011fretmenin asaleti durduruldu iddialar\u0131n\u0131n ger\u00e7e\u011fi yans\u0131tmad\u0131\u011f\u0131n\u0131 a\u00e7\u0131klad\u0131. Bakanl\u0131ktan bas\u0131na \u201cteyit\u201d \u00e7a\u011fr\u0131s\u0131 geldi.","breadcrumb":{"@id":"https:\/\/ajanscyprus.com\/2026\/04\/09\/denetleme-kurulu-baskani-dagseverden-aciklama-8-ogretmenin-asaleti-durduruldu-iddiasi-gercegi-yansitmiyor\/#breadcrumb"},"inLanguage":"tr","potentialAction":[{"@type":"ReadAction","target":["https:\/\/ajanscyprus.com\/2026\/04\/09\/denetleme-kurulu-baskani-dagseverden-aciklama-8-ogretmenin-asaleti-durduruldu-iddiasi-gercegi-yansitmiyor\/"]}]},{"@type":"ImageObject","inLanguage":"tr","@id":"https:\/\/ajanscyprus.com\/2026\/04\/09\/denetleme-kurulu-baskani-dagseverden-aciklama-8-ogretmenin-asaleti-durduruldu-iddiasi-gercegi-yansitmiyor\/#primaryimage","url":"https:\/\/ajanscyprus.com\/wp-content\/uploads\/2026\/04\/1775734544884MILLI-EGITIM-ASALET-Havva-Dagsever.jpg","contentUrl":"https:\/\/ajanscyprus.com\/wp-content\/uploads\/2026\/04\/1775734544884MILLI-EGITIM-ASALET-Havva-Dagsever.jpg","width":1280,"height":798},{"@type":"BreadcrumbList","@id":"https:\/\/ajanscyprus.com\/2026\/04\/09\/denetleme-kurulu-baskani-dagseverden-aciklama-8-ogretmenin-asaleti-durduruldu-iddiasi-gercegi-yansitmiyor\/#breadcrumb","itemListElement":[{"@type":"ListItem","position":1,"name":"Anasayfa","item":"https:\/\/ajanscyprus.com\/"},{"@type":"ListItem","position":2,"name":"Denetleme Kurulu Ba\u015fkan\u0131 Da\u011fsever\u2019den A\u00e7\u0131klama: \u201c8 \u00d6\u011fretmenin Asaleti Durduruldu \u0130ddias\u0131 Ger\u00e7e\u011fi Yans\u0131tm\u0131yor\u201d"}]},{"@type":"WebSite","@id":"https:\/\/ajanscyprus.com\/#website","url":"https:\/\/ajanscyprus.com\/","name":"Ajans Cyprus","description":"","publisher":{"@id":"https:\/\/ajanscyprus.com\/#organization"},"potentialAction":[{"@type":"SearchAction","target":{"@type":"EntryPoint","urlTemplate":"https:\/\/ajanscyprus.com\/?s={search_term_string}"},"query-input":{"@type":"PropertyValueSpecification","valueRequired":true,"valueName":"search_term_string"}}],"inLanguage":"tr"},{"@type":"Organization","@id":"https:\/\/ajanscyprus.com\/#organization","name":"Ajans Cyprus","alternateName":"Ajans Mira Turan Cyprus Media And Production","url":"https:\/\/ajanscyprus.com\/","logo":{"@type":"ImageObject","inLanguage":"tr","@id":"https:\/\/ajanscyprus.com\/#\/schema\/logo\/image\/","url":"https:\/\/ajanscyprus.com\/wp-content\/uploads\/2023\/02\/AjansCyprus-yuvarlak-logo-e1676491087198.png","contentUrl":"https:\/\/ajanscyprus.com\/wp-content\/uploads\/2023\/02\/AjansCyprus-yuvarlak-logo-e1676491087198.png","width":200,"height":200,"caption":"Ajans Cyprus"},"image":{"@id":"https:\/\/ajanscyprus.com\/#\/schema\/logo\/image\/"},"sameAs":["https:\/\/www.facebook.com\/AjansCyprusAC","https:\/\/x.com\/AjansCyprus"]},{"@type":"Person","@id":"https:\/\/ajanscyprus.com\/#\/schema\/person\/bde04f428980a11e6513136d7f10a011","name":"admin","image":{"@type":"ImageObject","inLanguage":"tr","@id":"https:\/\/secure.gravatar.com\/avatar\/7b3584441088d5ca4cd7222e9873c969610760122e804fb99fa589e24cd99cb8?s=96&d=mm&r=g","url":"https:\/\/secure.gravatar.com\/avatar\/7b3584441088d5ca4cd7222e9873c969610760122e804fb99fa589e24cd99cb8?s=96&d=mm&r=g","contentUrl":"https:\/\/secure.gravatar.com\/avatar\/7b3584441088d5ca4cd7222e9873c969610760122e804fb99fa589e24cd99cb8?s=96&d=mm&r=g","caption":"admin"},"sameAs":["https:\/\/ajanscyprus.com"],"url":"https:\/\/ajanscyprus.com\/author\/admin_r45uydj1\/"}]}},"jetpack_publicize_connections":[],"_links":{"self":[{"href":"https:\/\/ajanscyprus.com\/wp-json\/wp\/v2\/posts\/197970","targetHints":{"allow":["GET"]}}],"collection":[{"href":"https:\/\/ajanscyprus.com\/wp-json\/wp\/v2\/posts"}],"about":[{"href":"https:\/\/ajanscyprus.com\/wp-json\/wp\/v2\/types\/post"}],"author":[{"embeddable":true,"href":"https:\/\/ajanscyprus.com\/wp-json\/wp\/v2\/users\/1"}],"replies":[{"embeddable":true,"href":"https:\/\/ajanscyprus.com\/wp-json\/wp\/v2\/comments?post=197970"}],"version-history":[{"count":1,"href":"https:\/\/ajanscyprus.com\/wp-json\/wp\/v2\/posts\/197970\/revisions"}],"predecessor-version":[{"id":197972,"href":"https:\/\/ajanscyprus.com\/wp-json\/wp\/v2\/posts\/197970\/revisions\/197972"}],"wp:featuredmedia":[{"embeddable":true,"href":"https:\/\/ajanscyprus.com\/wp-json\/wp\/v2\/media\/197971"}],"wp:attachment":[{"href":"https:\/\/ajanscyprus.com\/wp-json\/wp\/v2\/media?parent=197970"}],"wp:term":[{"taxonomy":"category","embeddable":true,"href":"https:\/\/ajanscyprus.com\/wp-json\/wp\/v2\/categories?post=197970"},{"taxonomy":"post_tag","embeddable":true,"href":"https:\/\/ajanscyprus.com\/wp-json\/wp\/v2\/tags?post=197970"},{"taxonomy":"manset","embeddable":true,"href":"https:\/\/ajanscyprus.com\/wp-json\/wp\/v2\/manset?post=197970"}],"curies":[{"name":"wp","href":"https:\/\/api.w.org\/{rel}","templated":true}]}}