{"id":197976,"date":"2026-04-09T21:09:12","date_gmt":"2026-04-09T18:09:12","guid":{"rendered":"https:\/\/ajanscyprus.com\/?p=197976"},"modified":"2026-04-09T21:09:12","modified_gmt":"2026-04-09T18:09:12","slug":"anayasa-mahkemesinden-kritik-karar-90-gun-icinde-yasalasmayan-kararnameler-gecersiz","status":"publish","type":"post","link":"https:\/\/ajanscyprus.com\/2026\/04\/09\/anayasa-mahkemesinden-kritik-karar-90-gun-icinde-yasalasmayan-kararnameler-gecersiz\/","title":{"rendered":"Anayasa Mahkemesi\u2019nden Kritik Karar: 90 G\u00fcn \u0130\u00e7inde Yasala\u015fmayan Kararnameler Ge\u00e7ersiz"},"content":{"rendered":"<p data-start=\"91\" data-end=\"357\"><em><strong><span class=\"hover:entity-accent entity-underline inline cursor-pointer align-baseline\"><span class=\"whitespace-normal\">Anayasa Mahkemesi<\/span><\/span>, yasa g\u00fcc\u00fcnde kararnamelere ili\u015fkin \u00f6nemli bir yoruma imza att\u0131. Mahkeme, Resmi Gazete\u2019de yay\u0131mland\u0131ktan sonra 90 g\u00fcn i\u00e7inde Cumhuriyet Meclisi\u2019nde yasalla\u015fmayan kararnamelerin y\u00fcr\u00fcrl\u00fckten kalkm\u0131\u015f say\u0131lmas\u0131 gerekti\u011fini belirtti.<\/strong><\/em><\/p>\n<p data-start=\"359\" data-end=\"745\">Y\u00fcksek Mahkeme, Anayasa\u2019n\u0131n 112\u2019nci maddesi kapsam\u0131nda \u00e7\u0131kar\u0131lan yasa g\u00fcc\u00fcnde kararnamelerin hukuki durumuna ili\u015fkin yap\u0131lan ba\u015fvuruyu karara ba\u011flad\u0131. <span class=\"hover:entity-accent entity-underline inline cursor-pointer align-baseline\"><span class=\"whitespace-normal\">Bertan \u00d6zerda\u011f<\/span><\/span> ba\u015fkanl\u0131\u011f\u0131nda toplanan heyette <span class=\"hover:entity-accent entity-underline inline cursor-pointer align-baseline\"><span class=\"whitespace-normal\">G\u00fclden \u00c7ift\u00e7io\u011flu<\/span><\/span>, <span class=\"hover:entity-accent entity-underline inline cursor-pointer align-baseline\"><span class=\"whitespace-normal\">Tanju \u00d6nc\u00fcl<\/span><\/span>, <span class=\"hover:entity-accent entity-underline inline cursor-pointer align-baseline\"><span class=\"whitespace-normal\">Beril \u00c7a\u011fdal<\/span><\/span> ve <span class=\"hover:entity-accent entity-underline inline cursor-pointer align-baseline\"><span class=\"whitespace-normal\">Peri Hakk\u0131<\/span><\/span> yer ald\u0131.<\/p>\n<h3 data-start=\"747\" data-end=\"765\">90 G\u00fcn Vurgusu<\/h3>\n<p data-start=\"767\" data-end=\"1105\">Mahkeme karar\u0131nda, Anayasa\u2019n\u0131n 112\u2019nci maddesinin 3\u2019\u00fcnc\u00fc f\u0131kras\u0131 \u00e7er\u00e7evesinde y\u00fcr\u00fcrl\u00fc\u011fe giren kararnamelerin, Resmi Gazete\u2019de yay\u0131mlanmas\u0131n\u0131n ard\u0131ndan 90 g\u00fcn i\u00e7inde <span class=\"hover:entity-accent entity-underline inline cursor-pointer align-baseline\"><span class=\"whitespace-normal\">Cumhuriyet Meclisi<\/span><\/span> Genel Kurulu taraf\u0131ndan g\u00f6r\u00fc\u015f\u00fcl\u00fcp karara ba\u011flanmamas\u0131 halinde y\u00fcr\u00fcrl\u00fckten kalkt\u0131\u011f\u0131 \u015feklinde yorumlanmas\u0131 gerekti\u011fi a\u00e7\u0131k\u00e7a ifade edildi.<\/p>\n<p data-start=\"1107\" data-end=\"1244\">Ayr\u0131ca Mahkeme, bundan sonraki s\u00fcre\u00e7te y\u00fcr\u00fcrl\u00fc\u011fe konulan yasa g\u00fcc\u00fcndeki kararnamelerde de bu yorumun esas al\u0131nmas\u0131 gerekti\u011fini vurgulad\u0131.<\/p><div class=\"kanews-banner kanews-banner-single\"><img loading=\"lazy\" decoding=\"async\" src=\"https:\/\/ajanscyprus.com\/wp-content\/uploads\/2026\/04\/meRIT-bANNER.jpeg\" alt=\"\" width=\"970\" height=\"90\" class=\"alignnone size-full wp-image-62349\" \/><\/div>\n<h3 data-start=\"1246\" data-end=\"1275\">Dolmac\u0131\u2019dan De\u011ferlendirme<\/h3>\n<p data-start=\"1277\" data-end=\"1448\">\u00d6te yandan, 2020 y\u0131l\u0131nda \u00e7\u0131kar\u0131lan bir yasa g\u00fcc\u00fcnde kararnameye ili\u015fkin yarg\u0131 s\u00fcrecini ba\u015flatan davac\u0131lardan <span class=\"hover:entity-accent entity-underline inline cursor-pointer align-baseline\"><span class=\"whitespace-normal\">S\u00fcleyman Dolmac\u0131<\/span><\/span> da karar\u0131 de\u011ferlendirdi.<\/p>\n<p data-start=\"1450\" data-end=\"1787\">Dolmac\u0131, pandemi d\u00f6neminde \u00e7\u0131kar\u0131lan kararnamelerle baz\u0131 muafiyetlerin kald\u0131r\u0131ld\u0131\u011f\u0131n\u0131 ancak s\u00f6z konusu d\u00fczenlemenin Cumhuriyet Meclisi\u2019ne sevk edilerek yasalla\u015fmad\u0131\u011f\u0131n\u0131 hat\u0131rlatt\u0131. Aradan ge\u00e7en 6 y\u0131la dikkat \u00e7eken Dolmac\u0131, Anayasa Mahkemesi\u2019nin bu yorumuyla Meclis\u2019in devre d\u0131\u015f\u0131 b\u0131rak\u0131lmamas\u0131 gerekti\u011finin alt\u0131n\u0131n \u00e7izildi\u011fini ifade etti.<\/p>\n","protected":false},"excerpt":{"rendered":"<p>Anayasa Mahkemesi, yasa g\u00fcc\u00fcnde kararnamelere ili\u015fkin \u00f6nemli bir yoruma imza att\u0131. Mahkeme, Resmi Gazete\u2019de yay\u0131mland\u0131ktan sonra&#46;&#46;&#46;<\/p>\n","protected":false},"author":1,"featured_media":147134,"comment_status":"closed","ping_status":"closed","sticky":false,"template":"","format":"standard","meta":{"footnotes":"","jetpack_publicize_message":"","jetpack_publicize_feature_enabled":true,"jetpack_social_post_already_shared":true,"jetpack_social_options":{"image_generator_settings":{"template":"highway","default_image_id":0,"font":"","enabled":false},"version":2}},"categories":[48],"tags":[62745,1837,54091,4612,8655,10126,11083,62744,19769,50684],"manset":[],"class_list":["post-197976","post","type-post","status-publish","format-standard","has-post-thumbnail","hentry","category-kibris","tag-anayasa-112","tag-anayasa-mahkemesi","tag-bertan-ozerdag","tag-cumhuriyet-meclisi","tag-hukuk","tag-karar","tag-kktc","tag-suleyman-dolmaci","tag-yargi","tag-yasa-gucunde-kararname"],"yoast_head":"<!-- This site is optimized with the Yoast SEO plugin v27.4 - https:\/\/yoast.com\/product\/yoast-seo-wordpress\/ -->\n<title>Anayasa Mahkemesi\u2019nden Kritik Karar: 90 G\u00fcn \u0130\u00e7inde Yasala\u015fmayan Kararnameler Ge\u00e7ersiz - Ajans Cyprus<\/title>\n<meta name=\"description\" content=\"Anayasa Mahkemesi, 90 g\u00fcn i\u00e7inde Meclis\u2019te yasala\u015fmayan yasa g\u00fcc\u00fcndeki kararnamelerin y\u00fcr\u00fcrl\u00fckten kalkm\u0131\u015f say\u0131lmas\u0131 gerekti\u011fine h\u00fckmetti.\" \/>\n<meta name=\"robots\" content=\"index, follow, max-snippet:-1, max-image-preview:large, max-video-preview:-1\" \/>\n<link rel=\"canonical\" href=\"https:\/\/ajanscyprus.com\/2026\/04\/09\/anayasa-mahkemesinden-kritik-karar-90-gun-icinde-yasalasmayan-kararnameler-gecersiz\/\" \/>\n<meta property=\"og:locale\" content=\"tr_TR\" \/>\n<meta property=\"og:type\" content=\"article\" \/>\n<meta property=\"og:title\" content=\"Anayasa Mahkemesi\u2019nden Kritik Karar: 90 G\u00fcn \u0130\u00e7inde Yasala\u015fmayan Kararnameler Ge\u00e7ersiz - Ajans Cyprus\" \/>\n<meta property=\"og:description\" content=\"Anayasa Mahkemesi, 90 g\u00fcn i\u00e7inde Meclis\u2019te yasala\u015fmayan yasa g\u00fcc\u00fcndeki kararnamelerin y\u00fcr\u00fcrl\u00fckten kalkm\u0131\u015f say\u0131lmas\u0131 gerekti\u011fine h\u00fckmetti.\" \/>\n<meta property=\"og:url\" content=\"https:\/\/ajanscyprus.com\/2026\/04\/09\/anayasa-mahkemesinden-kritik-karar-90-gun-icinde-yasalasmayan-kararnameler-gecersiz\/\" \/>\n<meta property=\"og:site_name\" content=\"Ajans Cyprus\" \/>\n<meta property=\"article:publisher\" content=\"https:\/\/www.facebook.com\/AjansCyprusAC\" \/>\n<meta property=\"article:published_time\" content=\"2026-04-09T18:09:12+00:00\" \/>\n<meta property=\"og:image\" content=\"https:\/\/ajanscyprus.com\/wp-content\/uploads\/2024\/11\/mahkemeler-dis-goruntu-1-e1775758139872.jpg\" \/>\n\t<meta property=\"og:image:width\" content=\"1280\" \/>\n\t<meta property=\"og:image:height\" content=\"854\" \/>\n\t<meta property=\"og:image:type\" content=\"image\/jpeg\" \/>\n<meta name=\"author\" content=\"admin\" \/>\n<meta name=\"twitter:card\" content=\"summary_large_image\" \/>\n<meta name=\"twitter:creator\" content=\"@AjansCyprus\" \/>\n<meta name=\"twitter:site\" content=\"@AjansCyprus\" \/>\n<meta name=\"twitter:label1\" content=\"Yazan:\" \/>\n\t<meta name=\"twitter:data1\" content=\"admin\" \/>\n\t<meta name=\"twitter:label2\" content=\"Tahmini okuma s\u00fcresi\" \/>\n\t<meta name=\"twitter:data2\" content=\"2 dakika\" \/>\n<script type=\"application\/ld+json\" class=\"yoast-schema-graph\">{\"@context\":\"https:\\\/\\\/schema.org\",\"@graph\":[{\"@type\":\"Article\",\"@id\":\"https:\\\/\\\/ajanscyprus.com\\\/2026\\\/04\\\/09\\\/anayasa-mahkemesinden-kritik-karar-90-gun-icinde-yasalasmayan-kararnameler-gecersiz\\\/#article\",\"isPartOf\":{\"@id\":\"https:\\\/\\\/ajanscyprus.com\\\/2026\\\/04\\\/09\\\/anayasa-mahkemesinden-kritik-karar-90-gun-icinde-yasalasmayan-kararnameler-gecersiz\\\/\"},\"author\":{\"name\":\"admin\",\"@id\":\"https:\\\/\\\/ajanscyprus.com\\\/#\\\/schema\\\/person\\\/bde04f428980a11e6513136d7f10a011\"},\"headline\":\"Anayasa Mahkemesi\u2019nden Kritik Karar: 90 G\u00fcn \u0130\u00e7inde Yasala\u015fmayan Kararnameler Ge\u00e7ersiz\",\"datePublished\":\"2026-04-09T18:09:12+00:00\",\"mainEntityOfPage\":{\"@id\":\"https:\\\/\\\/ajanscyprus.com\\\/2026\\\/04\\\/09\\\/anayasa-mahkemesinden-kritik-karar-90-gun-icinde-yasalasmayan-kararnameler-gecersiz\\\/\"},\"wordCount\":287,\"publisher\":{\"@id\":\"https:\\\/\\\/ajanscyprus.com\\\/#organization\"},\"image\":{\"@id\":\"https:\\\/\\\/ajanscyprus.com\\\/2026\\\/04\\\/09\\\/anayasa-mahkemesinden-kritik-karar-90-gun-icinde-yasalasmayan-kararnameler-gecersiz\\\/#primaryimage\"},\"thumbnailUrl\":\"https:\\\/\\\/ajanscyprus.com\\\/wp-content\\\/uploads\\\/2024\\\/11\\\/mahkemeler-dis-goruntu-1-e1775758139872.jpg\",\"keywords\":[\"Anayasa 112\",\"anayasa mahkemesi\",\"Bertan \u00d6zerda\u011f\",\"Cumhuriyet Meclisi\",\"hukuk\",\"karar\",\"kktc\",\"S\u00fcleyman Dolmac\u0131\",\"yarg\u0131\",\"yasa g\u00fcc\u00fcnde kararname\"],\"articleSection\":[\"K\u0131br\u0131s\"],\"inLanguage\":\"tr\"},{\"@type\":\"WebPage\",\"@id\":\"https:\\\/\\\/ajanscyprus.com\\\/2026\\\/04\\\/09\\\/anayasa-mahkemesinden-kritik-karar-90-gun-icinde-yasalasmayan-kararnameler-gecersiz\\\/\",\"url\":\"https:\\\/\\\/ajanscyprus.com\\\/2026\\\/04\\\/09\\\/anayasa-mahkemesinden-kritik-karar-90-gun-icinde-yasalasmayan-kararnameler-gecersiz\\\/\",\"name\":\"Anayasa Mahkemesi\u2019nden Kritik Karar: 90 G\u00fcn \u0130\u00e7inde Yasala\u015fmayan Kararnameler Ge\u00e7ersiz - Ajans Cyprus\",\"isPartOf\":{\"@id\":\"https:\\\/\\\/ajanscyprus.com\\\/#website\"},\"primaryImageOfPage\":{\"@id\":\"https:\\\/\\\/ajanscyprus.com\\\/2026\\\/04\\\/09\\\/anayasa-mahkemesinden-kritik-karar-90-gun-icinde-yasalasmayan-kararnameler-gecersiz\\\/#primaryimage\"},\"image\":{\"@id\":\"https:\\\/\\\/ajanscyprus.com\\\/2026\\\/04\\\/09\\\/anayasa-mahkemesinden-kritik-karar-90-gun-icinde-yasalasmayan-kararnameler-gecersiz\\\/#primaryimage\"},\"thumbnailUrl\":\"https:\\\/\\\/ajanscyprus.com\\\/wp-content\\\/uploads\\\/2024\\\/11\\\/mahkemeler-dis-goruntu-1-e1775758139872.jpg\",\"datePublished\":\"2026-04-09T18:09:12+00:00\",\"description\":\"Anayasa Mahkemesi, 90 g\u00fcn i\u00e7inde Meclis\u2019te yasala\u015fmayan yasa g\u00fcc\u00fcndeki kararnamelerin y\u00fcr\u00fcrl\u00fckten kalkm\u0131\u015f say\u0131lmas\u0131 gerekti\u011fine h\u00fckmetti.\",\"breadcrumb\":{\"@id\":\"https:\\\/\\\/ajanscyprus.com\\\/2026\\\/04\\\/09\\\/anayasa-mahkemesinden-kritik-karar-90-gun-icinde-yasalasmayan-kararnameler-gecersiz\\\/#breadcrumb\"},\"inLanguage\":\"tr\",\"potentialAction\":[{\"@type\":\"ReadAction\",\"target\":[\"https:\\\/\\\/ajanscyprus.com\\\/2026\\\/04\\\/09\\\/anayasa-mahkemesinden-kritik-karar-90-gun-icinde-yasalasmayan-kararnameler-gecersiz\\\/\"]}]},{\"@type\":\"ImageObject\",\"inLanguage\":\"tr\",\"@id\":\"https:\\\/\\\/ajanscyprus.com\\\/2026\\\/04\\\/09\\\/anayasa-mahkemesinden-kritik-karar-90-gun-icinde-yasalasmayan-kararnameler-gecersiz\\\/#primaryimage\",\"url\":\"https:\\\/\\\/ajanscyprus.com\\\/wp-content\\\/uploads\\\/2024\\\/11\\\/mahkemeler-dis-goruntu-1-e1775758139872.jpg\",\"contentUrl\":\"https:\\\/\\\/ajanscyprus.com\\\/wp-content\\\/uploads\\\/2024\\\/11\\\/mahkemeler-dis-goruntu-1-e1775758139872.jpg\",\"width\":1280,\"height\":854},{\"@type\":\"BreadcrumbList\",\"@id\":\"https:\\\/\\\/ajanscyprus.com\\\/2026\\\/04\\\/09\\\/anayasa-mahkemesinden-kritik-karar-90-gun-icinde-yasalasmayan-kararnameler-gecersiz\\\/#breadcrumb\",\"itemListElement\":[{\"@type\":\"ListItem\",\"position\":1,\"name\":\"Anasayfa\",\"item\":\"https:\\\/\\\/ajanscyprus.com\\\/\"},{\"@type\":\"ListItem\",\"position\":2,\"name\":\"Anayasa Mahkemesi\u2019nden Kritik Karar: 90 G\u00fcn \u0130\u00e7inde Yasala\u015fmayan Kararnameler Ge\u00e7ersiz\"}]},{\"@type\":\"WebSite\",\"@id\":\"https:\\\/\\\/ajanscyprus.com\\\/#website\",\"url\":\"https:\\\/\\\/ajanscyprus.com\\\/\",\"name\":\"Ajans Cyprus\",\"description\":\"\",\"publisher\":{\"@id\":\"https:\\\/\\\/ajanscyprus.com\\\/#organization\"},\"potentialAction\":[{\"@type\":\"SearchAction\",\"target\":{\"@type\":\"EntryPoint\",\"urlTemplate\":\"https:\\\/\\\/ajanscyprus.com\\\/?s={search_term_string}\"},\"query-input\":{\"@type\":\"PropertyValueSpecification\",\"valueRequired\":true,\"valueName\":\"search_term_string\"}}],\"inLanguage\":\"tr\"},{\"@type\":\"Organization\",\"@id\":\"https:\\\/\\\/ajanscyprus.com\\\/#organization\",\"name\":\"Ajans Cyprus\",\"alternateName\":\"Ajans Mira Turan Cyprus Media And Production\",\"url\":\"https:\\\/\\\/ajanscyprus.com\\\/\",\"logo\":{\"@type\":\"ImageObject\",\"inLanguage\":\"tr\",\"@id\":\"https:\\\/\\\/ajanscyprus.com\\\/#\\\/schema\\\/logo\\\/image\\\/\",\"url\":\"https:\\\/\\\/ajanscyprus.com\\\/wp-content\\\/uploads\\\/2023\\\/02\\\/AjansCyprus-yuvarlak-logo-e1676491087198.png\",\"contentUrl\":\"https:\\\/\\\/ajanscyprus.com\\\/wp-content\\\/uploads\\\/2023\\\/02\\\/AjansCyprus-yuvarlak-logo-e1676491087198.png\",\"width\":200,\"height\":200,\"caption\":\"Ajans Cyprus\"},\"image\":{\"@id\":\"https:\\\/\\\/ajanscyprus.com\\\/#\\\/schema\\\/logo\\\/image\\\/\"},\"sameAs\":[\"https:\\\/\\\/www.facebook.com\\\/AjansCyprusAC\",\"https:\\\/\\\/x.com\\\/AjansCyprus\"]},{\"@type\":\"Person\",\"@id\":\"https:\\\/\\\/ajanscyprus.com\\\/#\\\/schema\\\/person\\\/bde04f428980a11e6513136d7f10a011\",\"name\":\"admin\",\"image\":{\"@type\":\"ImageObject\",\"inLanguage\":\"tr\",\"@id\":\"https:\\\/\\\/secure.gravatar.com\\\/avatar\\\/7b3584441088d5ca4cd7222e9873c969610760122e804fb99fa589e24cd99cb8?s=96&d=mm&r=g\",\"url\":\"https:\\\/\\\/secure.gravatar.com\\\/avatar\\\/7b3584441088d5ca4cd7222e9873c969610760122e804fb99fa589e24cd99cb8?s=96&d=mm&r=g\",\"contentUrl\":\"https:\\\/\\\/secure.gravatar.com\\\/avatar\\\/7b3584441088d5ca4cd7222e9873c969610760122e804fb99fa589e24cd99cb8?s=96&d=mm&r=g\",\"caption\":\"admin\"},\"sameAs\":[\"https:\\\/\\\/ajanscyprus.com\"],\"url\":\"https:\\\/\\\/ajanscyprus.com\\\/author\\\/admin_r45uydj1\\\/\"}]}<\/script>\n<!-- \/ Yoast SEO plugin. -->","yoast_head_json":{"title":"Anayasa Mahkemesi\u2019nden Kritik Karar: 90 G\u00fcn \u0130\u00e7inde Yasala\u015fmayan Kararnameler Ge\u00e7ersiz - Ajans Cyprus","description":"Anayasa Mahkemesi, 90 g\u00fcn i\u00e7inde Meclis\u2019te yasala\u015fmayan yasa g\u00fcc\u00fcndeki kararnamelerin y\u00fcr\u00fcrl\u00fckten kalkm\u0131\u015f say\u0131lmas\u0131 gerekti\u011fine h\u00fckmetti.","robots":{"index":"index","follow":"follow","max-snippet":"max-snippet:-1","max-image-preview":"max-image-preview:large","max-video-preview":"max-video-preview:-1"},"canonical":"https:\/\/ajanscyprus.com\/2026\/04\/09\/anayasa-mahkemesinden-kritik-karar-90-gun-icinde-yasalasmayan-kararnameler-gecersiz\/","og_locale":"tr_TR","og_type":"article","og_title":"Anayasa Mahkemesi\u2019nden Kritik Karar: 90 G\u00fcn \u0130\u00e7inde Yasala\u015fmayan Kararnameler Ge\u00e7ersiz - Ajans Cyprus","og_description":"Anayasa Mahkemesi, 90 g\u00fcn i\u00e7inde Meclis\u2019te yasala\u015fmayan yasa g\u00fcc\u00fcndeki kararnamelerin y\u00fcr\u00fcrl\u00fckten kalkm\u0131\u015f say\u0131lmas\u0131 gerekti\u011fine h\u00fckmetti.","og_url":"https:\/\/ajanscyprus.com\/2026\/04\/09\/anayasa-mahkemesinden-kritik-karar-90-gun-icinde-yasalasmayan-kararnameler-gecersiz\/","og_site_name":"Ajans Cyprus","article_publisher":"https:\/\/www.facebook.com\/AjansCyprusAC","article_published_time":"2026-04-09T18:09:12+00:00","og_image":[{"width":1280,"height":854,"url":"https:\/\/ajanscyprus.com\/wp-content\/uploads\/2024\/11\/mahkemeler-dis-goruntu-1-e1775758139872.jpg","type":"image\/jpeg"}],"author":"admin","twitter_card":"summary_large_image","twitter_creator":"@AjansCyprus","twitter_site":"@AjansCyprus","twitter_misc":{"Yazan:":"admin","Tahmini okuma s\u00fcresi":"2 dakika"},"schema":{"@context":"https:\/\/schema.org","@graph":[{"@type":"Article","@id":"https:\/\/ajanscyprus.com\/2026\/04\/09\/anayasa-mahkemesinden-kritik-karar-90-gun-icinde-yasalasmayan-kararnameler-gecersiz\/#article","isPartOf":{"@id":"https:\/\/ajanscyprus.com\/2026\/04\/09\/anayasa-mahkemesinden-kritik-karar-90-gun-icinde-yasalasmayan-kararnameler-gecersiz\/"},"author":{"name":"admin","@id":"https:\/\/ajanscyprus.com\/#\/schema\/person\/bde04f428980a11e6513136d7f10a011"},"headline":"Anayasa Mahkemesi\u2019nden Kritik Karar: 90 G\u00fcn \u0130\u00e7inde Yasala\u015fmayan Kararnameler Ge\u00e7ersiz","datePublished":"2026-04-09T18:09:12+00:00","mainEntityOfPage":{"@id":"https:\/\/ajanscyprus.com\/2026\/04\/09\/anayasa-mahkemesinden-kritik-karar-90-gun-icinde-yasalasmayan-kararnameler-gecersiz\/"},"wordCount":287,"publisher":{"@id":"https:\/\/ajanscyprus.com\/#organization"},"image":{"@id":"https:\/\/ajanscyprus.com\/2026\/04\/09\/anayasa-mahkemesinden-kritik-karar-90-gun-icinde-yasalasmayan-kararnameler-gecersiz\/#primaryimage"},"thumbnailUrl":"https:\/\/ajanscyprus.com\/wp-content\/uploads\/2024\/11\/mahkemeler-dis-goruntu-1-e1775758139872.jpg","keywords":["Anayasa 112","anayasa mahkemesi","Bertan \u00d6zerda\u011f","Cumhuriyet Meclisi","hukuk","karar","kktc","S\u00fcleyman Dolmac\u0131","yarg\u0131","yasa g\u00fcc\u00fcnde kararname"],"articleSection":["K\u0131br\u0131s"],"inLanguage":"tr"},{"@type":"WebPage","@id":"https:\/\/ajanscyprus.com\/2026\/04\/09\/anayasa-mahkemesinden-kritik-karar-90-gun-icinde-yasalasmayan-kararnameler-gecersiz\/","url":"https:\/\/ajanscyprus.com\/2026\/04\/09\/anayasa-mahkemesinden-kritik-karar-90-gun-icinde-yasalasmayan-kararnameler-gecersiz\/","name":"Anayasa Mahkemesi\u2019nden Kritik Karar: 90 G\u00fcn \u0130\u00e7inde Yasala\u015fmayan Kararnameler Ge\u00e7ersiz - Ajans Cyprus","isPartOf":{"@id":"https:\/\/ajanscyprus.com\/#website"},"primaryImageOfPage":{"@id":"https:\/\/ajanscyprus.com\/2026\/04\/09\/anayasa-mahkemesinden-kritik-karar-90-gun-icinde-yasalasmayan-kararnameler-gecersiz\/#primaryimage"},"image":{"@id":"https:\/\/ajanscyprus.com\/2026\/04\/09\/anayasa-mahkemesinden-kritik-karar-90-gun-icinde-yasalasmayan-kararnameler-gecersiz\/#primaryimage"},"thumbnailUrl":"https:\/\/ajanscyprus.com\/wp-content\/uploads\/2024\/11\/mahkemeler-dis-goruntu-1-e1775758139872.jpg","datePublished":"2026-04-09T18:09:12+00:00","description":"Anayasa Mahkemesi, 90 g\u00fcn i\u00e7inde Meclis\u2019te yasala\u015fmayan yasa g\u00fcc\u00fcndeki kararnamelerin y\u00fcr\u00fcrl\u00fckten kalkm\u0131\u015f say\u0131lmas\u0131 gerekti\u011fine h\u00fckmetti.","breadcrumb":{"@id":"https:\/\/ajanscyprus.com\/2026\/04\/09\/anayasa-mahkemesinden-kritik-karar-90-gun-icinde-yasalasmayan-kararnameler-gecersiz\/#breadcrumb"},"inLanguage":"tr","potentialAction":[{"@type":"ReadAction","target":["https:\/\/ajanscyprus.com\/2026\/04\/09\/anayasa-mahkemesinden-kritik-karar-90-gun-icinde-yasalasmayan-kararnameler-gecersiz\/"]}]},{"@type":"ImageObject","inLanguage":"tr","@id":"https:\/\/ajanscyprus.com\/2026\/04\/09\/anayasa-mahkemesinden-kritik-karar-90-gun-icinde-yasalasmayan-kararnameler-gecersiz\/#primaryimage","url":"https:\/\/ajanscyprus.com\/wp-content\/uploads\/2024\/11\/mahkemeler-dis-goruntu-1-e1775758139872.jpg","contentUrl":"https:\/\/ajanscyprus.com\/wp-content\/uploads\/2024\/11\/mahkemeler-dis-goruntu-1-e1775758139872.jpg","width":1280,"height":854},{"@type":"BreadcrumbList","@id":"https:\/\/ajanscyprus.com\/2026\/04\/09\/anayasa-mahkemesinden-kritik-karar-90-gun-icinde-yasalasmayan-kararnameler-gecersiz\/#breadcrumb","itemListElement":[{"@type":"ListItem","position":1,"name":"Anasayfa","item":"https:\/\/ajanscyprus.com\/"},{"@type":"ListItem","position":2,"name":"Anayasa Mahkemesi\u2019nden Kritik Karar: 90 G\u00fcn \u0130\u00e7inde Yasala\u015fmayan Kararnameler Ge\u00e7ersiz"}]},{"@type":"WebSite","@id":"https:\/\/ajanscyprus.com\/#website","url":"https:\/\/ajanscyprus.com\/","name":"Ajans Cyprus","description":"","publisher":{"@id":"https:\/\/ajanscyprus.com\/#organization"},"potentialAction":[{"@type":"SearchAction","target":{"@type":"EntryPoint","urlTemplate":"https:\/\/ajanscyprus.com\/?s={search_term_string}"},"query-input":{"@type":"PropertyValueSpecification","valueRequired":true,"valueName":"search_term_string"}}],"inLanguage":"tr"},{"@type":"Organization","@id":"https:\/\/ajanscyprus.com\/#organization","name":"Ajans Cyprus","alternateName":"Ajans Mira Turan Cyprus Media And Production","url":"https:\/\/ajanscyprus.com\/","logo":{"@type":"ImageObject","inLanguage":"tr","@id":"https:\/\/ajanscyprus.com\/#\/schema\/logo\/image\/","url":"https:\/\/ajanscyprus.com\/wp-content\/uploads\/2023\/02\/AjansCyprus-yuvarlak-logo-e1676491087198.png","contentUrl":"https:\/\/ajanscyprus.com\/wp-content\/uploads\/2023\/02\/AjansCyprus-yuvarlak-logo-e1676491087198.png","width":200,"height":200,"caption":"Ajans Cyprus"},"image":{"@id":"https:\/\/ajanscyprus.com\/#\/schema\/logo\/image\/"},"sameAs":["https:\/\/www.facebook.com\/AjansCyprusAC","https:\/\/x.com\/AjansCyprus"]},{"@type":"Person","@id":"https:\/\/ajanscyprus.com\/#\/schema\/person\/bde04f428980a11e6513136d7f10a011","name":"admin","image":{"@type":"ImageObject","inLanguage":"tr","@id":"https:\/\/secure.gravatar.com\/avatar\/7b3584441088d5ca4cd7222e9873c969610760122e804fb99fa589e24cd99cb8?s=96&d=mm&r=g","url":"https:\/\/secure.gravatar.com\/avatar\/7b3584441088d5ca4cd7222e9873c969610760122e804fb99fa589e24cd99cb8?s=96&d=mm&r=g","contentUrl":"https:\/\/secure.gravatar.com\/avatar\/7b3584441088d5ca4cd7222e9873c969610760122e804fb99fa589e24cd99cb8?s=96&d=mm&r=g","caption":"admin"},"sameAs":["https:\/\/ajanscyprus.com"],"url":"https:\/\/ajanscyprus.com\/author\/admin_r45uydj1\/"}]}},"jetpack_publicize_connections":[],"_links":{"self":[{"href":"https:\/\/ajanscyprus.com\/wp-json\/wp\/v2\/posts\/197976","targetHints":{"allow":["GET"]}}],"collection":[{"href":"https:\/\/ajanscyprus.com\/wp-json\/wp\/v2\/posts"}],"about":[{"href":"https:\/\/ajanscyprus.com\/wp-json\/wp\/v2\/types\/post"}],"author":[{"embeddable":true,"href":"https:\/\/ajanscyprus.com\/wp-json\/wp\/v2\/users\/1"}],"replies":[{"embeddable":true,"href":"https:\/\/ajanscyprus.com\/wp-json\/wp\/v2\/comments?post=197976"}],"version-history":[{"count":1,"href":"https:\/\/ajanscyprus.com\/wp-json\/wp\/v2\/posts\/197976\/revisions"}],"predecessor-version":[{"id":197977,"href":"https:\/\/ajanscyprus.com\/wp-json\/wp\/v2\/posts\/197976\/revisions\/197977"}],"wp:featuredmedia":[{"embeddable":true,"href":"https:\/\/ajanscyprus.com\/wp-json\/wp\/v2\/media\/147134"}],"wp:attachment":[{"href":"https:\/\/ajanscyprus.com\/wp-json\/wp\/v2\/media?parent=197976"}],"wp:term":[{"taxonomy":"category","embeddable":true,"href":"https:\/\/ajanscyprus.com\/wp-json\/wp\/v2\/categories?post=197976"},{"taxonomy":"post_tag","embeddable":true,"href":"https:\/\/ajanscyprus.com\/wp-json\/wp\/v2\/tags?post=197976"},{"taxonomy":"manset","embeddable":true,"href":"https:\/\/ajanscyprus.com\/wp-json\/wp\/v2\/manset?post=197976"}],"curies":[{"name":"wp","href":"https:\/\/api.w.org\/{rel}","templated":true}]}}