{"id":197982,"date":"2026-04-09T21:34:52","date_gmt":"2026-04-09T18:34:52","guid":{"rendered":"https:\/\/ajanscyprus.com\/?p=197982"},"modified":"2026-04-09T21:34:52","modified_gmt":"2026-04-09T18:34:52","slug":"ocak-ayindaki-trafik-kazasinda-yaralanan-aziz-bakici-hayata-tutunamadi","status":"publish","type":"post","link":"https:\/\/ajanscyprus.com\/2026\/04\/09\/ocak-ayindaki-trafik-kazasinda-yaralanan-aziz-bakici-hayata-tutunamadi\/","title":{"rendered":"Ocak Ay\u0131ndaki Trafik Kazas\u0131nda Yaralanan Aziz Bak\u0131c\u0131 Hayata Tutunamad\u0131"},"content":{"rendered":"<p data-start=\"162\" data-end=\"319\"><em><strong>Gazima\u011fusa\u2019da 12 Ocak tarihinde meydana gelen trafik kazas\u0131nda a\u011f\u0131r yaralanan 22 ya\u015f\u0131ndaki Aziz Bak\u0131c\u0131, tedavi g\u00f6rd\u00fc\u011f\u00fc hastanede ya\u015fam m\u00fccadelesini kaybetti.<\/strong><\/em><\/p>\n<p data-start=\"321\" data-end=\"616\">Polisten yap\u0131lan a\u00e7\u0131klamaya g\u00f6re, kaza Gazima\u011fusa\u2019da Fevzi \u00c7akmak Bulvar\u0131 \u00fczerinde meydana geldi. 43 ya\u015f\u0131ndaki Ayd\u0131n Topak y\u00f6netimindeki JD 251 plakal\u0131 \u00e7ift kabin ara\u00e7, bat\u0131 istikametine do\u011fru dikkatsiz \u015fekilde seyretti\u011fi s\u0131rada, yolun sa\u011f\u0131ndan soluna ge\u00e7meye \u00e7al\u0131\u015fan yaya Aziz Bak\u0131c\u0131\u2019ya \u00e7arpt\u0131.<\/p>\n<p data-start=\"618\" data-end=\"800\">Kaza sonucu a\u011f\u0131r yaralanan Bak\u0131c\u0131, ilk m\u00fcdahalenin ard\u0131ndan tedavi i\u00e7in T\u00fcrkiye\u2019ye sevk edildi. Ancak burada yap\u0131lan t\u00fcm m\u00fcdahalelere ra\u011fmen kurtar\u0131lamayarak bug\u00fcn hayat\u0131n\u0131 kaybetti.<\/p>\n<p data-start=\"802\" data-end=\"849\">Olayla ilgili soru\u015fturman\u0131n s\u00fcrd\u00fc\u011f\u00fc bildirildi.<\/p><div class=\"kanews-banner kanews-banner-single\"><img loading=\"lazy\" decoding=\"async\" src=\"https:\/\/ajanscyprus.com\/wp-content\/uploads\/2026\/04\/meRIT-bANNER.jpeg\" alt=\"\" width=\"970\" height=\"90\" class=\"alignnone size-full wp-image-62349\" \/><\/div>\n","protected":false},"excerpt":{"rendered":"<p>Gazima\u011fusa\u2019da 12 Ocak tarihinde meydana gelen trafik kazas\u0131nda a\u011f\u0131r yaralanan 22 ya\u015f\u0131ndaki Aziz Bak\u0131c\u0131, tedavi g\u00f6rd\u00fc\u011f\u00fc&#46;&#46;&#46;<\/p>\n","protected":false},"author":1,"featured_media":174369,"comment_status":"closed","ping_status":"closed","sticky":false,"template":"","format":"standard","meta":{"footnotes":"","jetpack_publicize_message":"","jetpack_publicize_feature_enabled":true,"jetpack_social_post_already_shared":true,"jetpack_social_options":{"image_generator_settings":{"template":"highway","default_image_id":0,"font":"","enabled":false},"version":2}},"categories":[48],"tags":[],"manset":[],"class_list":["post-197982","post","type-post","status-publish","format-standard","has-post-thumbnail","hentry","category-kibris"],"yoast_head":"<!-- This site is optimized with the Yoast SEO plugin v27.4 - https:\/\/yoast.com\/product\/yoast-seo-wordpress\/ -->\n<title>Ocak Ay\u0131ndaki Trafik Kazas\u0131nda Yaralanan Aziz Bak\u0131c\u0131 Hayata Tutunamad\u0131 - Ajans Cyprus<\/title>\n<meta name=\"robots\" content=\"index, follow, max-snippet:-1, max-image-preview:large, max-video-preview:-1\" \/>\n<link rel=\"canonical\" href=\"https:\/\/ajanscyprus.com\/2026\/04\/09\/ocak-ayindaki-trafik-kazasinda-yaralanan-aziz-bakici-hayata-tutunamadi\/\" \/>\n<meta property=\"og:locale\" content=\"tr_TR\" \/>\n<meta property=\"og:type\" content=\"article\" \/>\n<meta property=\"og:title\" content=\"Ocak Ay\u0131ndaki Trafik Kazas\u0131nda Yaralanan Aziz Bak\u0131c\u0131 Hayata Tutunamad\u0131 - Ajans Cyprus\" \/>\n<meta property=\"og:description\" content=\"Gazima\u011fusa\u2019da 12 Ocak tarihinde meydana gelen trafik kazas\u0131nda a\u011f\u0131r yaralanan 22 ya\u015f\u0131ndaki Aziz Bak\u0131c\u0131, tedavi g\u00f6rd\u00fc\u011f\u00fc&#046;&#046;&#046;\" \/>\n<meta property=\"og:url\" content=\"https:\/\/ajanscyprus.com\/2026\/04\/09\/ocak-ayindaki-trafik-kazasinda-yaralanan-aziz-bakici-hayata-tutunamadi\/\" \/>\n<meta property=\"og:site_name\" content=\"Ajans Cyprus\" \/>\n<meta property=\"article:publisher\" content=\"https:\/\/www.facebook.com\/AjansCyprusAC\" \/>\n<meta property=\"article:published_time\" content=\"2026-04-09T18:34:52+00:00\" \/>\n<meta property=\"og:image\" content=\"https:\/\/ajanscyprus.com\/wp-content\/uploads\/2025\/07\/1751456718537ANI-OLUM.jpg\" \/>\n\t<meta property=\"og:image:width\" content=\"1280\" \/>\n\t<meta property=\"og:image:height\" content=\"696\" \/>\n\t<meta property=\"og:image:type\" content=\"image\/jpeg\" \/>\n<meta name=\"author\" content=\"admin\" \/>\n<meta name=\"twitter:card\" content=\"summary_large_image\" \/>\n<meta name=\"twitter:creator\" content=\"@AjansCyprus\" \/>\n<meta name=\"twitter:site\" content=\"@AjansCyprus\" \/>\n<meta name=\"twitter:label1\" content=\"Yazan:\" \/>\n\t<meta name=\"twitter:data1\" content=\"admin\" \/>\n\t<meta name=\"twitter:label2\" content=\"Tahmini okuma s\u00fcresi\" \/>\n\t<meta name=\"twitter:data2\" content=\"1 dakika\" \/>\n<script type=\"application\/ld+json\" class=\"yoast-schema-graph\">{\"@context\":\"https:\\\/\\\/schema.org\",\"@graph\":[{\"@type\":\"Article\",\"@id\":\"https:\\\/\\\/ajanscyprus.com\\\/2026\\\/04\\\/09\\\/ocak-ayindaki-trafik-kazasinda-yaralanan-aziz-bakici-hayata-tutunamadi\\\/#article\",\"isPartOf\":{\"@id\":\"https:\\\/\\\/ajanscyprus.com\\\/2026\\\/04\\\/09\\\/ocak-ayindaki-trafik-kazasinda-yaralanan-aziz-bakici-hayata-tutunamadi\\\/\"},\"author\":{\"name\":\"admin\",\"@id\":\"https:\\\/\\\/ajanscyprus.com\\\/#\\\/schema\\\/person\\\/bde04f428980a11e6513136d7f10a011\"},\"headline\":\"Ocak Ay\u0131ndaki Trafik Kazas\u0131nda Yaralanan Aziz Bak\u0131c\u0131 Hayata Tutunamad\u0131\",\"datePublished\":\"2026-04-09T18:34:52+00:00\",\"mainEntityOfPage\":{\"@id\":\"https:\\\/\\\/ajanscyprus.com\\\/2026\\\/04\\\/09\\\/ocak-ayindaki-trafik-kazasinda-yaralanan-aziz-bakici-hayata-tutunamadi\\\/\"},\"wordCount\":137,\"publisher\":{\"@id\":\"https:\\\/\\\/ajanscyprus.com\\\/#organization\"},\"image\":{\"@id\":\"https:\\\/\\\/ajanscyprus.com\\\/2026\\\/04\\\/09\\\/ocak-ayindaki-trafik-kazasinda-yaralanan-aziz-bakici-hayata-tutunamadi\\\/#primaryimage\"},\"thumbnailUrl\":\"https:\\\/\\\/ajanscyprus.com\\\/wp-content\\\/uploads\\\/2025\\\/07\\\/1751456718537ANI-OLUM.jpg\",\"articleSection\":[\"K\u0131br\u0131s\"],\"inLanguage\":\"tr\"},{\"@type\":\"WebPage\",\"@id\":\"https:\\\/\\\/ajanscyprus.com\\\/2026\\\/04\\\/09\\\/ocak-ayindaki-trafik-kazasinda-yaralanan-aziz-bakici-hayata-tutunamadi\\\/\",\"url\":\"https:\\\/\\\/ajanscyprus.com\\\/2026\\\/04\\\/09\\\/ocak-ayindaki-trafik-kazasinda-yaralanan-aziz-bakici-hayata-tutunamadi\\\/\",\"name\":\"Ocak Ay\u0131ndaki Trafik Kazas\u0131nda Yaralanan Aziz Bak\u0131c\u0131 Hayata Tutunamad\u0131 - Ajans Cyprus\",\"isPartOf\":{\"@id\":\"https:\\\/\\\/ajanscyprus.com\\\/#website\"},\"primaryImageOfPage\":{\"@id\":\"https:\\\/\\\/ajanscyprus.com\\\/2026\\\/04\\\/09\\\/ocak-ayindaki-trafik-kazasinda-yaralanan-aziz-bakici-hayata-tutunamadi\\\/#primaryimage\"},\"image\":{\"@id\":\"https:\\\/\\\/ajanscyprus.com\\\/2026\\\/04\\\/09\\\/ocak-ayindaki-trafik-kazasinda-yaralanan-aziz-bakici-hayata-tutunamadi\\\/#primaryimage\"},\"thumbnailUrl\":\"https:\\\/\\\/ajanscyprus.com\\\/wp-content\\\/uploads\\\/2025\\\/07\\\/1751456718537ANI-OLUM.jpg\",\"datePublished\":\"2026-04-09T18:34:52+00:00\",\"breadcrumb\":{\"@id\":\"https:\\\/\\\/ajanscyprus.com\\\/2026\\\/04\\\/09\\\/ocak-ayindaki-trafik-kazasinda-yaralanan-aziz-bakici-hayata-tutunamadi\\\/#breadcrumb\"},\"inLanguage\":\"tr\",\"potentialAction\":[{\"@type\":\"ReadAction\",\"target\":[\"https:\\\/\\\/ajanscyprus.com\\\/2026\\\/04\\\/09\\\/ocak-ayindaki-trafik-kazasinda-yaralanan-aziz-bakici-hayata-tutunamadi\\\/\"]}]},{\"@type\":\"ImageObject\",\"inLanguage\":\"tr\",\"@id\":\"https:\\\/\\\/ajanscyprus.com\\\/2026\\\/04\\\/09\\\/ocak-ayindaki-trafik-kazasinda-yaralanan-aziz-bakici-hayata-tutunamadi\\\/#primaryimage\",\"url\":\"https:\\\/\\\/ajanscyprus.com\\\/wp-content\\\/uploads\\\/2025\\\/07\\\/1751456718537ANI-OLUM.jpg\",\"contentUrl\":\"https:\\\/\\\/ajanscyprus.com\\\/wp-content\\\/uploads\\\/2025\\\/07\\\/1751456718537ANI-OLUM.jpg\",\"width\":1280,\"height\":696},{\"@type\":\"BreadcrumbList\",\"@id\":\"https:\\\/\\\/ajanscyprus.com\\\/2026\\\/04\\\/09\\\/ocak-ayindaki-trafik-kazasinda-yaralanan-aziz-bakici-hayata-tutunamadi\\\/#breadcrumb\",\"itemListElement\":[{\"@type\":\"ListItem\",\"position\":1,\"name\":\"Anasayfa\",\"item\":\"https:\\\/\\\/ajanscyprus.com\\\/\"},{\"@type\":\"ListItem\",\"position\":2,\"name\":\"Ocak Ay\u0131ndaki Trafik Kazas\u0131nda Yaralanan Aziz Bak\u0131c\u0131 Hayata Tutunamad\u0131\"}]},{\"@type\":\"WebSite\",\"@id\":\"https:\\\/\\\/ajanscyprus.com\\\/#website\",\"url\":\"https:\\\/\\\/ajanscyprus.com\\\/\",\"name\":\"Ajans Cyprus\",\"description\":\"\",\"publisher\":{\"@id\":\"https:\\\/\\\/ajanscyprus.com\\\/#organization\"},\"potentialAction\":[{\"@type\":\"SearchAction\",\"target\":{\"@type\":\"EntryPoint\",\"urlTemplate\":\"https:\\\/\\\/ajanscyprus.com\\\/?s={search_term_string}\"},\"query-input\":{\"@type\":\"PropertyValueSpecification\",\"valueRequired\":true,\"valueName\":\"search_term_string\"}}],\"inLanguage\":\"tr\"},{\"@type\":\"Organization\",\"@id\":\"https:\\\/\\\/ajanscyprus.com\\\/#organization\",\"name\":\"Ajans Cyprus\",\"alternateName\":\"Ajans Mira Turan Cyprus Media And Production\",\"url\":\"https:\\\/\\\/ajanscyprus.com\\\/\",\"logo\":{\"@type\":\"ImageObject\",\"inLanguage\":\"tr\",\"@id\":\"https:\\\/\\\/ajanscyprus.com\\\/#\\\/schema\\\/logo\\\/image\\\/\",\"url\":\"https:\\\/\\\/ajanscyprus.com\\\/wp-content\\\/uploads\\\/2023\\\/02\\\/AjansCyprus-yuvarlak-logo-e1676491087198.png\",\"contentUrl\":\"https:\\\/\\\/ajanscyprus.com\\\/wp-content\\\/uploads\\\/2023\\\/02\\\/AjansCyprus-yuvarlak-logo-e1676491087198.png\",\"width\":200,\"height\":200,\"caption\":\"Ajans Cyprus\"},\"image\":{\"@id\":\"https:\\\/\\\/ajanscyprus.com\\\/#\\\/schema\\\/logo\\\/image\\\/\"},\"sameAs\":[\"https:\\\/\\\/www.facebook.com\\\/AjansCyprusAC\",\"https:\\\/\\\/x.com\\\/AjansCyprus\"]},{\"@type\":\"Person\",\"@id\":\"https:\\\/\\\/ajanscyprus.com\\\/#\\\/schema\\\/person\\\/bde04f428980a11e6513136d7f10a011\",\"name\":\"admin\",\"image\":{\"@type\":\"ImageObject\",\"inLanguage\":\"tr\",\"@id\":\"https:\\\/\\\/secure.gravatar.com\\\/avatar\\\/7b3584441088d5ca4cd7222e9873c969610760122e804fb99fa589e24cd99cb8?s=96&d=mm&r=g\",\"url\":\"https:\\\/\\\/secure.gravatar.com\\\/avatar\\\/7b3584441088d5ca4cd7222e9873c969610760122e804fb99fa589e24cd99cb8?s=96&d=mm&r=g\",\"contentUrl\":\"https:\\\/\\\/secure.gravatar.com\\\/avatar\\\/7b3584441088d5ca4cd7222e9873c969610760122e804fb99fa589e24cd99cb8?s=96&d=mm&r=g\",\"caption\":\"admin\"},\"sameAs\":[\"https:\\\/\\\/ajanscyprus.com\"],\"url\":\"https:\\\/\\\/ajanscyprus.com\\\/author\\\/admin_r45uydj1\\\/\"}]}<\/script>\n<!-- \/ Yoast SEO plugin. -->","yoast_head_json":{"title":"Ocak Ay\u0131ndaki Trafik Kazas\u0131nda Yaralanan Aziz Bak\u0131c\u0131 Hayata Tutunamad\u0131 - Ajans Cyprus","robots":{"index":"index","follow":"follow","max-snippet":"max-snippet:-1","max-image-preview":"max-image-preview:large","max-video-preview":"max-video-preview:-1"},"canonical":"https:\/\/ajanscyprus.com\/2026\/04\/09\/ocak-ayindaki-trafik-kazasinda-yaralanan-aziz-bakici-hayata-tutunamadi\/","og_locale":"tr_TR","og_type":"article","og_title":"Ocak Ay\u0131ndaki Trafik Kazas\u0131nda Yaralanan Aziz Bak\u0131c\u0131 Hayata Tutunamad\u0131 - Ajans Cyprus","og_description":"Gazima\u011fusa\u2019da 12 Ocak tarihinde meydana gelen trafik kazas\u0131nda a\u011f\u0131r yaralanan 22 ya\u015f\u0131ndaki Aziz Bak\u0131c\u0131, tedavi g\u00f6rd\u00fc\u011f\u00fc&#46;&#46;&#46;","og_url":"https:\/\/ajanscyprus.com\/2026\/04\/09\/ocak-ayindaki-trafik-kazasinda-yaralanan-aziz-bakici-hayata-tutunamadi\/","og_site_name":"Ajans Cyprus","article_publisher":"https:\/\/www.facebook.com\/AjansCyprusAC","article_published_time":"2026-04-09T18:34:52+00:00","og_image":[{"width":1280,"height":696,"url":"https:\/\/ajanscyprus.com\/wp-content\/uploads\/2025\/07\/1751456718537ANI-OLUM.jpg","type":"image\/jpeg"}],"author":"admin","twitter_card":"summary_large_image","twitter_creator":"@AjansCyprus","twitter_site":"@AjansCyprus","twitter_misc":{"Yazan:":"admin","Tahmini okuma s\u00fcresi":"1 dakika"},"schema":{"@context":"https:\/\/schema.org","@graph":[{"@type":"Article","@id":"https:\/\/ajanscyprus.com\/2026\/04\/09\/ocak-ayindaki-trafik-kazasinda-yaralanan-aziz-bakici-hayata-tutunamadi\/#article","isPartOf":{"@id":"https:\/\/ajanscyprus.com\/2026\/04\/09\/ocak-ayindaki-trafik-kazasinda-yaralanan-aziz-bakici-hayata-tutunamadi\/"},"author":{"name":"admin","@id":"https:\/\/ajanscyprus.com\/#\/schema\/person\/bde04f428980a11e6513136d7f10a011"},"headline":"Ocak Ay\u0131ndaki Trafik Kazas\u0131nda Yaralanan Aziz Bak\u0131c\u0131 Hayata Tutunamad\u0131","datePublished":"2026-04-09T18:34:52+00:00","mainEntityOfPage":{"@id":"https:\/\/ajanscyprus.com\/2026\/04\/09\/ocak-ayindaki-trafik-kazasinda-yaralanan-aziz-bakici-hayata-tutunamadi\/"},"wordCount":137,"publisher":{"@id":"https:\/\/ajanscyprus.com\/#organization"},"image":{"@id":"https:\/\/ajanscyprus.com\/2026\/04\/09\/ocak-ayindaki-trafik-kazasinda-yaralanan-aziz-bakici-hayata-tutunamadi\/#primaryimage"},"thumbnailUrl":"https:\/\/ajanscyprus.com\/wp-content\/uploads\/2025\/07\/1751456718537ANI-OLUM.jpg","articleSection":["K\u0131br\u0131s"],"inLanguage":"tr"},{"@type":"WebPage","@id":"https:\/\/ajanscyprus.com\/2026\/04\/09\/ocak-ayindaki-trafik-kazasinda-yaralanan-aziz-bakici-hayata-tutunamadi\/","url":"https:\/\/ajanscyprus.com\/2026\/04\/09\/ocak-ayindaki-trafik-kazasinda-yaralanan-aziz-bakici-hayata-tutunamadi\/","name":"Ocak Ay\u0131ndaki Trafik Kazas\u0131nda Yaralanan Aziz Bak\u0131c\u0131 Hayata Tutunamad\u0131 - Ajans Cyprus","isPartOf":{"@id":"https:\/\/ajanscyprus.com\/#website"},"primaryImageOfPage":{"@id":"https:\/\/ajanscyprus.com\/2026\/04\/09\/ocak-ayindaki-trafik-kazasinda-yaralanan-aziz-bakici-hayata-tutunamadi\/#primaryimage"},"image":{"@id":"https:\/\/ajanscyprus.com\/2026\/04\/09\/ocak-ayindaki-trafik-kazasinda-yaralanan-aziz-bakici-hayata-tutunamadi\/#primaryimage"},"thumbnailUrl":"https:\/\/ajanscyprus.com\/wp-content\/uploads\/2025\/07\/1751456718537ANI-OLUM.jpg","datePublished":"2026-04-09T18:34:52+00:00","breadcrumb":{"@id":"https:\/\/ajanscyprus.com\/2026\/04\/09\/ocak-ayindaki-trafik-kazasinda-yaralanan-aziz-bakici-hayata-tutunamadi\/#breadcrumb"},"inLanguage":"tr","potentialAction":[{"@type":"ReadAction","target":["https:\/\/ajanscyprus.com\/2026\/04\/09\/ocak-ayindaki-trafik-kazasinda-yaralanan-aziz-bakici-hayata-tutunamadi\/"]}]},{"@type":"ImageObject","inLanguage":"tr","@id":"https:\/\/ajanscyprus.com\/2026\/04\/09\/ocak-ayindaki-trafik-kazasinda-yaralanan-aziz-bakici-hayata-tutunamadi\/#primaryimage","url":"https:\/\/ajanscyprus.com\/wp-content\/uploads\/2025\/07\/1751456718537ANI-OLUM.jpg","contentUrl":"https:\/\/ajanscyprus.com\/wp-content\/uploads\/2025\/07\/1751456718537ANI-OLUM.jpg","width":1280,"height":696},{"@type":"BreadcrumbList","@id":"https:\/\/ajanscyprus.com\/2026\/04\/09\/ocak-ayindaki-trafik-kazasinda-yaralanan-aziz-bakici-hayata-tutunamadi\/#breadcrumb","itemListElement":[{"@type":"ListItem","position":1,"name":"Anasayfa","item":"https:\/\/ajanscyprus.com\/"},{"@type":"ListItem","position":2,"name":"Ocak Ay\u0131ndaki Trafik Kazas\u0131nda Yaralanan Aziz Bak\u0131c\u0131 Hayata Tutunamad\u0131"}]},{"@type":"WebSite","@id":"https:\/\/ajanscyprus.com\/#website","url":"https:\/\/ajanscyprus.com\/","name":"Ajans Cyprus","description":"","publisher":{"@id":"https:\/\/ajanscyprus.com\/#organization"},"potentialAction":[{"@type":"SearchAction","target":{"@type":"EntryPoint","urlTemplate":"https:\/\/ajanscyprus.com\/?s={search_term_string}"},"query-input":{"@type":"PropertyValueSpecification","valueRequired":true,"valueName":"search_term_string"}}],"inLanguage":"tr"},{"@type":"Organization","@id":"https:\/\/ajanscyprus.com\/#organization","name":"Ajans Cyprus","alternateName":"Ajans Mira Turan Cyprus Media And Production","url":"https:\/\/ajanscyprus.com\/","logo":{"@type":"ImageObject","inLanguage":"tr","@id":"https:\/\/ajanscyprus.com\/#\/schema\/logo\/image\/","url":"https:\/\/ajanscyprus.com\/wp-content\/uploads\/2023\/02\/AjansCyprus-yuvarlak-logo-e1676491087198.png","contentUrl":"https:\/\/ajanscyprus.com\/wp-content\/uploads\/2023\/02\/AjansCyprus-yuvarlak-logo-e1676491087198.png","width":200,"height":200,"caption":"Ajans Cyprus"},"image":{"@id":"https:\/\/ajanscyprus.com\/#\/schema\/logo\/image\/"},"sameAs":["https:\/\/www.facebook.com\/AjansCyprusAC","https:\/\/x.com\/AjansCyprus"]},{"@type":"Person","@id":"https:\/\/ajanscyprus.com\/#\/schema\/person\/bde04f428980a11e6513136d7f10a011","name":"admin","image":{"@type":"ImageObject","inLanguage":"tr","@id":"https:\/\/secure.gravatar.com\/avatar\/7b3584441088d5ca4cd7222e9873c969610760122e804fb99fa589e24cd99cb8?s=96&d=mm&r=g","url":"https:\/\/secure.gravatar.com\/avatar\/7b3584441088d5ca4cd7222e9873c969610760122e804fb99fa589e24cd99cb8?s=96&d=mm&r=g","contentUrl":"https:\/\/secure.gravatar.com\/avatar\/7b3584441088d5ca4cd7222e9873c969610760122e804fb99fa589e24cd99cb8?s=96&d=mm&r=g","caption":"admin"},"sameAs":["https:\/\/ajanscyprus.com"],"url":"https:\/\/ajanscyprus.com\/author\/admin_r45uydj1\/"}]}},"jetpack_publicize_connections":[],"_links":{"self":[{"href":"https:\/\/ajanscyprus.com\/wp-json\/wp\/v2\/posts\/197982","targetHints":{"allow":["GET"]}}],"collection":[{"href":"https:\/\/ajanscyprus.com\/wp-json\/wp\/v2\/posts"}],"about":[{"href":"https:\/\/ajanscyprus.com\/wp-json\/wp\/v2\/types\/post"}],"author":[{"embeddable":true,"href":"https:\/\/ajanscyprus.com\/wp-json\/wp\/v2\/users\/1"}],"replies":[{"embeddable":true,"href":"https:\/\/ajanscyprus.com\/wp-json\/wp\/v2\/comments?post=197982"}],"version-history":[{"count":1,"href":"https:\/\/ajanscyprus.com\/wp-json\/wp\/v2\/posts\/197982\/revisions"}],"predecessor-version":[{"id":197983,"href":"https:\/\/ajanscyprus.com\/wp-json\/wp\/v2\/posts\/197982\/revisions\/197983"}],"wp:featuredmedia":[{"embeddable":true,"href":"https:\/\/ajanscyprus.com\/wp-json\/wp\/v2\/media\/174369"}],"wp:attachment":[{"href":"https:\/\/ajanscyprus.com\/wp-json\/wp\/v2\/media?parent=197982"}],"wp:term":[{"taxonomy":"category","embeddable":true,"href":"https:\/\/ajanscyprus.com\/wp-json\/wp\/v2\/categories?post=197982"},{"taxonomy":"post_tag","embeddable":true,"href":"https:\/\/ajanscyprus.com\/wp-json\/wp\/v2\/tags?post=197982"},{"taxonomy":"manset","embeddable":true,"href":"https:\/\/ajanscyprus.com\/wp-json\/wp\/v2\/manset?post=197982"}],"curies":[{"name":"wp","href":"https:\/\/api.w.org\/{rel}","templated":true}]}}