{"id":197984,"date":"2026-04-09T21:44:50","date_gmt":"2026-04-09T18:44:50","guid":{"rendered":"https:\/\/ajanscyprus.com\/?p=197984"},"modified":"2026-04-09T21:44:50","modified_gmt":"2026-04-09T18:44:50","slug":"ozturkler-bakude-uc-devlet-bir-millet-anlayisi-gucleniyor","status":"publish","type":"post","link":"https:\/\/ajanscyprus.com\/2026\/04\/09\/ozturkler-bakude-uc-devlet-bir-millet-anlayisi-gucleniyor\/","title":{"rendered":"\u00d6zt\u00fcrkler Bak\u00fc\u2019de: \u201c\u00dc\u00e7 Devlet Bir Millet Anlay\u0131\u015f\u0131 G\u00fc\u00e7leniyor\u201d"},"content":{"rendered":"<p data-start=\"62\" data-end=\"297\"><em><strong>Cumhuriyet Meclisi Ba\u015fkan\u0131 <span class=\"hover:entity-accent entity-underline inline cursor-pointer align-baseline\"><span class=\"whitespace-normal\">Ziya \u00d6zt\u00fcrkler<\/span><\/span>, T\u00fcrk d\u00fcnyas\u0131n\u0131n ortak tarih, k\u00fclt\u00fcr ve gelenekler temelinde g\u00fc\u00e7l\u00fc bir ba\u011fa sahip oldu\u011funu vurgulayarak, \u201c\u00fc\u00e7 devlet, bir millet\u201d anlay\u0131\u015f\u0131n\u0131n giderek g\u00fc\u00e7lendi\u011fini s\u00f6yledi.<\/strong><\/em><\/p>\n<p data-start=\"299\" data-end=\"550\">Cumhuriyet Meclisi\u2019nden yap\u0131lan a\u00e7\u0131klamaya g\u00f6re, Azerbaycan Milli Meclisi\u2019nde d\u00fczenlenen toplant\u0131ya; <span class=\"hover:entity-accent entity-underline inline cursor-pointer align-baseline\"><span class=\"whitespace-normal\">Resmiye Ero\u011flu Canaltay<\/span><\/span>, <span class=\"hover:entity-accent entity-underline inline cursor-pointer align-baseline\"><span class=\"whitespace-normal\">F\u0131rt\u0131na Karanfil<\/span><\/span> ve KKTC Bak\u00fc Temsilcisi <span class=\"hover:entity-accent entity-underline inline cursor-pointer align-baseline\"><span class=\"whitespace-normal\">Ufuk Turganer<\/span><\/span> de kat\u0131ld\u0131.<\/p>\n<p data-start=\"552\" data-end=\"959\">Toplant\u0131da ayr\u0131ca, T\u00fcrkiye B\u00fcy\u00fck Millet Meclisi T\u00fcrkiye-Azerbaycan Dostluk Grubu Ba\u015fkan\u0131 <span class=\"hover:entity-accent entity-underline inline cursor-pointer align-baseline\"><span class=\"whitespace-normal\">\u015eamil Ayr\u0131m<\/span><\/span>, T\u00fcrkiye-KKTC Dostluk Grubu Ba\u015fkan\u0131 <span class=\"hover:entity-accent entity-underline inline cursor-pointer align-baseline\"><span class=\"whitespace-normal\">Orhan Erdem<\/span><\/span> ile Azerbaycan-KKTC Parlamentolar Aras\u0131 \u0130li\u015fkiler Dostluk Grubu Ba\u015fkan\u0131 <span class=\"hover:entity-accent entity-underline inline cursor-pointer align-baseline\"><span class=\"whitespace-normal\">Cevan\u015fir Feyziyev<\/span><\/span> ve Azerbaycan-T\u00fcrkiye Dostluk Grubu Ba\u015fkan\u0131 <span class=\"hover:entity-accent entity-underline inline cursor-pointer align-baseline\"><span class=\"whitespace-normal\">Ehliman Emirselanov<\/span><\/span> haz\u0131r bulundu.<\/p>\n<h3 data-start=\"961\" data-end=\"1013\">\u201cKKTC, Do\u011fu Akdeniz\u2019de Bar\u0131\u015f Ve Denge Unsurudur\u201d<\/h3>\n<p data-start=\"1015\" data-end=\"1249\">Konu\u015fmas\u0131nda Do\u011fu Akdeniz\u2019in stratejik \u00f6nemine dikkat \u00e7eken \u00d6zt\u00fcrkler, KKTC\u2019nin bu denklemde kritik rol oynad\u0131\u011f\u0131n\u0131 belirterek, \u201cKKTC, T\u00fcrk d\u00fcnyas\u0131 i\u00e7in Do\u011fu Akdeniz\u2019e a\u00e7\u0131lan bir kap\u0131 ve ayn\u0131 zamanda bir bar\u0131\u015f ve denge unsurudur\u201d dedi.<\/p><div class=\"kanews-banner kanews-banner-single\"><img loading=\"lazy\" decoding=\"async\" src=\"https:\/\/ajanscyprus.com\/wp-content\/uploads\/2026\/04\/meRIT-bANNER.jpeg\" alt=\"\" width=\"970\" height=\"90\" class=\"alignnone size-full wp-image-62349\" \/><\/div>\n<p data-start=\"1251\" data-end=\"1401\">\u00d6zt\u00fcrkler, T\u00fcrk d\u00fcnyas\u0131 aras\u0131ndaki dayan\u0131\u015fman\u0131n g\u00fc\u00e7lendirilmesi ve KKTC\u2019nin uluslararas\u0131 alanda daha etkin bir konuma ula\u015fmas\u0131n\u0131n \u00f6nemine vurgu yapt\u0131.<\/p>\n<h3 data-start=\"1403\" data-end=\"1444\">Uluslararas\u0131 Temsil Ve \u00dcyelik \u00c7a\u011fr\u0131s\u0131<\/h3>\n<p data-start=\"1446\" data-end=\"1697\">KKTC\u2019nin uluslararas\u0131 platformlarda daha g\u00fc\u00e7l\u00fc temsil edilmesi gerekti\u011fini ifade eden \u00d6zt\u00fcrkler, T\u00fcrk Devletleri Te\u015fkilat\u0131 ve T\u00dcRKPA\u2019da tam \u00fcyelik hedefinin alt\u0131n\u0131 \u00e7izdi. Bu do\u011frultuda T\u00fcrk devletlerinden daha g\u00fc\u00e7l\u00fc destek beklediklerini dile getirdi.<\/p>\n<p data-start=\"1699\" data-end=\"1877\">T\u00fcrkiye Cumhurba\u015fkan\u0131 <span class=\"hover:entity-accent entity-underline inline cursor-pointer align-baseline\"><span class=\"whitespace-normal\">Recep Tayyip Erdo\u011fan<\/span><\/span> taraf\u0131ndan ortaya konan \u201cT\u00fcrk Devletleri Vizyonu\u201dnun bu s\u00fcre\u00e7te \u00f6nemli bir yol haritas\u0131 sundu\u011funu da s\u00f6zlerine ekledi.<\/p>\n<h3 data-start=\"1879\" data-end=\"1900\">Aliyev\u2019e Te\u015fekk\u00fcr<\/h3>\n<p data-start=\"1902\" data-end=\"2143\">Azerbaycan\u2019\u0131n geli\u015fimini yak\u0131ndan takip ettiklerini belirten \u00d6zt\u00fcrkler, <span class=\"hover:entity-accent entity-underline inline cursor-pointer align-baseline\"><span class=\"whitespace-normal\">\u0130lham Aliyev<\/span><\/span> liderli\u011finde kaydedilen ilerlemenin memnuniyet verici oldu\u011funu ifade etti. KKTC\u2019ye verilen destekten dolay\u0131 Aliyev\u2019e te\u015fekk\u00fcr etti.<\/p>\n<h3 data-start=\"2145\" data-end=\"2170\">\u201cT\u00dcRKPA Plus\u201d Vurgusu<\/h3>\n<p data-start=\"2172\" data-end=\"2393\">\u00d6zt\u00fcrkler, T\u00dcRKPA b\u00fcnyesinde \u00f6nerilen \u201cT\u00dcRKPA Plus\u201d giri\u015fiminin parlamenter diplomasi a\u00e7\u0131s\u0131ndan \u00f6nemli bir ad\u0131m oldu\u011funu belirterek, bu t\u00fcr giri\u015fimlerin T\u00fcrk d\u00fcnyas\u0131n\u0131n uluslararas\u0131 alandaki etkisini art\u0131raca\u011f\u0131n\u0131 s\u00f6yledi.<\/p>\n<h3 data-start=\"2395\" data-end=\"2445\">Canaltay: \u201cKKTC T\u00fcrk D\u00fcnyas\u0131n\u0131n A\u00e7\u0131lan Kap\u0131s\u0131\u201d<\/h3>\n<p data-start=\"2447\" data-end=\"2733\">Cumhuriyet Meclisi KKTC-T\u00fcrkiye Parlamentolar Aras\u0131 Dostluk Grubu Ba\u015fkan\u0131 <span class=\"hover:entity-accent entity-underline inline cursor-pointer align-baseline\"><span class=\"whitespace-normal\">Resmiye Ero\u011flu Canaltay<\/span><\/span> ise konu\u015fmas\u0131nda, KKTC\u2019nin yaln\u0131zca destek bekleyen bir yap\u0131 olmad\u0131\u011f\u0131n\u0131 vurgulayarak, \u201cKuzey K\u0131br\u0131s T\u00fcrk Cumhuriyeti, T\u00fcrk d\u00fcnyas\u0131n\u0131n Do\u011fu Akdeniz\u2019e a\u00e7\u0131lan kap\u0131s\u0131d\u0131r\u201d dedi.<\/p>\n<p data-start=\"2735\" data-end=\"2886\">Canaltay, b\u00f6lgedeki jeopolitik geli\u015fmelere dikkat \u00e7ekerek, gen\u00e7lik de\u011fi\u015fim programlar\u0131 ve ekonomik i\u015f birliklerinin art\u0131r\u0131lmas\u0131 gerekti\u011fini ifade etti.<\/p>\n<h3 data-start=\"2888\" data-end=\"2931\">Karanfil: \u201cBirlik Ve Dayan\u0131\u015fma S\u00fcrmeli\u201d<\/h3>\n<p data-start=\"2933\" data-end=\"3196\">Dostluk Grubu \u00dcyesi <span class=\"hover:entity-accent entity-underline inline cursor-pointer align-baseline\"><span class=\"whitespace-normal\">F\u0131rt\u0131na Karanfil<\/span><\/span> de yapt\u0131\u011f\u0131 konu\u015fmada, 1974 Bar\u0131\u015f Harek\u00e2t\u0131 sonras\u0131 K\u0131br\u0131s T\u00fcrk halk\u0131n\u0131n yeniden do\u011fdu\u011funu belirterek, T\u00fcrkiye, Azerbaycan ve KKTC aras\u0131ndaki birlikteli\u011fin g\u00fc\u00e7lenerek devam etmesi gerekti\u011fini dile getirdi.<\/p>\n","protected":false},"excerpt":{"rendered":"<p>Cumhuriyet Meclisi Ba\u015fkan\u0131 Ziya \u00d6zt\u00fcrkler, T\u00fcrk d\u00fcnyas\u0131n\u0131n ortak tarih, k\u00fclt\u00fcr ve gelenekler temelinde g\u00fc\u00e7l\u00fc bir ba\u011fa&#46;&#46;&#46;<\/p>\n","protected":false},"author":1,"featured_media":197985,"comment_status":"closed","ping_status":"closed","sticky":false,"template":"","format":"standard","meta":{"footnotes":"","jetpack_publicize_message":"","jetpack_publicize_feature_enabled":true,"jetpack_social_post_already_shared":true,"jetpack_social_options":{"image_generator_settings":{"template":"highway","default_image_id":0,"font":"","enabled":false},"version":2}},"categories":[44,48],"tags":[2575,9006,11083,61896,15502,54581,18479,18562,18727,20673],"manset":[],"class_list":["post-197984","post","type-post","status-publish","format-standard","has-post-thumbnail","hentry","category-dunya","category-kibris","tag-azerbaycan","tag-ilham-aliyev","tag-kktc","tag-parlamenter-diplomasi","tag-recep-tayyip-erdogan","tag-resmiye-eroglu-canaltay","tag-turk-dunyasi","tag-turkiye","tag-turkpa","tag-ziya-ozturkler"],"yoast_head":"<!-- This site is optimized with the Yoast SEO plugin v27.5 - https:\/\/yoast.com\/product\/yoast-seo-wordpress\/ -->\n<title>\u00d6zt\u00fcrkler Bak\u00fc\u2019de: \u201c\u00dc\u00e7 Devlet Bir Millet Anlay\u0131\u015f\u0131 G\u00fc\u00e7leniyor\u201d - Ajans Cyprus<\/title>\n<meta name=\"description\" content=\"Meclis Ba\u015fkan\u0131 Ziya \u00d6zt\u00fcrkler, T\u00fcrk d\u00fcnyas\u0131nda \u201c\u00fc\u00e7 devlet bir millet\u201d anlay\u0131\u015f\u0131n\u0131n g\u00fc\u00e7lendi\u011fini vurgulad\u0131. KKTC\u2019nin uluslararas\u0131 stat\u00fcs\u00fc i\u00e7in destek \u00e7a\u011fr\u0131s\u0131 yapt\u0131.\" \/>\n<meta name=\"robots\" content=\"index, follow, max-snippet:-1, max-image-preview:large, max-video-preview:-1\" \/>\n<link rel=\"canonical\" href=\"https:\/\/ajanscyprus.com\/2026\/04\/09\/ozturkler-bakude-uc-devlet-bir-millet-anlayisi-gucleniyor\/\" \/>\n<meta property=\"og:locale\" content=\"tr_TR\" \/>\n<meta property=\"og:type\" content=\"article\" \/>\n<meta property=\"og:title\" content=\"\u00d6zt\u00fcrkler Bak\u00fc\u2019de: \u201c\u00dc\u00e7 Devlet Bir Millet Anlay\u0131\u015f\u0131 G\u00fc\u00e7leniyor\u201d - Ajans Cyprus\" \/>\n<meta property=\"og:description\" content=\"Meclis Ba\u015fkan\u0131 Ziya \u00d6zt\u00fcrkler, T\u00fcrk d\u00fcnyas\u0131nda \u201c\u00fc\u00e7 devlet bir millet\u201d anlay\u0131\u015f\u0131n\u0131n g\u00fc\u00e7lendi\u011fini vurgulad\u0131. KKTC\u2019nin uluslararas\u0131 stat\u00fcs\u00fc i\u00e7in destek \u00e7a\u011fr\u0131s\u0131 yapt\u0131.\" \/>\n<meta property=\"og:url\" content=\"https:\/\/ajanscyprus.com\/2026\/04\/09\/ozturkler-bakude-uc-devlet-bir-millet-anlayisi-gucleniyor\/\" \/>\n<meta property=\"og:site_name\" content=\"Ajans Cyprus\" \/>\n<meta property=\"article:publisher\" content=\"https:\/\/www.facebook.com\/AjansCyprusAC\" \/>\n<meta property=\"article:published_time\" content=\"2026-04-09T18:44:50+00:00\" \/>\n<meta property=\"og:image\" content=\"https:\/\/ajanscyprus.com\/wp-content\/uploads\/2026\/04\/1775741130814DOSTLUK-GRUBU7.jpg\" \/>\n\t<meta property=\"og:image:width\" content=\"1280\" \/>\n\t<meta property=\"og:image:height\" content=\"853\" \/>\n\t<meta property=\"og:image:type\" content=\"image\/jpeg\" \/>\n<meta name=\"author\" content=\"admin\" \/>\n<meta name=\"twitter:card\" content=\"summary_large_image\" \/>\n<meta name=\"twitter:creator\" content=\"@AjansCyprus\" \/>\n<meta name=\"twitter:site\" content=\"@AjansCyprus\" \/>\n<meta name=\"twitter:label1\" content=\"Yazan:\" \/>\n\t<meta name=\"twitter:data1\" content=\"admin\" \/>\n\t<meta name=\"twitter:label2\" content=\"Tahmini okuma s\u00fcresi\" \/>\n\t<meta name=\"twitter:data2\" content=\"3 dakika\" \/>\n<script type=\"application\/ld+json\" class=\"yoast-schema-graph\">{\"@context\":\"https:\\\/\\\/schema.org\",\"@graph\":[{\"@type\":\"Article\",\"@id\":\"https:\\\/\\\/ajanscyprus.com\\\/2026\\\/04\\\/09\\\/ozturkler-bakude-uc-devlet-bir-millet-anlayisi-gucleniyor\\\/#article\",\"isPartOf\":{\"@id\":\"https:\\\/\\\/ajanscyprus.com\\\/2026\\\/04\\\/09\\\/ozturkler-bakude-uc-devlet-bir-millet-anlayisi-gucleniyor\\\/\"},\"author\":{\"name\":\"admin\",\"@id\":\"https:\\\/\\\/ajanscyprus.com\\\/#\\\/schema\\\/person\\\/bde04f428980a11e6513136d7f10a011\"},\"headline\":\"\u00d6zt\u00fcrkler Bak\u00fc\u2019de: \u201c\u00dc\u00e7 Devlet Bir Millet Anlay\u0131\u015f\u0131 G\u00fc\u00e7leniyor\u201d\",\"datePublished\":\"2026-04-09T18:44:50+00:00\",\"mainEntityOfPage\":{\"@id\":\"https:\\\/\\\/ajanscyprus.com\\\/2026\\\/04\\\/09\\\/ozturkler-bakude-uc-devlet-bir-millet-anlayisi-gucleniyor\\\/\"},\"wordCount\":532,\"publisher\":{\"@id\":\"https:\\\/\\\/ajanscyprus.com\\\/#organization\"},\"image\":{\"@id\":\"https:\\\/\\\/ajanscyprus.com\\\/2026\\\/04\\\/09\\\/ozturkler-bakude-uc-devlet-bir-millet-anlayisi-gucleniyor\\\/#primaryimage\"},\"thumbnailUrl\":\"https:\\\/\\\/ajanscyprus.com\\\/wp-content\\\/uploads\\\/2026\\\/04\\\/1775741130814DOSTLUK-GRUBU7.jpg\",\"keywords\":[\"azerbaycan\",\"ilham aliyev\",\"kktc\",\"parlamenter diplomasi\",\"recep tayyip erdo\u011fan\",\"Resmiye Ero\u011flu Canaltay\",\"T\u00fcrk d\u00fcnyas\u0131\",\"t\u00fcrkiye\",\"T\u00dcRKPA\",\"Ziya \u00d6zt\u00fcrkler\"],\"articleSection\":[\"D\u00fcnya\",\"K\u0131br\u0131s\"],\"inLanguage\":\"tr\"},{\"@type\":\"WebPage\",\"@id\":\"https:\\\/\\\/ajanscyprus.com\\\/2026\\\/04\\\/09\\\/ozturkler-bakude-uc-devlet-bir-millet-anlayisi-gucleniyor\\\/\",\"url\":\"https:\\\/\\\/ajanscyprus.com\\\/2026\\\/04\\\/09\\\/ozturkler-bakude-uc-devlet-bir-millet-anlayisi-gucleniyor\\\/\",\"name\":\"\u00d6zt\u00fcrkler Bak\u00fc\u2019de: \u201c\u00dc\u00e7 Devlet Bir Millet Anlay\u0131\u015f\u0131 G\u00fc\u00e7leniyor\u201d - Ajans Cyprus\",\"isPartOf\":{\"@id\":\"https:\\\/\\\/ajanscyprus.com\\\/#website\"},\"primaryImageOfPage\":{\"@id\":\"https:\\\/\\\/ajanscyprus.com\\\/2026\\\/04\\\/09\\\/ozturkler-bakude-uc-devlet-bir-millet-anlayisi-gucleniyor\\\/#primaryimage\"},\"image\":{\"@id\":\"https:\\\/\\\/ajanscyprus.com\\\/2026\\\/04\\\/09\\\/ozturkler-bakude-uc-devlet-bir-millet-anlayisi-gucleniyor\\\/#primaryimage\"},\"thumbnailUrl\":\"https:\\\/\\\/ajanscyprus.com\\\/wp-content\\\/uploads\\\/2026\\\/04\\\/1775741130814DOSTLUK-GRUBU7.jpg\",\"datePublished\":\"2026-04-09T18:44:50+00:00\",\"description\":\"Meclis Ba\u015fkan\u0131 Ziya \u00d6zt\u00fcrkler, T\u00fcrk d\u00fcnyas\u0131nda \u201c\u00fc\u00e7 devlet bir millet\u201d anlay\u0131\u015f\u0131n\u0131n g\u00fc\u00e7lendi\u011fini vurgulad\u0131. KKTC\u2019nin uluslararas\u0131 stat\u00fcs\u00fc i\u00e7in destek \u00e7a\u011fr\u0131s\u0131 yapt\u0131.\",\"breadcrumb\":{\"@id\":\"https:\\\/\\\/ajanscyprus.com\\\/2026\\\/04\\\/09\\\/ozturkler-bakude-uc-devlet-bir-millet-anlayisi-gucleniyor\\\/#breadcrumb\"},\"inLanguage\":\"tr\",\"potentialAction\":[{\"@type\":\"ReadAction\",\"target\":[\"https:\\\/\\\/ajanscyprus.com\\\/2026\\\/04\\\/09\\\/ozturkler-bakude-uc-devlet-bir-millet-anlayisi-gucleniyor\\\/\"]}]},{\"@type\":\"ImageObject\",\"inLanguage\":\"tr\",\"@id\":\"https:\\\/\\\/ajanscyprus.com\\\/2026\\\/04\\\/09\\\/ozturkler-bakude-uc-devlet-bir-millet-anlayisi-gucleniyor\\\/#primaryimage\",\"url\":\"https:\\\/\\\/ajanscyprus.com\\\/wp-content\\\/uploads\\\/2026\\\/04\\\/1775741130814DOSTLUK-GRUBU7.jpg\",\"contentUrl\":\"https:\\\/\\\/ajanscyprus.com\\\/wp-content\\\/uploads\\\/2026\\\/04\\\/1775741130814DOSTLUK-GRUBU7.jpg\",\"width\":1280,\"height\":853},{\"@type\":\"BreadcrumbList\",\"@id\":\"https:\\\/\\\/ajanscyprus.com\\\/2026\\\/04\\\/09\\\/ozturkler-bakude-uc-devlet-bir-millet-anlayisi-gucleniyor\\\/#breadcrumb\",\"itemListElement\":[{\"@type\":\"ListItem\",\"position\":1,\"name\":\"Anasayfa\",\"item\":\"https:\\\/\\\/ajanscyprus.com\\\/\"},{\"@type\":\"ListItem\",\"position\":2,\"name\":\"\u00d6zt\u00fcrkler Bak\u00fc\u2019de: \u201c\u00dc\u00e7 Devlet Bir Millet Anlay\u0131\u015f\u0131 G\u00fc\u00e7leniyor\u201d\"}]},{\"@type\":\"WebSite\",\"@id\":\"https:\\\/\\\/ajanscyprus.com\\\/#website\",\"url\":\"https:\\\/\\\/ajanscyprus.com\\\/\",\"name\":\"Ajans Cyprus\",\"description\":\"\",\"publisher\":{\"@id\":\"https:\\\/\\\/ajanscyprus.com\\\/#organization\"},\"potentialAction\":[{\"@type\":\"SearchAction\",\"target\":{\"@type\":\"EntryPoint\",\"urlTemplate\":\"https:\\\/\\\/ajanscyprus.com\\\/?s={search_term_string}\"},\"query-input\":{\"@type\":\"PropertyValueSpecification\",\"valueRequired\":true,\"valueName\":\"search_term_string\"}}],\"inLanguage\":\"tr\"},{\"@type\":\"Organization\",\"@id\":\"https:\\\/\\\/ajanscyprus.com\\\/#organization\",\"name\":\"Ajans Cyprus\",\"alternateName\":\"Ajans Mira Turan Cyprus Media And Production\",\"url\":\"https:\\\/\\\/ajanscyprus.com\\\/\",\"logo\":{\"@type\":\"ImageObject\",\"inLanguage\":\"tr\",\"@id\":\"https:\\\/\\\/ajanscyprus.com\\\/#\\\/schema\\\/logo\\\/image\\\/\",\"url\":\"https:\\\/\\\/ajanscyprus.com\\\/wp-content\\\/uploads\\\/2023\\\/02\\\/AjansCyprus-yuvarlak-logo-e1676491087198.png\",\"contentUrl\":\"https:\\\/\\\/ajanscyprus.com\\\/wp-content\\\/uploads\\\/2023\\\/02\\\/AjansCyprus-yuvarlak-logo-e1676491087198.png\",\"width\":200,\"height\":200,\"caption\":\"Ajans Cyprus\"},\"image\":{\"@id\":\"https:\\\/\\\/ajanscyprus.com\\\/#\\\/schema\\\/logo\\\/image\\\/\"},\"sameAs\":[\"https:\\\/\\\/www.facebook.com\\\/AjansCyprusAC\",\"https:\\\/\\\/x.com\\\/AjansCyprus\"]},{\"@type\":\"Person\",\"@id\":\"https:\\\/\\\/ajanscyprus.com\\\/#\\\/schema\\\/person\\\/bde04f428980a11e6513136d7f10a011\",\"name\":\"admin\",\"image\":{\"@type\":\"ImageObject\",\"inLanguage\":\"tr\",\"@id\":\"https:\\\/\\\/secure.gravatar.com\\\/avatar\\\/7b3584441088d5ca4cd7222e9873c969610760122e804fb99fa589e24cd99cb8?s=96&d=mm&r=g\",\"url\":\"https:\\\/\\\/secure.gravatar.com\\\/avatar\\\/7b3584441088d5ca4cd7222e9873c969610760122e804fb99fa589e24cd99cb8?s=96&d=mm&r=g\",\"contentUrl\":\"https:\\\/\\\/secure.gravatar.com\\\/avatar\\\/7b3584441088d5ca4cd7222e9873c969610760122e804fb99fa589e24cd99cb8?s=96&d=mm&r=g\",\"caption\":\"admin\"},\"sameAs\":[\"https:\\\/\\\/ajanscyprus.com\"],\"url\":\"https:\\\/\\\/ajanscyprus.com\\\/author\\\/admin_r45uydj1\\\/\"}]}<\/script>\n<!-- \/ Yoast SEO plugin. -->","yoast_head_json":{"title":"\u00d6zt\u00fcrkler Bak\u00fc\u2019de: \u201c\u00dc\u00e7 Devlet Bir Millet Anlay\u0131\u015f\u0131 G\u00fc\u00e7leniyor\u201d - Ajans Cyprus","description":"Meclis Ba\u015fkan\u0131 Ziya \u00d6zt\u00fcrkler, T\u00fcrk d\u00fcnyas\u0131nda \u201c\u00fc\u00e7 devlet bir millet\u201d anlay\u0131\u015f\u0131n\u0131n g\u00fc\u00e7lendi\u011fini vurgulad\u0131. KKTC\u2019nin uluslararas\u0131 stat\u00fcs\u00fc i\u00e7in destek \u00e7a\u011fr\u0131s\u0131 yapt\u0131.","robots":{"index":"index","follow":"follow","max-snippet":"max-snippet:-1","max-image-preview":"max-image-preview:large","max-video-preview":"max-video-preview:-1"},"canonical":"https:\/\/ajanscyprus.com\/2026\/04\/09\/ozturkler-bakude-uc-devlet-bir-millet-anlayisi-gucleniyor\/","og_locale":"tr_TR","og_type":"article","og_title":"\u00d6zt\u00fcrkler Bak\u00fc\u2019de: \u201c\u00dc\u00e7 Devlet Bir Millet Anlay\u0131\u015f\u0131 G\u00fc\u00e7leniyor\u201d - Ajans Cyprus","og_description":"Meclis Ba\u015fkan\u0131 Ziya \u00d6zt\u00fcrkler, T\u00fcrk d\u00fcnyas\u0131nda \u201c\u00fc\u00e7 devlet bir millet\u201d anlay\u0131\u015f\u0131n\u0131n g\u00fc\u00e7lendi\u011fini vurgulad\u0131. KKTC\u2019nin uluslararas\u0131 stat\u00fcs\u00fc i\u00e7in destek \u00e7a\u011fr\u0131s\u0131 yapt\u0131.","og_url":"https:\/\/ajanscyprus.com\/2026\/04\/09\/ozturkler-bakude-uc-devlet-bir-millet-anlayisi-gucleniyor\/","og_site_name":"Ajans Cyprus","article_publisher":"https:\/\/www.facebook.com\/AjansCyprusAC","article_published_time":"2026-04-09T18:44:50+00:00","og_image":[{"width":1280,"height":853,"url":"https:\/\/ajanscyprus.com\/wp-content\/uploads\/2026\/04\/1775741130814DOSTLUK-GRUBU7.jpg","type":"image\/jpeg"}],"author":"admin","twitter_card":"summary_large_image","twitter_creator":"@AjansCyprus","twitter_site":"@AjansCyprus","twitter_misc":{"Yazan:":"admin","Tahmini okuma s\u00fcresi":"3 dakika"},"schema":{"@context":"https:\/\/schema.org","@graph":[{"@type":"Article","@id":"https:\/\/ajanscyprus.com\/2026\/04\/09\/ozturkler-bakude-uc-devlet-bir-millet-anlayisi-gucleniyor\/#article","isPartOf":{"@id":"https:\/\/ajanscyprus.com\/2026\/04\/09\/ozturkler-bakude-uc-devlet-bir-millet-anlayisi-gucleniyor\/"},"author":{"name":"admin","@id":"https:\/\/ajanscyprus.com\/#\/schema\/person\/bde04f428980a11e6513136d7f10a011"},"headline":"\u00d6zt\u00fcrkler Bak\u00fc\u2019de: \u201c\u00dc\u00e7 Devlet Bir Millet Anlay\u0131\u015f\u0131 G\u00fc\u00e7leniyor\u201d","datePublished":"2026-04-09T18:44:50+00:00","mainEntityOfPage":{"@id":"https:\/\/ajanscyprus.com\/2026\/04\/09\/ozturkler-bakude-uc-devlet-bir-millet-anlayisi-gucleniyor\/"},"wordCount":532,"publisher":{"@id":"https:\/\/ajanscyprus.com\/#organization"},"image":{"@id":"https:\/\/ajanscyprus.com\/2026\/04\/09\/ozturkler-bakude-uc-devlet-bir-millet-anlayisi-gucleniyor\/#primaryimage"},"thumbnailUrl":"https:\/\/ajanscyprus.com\/wp-content\/uploads\/2026\/04\/1775741130814DOSTLUK-GRUBU7.jpg","keywords":["azerbaycan","ilham aliyev","kktc","parlamenter diplomasi","recep tayyip erdo\u011fan","Resmiye Ero\u011flu Canaltay","T\u00fcrk d\u00fcnyas\u0131","t\u00fcrkiye","T\u00dcRKPA","Ziya \u00d6zt\u00fcrkler"],"articleSection":["D\u00fcnya","K\u0131br\u0131s"],"inLanguage":"tr"},{"@type":"WebPage","@id":"https:\/\/ajanscyprus.com\/2026\/04\/09\/ozturkler-bakude-uc-devlet-bir-millet-anlayisi-gucleniyor\/","url":"https:\/\/ajanscyprus.com\/2026\/04\/09\/ozturkler-bakude-uc-devlet-bir-millet-anlayisi-gucleniyor\/","name":"\u00d6zt\u00fcrkler Bak\u00fc\u2019de: \u201c\u00dc\u00e7 Devlet Bir Millet Anlay\u0131\u015f\u0131 G\u00fc\u00e7leniyor\u201d - Ajans Cyprus","isPartOf":{"@id":"https:\/\/ajanscyprus.com\/#website"},"primaryImageOfPage":{"@id":"https:\/\/ajanscyprus.com\/2026\/04\/09\/ozturkler-bakude-uc-devlet-bir-millet-anlayisi-gucleniyor\/#primaryimage"},"image":{"@id":"https:\/\/ajanscyprus.com\/2026\/04\/09\/ozturkler-bakude-uc-devlet-bir-millet-anlayisi-gucleniyor\/#primaryimage"},"thumbnailUrl":"https:\/\/ajanscyprus.com\/wp-content\/uploads\/2026\/04\/1775741130814DOSTLUK-GRUBU7.jpg","datePublished":"2026-04-09T18:44:50+00:00","description":"Meclis Ba\u015fkan\u0131 Ziya \u00d6zt\u00fcrkler, T\u00fcrk d\u00fcnyas\u0131nda \u201c\u00fc\u00e7 devlet bir millet\u201d anlay\u0131\u015f\u0131n\u0131n g\u00fc\u00e7lendi\u011fini vurgulad\u0131. KKTC\u2019nin uluslararas\u0131 stat\u00fcs\u00fc i\u00e7in destek \u00e7a\u011fr\u0131s\u0131 yapt\u0131.","breadcrumb":{"@id":"https:\/\/ajanscyprus.com\/2026\/04\/09\/ozturkler-bakude-uc-devlet-bir-millet-anlayisi-gucleniyor\/#breadcrumb"},"inLanguage":"tr","potentialAction":[{"@type":"ReadAction","target":["https:\/\/ajanscyprus.com\/2026\/04\/09\/ozturkler-bakude-uc-devlet-bir-millet-anlayisi-gucleniyor\/"]}]},{"@type":"ImageObject","inLanguage":"tr","@id":"https:\/\/ajanscyprus.com\/2026\/04\/09\/ozturkler-bakude-uc-devlet-bir-millet-anlayisi-gucleniyor\/#primaryimage","url":"https:\/\/ajanscyprus.com\/wp-content\/uploads\/2026\/04\/1775741130814DOSTLUK-GRUBU7.jpg","contentUrl":"https:\/\/ajanscyprus.com\/wp-content\/uploads\/2026\/04\/1775741130814DOSTLUK-GRUBU7.jpg","width":1280,"height":853},{"@type":"BreadcrumbList","@id":"https:\/\/ajanscyprus.com\/2026\/04\/09\/ozturkler-bakude-uc-devlet-bir-millet-anlayisi-gucleniyor\/#breadcrumb","itemListElement":[{"@type":"ListItem","position":1,"name":"Anasayfa","item":"https:\/\/ajanscyprus.com\/"},{"@type":"ListItem","position":2,"name":"\u00d6zt\u00fcrkler Bak\u00fc\u2019de: \u201c\u00dc\u00e7 Devlet Bir Millet Anlay\u0131\u015f\u0131 G\u00fc\u00e7leniyor\u201d"}]},{"@type":"WebSite","@id":"https:\/\/ajanscyprus.com\/#website","url":"https:\/\/ajanscyprus.com\/","name":"Ajans Cyprus","description":"","publisher":{"@id":"https:\/\/ajanscyprus.com\/#organization"},"potentialAction":[{"@type":"SearchAction","target":{"@type":"EntryPoint","urlTemplate":"https:\/\/ajanscyprus.com\/?s={search_term_string}"},"query-input":{"@type":"PropertyValueSpecification","valueRequired":true,"valueName":"search_term_string"}}],"inLanguage":"tr"},{"@type":"Organization","@id":"https:\/\/ajanscyprus.com\/#organization","name":"Ajans Cyprus","alternateName":"Ajans Mira Turan Cyprus Media And Production","url":"https:\/\/ajanscyprus.com\/","logo":{"@type":"ImageObject","inLanguage":"tr","@id":"https:\/\/ajanscyprus.com\/#\/schema\/logo\/image\/","url":"https:\/\/ajanscyprus.com\/wp-content\/uploads\/2023\/02\/AjansCyprus-yuvarlak-logo-e1676491087198.png","contentUrl":"https:\/\/ajanscyprus.com\/wp-content\/uploads\/2023\/02\/AjansCyprus-yuvarlak-logo-e1676491087198.png","width":200,"height":200,"caption":"Ajans Cyprus"},"image":{"@id":"https:\/\/ajanscyprus.com\/#\/schema\/logo\/image\/"},"sameAs":["https:\/\/www.facebook.com\/AjansCyprusAC","https:\/\/x.com\/AjansCyprus"]},{"@type":"Person","@id":"https:\/\/ajanscyprus.com\/#\/schema\/person\/bde04f428980a11e6513136d7f10a011","name":"admin","image":{"@type":"ImageObject","inLanguage":"tr","@id":"https:\/\/secure.gravatar.com\/avatar\/7b3584441088d5ca4cd7222e9873c969610760122e804fb99fa589e24cd99cb8?s=96&d=mm&r=g","url":"https:\/\/secure.gravatar.com\/avatar\/7b3584441088d5ca4cd7222e9873c969610760122e804fb99fa589e24cd99cb8?s=96&d=mm&r=g","contentUrl":"https:\/\/secure.gravatar.com\/avatar\/7b3584441088d5ca4cd7222e9873c969610760122e804fb99fa589e24cd99cb8?s=96&d=mm&r=g","caption":"admin"},"sameAs":["https:\/\/ajanscyprus.com"],"url":"https:\/\/ajanscyprus.com\/author\/admin_r45uydj1\/"}]}},"jetpack_publicize_connections":[],"_links":{"self":[{"href":"https:\/\/ajanscyprus.com\/wp-json\/wp\/v2\/posts\/197984","targetHints":{"allow":["GET"]}}],"collection":[{"href":"https:\/\/ajanscyprus.com\/wp-json\/wp\/v2\/posts"}],"about":[{"href":"https:\/\/ajanscyprus.com\/wp-json\/wp\/v2\/types\/post"}],"author":[{"embeddable":true,"href":"https:\/\/ajanscyprus.com\/wp-json\/wp\/v2\/users\/1"}],"replies":[{"embeddable":true,"href":"https:\/\/ajanscyprus.com\/wp-json\/wp\/v2\/comments?post=197984"}],"version-history":[{"count":1,"href":"https:\/\/ajanscyprus.com\/wp-json\/wp\/v2\/posts\/197984\/revisions"}],"predecessor-version":[{"id":197986,"href":"https:\/\/ajanscyprus.com\/wp-json\/wp\/v2\/posts\/197984\/revisions\/197986"}],"wp:featuredmedia":[{"embeddable":true,"href":"https:\/\/ajanscyprus.com\/wp-json\/wp\/v2\/media\/197985"}],"wp:attachment":[{"href":"https:\/\/ajanscyprus.com\/wp-json\/wp\/v2\/media?parent=197984"}],"wp:term":[{"taxonomy":"category","embeddable":true,"href":"https:\/\/ajanscyprus.com\/wp-json\/wp\/v2\/categories?post=197984"},{"taxonomy":"post_tag","embeddable":true,"href":"https:\/\/ajanscyprus.com\/wp-json\/wp\/v2\/tags?post=197984"},{"taxonomy":"manset","embeddable":true,"href":"https:\/\/ajanscyprus.com\/wp-json\/wp\/v2\/manset?post=197984"}],"curies":[{"name":"wp","href":"https:\/\/api.w.org\/{rel}","templated":true}]}}