{"id":197987,"date":"2026-04-09T21:48:35","date_gmt":"2026-04-09T18:48:35","guid":{"rendered":"https:\/\/ajanscyprus.com\/?p=197987"},"modified":"2026-04-09T21:48:35","modified_gmt":"2026-04-09T18:48:35","slug":"ktezodan-hukumete-ve-topluma-cagri-kriz-derinlesiyor-dayanisma-sart","status":"publish","type":"post","link":"https:\/\/ajanscyprus.com\/2026\/04\/09\/ktezodan-hukumete-ve-topluma-cagri-kriz-derinlesiyor-dayanisma-sart\/","title":{"rendered":"KTEZO\u2019dan H\u00fck\u00fcmete ve Topluma \u00c7a\u011fr\u0131: Kriz Derinle\u015fiyor, Dayan\u0131\u015fma \u015eart"},"content":{"rendered":"<p data-start=\"76\" data-end=\"300\"><strong><em><span class=\"hover:entity-accent entity-underline inline cursor-pointer align-baseline\"><span class=\"whitespace-normal\">K\u0131br\u0131s T\u00fcrk Esnaf ve Zanaatkarlar Odas\u0131<\/span><\/span> (KTEZO), h\u00fck\u00fcmet ve toplumsal muhalefet \u00e7evrelerine y\u00f6nelik dikkat \u00e7eken bir \u00e7a\u011fr\u0131da bulundu. Oda, kriz ve sava\u015f ortam\u0131nda adil payla\u015f\u0131m ve dayan\u0131\u015fman\u0131n zorunlu hale geldi\u011fini vurgulad\u0131.<\/em><\/strong><\/p>\n<p data-start=\"302\" data-end=\"591\">Oda Y\u00f6netim Kurulu imzas\u0131yla yap\u0131lan a\u00e7\u0131klamada, dar gelirli kesimlerin, \u00fcreticinin, esnaf\u0131n ve ustan\u0131n giderek daha fazla ezildi\u011fi bir s\u00fcre\u00e7ten ge\u00e7ildi\u011fi ifade edildi. \u0130ki y\u0131l\u0131 a\u015fk\u0131n s\u00fcredir devam eden ekonomik s\u0131k\u0131nt\u0131lar\u0131n, sava\u015f\u0131n etkisiyle s\u00fcrd\u00fcr\u00fclemez bir noktaya ula\u015ft\u0131\u011f\u0131 belirtildi.<\/p>\n<h3 data-start=\"593\" data-end=\"624\">\u201c\u00dcretim Ve Hayat Tehlikede\u201d<\/h3>\n<p data-start=\"626\" data-end=\"840\">A\u00e7\u0131klamada, \u00fcretici dinamiklerinin ciddi \u015fekilde zay\u0131flad\u0131\u011f\u0131na dikkat \u00e7ekilerek, \u00f6zellikle akaryak\u0131t ve g\u00fcbre gibi temel girdilerde ya\u015fanan fiyat art\u0131\u015flar\u0131n\u0131n \u00fcretimi ve dolay\u0131s\u0131yla hayat\u0131 zorla\u015ft\u0131rd\u0131\u011f\u0131 kaydedildi.<\/p>\n<p data-start=\"842\" data-end=\"1125\">Veriler de dikkat \u00e7ekici:<br data-start=\"867\" data-end=\"870\" \/>2024 y\u0131l\u0131nda yakla\u015f\u0131k 1700 yeni i\u015fyeri a\u00e7\u0131l\u0131rken, bu say\u0131 2025\u2019te 1100\u2019e geriledi. 2026 y\u0131l\u0131n\u0131n ilk \u00fc\u00e7 ay\u0131nda ise yaln\u0131zca 140 yeni i\u015fyeri a\u00e7\u0131ld\u0131. KTEZO, gerekli \u00f6nlemler al\u0131nmazsa mevcut i\u015fletmelerin de kapanma riskiyle kar\u015f\u0131 kar\u015f\u0131ya kalaca\u011f\u0131n\u0131 belirtti.<\/p><div class=\"kanews-banner kanews-banner-single\"><img loading=\"lazy\" decoding=\"async\" src=\"https:\/\/ajanscyprus.com\/wp-content\/uploads\/2026\/04\/meRIT-bANNER.jpeg\" alt=\"\" width=\"970\" height=\"90\" class=\"alignnone size-full wp-image-62349\" \/><\/div>\n<h3 data-start=\"1127\" data-end=\"1168\">\u201cBu Sadece Kriz De\u011fil, Yap\u0131sal Sorun\u201d<\/h3>\n<p data-start=\"1170\" data-end=\"1364\">A\u00e7\u0131klamada ya\u015fananlar\u0131n yaln\u0131zca ge\u00e7ici bir kriz olmad\u0131\u011f\u0131, uzun s\u00fcredir devam eden yap\u0131sal sorunlar\u0131n sonucu oldu\u011fu vurguland\u0131. \u201cSava\u015fla birlikte bu ya\u015fad\u0131klar\u0131m\u0131z bunal\u0131ma d\u00f6n\u00fc\u015fm\u00fc\u015ft\u00fcr\u201d denildi.<\/p>\n<p data-start=\"1366\" data-end=\"1545\">Toplumun yaln\u0131zca bir kesimini g\u00f6zeten yakla\u015f\u0131mlarla \u00e7\u00f6z\u00fcm \u00fcretilemeyece\u011fine dikkat \u00e7ekilen a\u00e7\u0131klamada, s\u00fcrekli bor\u00e7lanma ve kaynak t\u00fcketimiyle \u00e7\u0131k\u0131\u015f sa\u011flanamayaca\u011f\u0131 ifade edildi.<\/p>\n<h3 data-start=\"1547\" data-end=\"1579\">\u201cDayan\u0131\u015fma \u0130le Yeniden \u0130n\u015fa\u201d<\/h3>\n<p data-start=\"1581\" data-end=\"1850\">KTEZO, \u00e7\u00f6z\u00fcm\u00fcn dayan\u0131\u015fma ve adil payla\u015f\u0131mda oldu\u011funu belirterek, \u015fu \u00e7a\u011fr\u0131y\u0131 yapt\u0131:<br data-start=\"1663\" data-end=\"1666\" \/>\u201cEldeki kaynaklarla ya\u015fam\u0131 s\u00fcrd\u00fcrebilmek ve uzun s\u00fcredir unuttu\u011fumuz e\u015fitlik\u00e7i anlay\u0131\u015f\u0131 yeniden hat\u0131rlamak zorunday\u0131z. Dayan\u0131\u015fma ile bu \u00fclkeyi yeniden kurmak i\u00e7in harekete ge\u00e7meliyiz.\u201d<\/p>\n<p data-start=\"1852\" data-end=\"2014\">A\u00e7\u0131klamada ayr\u0131ca, tasarrufun ve kaynaklar\u0131n do\u011fru kullan\u0131m\u0131n\u0131n \u00f6nemine vurgu yap\u0131larak, acil \u00e7\u00f6z\u00fcm yollar\u0131n\u0131n gecikmeden ortaya konulmas\u0131 gerekti\u011fi ifade edildi.<\/p>\n<h3 data-start=\"2016\" data-end=\"2042\">\u201cPop\u00fclizmle \u00c7\u0131k\u0131\u015f Yok\u201d<\/h3>\n<p data-start=\"2044\" data-end=\"2229\">Son olarak, tepkisel ve pop\u00fclist yakla\u015f\u0131mlarla \u00e7\u00f6z\u00fcm \u00fcretilemeyece\u011fi belirtilen a\u00e7\u0131klamada, \u201cBir yap\u0131y\u0131 y\u0131kmak kolayd\u0131r, zor olan onu yeniden kurmakt\u0131r. Yar\u0131n \u00e7ok ge\u00e7 olabilir\u201d denildi.<\/p>\n","protected":false},"excerpt":{"rendered":"<p>K\u0131br\u0131s T\u00fcrk Esnaf ve Zanaatkarlar Odas\u0131 (KTEZO), h\u00fck\u00fcmet ve toplumsal muhalefet \u00e7evrelerine y\u00f6nelik dikkat \u00e7eken bir&#46;&#46;&#46;<\/p>\n","protected":false},"author":1,"featured_media":177138,"comment_status":"closed","ping_status":"closed","sticky":false,"template":"","format":"standard","meta":{"footnotes":"","jetpack_publicize_message":"","jetpack_publicize_feature_enabled":true,"jetpack_social_post_already_shared":true,"jetpack_social_options":{"image_generator_settings":{"template":"highway","default_image_id":0,"font":"","enabled":false},"version":2}},"categories":[48],"tags":[4780,5879,5899,6437,8666,62746,11083,11839,16235,19123],"manset":[],"class_list":["post-197987","post","type-post","status-publish","format-standard","has-post-thumbnail","hentry","category-kibris","tag-dayanisma","tag-ekonomi","tag-ekonomik-kriz","tag-esnaf","tag-hukumet","tag-isyeri-sayisi","tag-kktc","tag-ktezo","tag-savas","tag-uretim"],"yoast_head":"<!-- This site is optimized with the Yoast SEO plugin v27.5 - https:\/\/yoast.com\/product\/yoast-seo-wordpress\/ -->\n<title>KTEZO\u2019dan H\u00fck\u00fcmete ve Topluma \u00c7a\u011fr\u0131: Kriz Derinle\u015fiyor, Dayan\u0131\u015fma \u015eart - Ajans Cyprus<\/title>\n<meta name=\"description\" content=\"KTEZO, ekonomik kriz ve sava\u015f\u0131n etkilerine dikkat \u00e7ekerek h\u00fck\u00fcmet ve topluma dayan\u0131\u015fma \u00e7a\u011fr\u0131s\u0131 yapt\u0131. Yeni i\u015fyeri say\u0131s\u0131ndaki d\u00fc\u015f\u00fc\u015fe vurgu yap\u0131ld\u0131.\" \/>\n<meta name=\"robots\" content=\"index, follow, max-snippet:-1, max-image-preview:large, max-video-preview:-1\" \/>\n<link rel=\"canonical\" href=\"https:\/\/ajanscyprus.com\/2026\/04\/09\/ktezodan-hukumete-ve-topluma-cagri-kriz-derinlesiyor-dayanisma-sart\/\" \/>\n<meta property=\"og:locale\" content=\"tr_TR\" \/>\n<meta property=\"og:type\" content=\"article\" \/>\n<meta property=\"og:title\" content=\"KTEZO\u2019dan H\u00fck\u00fcmete ve Topluma \u00c7a\u011fr\u0131: Kriz Derinle\u015fiyor, Dayan\u0131\u015fma \u015eart - Ajans Cyprus\" \/>\n<meta property=\"og:description\" content=\"KTEZO, ekonomik kriz ve sava\u015f\u0131n etkilerine dikkat \u00e7ekerek h\u00fck\u00fcmet ve topluma dayan\u0131\u015fma \u00e7a\u011fr\u0131s\u0131 yapt\u0131. Yeni i\u015fyeri say\u0131s\u0131ndaki d\u00fc\u015f\u00fc\u015fe vurgu yap\u0131ld\u0131.\" \/>\n<meta property=\"og:url\" content=\"https:\/\/ajanscyprus.com\/2026\/04\/09\/ktezodan-hukumete-ve-topluma-cagri-kriz-derinlesiyor-dayanisma-sart\/\" \/>\n<meta property=\"og:site_name\" content=\"Ajans Cyprus\" \/>\n<meta property=\"article:publisher\" content=\"https:\/\/www.facebook.com\/AjansCyprusAC\" \/>\n<meta property=\"article:published_time\" content=\"2026-04-09T18:48:35+00:00\" \/>\n<meta property=\"og:image\" content=\"https:\/\/ajanscyprus.com\/wp-content\/uploads\/2025\/08\/ktezo-768x436.webp.webp\" \/>\n\t<meta property=\"og:image:width\" content=\"1280\" \/>\n\t<meta property=\"og:image:height\" content=\"720\" \/>\n\t<meta property=\"og:image:type\" content=\"image\/webp\" \/>\n<meta name=\"author\" content=\"admin\" \/>\n<meta name=\"twitter:card\" content=\"summary_large_image\" \/>\n<meta name=\"twitter:creator\" content=\"@AjansCyprus\" \/>\n<meta name=\"twitter:site\" content=\"@AjansCyprus\" \/>\n<meta name=\"twitter:label1\" content=\"Yazan:\" \/>\n\t<meta name=\"twitter:data1\" content=\"admin\" \/>\n\t<meta name=\"twitter:label2\" content=\"Tahmini okuma s\u00fcresi\" \/>\n\t<meta name=\"twitter:data2\" content=\"2 dakika\" \/>\n<script type=\"application\/ld+json\" class=\"yoast-schema-graph\">{\"@context\":\"https:\\\/\\\/schema.org\",\"@graph\":[{\"@type\":\"Article\",\"@id\":\"https:\\\/\\\/ajanscyprus.com\\\/2026\\\/04\\\/09\\\/ktezodan-hukumete-ve-topluma-cagri-kriz-derinlesiyor-dayanisma-sart\\\/#article\",\"isPartOf\":{\"@id\":\"https:\\\/\\\/ajanscyprus.com\\\/2026\\\/04\\\/09\\\/ktezodan-hukumete-ve-topluma-cagri-kriz-derinlesiyor-dayanisma-sart\\\/\"},\"author\":{\"name\":\"admin\",\"@id\":\"https:\\\/\\\/ajanscyprus.com\\\/#\\\/schema\\\/person\\\/bde04f428980a11e6513136d7f10a011\"},\"headline\":\"KTEZO\u2019dan H\u00fck\u00fcmete ve Topluma \u00c7a\u011fr\u0131: Kriz Derinle\u015fiyor, Dayan\u0131\u015fma \u015eart\",\"datePublished\":\"2026-04-09T18:48:35+00:00\",\"mainEntityOfPage\":{\"@id\":\"https:\\\/\\\/ajanscyprus.com\\\/2026\\\/04\\\/09\\\/ktezodan-hukumete-ve-topluma-cagri-kriz-derinlesiyor-dayanisma-sart\\\/\"},\"wordCount\":420,\"publisher\":{\"@id\":\"https:\\\/\\\/ajanscyprus.com\\\/#organization\"},\"image\":{\"@id\":\"https:\\\/\\\/ajanscyprus.com\\\/2026\\\/04\\\/09\\\/ktezodan-hukumete-ve-topluma-cagri-kriz-derinlesiyor-dayanisma-sart\\\/#primaryimage\"},\"thumbnailUrl\":\"https:\\\/\\\/ajanscyprus.com\\\/wp-content\\\/uploads\\\/2025\\\/08\\\/ktezo-768x436.webp.webp\",\"keywords\":[\"Dayan\u0131\u015fma\",\"ekonomi\",\"ekonomik kriz\",\"esnaf\",\"H\u00fck\u00fcmet\",\"i\u015fyeri say\u0131s\u0131\",\"kktc\",\"KTEZO\",\"sava\u015f\",\"\u00fcretim\"],\"articleSection\":[\"K\u0131br\u0131s\"],\"inLanguage\":\"tr\"},{\"@type\":\"WebPage\",\"@id\":\"https:\\\/\\\/ajanscyprus.com\\\/2026\\\/04\\\/09\\\/ktezodan-hukumete-ve-topluma-cagri-kriz-derinlesiyor-dayanisma-sart\\\/\",\"url\":\"https:\\\/\\\/ajanscyprus.com\\\/2026\\\/04\\\/09\\\/ktezodan-hukumete-ve-topluma-cagri-kriz-derinlesiyor-dayanisma-sart\\\/\",\"name\":\"KTEZO\u2019dan H\u00fck\u00fcmete ve Topluma \u00c7a\u011fr\u0131: Kriz Derinle\u015fiyor, Dayan\u0131\u015fma \u015eart - Ajans Cyprus\",\"isPartOf\":{\"@id\":\"https:\\\/\\\/ajanscyprus.com\\\/#website\"},\"primaryImageOfPage\":{\"@id\":\"https:\\\/\\\/ajanscyprus.com\\\/2026\\\/04\\\/09\\\/ktezodan-hukumete-ve-topluma-cagri-kriz-derinlesiyor-dayanisma-sart\\\/#primaryimage\"},\"image\":{\"@id\":\"https:\\\/\\\/ajanscyprus.com\\\/2026\\\/04\\\/09\\\/ktezodan-hukumete-ve-topluma-cagri-kriz-derinlesiyor-dayanisma-sart\\\/#primaryimage\"},\"thumbnailUrl\":\"https:\\\/\\\/ajanscyprus.com\\\/wp-content\\\/uploads\\\/2025\\\/08\\\/ktezo-768x436.webp.webp\",\"datePublished\":\"2026-04-09T18:48:35+00:00\",\"description\":\"KTEZO, ekonomik kriz ve sava\u015f\u0131n etkilerine dikkat \u00e7ekerek h\u00fck\u00fcmet ve topluma dayan\u0131\u015fma \u00e7a\u011fr\u0131s\u0131 yapt\u0131. Yeni i\u015fyeri say\u0131s\u0131ndaki d\u00fc\u015f\u00fc\u015fe vurgu yap\u0131ld\u0131.\",\"breadcrumb\":{\"@id\":\"https:\\\/\\\/ajanscyprus.com\\\/2026\\\/04\\\/09\\\/ktezodan-hukumete-ve-topluma-cagri-kriz-derinlesiyor-dayanisma-sart\\\/#breadcrumb\"},\"inLanguage\":\"tr\",\"potentialAction\":[{\"@type\":\"ReadAction\",\"target\":[\"https:\\\/\\\/ajanscyprus.com\\\/2026\\\/04\\\/09\\\/ktezodan-hukumete-ve-topluma-cagri-kriz-derinlesiyor-dayanisma-sart\\\/\"]}]},{\"@type\":\"ImageObject\",\"inLanguage\":\"tr\",\"@id\":\"https:\\\/\\\/ajanscyprus.com\\\/2026\\\/04\\\/09\\\/ktezodan-hukumete-ve-topluma-cagri-kriz-derinlesiyor-dayanisma-sart\\\/#primaryimage\",\"url\":\"https:\\\/\\\/ajanscyprus.com\\\/wp-content\\\/uploads\\\/2025\\\/08\\\/ktezo-768x436.webp.webp\",\"contentUrl\":\"https:\\\/\\\/ajanscyprus.com\\\/wp-content\\\/uploads\\\/2025\\\/08\\\/ktezo-768x436.webp.webp\",\"width\":1280,\"height\":720},{\"@type\":\"BreadcrumbList\",\"@id\":\"https:\\\/\\\/ajanscyprus.com\\\/2026\\\/04\\\/09\\\/ktezodan-hukumete-ve-topluma-cagri-kriz-derinlesiyor-dayanisma-sart\\\/#breadcrumb\",\"itemListElement\":[{\"@type\":\"ListItem\",\"position\":1,\"name\":\"Anasayfa\",\"item\":\"https:\\\/\\\/ajanscyprus.com\\\/\"},{\"@type\":\"ListItem\",\"position\":2,\"name\":\"KTEZO\u2019dan H\u00fck\u00fcmete ve Topluma \u00c7a\u011fr\u0131: Kriz Derinle\u015fiyor, Dayan\u0131\u015fma \u015eart\"}]},{\"@type\":\"WebSite\",\"@id\":\"https:\\\/\\\/ajanscyprus.com\\\/#website\",\"url\":\"https:\\\/\\\/ajanscyprus.com\\\/\",\"name\":\"Ajans Cyprus\",\"description\":\"\",\"publisher\":{\"@id\":\"https:\\\/\\\/ajanscyprus.com\\\/#organization\"},\"potentialAction\":[{\"@type\":\"SearchAction\",\"target\":{\"@type\":\"EntryPoint\",\"urlTemplate\":\"https:\\\/\\\/ajanscyprus.com\\\/?s={search_term_string}\"},\"query-input\":{\"@type\":\"PropertyValueSpecification\",\"valueRequired\":true,\"valueName\":\"search_term_string\"}}],\"inLanguage\":\"tr\"},{\"@type\":\"Organization\",\"@id\":\"https:\\\/\\\/ajanscyprus.com\\\/#organization\",\"name\":\"Ajans Cyprus\",\"alternateName\":\"Ajans Mira Turan Cyprus Media And Production\",\"url\":\"https:\\\/\\\/ajanscyprus.com\\\/\",\"logo\":{\"@type\":\"ImageObject\",\"inLanguage\":\"tr\",\"@id\":\"https:\\\/\\\/ajanscyprus.com\\\/#\\\/schema\\\/logo\\\/image\\\/\",\"url\":\"https:\\\/\\\/ajanscyprus.com\\\/wp-content\\\/uploads\\\/2023\\\/02\\\/AjansCyprus-yuvarlak-logo-e1676491087198.png\",\"contentUrl\":\"https:\\\/\\\/ajanscyprus.com\\\/wp-content\\\/uploads\\\/2023\\\/02\\\/AjansCyprus-yuvarlak-logo-e1676491087198.png\",\"width\":200,\"height\":200,\"caption\":\"Ajans Cyprus\"},\"image\":{\"@id\":\"https:\\\/\\\/ajanscyprus.com\\\/#\\\/schema\\\/logo\\\/image\\\/\"},\"sameAs\":[\"https:\\\/\\\/www.facebook.com\\\/AjansCyprusAC\",\"https:\\\/\\\/x.com\\\/AjansCyprus\"]},{\"@type\":\"Person\",\"@id\":\"https:\\\/\\\/ajanscyprus.com\\\/#\\\/schema\\\/person\\\/bde04f428980a11e6513136d7f10a011\",\"name\":\"admin\",\"image\":{\"@type\":\"ImageObject\",\"inLanguage\":\"tr\",\"@id\":\"https:\\\/\\\/secure.gravatar.com\\\/avatar\\\/7b3584441088d5ca4cd7222e9873c969610760122e804fb99fa589e24cd99cb8?s=96&d=mm&r=g\",\"url\":\"https:\\\/\\\/secure.gravatar.com\\\/avatar\\\/7b3584441088d5ca4cd7222e9873c969610760122e804fb99fa589e24cd99cb8?s=96&d=mm&r=g\",\"contentUrl\":\"https:\\\/\\\/secure.gravatar.com\\\/avatar\\\/7b3584441088d5ca4cd7222e9873c969610760122e804fb99fa589e24cd99cb8?s=96&d=mm&r=g\",\"caption\":\"admin\"},\"sameAs\":[\"https:\\\/\\\/ajanscyprus.com\"],\"url\":\"https:\\\/\\\/ajanscyprus.com\\\/author\\\/admin_r45uydj1\\\/\"}]}<\/script>\n<!-- \/ Yoast SEO plugin. -->","yoast_head_json":{"title":"KTEZO\u2019dan H\u00fck\u00fcmete ve Topluma \u00c7a\u011fr\u0131: Kriz Derinle\u015fiyor, Dayan\u0131\u015fma \u015eart - Ajans Cyprus","description":"KTEZO, ekonomik kriz ve sava\u015f\u0131n etkilerine dikkat \u00e7ekerek h\u00fck\u00fcmet ve topluma dayan\u0131\u015fma \u00e7a\u011fr\u0131s\u0131 yapt\u0131. Yeni i\u015fyeri say\u0131s\u0131ndaki d\u00fc\u015f\u00fc\u015fe vurgu yap\u0131ld\u0131.","robots":{"index":"index","follow":"follow","max-snippet":"max-snippet:-1","max-image-preview":"max-image-preview:large","max-video-preview":"max-video-preview:-1"},"canonical":"https:\/\/ajanscyprus.com\/2026\/04\/09\/ktezodan-hukumete-ve-topluma-cagri-kriz-derinlesiyor-dayanisma-sart\/","og_locale":"tr_TR","og_type":"article","og_title":"KTEZO\u2019dan H\u00fck\u00fcmete ve Topluma \u00c7a\u011fr\u0131: Kriz Derinle\u015fiyor, Dayan\u0131\u015fma \u015eart - Ajans Cyprus","og_description":"KTEZO, ekonomik kriz ve sava\u015f\u0131n etkilerine dikkat \u00e7ekerek h\u00fck\u00fcmet ve topluma dayan\u0131\u015fma \u00e7a\u011fr\u0131s\u0131 yapt\u0131. Yeni i\u015fyeri say\u0131s\u0131ndaki d\u00fc\u015f\u00fc\u015fe vurgu yap\u0131ld\u0131.","og_url":"https:\/\/ajanscyprus.com\/2026\/04\/09\/ktezodan-hukumete-ve-topluma-cagri-kriz-derinlesiyor-dayanisma-sart\/","og_site_name":"Ajans Cyprus","article_publisher":"https:\/\/www.facebook.com\/AjansCyprusAC","article_published_time":"2026-04-09T18:48:35+00:00","og_image":[{"width":1280,"height":720,"url":"https:\/\/ajanscyprus.com\/wp-content\/uploads\/2025\/08\/ktezo-768x436.webp.webp","type":"image\/webp"}],"author":"admin","twitter_card":"summary_large_image","twitter_creator":"@AjansCyprus","twitter_site":"@AjansCyprus","twitter_misc":{"Yazan:":"admin","Tahmini okuma s\u00fcresi":"2 dakika"},"schema":{"@context":"https:\/\/schema.org","@graph":[{"@type":"Article","@id":"https:\/\/ajanscyprus.com\/2026\/04\/09\/ktezodan-hukumete-ve-topluma-cagri-kriz-derinlesiyor-dayanisma-sart\/#article","isPartOf":{"@id":"https:\/\/ajanscyprus.com\/2026\/04\/09\/ktezodan-hukumete-ve-topluma-cagri-kriz-derinlesiyor-dayanisma-sart\/"},"author":{"name":"admin","@id":"https:\/\/ajanscyprus.com\/#\/schema\/person\/bde04f428980a11e6513136d7f10a011"},"headline":"KTEZO\u2019dan H\u00fck\u00fcmete ve Topluma \u00c7a\u011fr\u0131: Kriz Derinle\u015fiyor, Dayan\u0131\u015fma \u015eart","datePublished":"2026-04-09T18:48:35+00:00","mainEntityOfPage":{"@id":"https:\/\/ajanscyprus.com\/2026\/04\/09\/ktezodan-hukumete-ve-topluma-cagri-kriz-derinlesiyor-dayanisma-sart\/"},"wordCount":420,"publisher":{"@id":"https:\/\/ajanscyprus.com\/#organization"},"image":{"@id":"https:\/\/ajanscyprus.com\/2026\/04\/09\/ktezodan-hukumete-ve-topluma-cagri-kriz-derinlesiyor-dayanisma-sart\/#primaryimage"},"thumbnailUrl":"https:\/\/ajanscyprus.com\/wp-content\/uploads\/2025\/08\/ktezo-768x436.webp.webp","keywords":["Dayan\u0131\u015fma","ekonomi","ekonomik kriz","esnaf","H\u00fck\u00fcmet","i\u015fyeri say\u0131s\u0131","kktc","KTEZO","sava\u015f","\u00fcretim"],"articleSection":["K\u0131br\u0131s"],"inLanguage":"tr"},{"@type":"WebPage","@id":"https:\/\/ajanscyprus.com\/2026\/04\/09\/ktezodan-hukumete-ve-topluma-cagri-kriz-derinlesiyor-dayanisma-sart\/","url":"https:\/\/ajanscyprus.com\/2026\/04\/09\/ktezodan-hukumete-ve-topluma-cagri-kriz-derinlesiyor-dayanisma-sart\/","name":"KTEZO\u2019dan H\u00fck\u00fcmete ve Topluma \u00c7a\u011fr\u0131: Kriz Derinle\u015fiyor, Dayan\u0131\u015fma \u015eart - Ajans Cyprus","isPartOf":{"@id":"https:\/\/ajanscyprus.com\/#website"},"primaryImageOfPage":{"@id":"https:\/\/ajanscyprus.com\/2026\/04\/09\/ktezodan-hukumete-ve-topluma-cagri-kriz-derinlesiyor-dayanisma-sart\/#primaryimage"},"image":{"@id":"https:\/\/ajanscyprus.com\/2026\/04\/09\/ktezodan-hukumete-ve-topluma-cagri-kriz-derinlesiyor-dayanisma-sart\/#primaryimage"},"thumbnailUrl":"https:\/\/ajanscyprus.com\/wp-content\/uploads\/2025\/08\/ktezo-768x436.webp.webp","datePublished":"2026-04-09T18:48:35+00:00","description":"KTEZO, ekonomik kriz ve sava\u015f\u0131n etkilerine dikkat \u00e7ekerek h\u00fck\u00fcmet ve topluma dayan\u0131\u015fma \u00e7a\u011fr\u0131s\u0131 yapt\u0131. Yeni i\u015fyeri say\u0131s\u0131ndaki d\u00fc\u015f\u00fc\u015fe vurgu yap\u0131ld\u0131.","breadcrumb":{"@id":"https:\/\/ajanscyprus.com\/2026\/04\/09\/ktezodan-hukumete-ve-topluma-cagri-kriz-derinlesiyor-dayanisma-sart\/#breadcrumb"},"inLanguage":"tr","potentialAction":[{"@type":"ReadAction","target":["https:\/\/ajanscyprus.com\/2026\/04\/09\/ktezodan-hukumete-ve-topluma-cagri-kriz-derinlesiyor-dayanisma-sart\/"]}]},{"@type":"ImageObject","inLanguage":"tr","@id":"https:\/\/ajanscyprus.com\/2026\/04\/09\/ktezodan-hukumete-ve-topluma-cagri-kriz-derinlesiyor-dayanisma-sart\/#primaryimage","url":"https:\/\/ajanscyprus.com\/wp-content\/uploads\/2025\/08\/ktezo-768x436.webp.webp","contentUrl":"https:\/\/ajanscyprus.com\/wp-content\/uploads\/2025\/08\/ktezo-768x436.webp.webp","width":1280,"height":720},{"@type":"BreadcrumbList","@id":"https:\/\/ajanscyprus.com\/2026\/04\/09\/ktezodan-hukumete-ve-topluma-cagri-kriz-derinlesiyor-dayanisma-sart\/#breadcrumb","itemListElement":[{"@type":"ListItem","position":1,"name":"Anasayfa","item":"https:\/\/ajanscyprus.com\/"},{"@type":"ListItem","position":2,"name":"KTEZO\u2019dan H\u00fck\u00fcmete ve Topluma \u00c7a\u011fr\u0131: Kriz Derinle\u015fiyor, Dayan\u0131\u015fma \u015eart"}]},{"@type":"WebSite","@id":"https:\/\/ajanscyprus.com\/#website","url":"https:\/\/ajanscyprus.com\/","name":"Ajans Cyprus","description":"","publisher":{"@id":"https:\/\/ajanscyprus.com\/#organization"},"potentialAction":[{"@type":"SearchAction","target":{"@type":"EntryPoint","urlTemplate":"https:\/\/ajanscyprus.com\/?s={search_term_string}"},"query-input":{"@type":"PropertyValueSpecification","valueRequired":true,"valueName":"search_term_string"}}],"inLanguage":"tr"},{"@type":"Organization","@id":"https:\/\/ajanscyprus.com\/#organization","name":"Ajans Cyprus","alternateName":"Ajans Mira Turan Cyprus Media And Production","url":"https:\/\/ajanscyprus.com\/","logo":{"@type":"ImageObject","inLanguage":"tr","@id":"https:\/\/ajanscyprus.com\/#\/schema\/logo\/image\/","url":"https:\/\/ajanscyprus.com\/wp-content\/uploads\/2023\/02\/AjansCyprus-yuvarlak-logo-e1676491087198.png","contentUrl":"https:\/\/ajanscyprus.com\/wp-content\/uploads\/2023\/02\/AjansCyprus-yuvarlak-logo-e1676491087198.png","width":200,"height":200,"caption":"Ajans Cyprus"},"image":{"@id":"https:\/\/ajanscyprus.com\/#\/schema\/logo\/image\/"},"sameAs":["https:\/\/www.facebook.com\/AjansCyprusAC","https:\/\/x.com\/AjansCyprus"]},{"@type":"Person","@id":"https:\/\/ajanscyprus.com\/#\/schema\/person\/bde04f428980a11e6513136d7f10a011","name":"admin","image":{"@type":"ImageObject","inLanguage":"tr","@id":"https:\/\/secure.gravatar.com\/avatar\/7b3584441088d5ca4cd7222e9873c969610760122e804fb99fa589e24cd99cb8?s=96&d=mm&r=g","url":"https:\/\/secure.gravatar.com\/avatar\/7b3584441088d5ca4cd7222e9873c969610760122e804fb99fa589e24cd99cb8?s=96&d=mm&r=g","contentUrl":"https:\/\/secure.gravatar.com\/avatar\/7b3584441088d5ca4cd7222e9873c969610760122e804fb99fa589e24cd99cb8?s=96&d=mm&r=g","caption":"admin"},"sameAs":["https:\/\/ajanscyprus.com"],"url":"https:\/\/ajanscyprus.com\/author\/admin_r45uydj1\/"}]}},"jetpack_publicize_connections":[],"_links":{"self":[{"href":"https:\/\/ajanscyprus.com\/wp-json\/wp\/v2\/posts\/197987","targetHints":{"allow":["GET"]}}],"collection":[{"href":"https:\/\/ajanscyprus.com\/wp-json\/wp\/v2\/posts"}],"about":[{"href":"https:\/\/ajanscyprus.com\/wp-json\/wp\/v2\/types\/post"}],"author":[{"embeddable":true,"href":"https:\/\/ajanscyprus.com\/wp-json\/wp\/v2\/users\/1"}],"replies":[{"embeddable":true,"href":"https:\/\/ajanscyprus.com\/wp-json\/wp\/v2\/comments?post=197987"}],"version-history":[{"count":1,"href":"https:\/\/ajanscyprus.com\/wp-json\/wp\/v2\/posts\/197987\/revisions"}],"predecessor-version":[{"id":197989,"href":"https:\/\/ajanscyprus.com\/wp-json\/wp\/v2\/posts\/197987\/revisions\/197989"}],"wp:featuredmedia":[{"embeddable":true,"href":"https:\/\/ajanscyprus.com\/wp-json\/wp\/v2\/media\/177138"}],"wp:attachment":[{"href":"https:\/\/ajanscyprus.com\/wp-json\/wp\/v2\/media?parent=197987"}],"wp:term":[{"taxonomy":"category","embeddable":true,"href":"https:\/\/ajanscyprus.com\/wp-json\/wp\/v2\/categories?post=197987"},{"taxonomy":"post_tag","embeddable":true,"href":"https:\/\/ajanscyprus.com\/wp-json\/wp\/v2\/tags?post=197987"},{"taxonomy":"manset","embeddable":true,"href":"https:\/\/ajanscyprus.com\/wp-json\/wp\/v2\/manset?post=197987"}],"curies":[{"name":"wp","href":"https:\/\/api.w.org\/{rel}","templated":true}]}}