{"id":197990,"date":"2026-04-09T21:51:52","date_gmt":"2026-04-09T18:51:52","guid":{"rendered":"https:\/\/ajanscyprus.com\/?p=197990"},"modified":"2026-04-09T21:51:52","modified_gmt":"2026-04-09T18:51:52","slug":"serhat-akpinar-dp-meclisteki-yasa-surecine-katilmayacak","status":"publish","type":"post","link":"https:\/\/ajanscyprus.com\/2026\/04\/09\/serhat-akpinar-dp-meclisteki-yasa-surecine-katilmayacak\/","title":{"rendered":"Serhat Akp\u0131nar: DP Meclis\u2019teki Yasa S\u00fcrecine Kat\u0131lmayacak"},"content":{"rendered":"<p data-start=\"63\" data-end=\"281\"><em><strong>Demokrat Parti (DP) Genel Sekreteri ve Girne Milletvekili <span class=\"hover:entity-accent entity-underline inline cursor-pointer align-baseline\"><span class=\"whitespace-normal\">Serhat Akp\u0131nar<\/span><\/span>, partisinin Pazartesi g\u00fcn\u00fc <span class=\"hover:entity-accent entity-underline inline cursor-pointer align-baseline\"><span class=\"whitespace-normal\">Cumhuriyet Meclisi<\/span><\/span>\u2019nde g\u00f6r\u00fc\u015f\u00fclecek yasa s\u00fcrecinde yer almayaca\u011f\u0131n\u0131 a\u00e7\u0131klad\u0131.<\/strong><\/em><\/p>\n<p data-start=\"283\" data-end=\"535\">Akp\u0131nar, Demokrat Parti\u2019nin yasa g\u00fcc\u00fcnde kararname s\u00fcrecinde sistematik \u015fekilde devre d\u0131\u015f\u0131 b\u0131rak\u0131ld\u0131\u011f\u0131n\u0131 belirterek, buna ra\u011fmen devlet sorumlulu\u011fuyla hareket ettiklerini ancak gelinen a\u015famada ortaya \u00e7\u0131kan tablonun \u201ckabul edilemez\u201d oldu\u011funu ifade etti.<\/p>\n<h3 data-start=\"537\" data-end=\"581\">\u201cMeclis\u2019e Fiili M\u00fcdahale Kabul Edilemez\u201d<\/h3>\n<p data-start=\"583\" data-end=\"917\">Parti ad\u0131na yaz\u0131l\u0131 a\u00e7\u0131klama yapan Akp\u0131nar, son g\u00fcnlerde ya\u015fanan geli\u015fmelerin demokratik siyaset zeminindeki hassas dengeyi g\u00f6zler \u00f6n\u00fcne serdi\u011fini belirtti. H\u00fck\u00fcmetin Bakanlar Kurulu karar\u0131yla ba\u015flatt\u0131\u011f\u0131 ve yasa g\u00fcc\u00fcnde kararname ile y\u00fcr\u00fcrl\u00fc\u011fe koydu\u011fu s\u00fcrecin, baz\u0131 \u00e7evrelerin y\u00f6nlendirmeleriyle toplumsal gerilime d\u00f6n\u00fc\u015ft\u00fc\u011f\u00fcn\u00fc savundu.<\/p>\n<p data-start=\"919\" data-end=\"1201\">Bu s\u00fcrecin Meclis\u2019e y\u00f6nelik fiili m\u00fcdahale boyutuna ta\u015f\u0131nmas\u0131n\u0131n kabul edilemez oldu\u011funu vurgulayan Akp\u0131nar, sendikalar\u0131n toplumun \u00f6nemli bir par\u00e7as\u0131 oldu\u011funu ancak hi\u00e7bir yap\u0131n\u0131n halk\u0131n tamam\u0131n\u0131 temsil ediyormu\u015f gibi davranarak anayasal kurumlara bask\u0131 kuramayaca\u011f\u0131n\u0131 dile getirdi.<\/p><div class=\"kanews-banner kanews-banner-single\"><img loading=\"lazy\" decoding=\"async\" src=\"https:\/\/ajanscyprus.com\/wp-content\/uploads\/2026\/04\/meRIT-bANNER.jpeg\" alt=\"\" width=\"970\" height=\"90\" class=\"alignnone size-full wp-image-62349\" \/><\/div>\n<h3 data-start=\"1203\" data-end=\"1229\">\u201cDP S\u00fcre\u00e7ten D\u0131\u015fland\u0131\u201d<\/h3>\n<p data-start=\"1231\" data-end=\"1506\">Akp\u0131nar, h\u00fck\u00fcmet orta\u011f\u0131 olmalar\u0131na ra\u011fmen kararname s\u00fcrecinde Demokrat Parti\u2019nin sistematik \u015fekilde d\u0131\u015fland\u0131\u011f\u0131n\u0131 belirtti. Kriz ortaya \u00e7\u0131kt\u0131ktan sonra s\u00fcrece dahil edilmek istendiklerini ifade eden Akp\u0131nar, buna ra\u011fmen halk ad\u0131na sorumluluk \u00fcstlenmeye \u00e7al\u0131\u015ft\u0131klar\u0131n\u0131 s\u00f6yledi.<\/p>\n<p data-start=\"1508\" data-end=\"1839\">Ancak mevcut tabloda Meclis \u00e7al\u0131\u015fmalar\u0131n\u0131n ger\u00e7ek gerek\u00e7eler d\u0131\u015f\u0131nda ertelendi\u011fini savunan Akp\u0131nar, g\u00f6r\u00fc\u015fmeler devam ederken Cumhuriyet Meclisi Dostluk Grubu\u2019nun, Meclis Ba\u015fkan\u0131 <span class=\"hover:entity-accent entity-underline inline cursor-pointer align-baseline\"><span class=\"whitespace-normal\">Ziya \u00d6zt\u00fcrkler<\/span><\/span> ba\u015fkanl\u0131\u011f\u0131nda ve di\u011fer siyasi partilerin bilgisi d\u0131\u015f\u0131nda yurt d\u0131\u015f\u0131na \u00e7\u0131kmas\u0131n\u0131n kabul edilemez oldu\u011funu ifade etti.<\/p>\n<h3 data-start=\"1841\" data-end=\"1876\">\u201cDP Bu Tabloya Ortak Olmayacak\u201d<\/h3>\n<p data-start=\"1878\" data-end=\"2121\">\u201cKendi getirdi\u011fi yasal d\u00fczenlemeye dahi sahip \u00e7\u0131kamayan, s\u00fcreci y\u00f6netemeyen bir anlay\u0131\u015f\u0131n olu\u015fturdu\u011fu bu tabloya Demokrat Parti ortak olmayacakt\u0131r\u201d diyen Akp\u0131nar, bu nedenle Pazartesi g\u00fcn\u00fc g\u00f6r\u00fc\u015f\u00fclecek yasa s\u00fcrecine kat\u0131lmayacaklar\u0131n\u0131 yineledi.<\/p>\n<p data-start=\"2123\" data-end=\"2294\">Akp\u0131nar a\u00e7\u0131klamas\u0131n\u0131, \u201cDemokrasi sokakta de\u011fil, Meclis\u2019te tecelli eder. Bask\u0131yla de\u011fil, iradeyle y\u00f6netilir. Halk\u0131m\u0131z\u0131n iradesi olmaya devam edece\u011fiz\u201d s\u00f6zleriyle tamamlad\u0131.<\/p>\n","protected":false},"excerpt":{"rendered":"<p>Demokrat Parti (DP) Genel Sekreteri ve Girne Milletvekili Serhat Akp\u0131nar, partisinin Pazartesi g\u00fcn\u00fc Cumhuriyet Meclisi\u2019nde g\u00f6r\u00fc\u015f\u00fclecek&#46;&#46;&#46;<\/p>\n","protected":false},"author":1,"featured_media":197991,"comment_status":"closed","ping_status":"closed","sticky":false,"template":"","format":"standard","meta":{"footnotes":"","jetpack_publicize_message":"","jetpack_publicize_feature_enabled":true,"jetpack_social_post_already_shared":true,"jetpack_social_options":{"image_generator_settings":{"template":"highway","default_image_id":0,"font":"","enabled":false},"version":2}},"categories":[48],"tags":[4612,4865,5459,10130,11083,12930,16571,16848,19795,20673],"manset":[],"class_list":["post-197990","post","type-post","status-publish","format-standard","has-post-thumbnail","hentry","category-kibris","tag-cumhuriyet-meclisi","tag-demokrat-parti","tag-dp","tag-kararname","tag-kktc","tag-meclis","tag-serhat-akpinar","tag-siyaset","tag-yasa","tag-ziya-ozturkler"],"yoast_head":"<!-- This site is optimized with the Yoast SEO plugin v27.5 - https:\/\/yoast.com\/product\/yoast-seo-wordpress\/ -->\n<title>Serhat Akp\u0131nar: DP Meclis\u2019teki Yasa S\u00fcrecine Kat\u0131lmayacak - Ajans Cyprus<\/title>\n<meta name=\"description\" content=\"DP Genel Sekreteri Serhat Akp\u0131nar, partisinin Meclis\u2019te g\u00f6r\u00fc\u015f\u00fclecek yasa s\u00fcrecine kat\u0131lmayaca\u011f\u0131n\u0131 a\u00e7\u0131klad\u0131. S\u00fcrece y\u00f6nelik sert ele\u015ftirilerde bulundu.\" \/>\n<meta name=\"robots\" content=\"index, follow, max-snippet:-1, max-image-preview:large, max-video-preview:-1\" \/>\n<link rel=\"canonical\" href=\"https:\/\/ajanscyprus.com\/2026\/04\/09\/serhat-akpinar-dp-meclisteki-yasa-surecine-katilmayacak\/\" \/>\n<meta property=\"og:locale\" content=\"tr_TR\" \/>\n<meta property=\"og:type\" content=\"article\" \/>\n<meta property=\"og:title\" content=\"Serhat Akp\u0131nar: DP Meclis\u2019teki Yasa S\u00fcrecine Kat\u0131lmayacak - Ajans Cyprus\" \/>\n<meta property=\"og:description\" content=\"DP Genel Sekreteri Serhat Akp\u0131nar, partisinin Meclis\u2019te g\u00f6r\u00fc\u015f\u00fclecek yasa s\u00fcrecine kat\u0131lmayaca\u011f\u0131n\u0131 a\u00e7\u0131klad\u0131. S\u00fcrece y\u00f6nelik sert ele\u015ftirilerde bulundu.\" \/>\n<meta property=\"og:url\" content=\"https:\/\/ajanscyprus.com\/2026\/04\/09\/serhat-akpinar-dp-meclisteki-yasa-surecine-katilmayacak\/\" \/>\n<meta property=\"og:site_name\" content=\"Ajans Cyprus\" \/>\n<meta property=\"article:publisher\" content=\"https:\/\/www.facebook.com\/AjansCyprusAC\" \/>\n<meta property=\"article:published_time\" content=\"2026-04-09T18:51:52+00:00\" \/>\n<meta property=\"og:image\" content=\"https:\/\/ajanscyprus.com\/wp-content\/uploads\/2026\/04\/17757447721011775587651298akpinar.jpg\" \/>\n\t<meta property=\"og:image:width\" content=\"1280\" \/>\n\t<meta property=\"og:image:height\" content=\"720\" \/>\n\t<meta property=\"og:image:type\" content=\"image\/jpeg\" \/>\n<meta name=\"author\" content=\"admin\" \/>\n<meta name=\"twitter:card\" content=\"summary_large_image\" \/>\n<meta name=\"twitter:creator\" content=\"@AjansCyprus\" \/>\n<meta name=\"twitter:site\" content=\"@AjansCyprus\" \/>\n<meta name=\"twitter:label1\" content=\"Yazan:\" \/>\n\t<meta name=\"twitter:data1\" content=\"admin\" \/>\n\t<meta name=\"twitter:label2\" content=\"Tahmini okuma s\u00fcresi\" \/>\n\t<meta name=\"twitter:data2\" content=\"2 dakika\" \/>\n<script type=\"application\/ld+json\" class=\"yoast-schema-graph\">{\"@context\":\"https:\\\/\\\/schema.org\",\"@graph\":[{\"@type\":\"Article\",\"@id\":\"https:\\\/\\\/ajanscyprus.com\\\/2026\\\/04\\\/09\\\/serhat-akpinar-dp-meclisteki-yasa-surecine-katilmayacak\\\/#article\",\"isPartOf\":{\"@id\":\"https:\\\/\\\/ajanscyprus.com\\\/2026\\\/04\\\/09\\\/serhat-akpinar-dp-meclisteki-yasa-surecine-katilmayacak\\\/\"},\"author\":{\"name\":\"admin\",\"@id\":\"https:\\\/\\\/ajanscyprus.com\\\/#\\\/schema\\\/person\\\/bde04f428980a11e6513136d7f10a011\"},\"headline\":\"Serhat Akp\u0131nar: DP Meclis\u2019teki Yasa S\u00fcrecine Kat\u0131lmayacak\",\"datePublished\":\"2026-04-09T18:51:52+00:00\",\"mainEntityOfPage\":{\"@id\":\"https:\\\/\\\/ajanscyprus.com\\\/2026\\\/04\\\/09\\\/serhat-akpinar-dp-meclisteki-yasa-surecine-katilmayacak\\\/\"},\"wordCount\":400,\"publisher\":{\"@id\":\"https:\\\/\\\/ajanscyprus.com\\\/#organization\"},\"image\":{\"@id\":\"https:\\\/\\\/ajanscyprus.com\\\/2026\\\/04\\\/09\\\/serhat-akpinar-dp-meclisteki-yasa-surecine-katilmayacak\\\/#primaryimage\"},\"thumbnailUrl\":\"https:\\\/\\\/ajanscyprus.com\\\/wp-content\\\/uploads\\\/2026\\\/04\\\/17757447721011775587651298akpinar.jpg\",\"keywords\":[\"Cumhuriyet Meclisi\",\"Demokrat Parti\",\"dp\",\"Kararname\",\"kktc\",\"meclis\",\"Serhat Akp\u0131nar\",\"siyaset\",\"yasa\",\"Ziya \u00d6zt\u00fcrkler\"],\"articleSection\":[\"K\u0131br\u0131s\"],\"inLanguage\":\"tr\"},{\"@type\":\"WebPage\",\"@id\":\"https:\\\/\\\/ajanscyprus.com\\\/2026\\\/04\\\/09\\\/serhat-akpinar-dp-meclisteki-yasa-surecine-katilmayacak\\\/\",\"url\":\"https:\\\/\\\/ajanscyprus.com\\\/2026\\\/04\\\/09\\\/serhat-akpinar-dp-meclisteki-yasa-surecine-katilmayacak\\\/\",\"name\":\"Serhat Akp\u0131nar: DP Meclis\u2019teki Yasa S\u00fcrecine Kat\u0131lmayacak - Ajans Cyprus\",\"isPartOf\":{\"@id\":\"https:\\\/\\\/ajanscyprus.com\\\/#website\"},\"primaryImageOfPage\":{\"@id\":\"https:\\\/\\\/ajanscyprus.com\\\/2026\\\/04\\\/09\\\/serhat-akpinar-dp-meclisteki-yasa-surecine-katilmayacak\\\/#primaryimage\"},\"image\":{\"@id\":\"https:\\\/\\\/ajanscyprus.com\\\/2026\\\/04\\\/09\\\/serhat-akpinar-dp-meclisteki-yasa-surecine-katilmayacak\\\/#primaryimage\"},\"thumbnailUrl\":\"https:\\\/\\\/ajanscyprus.com\\\/wp-content\\\/uploads\\\/2026\\\/04\\\/17757447721011775587651298akpinar.jpg\",\"datePublished\":\"2026-04-09T18:51:52+00:00\",\"description\":\"DP Genel Sekreteri Serhat Akp\u0131nar, partisinin Meclis\u2019te g\u00f6r\u00fc\u015f\u00fclecek yasa s\u00fcrecine kat\u0131lmayaca\u011f\u0131n\u0131 a\u00e7\u0131klad\u0131. S\u00fcrece y\u00f6nelik sert ele\u015ftirilerde bulundu.\",\"breadcrumb\":{\"@id\":\"https:\\\/\\\/ajanscyprus.com\\\/2026\\\/04\\\/09\\\/serhat-akpinar-dp-meclisteki-yasa-surecine-katilmayacak\\\/#breadcrumb\"},\"inLanguage\":\"tr\",\"potentialAction\":[{\"@type\":\"ReadAction\",\"target\":[\"https:\\\/\\\/ajanscyprus.com\\\/2026\\\/04\\\/09\\\/serhat-akpinar-dp-meclisteki-yasa-surecine-katilmayacak\\\/\"]}]},{\"@type\":\"ImageObject\",\"inLanguage\":\"tr\",\"@id\":\"https:\\\/\\\/ajanscyprus.com\\\/2026\\\/04\\\/09\\\/serhat-akpinar-dp-meclisteki-yasa-surecine-katilmayacak\\\/#primaryimage\",\"url\":\"https:\\\/\\\/ajanscyprus.com\\\/wp-content\\\/uploads\\\/2026\\\/04\\\/17757447721011775587651298akpinar.jpg\",\"contentUrl\":\"https:\\\/\\\/ajanscyprus.com\\\/wp-content\\\/uploads\\\/2026\\\/04\\\/17757447721011775587651298akpinar.jpg\",\"width\":1280,\"height\":720},{\"@type\":\"BreadcrumbList\",\"@id\":\"https:\\\/\\\/ajanscyprus.com\\\/2026\\\/04\\\/09\\\/serhat-akpinar-dp-meclisteki-yasa-surecine-katilmayacak\\\/#breadcrumb\",\"itemListElement\":[{\"@type\":\"ListItem\",\"position\":1,\"name\":\"Anasayfa\",\"item\":\"https:\\\/\\\/ajanscyprus.com\\\/\"},{\"@type\":\"ListItem\",\"position\":2,\"name\":\"Serhat Akp\u0131nar: DP Meclis\u2019teki Yasa S\u00fcrecine Kat\u0131lmayacak\"}]},{\"@type\":\"WebSite\",\"@id\":\"https:\\\/\\\/ajanscyprus.com\\\/#website\",\"url\":\"https:\\\/\\\/ajanscyprus.com\\\/\",\"name\":\"Ajans Cyprus\",\"description\":\"\",\"publisher\":{\"@id\":\"https:\\\/\\\/ajanscyprus.com\\\/#organization\"},\"potentialAction\":[{\"@type\":\"SearchAction\",\"target\":{\"@type\":\"EntryPoint\",\"urlTemplate\":\"https:\\\/\\\/ajanscyprus.com\\\/?s={search_term_string}\"},\"query-input\":{\"@type\":\"PropertyValueSpecification\",\"valueRequired\":true,\"valueName\":\"search_term_string\"}}],\"inLanguage\":\"tr\"},{\"@type\":\"Organization\",\"@id\":\"https:\\\/\\\/ajanscyprus.com\\\/#organization\",\"name\":\"Ajans Cyprus\",\"alternateName\":\"Ajans Mira Turan Cyprus Media And Production\",\"url\":\"https:\\\/\\\/ajanscyprus.com\\\/\",\"logo\":{\"@type\":\"ImageObject\",\"inLanguage\":\"tr\",\"@id\":\"https:\\\/\\\/ajanscyprus.com\\\/#\\\/schema\\\/logo\\\/image\\\/\",\"url\":\"https:\\\/\\\/ajanscyprus.com\\\/wp-content\\\/uploads\\\/2023\\\/02\\\/AjansCyprus-yuvarlak-logo-e1676491087198.png\",\"contentUrl\":\"https:\\\/\\\/ajanscyprus.com\\\/wp-content\\\/uploads\\\/2023\\\/02\\\/AjansCyprus-yuvarlak-logo-e1676491087198.png\",\"width\":200,\"height\":200,\"caption\":\"Ajans Cyprus\"},\"image\":{\"@id\":\"https:\\\/\\\/ajanscyprus.com\\\/#\\\/schema\\\/logo\\\/image\\\/\"},\"sameAs\":[\"https:\\\/\\\/www.facebook.com\\\/AjansCyprusAC\",\"https:\\\/\\\/x.com\\\/AjansCyprus\"]},{\"@type\":\"Person\",\"@id\":\"https:\\\/\\\/ajanscyprus.com\\\/#\\\/schema\\\/person\\\/bde04f428980a11e6513136d7f10a011\",\"name\":\"admin\",\"image\":{\"@type\":\"ImageObject\",\"inLanguage\":\"tr\",\"@id\":\"https:\\\/\\\/secure.gravatar.com\\\/avatar\\\/7b3584441088d5ca4cd7222e9873c969610760122e804fb99fa589e24cd99cb8?s=96&d=mm&r=g\",\"url\":\"https:\\\/\\\/secure.gravatar.com\\\/avatar\\\/7b3584441088d5ca4cd7222e9873c969610760122e804fb99fa589e24cd99cb8?s=96&d=mm&r=g\",\"contentUrl\":\"https:\\\/\\\/secure.gravatar.com\\\/avatar\\\/7b3584441088d5ca4cd7222e9873c969610760122e804fb99fa589e24cd99cb8?s=96&d=mm&r=g\",\"caption\":\"admin\"},\"sameAs\":[\"https:\\\/\\\/ajanscyprus.com\"],\"url\":\"https:\\\/\\\/ajanscyprus.com\\\/author\\\/admin_r45uydj1\\\/\"}]}<\/script>\n<!-- \/ Yoast SEO plugin. -->","yoast_head_json":{"title":"Serhat Akp\u0131nar: DP Meclis\u2019teki Yasa S\u00fcrecine Kat\u0131lmayacak - Ajans Cyprus","description":"DP Genel Sekreteri Serhat Akp\u0131nar, partisinin Meclis\u2019te g\u00f6r\u00fc\u015f\u00fclecek yasa s\u00fcrecine kat\u0131lmayaca\u011f\u0131n\u0131 a\u00e7\u0131klad\u0131. S\u00fcrece y\u00f6nelik sert ele\u015ftirilerde bulundu.","robots":{"index":"index","follow":"follow","max-snippet":"max-snippet:-1","max-image-preview":"max-image-preview:large","max-video-preview":"max-video-preview:-1"},"canonical":"https:\/\/ajanscyprus.com\/2026\/04\/09\/serhat-akpinar-dp-meclisteki-yasa-surecine-katilmayacak\/","og_locale":"tr_TR","og_type":"article","og_title":"Serhat Akp\u0131nar: DP Meclis\u2019teki Yasa S\u00fcrecine Kat\u0131lmayacak - Ajans Cyprus","og_description":"DP Genel Sekreteri Serhat Akp\u0131nar, partisinin Meclis\u2019te g\u00f6r\u00fc\u015f\u00fclecek yasa s\u00fcrecine kat\u0131lmayaca\u011f\u0131n\u0131 a\u00e7\u0131klad\u0131. S\u00fcrece y\u00f6nelik sert ele\u015ftirilerde bulundu.","og_url":"https:\/\/ajanscyprus.com\/2026\/04\/09\/serhat-akpinar-dp-meclisteki-yasa-surecine-katilmayacak\/","og_site_name":"Ajans Cyprus","article_publisher":"https:\/\/www.facebook.com\/AjansCyprusAC","article_published_time":"2026-04-09T18:51:52+00:00","og_image":[{"width":1280,"height":720,"url":"https:\/\/ajanscyprus.com\/wp-content\/uploads\/2026\/04\/17757447721011775587651298akpinar.jpg","type":"image\/jpeg"}],"author":"admin","twitter_card":"summary_large_image","twitter_creator":"@AjansCyprus","twitter_site":"@AjansCyprus","twitter_misc":{"Yazan:":"admin","Tahmini okuma s\u00fcresi":"2 dakika"},"schema":{"@context":"https:\/\/schema.org","@graph":[{"@type":"Article","@id":"https:\/\/ajanscyprus.com\/2026\/04\/09\/serhat-akpinar-dp-meclisteki-yasa-surecine-katilmayacak\/#article","isPartOf":{"@id":"https:\/\/ajanscyprus.com\/2026\/04\/09\/serhat-akpinar-dp-meclisteki-yasa-surecine-katilmayacak\/"},"author":{"name":"admin","@id":"https:\/\/ajanscyprus.com\/#\/schema\/person\/bde04f428980a11e6513136d7f10a011"},"headline":"Serhat Akp\u0131nar: DP Meclis\u2019teki Yasa S\u00fcrecine Kat\u0131lmayacak","datePublished":"2026-04-09T18:51:52+00:00","mainEntityOfPage":{"@id":"https:\/\/ajanscyprus.com\/2026\/04\/09\/serhat-akpinar-dp-meclisteki-yasa-surecine-katilmayacak\/"},"wordCount":400,"publisher":{"@id":"https:\/\/ajanscyprus.com\/#organization"},"image":{"@id":"https:\/\/ajanscyprus.com\/2026\/04\/09\/serhat-akpinar-dp-meclisteki-yasa-surecine-katilmayacak\/#primaryimage"},"thumbnailUrl":"https:\/\/ajanscyprus.com\/wp-content\/uploads\/2026\/04\/17757447721011775587651298akpinar.jpg","keywords":["Cumhuriyet Meclisi","Demokrat Parti","dp","Kararname","kktc","meclis","Serhat Akp\u0131nar","siyaset","yasa","Ziya \u00d6zt\u00fcrkler"],"articleSection":["K\u0131br\u0131s"],"inLanguage":"tr"},{"@type":"WebPage","@id":"https:\/\/ajanscyprus.com\/2026\/04\/09\/serhat-akpinar-dp-meclisteki-yasa-surecine-katilmayacak\/","url":"https:\/\/ajanscyprus.com\/2026\/04\/09\/serhat-akpinar-dp-meclisteki-yasa-surecine-katilmayacak\/","name":"Serhat Akp\u0131nar: DP Meclis\u2019teki Yasa S\u00fcrecine Kat\u0131lmayacak - Ajans Cyprus","isPartOf":{"@id":"https:\/\/ajanscyprus.com\/#website"},"primaryImageOfPage":{"@id":"https:\/\/ajanscyprus.com\/2026\/04\/09\/serhat-akpinar-dp-meclisteki-yasa-surecine-katilmayacak\/#primaryimage"},"image":{"@id":"https:\/\/ajanscyprus.com\/2026\/04\/09\/serhat-akpinar-dp-meclisteki-yasa-surecine-katilmayacak\/#primaryimage"},"thumbnailUrl":"https:\/\/ajanscyprus.com\/wp-content\/uploads\/2026\/04\/17757447721011775587651298akpinar.jpg","datePublished":"2026-04-09T18:51:52+00:00","description":"DP Genel Sekreteri Serhat Akp\u0131nar, partisinin Meclis\u2019te g\u00f6r\u00fc\u015f\u00fclecek yasa s\u00fcrecine kat\u0131lmayaca\u011f\u0131n\u0131 a\u00e7\u0131klad\u0131. S\u00fcrece y\u00f6nelik sert ele\u015ftirilerde bulundu.","breadcrumb":{"@id":"https:\/\/ajanscyprus.com\/2026\/04\/09\/serhat-akpinar-dp-meclisteki-yasa-surecine-katilmayacak\/#breadcrumb"},"inLanguage":"tr","potentialAction":[{"@type":"ReadAction","target":["https:\/\/ajanscyprus.com\/2026\/04\/09\/serhat-akpinar-dp-meclisteki-yasa-surecine-katilmayacak\/"]}]},{"@type":"ImageObject","inLanguage":"tr","@id":"https:\/\/ajanscyprus.com\/2026\/04\/09\/serhat-akpinar-dp-meclisteki-yasa-surecine-katilmayacak\/#primaryimage","url":"https:\/\/ajanscyprus.com\/wp-content\/uploads\/2026\/04\/17757447721011775587651298akpinar.jpg","contentUrl":"https:\/\/ajanscyprus.com\/wp-content\/uploads\/2026\/04\/17757447721011775587651298akpinar.jpg","width":1280,"height":720},{"@type":"BreadcrumbList","@id":"https:\/\/ajanscyprus.com\/2026\/04\/09\/serhat-akpinar-dp-meclisteki-yasa-surecine-katilmayacak\/#breadcrumb","itemListElement":[{"@type":"ListItem","position":1,"name":"Anasayfa","item":"https:\/\/ajanscyprus.com\/"},{"@type":"ListItem","position":2,"name":"Serhat Akp\u0131nar: DP Meclis\u2019teki Yasa S\u00fcrecine Kat\u0131lmayacak"}]},{"@type":"WebSite","@id":"https:\/\/ajanscyprus.com\/#website","url":"https:\/\/ajanscyprus.com\/","name":"Ajans Cyprus","description":"","publisher":{"@id":"https:\/\/ajanscyprus.com\/#organization"},"potentialAction":[{"@type":"SearchAction","target":{"@type":"EntryPoint","urlTemplate":"https:\/\/ajanscyprus.com\/?s={search_term_string}"},"query-input":{"@type":"PropertyValueSpecification","valueRequired":true,"valueName":"search_term_string"}}],"inLanguage":"tr"},{"@type":"Organization","@id":"https:\/\/ajanscyprus.com\/#organization","name":"Ajans Cyprus","alternateName":"Ajans Mira Turan Cyprus Media And Production","url":"https:\/\/ajanscyprus.com\/","logo":{"@type":"ImageObject","inLanguage":"tr","@id":"https:\/\/ajanscyprus.com\/#\/schema\/logo\/image\/","url":"https:\/\/ajanscyprus.com\/wp-content\/uploads\/2023\/02\/AjansCyprus-yuvarlak-logo-e1676491087198.png","contentUrl":"https:\/\/ajanscyprus.com\/wp-content\/uploads\/2023\/02\/AjansCyprus-yuvarlak-logo-e1676491087198.png","width":200,"height":200,"caption":"Ajans Cyprus"},"image":{"@id":"https:\/\/ajanscyprus.com\/#\/schema\/logo\/image\/"},"sameAs":["https:\/\/www.facebook.com\/AjansCyprusAC","https:\/\/x.com\/AjansCyprus"]},{"@type":"Person","@id":"https:\/\/ajanscyprus.com\/#\/schema\/person\/bde04f428980a11e6513136d7f10a011","name":"admin","image":{"@type":"ImageObject","inLanguage":"tr","@id":"https:\/\/secure.gravatar.com\/avatar\/7b3584441088d5ca4cd7222e9873c969610760122e804fb99fa589e24cd99cb8?s=96&d=mm&r=g","url":"https:\/\/secure.gravatar.com\/avatar\/7b3584441088d5ca4cd7222e9873c969610760122e804fb99fa589e24cd99cb8?s=96&d=mm&r=g","contentUrl":"https:\/\/secure.gravatar.com\/avatar\/7b3584441088d5ca4cd7222e9873c969610760122e804fb99fa589e24cd99cb8?s=96&d=mm&r=g","caption":"admin"},"sameAs":["https:\/\/ajanscyprus.com"],"url":"https:\/\/ajanscyprus.com\/author\/admin_r45uydj1\/"}]}},"jetpack_publicize_connections":[],"_links":{"self":[{"href":"https:\/\/ajanscyprus.com\/wp-json\/wp\/v2\/posts\/197990","targetHints":{"allow":["GET"]}}],"collection":[{"href":"https:\/\/ajanscyprus.com\/wp-json\/wp\/v2\/posts"}],"about":[{"href":"https:\/\/ajanscyprus.com\/wp-json\/wp\/v2\/types\/post"}],"author":[{"embeddable":true,"href":"https:\/\/ajanscyprus.com\/wp-json\/wp\/v2\/users\/1"}],"replies":[{"embeddable":true,"href":"https:\/\/ajanscyprus.com\/wp-json\/wp\/v2\/comments?post=197990"}],"version-history":[{"count":1,"href":"https:\/\/ajanscyprus.com\/wp-json\/wp\/v2\/posts\/197990\/revisions"}],"predecessor-version":[{"id":197992,"href":"https:\/\/ajanscyprus.com\/wp-json\/wp\/v2\/posts\/197990\/revisions\/197992"}],"wp:featuredmedia":[{"embeddable":true,"href":"https:\/\/ajanscyprus.com\/wp-json\/wp\/v2\/media\/197991"}],"wp:attachment":[{"href":"https:\/\/ajanscyprus.com\/wp-json\/wp\/v2\/media?parent=197990"}],"wp:term":[{"taxonomy":"category","embeddable":true,"href":"https:\/\/ajanscyprus.com\/wp-json\/wp\/v2\/categories?post=197990"},{"taxonomy":"post_tag","embeddable":true,"href":"https:\/\/ajanscyprus.com\/wp-json\/wp\/v2\/tags?post=197990"},{"taxonomy":"manset","embeddable":true,"href":"https:\/\/ajanscyprus.com\/wp-json\/wp\/v2\/manset?post=197990"}],"curies":[{"name":"wp","href":"https:\/\/api.w.org\/{rel}","templated":true}]}}