{"id":198002,"date":"2026-04-09T22:05:24","date_gmt":"2026-04-09T19:05:24","guid":{"rendered":"https:\/\/ajanscyprus.com\/?p=198002"},"modified":"2026-04-09T22:05:24","modified_gmt":"2026-04-09T19:05:24","slug":"selcuk-bayraktaroglu-mavi-vatan-tatbikati-turkiyenin-caydirici-gucunu-gosterdi","status":"publish","type":"post","link":"https:\/\/ajanscyprus.com\/2026\/04\/09\/selcuk-bayraktaroglu-mavi-vatan-tatbikati-turkiyenin-caydirici-gucunu-gosterdi\/","title":{"rendered":"Sel\u00e7uk Bayraktaro\u011flu: Mavi Vatan Tatbikat\u0131 T\u00fcrkiye\u2019nin Cayd\u0131r\u0131c\u0131 G\u00fcc\u00fcn\u00fc G\u00f6sterdi"},"content":{"rendered":"<p data-start=\"86\" data-end=\"273\"><em><strong>T\u00fcrkiye Genelkurmay Ba\u015fkan\u0131 <span class=\"hover:entity-accent entity-underline inline cursor-pointer align-baseline\"><span class=\"whitespace-normal\">Sel\u00e7uk Bayraktaro\u011flu<\/span><\/span>, Mavi Vatan-2026 Tatbikat\u0131\u2019n\u0131n T\u00fcrk Deniz Kuvvetleri\u2019nin b\u00f6lgedeki cayd\u0131r\u0131c\u0131l\u0131\u011f\u0131n\u0131 bir kez daha ortaya koydu\u011funu s\u00f6yledi.<\/strong><\/em><\/p>\n<p data-start=\"275\" data-end=\"543\"><span class=\"hover:entity-accent entity-underline inline cursor-pointer align-baseline\"><span class=\"whitespace-normal\">Deniz Kuvvetleri Komutanl\u0131\u011f\u0131<\/span><\/span> taraf\u0131ndan Karadeniz, Ege Denizi ve Do\u011fu Akdeniz\u2019de ger\u00e7ekle\u015ftirilen <span class=\"hover:entity-accent entity-underline inline cursor-pointer align-baseline\"><span class=\"whitespace-normal\">Mavi Vatan Tatbikat\u0131<\/span><\/span> kapsam\u0131nda Antalya\u2019daki fiili at\u0131\u015f safhas\u0131n\u0131 TCG Anadolu gemisinden takip eden Bayraktaro\u011flu, \u00f6nemli a\u00e7\u0131klamalarda bulundu.<\/p>\n<h3 data-start=\"545\" data-end=\"581\">\u201cTSK B\u00f6lgesinde Oyun Kurucu G\u00fc\u00e7\u201d<\/h3>\n<p data-start=\"583\" data-end=\"817\">T\u00fcrkiye\u2019nin g\u00fcvenlik mimarisinde kritik bir rol \u00fcstlendi\u011fini belirten Bayraktaro\u011flu, T\u00fcrk Silahl\u0131 Kuvvetleri\u2019nin (TSK) y\u00fcksek muharebe g\u00fcc\u00fcne sahip oldu\u011funu ve her t\u00fcrl\u00fc harek\u00e2t\u0131 ger\u00e7ekle\u015ftirebilecek kabiliyette bulundu\u011funu vurgulad\u0131.<\/p>\n<p data-start=\"819\" data-end=\"1035\">Milli ve yerli savunma sanayi \u00fcr\u00fcnleriyle g\u00fc\u00e7lenen TSK\u2019n\u0131n b\u00f6lgede \u00f6nemli bir cayd\u0131r\u0131c\u0131 g\u00fc\u00e7 oldu\u011funu ifade eden Bayraktaro\u011flu, bu cayd\u0131r\u0131c\u0131l\u0131\u011f\u0131n en \u00f6nemli unsurlar\u0131ndan birinin \u201cMavi Vatan\u201d doktrini oldu\u011funu s\u00f6yledi.<\/p><div class=\"kanews-banner kanews-banner-single\"><img loading=\"lazy\" decoding=\"async\" src=\"https:\/\/ajanscyprus.com\/wp-content\/uploads\/2026\/04\/meRIT-bANNER.jpeg\" alt=\"\" width=\"970\" height=\"90\" class=\"alignnone size-full wp-image-62349\" \/><\/div>\n<h3 data-start=\"1037\" data-end=\"1074\">\u201cTatbikatlar G\u00fcc\u00fcm\u00fcz\u00fcn Temelidir\u201d<\/h3>\n<p data-start=\"1076\" data-end=\"1280\">Deniz Kuvvetleri Komutanl\u0131\u011f\u0131\u2019n\u0131n g\u00fcc\u00fcn\u00fcn temelinde e\u011fitim ve tatbikatlar\u0131n yer ald\u0131\u011f\u0131n\u0131 belirten Bayraktaro\u011flu, 10 g\u00fcnd\u00fcr devam eden tatbikatta yerli ve milli silah sistemlerinin test edildi\u011fini kaydetti.<\/p>\n<p data-start=\"1282\" data-end=\"1444\">Tatbikat s\u0131ras\u0131nda dikkat \u00e7eken bir geli\u015fmeye de de\u011finen Bayraktaro\u011flu, insans\u0131z deniz arac\u0131n\u0131n (\u0130DA) TB-3 ile vurulmas\u0131n\u0131n ilk kez ger\u00e7ekle\u015ftirildi\u011fini belirtti.<\/p>\n<h3 data-start=\"1446\" data-end=\"1486\">\u201c\u0130HA Teknolojisinde D\u00fcnyada \u00d6ndeyiz\u201d<\/h3>\n<p data-start=\"1488\" data-end=\"1673\">T\u00fcrkiye\u2019nin insans\u0131z hava ara\u00e7lar\u0131 alan\u0131nda d\u00fcnyada \u00f6nc\u00fc konumda oldu\u011funu ifade eden Bayraktaro\u011flu, T\u00fcrk Silahl\u0131 Kuvvetleri\u2019nin bu alandaki etkinli\u011finin her ge\u00e7en g\u00fcn artt\u0131\u011f\u0131n\u0131 s\u00f6yledi.<\/p>\n<p data-start=\"1675\" data-end=\"1860\">Tatbikatta g\u00f6rev alan t\u00fcm personeli tebrik eden Bayraktaro\u011flu, T\u00fcrk Deniz Kuvvetleri\u2019nin Mavi Vatan\u2019da di\u011fer kuvvetlerle koordineli \u015fekilde faaliyetlerini s\u00fcrd\u00fcrd\u00fc\u011f\u00fcn\u00fc s\u00f6zlerine ekledi.<\/p>\n","protected":false},"excerpt":{"rendered":"<p>T\u00fcrkiye Genelkurmay Ba\u015fkan\u0131 Sel\u00e7uk Bayraktaro\u011flu, Mavi Vatan-2026 Tatbikat\u0131\u2019n\u0131n T\u00fcrk Deniz Kuvvetleri\u2019nin b\u00f6lgedeki cayd\u0131r\u0131c\u0131l\u0131\u011f\u0131n\u0131 bir kez daha&#46;&#46;&#46;<\/p>\n","protected":false},"author":1,"featured_media":198003,"comment_status":"closed","ping_status":"closed","sticky":false,"template":"","format":"standard","meta":{"footnotes":"","jetpack_publicize_message":"","jetpack_publicize_feature_enabled":true,"jetpack_social_post_already_shared":true,"jetpack_social_options":{"image_generator_settings":{"template":"highway","default_image_id":0,"font":"","enabled":false},"version":2}},"categories":[48,60],"tags":[54003,62754,5316,8884,62753,20899,53251,43427,18311,18562],"manset":[],"class_list":["post-198002","post","type-post","status-publish","format-standard","has-post-thumbnail","hentry","category-kibris","category-turkiye","tag-askeri-tatbikat","tag-deniz-kuvvetleri","tag-dogu-akdeniz","tag-iha","tag-mavi-vatan-tatbikati","tag-savunma","tag-selcuk-bayraktaroglu","tag-tb3","tag-tsk","tag-turkiye"],"yoast_head":"<!-- This site is optimized with the Yoast SEO plugin v27.5 - https:\/\/yoast.com\/product\/yoast-seo-wordpress\/ -->\n<title>Sel\u00e7uk Bayraktaro\u011flu: Mavi Vatan Tatbikat\u0131 T\u00fcrkiye\u2019nin Cayd\u0131r\u0131c\u0131 G\u00fcc\u00fcn\u00fc G\u00f6sterdi - Ajans Cyprus<\/title>\n<meta name=\"description\" content=\"Genelkurmay Ba\u015fkan\u0131 Sel\u00e7uk Bayraktaro\u011flu, Mavi Vatan-2026 Tatbikat\u0131\u2019n\u0131n T\u00fcrkiye\u2019nin denizlerdeki cayd\u0131r\u0131c\u0131 g\u00fcc\u00fcn\u00fc ortaya koydu\u011funu a\u00e7\u0131klad\u0131.\" \/>\n<meta name=\"robots\" content=\"index, follow, max-snippet:-1, max-image-preview:large, max-video-preview:-1\" \/>\n<link rel=\"canonical\" href=\"https:\/\/ajanscyprus.com\/2026\/04\/09\/selcuk-bayraktaroglu-mavi-vatan-tatbikati-turkiyenin-caydirici-gucunu-gosterdi\/\" \/>\n<meta property=\"og:locale\" content=\"tr_TR\" \/>\n<meta property=\"og:type\" content=\"article\" \/>\n<meta property=\"og:title\" content=\"Sel\u00e7uk Bayraktaro\u011flu: Mavi Vatan Tatbikat\u0131 T\u00fcrkiye\u2019nin Cayd\u0131r\u0131c\u0131 G\u00fcc\u00fcn\u00fc G\u00f6sterdi - Ajans Cyprus\" \/>\n<meta property=\"og:description\" content=\"Genelkurmay Ba\u015fkan\u0131 Sel\u00e7uk Bayraktaro\u011flu, Mavi Vatan-2026 Tatbikat\u0131\u2019n\u0131n T\u00fcrkiye\u2019nin denizlerdeki cayd\u0131r\u0131c\u0131 g\u00fcc\u00fcn\u00fc ortaya koydu\u011funu a\u00e7\u0131klad\u0131.\" \/>\n<meta property=\"og:url\" content=\"https:\/\/ajanscyprus.com\/2026\/04\/09\/selcuk-bayraktaroglu-mavi-vatan-tatbikati-turkiyenin-caydirici-gucunu-gosterdi\/\" \/>\n<meta property=\"og:site_name\" content=\"Ajans Cyprus\" \/>\n<meta property=\"article:publisher\" content=\"https:\/\/www.facebook.com\/AjansCyprusAC\" \/>\n<meta property=\"article:published_time\" content=\"2026-04-09T19:05:24+00:00\" \/>\n<meta property=\"og:image\" content=\"https:\/\/ajanscyprus.com\/wp-content\/uploads\/2026\/04\/1775751552542Ekran-goruntusu-2026-04-09-191858.png\" \/>\n\t<meta property=\"og:image:width\" content=\"1280\" \/>\n\t<meta property=\"og:image:height\" content=\"721\" \/>\n\t<meta property=\"og:image:type\" content=\"image\/png\" \/>\n<meta name=\"author\" content=\"admin\" \/>\n<meta name=\"twitter:card\" content=\"summary_large_image\" \/>\n<meta name=\"twitter:creator\" content=\"@AjansCyprus\" \/>\n<meta name=\"twitter:site\" content=\"@AjansCyprus\" \/>\n<meta name=\"twitter:label1\" content=\"Yazan:\" \/>\n\t<meta name=\"twitter:data1\" content=\"admin\" \/>\n\t<meta name=\"twitter:label2\" content=\"Tahmini okuma s\u00fcresi\" \/>\n\t<meta name=\"twitter:data2\" content=\"2 dakika\" \/>\n<script type=\"application\/ld+json\" class=\"yoast-schema-graph\">{\"@context\":\"https:\\\/\\\/schema.org\",\"@graph\":[{\"@type\":\"Article\",\"@id\":\"https:\\\/\\\/ajanscyprus.com\\\/2026\\\/04\\\/09\\\/selcuk-bayraktaroglu-mavi-vatan-tatbikati-turkiyenin-caydirici-gucunu-gosterdi\\\/#article\",\"isPartOf\":{\"@id\":\"https:\\\/\\\/ajanscyprus.com\\\/2026\\\/04\\\/09\\\/selcuk-bayraktaroglu-mavi-vatan-tatbikati-turkiyenin-caydirici-gucunu-gosterdi\\\/\"},\"author\":{\"name\":\"admin\",\"@id\":\"https:\\\/\\\/ajanscyprus.com\\\/#\\\/schema\\\/person\\\/bde04f428980a11e6513136d7f10a011\"},\"headline\":\"Sel\u00e7uk Bayraktaro\u011flu: Mavi Vatan Tatbikat\u0131 T\u00fcrkiye\u2019nin Cayd\u0131r\u0131c\u0131 G\u00fcc\u00fcn\u00fc G\u00f6sterdi\",\"datePublished\":\"2026-04-09T19:05:24+00:00\",\"mainEntityOfPage\":{\"@id\":\"https:\\\/\\\/ajanscyprus.com\\\/2026\\\/04\\\/09\\\/selcuk-bayraktaroglu-mavi-vatan-tatbikati-turkiyenin-caydirici-gucunu-gosterdi\\\/\"},\"wordCount\":333,\"publisher\":{\"@id\":\"https:\\\/\\\/ajanscyprus.com\\\/#organization\"},\"image\":{\"@id\":\"https:\\\/\\\/ajanscyprus.com\\\/2026\\\/04\\\/09\\\/selcuk-bayraktaroglu-mavi-vatan-tatbikati-turkiyenin-caydirici-gucunu-gosterdi\\\/#primaryimage\"},\"thumbnailUrl\":\"https:\\\/\\\/ajanscyprus.com\\\/wp-content\\\/uploads\\\/2026\\\/04\\\/1775751552542Ekran-goruntusu-2026-04-09-191858.png\",\"keywords\":[\"askeri tatbikat\",\"Deniz Kuvvetleri\",\"Do\u011fu Akdeniz\",\"\u0130HA\",\"Mavi Vatan Tatbikat\u0131\",\"savunma\",\"Sel\u00e7uk Bayraktaro\u011flu\",\"TB3\",\"tsk\",\"t\u00fcrkiye\"],\"articleSection\":[\"K\u0131br\u0131s\",\"T\u00fcrkiye\"],\"inLanguage\":\"tr\"},{\"@type\":\"WebPage\",\"@id\":\"https:\\\/\\\/ajanscyprus.com\\\/2026\\\/04\\\/09\\\/selcuk-bayraktaroglu-mavi-vatan-tatbikati-turkiyenin-caydirici-gucunu-gosterdi\\\/\",\"url\":\"https:\\\/\\\/ajanscyprus.com\\\/2026\\\/04\\\/09\\\/selcuk-bayraktaroglu-mavi-vatan-tatbikati-turkiyenin-caydirici-gucunu-gosterdi\\\/\",\"name\":\"Sel\u00e7uk Bayraktaro\u011flu: Mavi Vatan Tatbikat\u0131 T\u00fcrkiye\u2019nin Cayd\u0131r\u0131c\u0131 G\u00fcc\u00fcn\u00fc G\u00f6sterdi - Ajans Cyprus\",\"isPartOf\":{\"@id\":\"https:\\\/\\\/ajanscyprus.com\\\/#website\"},\"primaryImageOfPage\":{\"@id\":\"https:\\\/\\\/ajanscyprus.com\\\/2026\\\/04\\\/09\\\/selcuk-bayraktaroglu-mavi-vatan-tatbikati-turkiyenin-caydirici-gucunu-gosterdi\\\/#primaryimage\"},\"image\":{\"@id\":\"https:\\\/\\\/ajanscyprus.com\\\/2026\\\/04\\\/09\\\/selcuk-bayraktaroglu-mavi-vatan-tatbikati-turkiyenin-caydirici-gucunu-gosterdi\\\/#primaryimage\"},\"thumbnailUrl\":\"https:\\\/\\\/ajanscyprus.com\\\/wp-content\\\/uploads\\\/2026\\\/04\\\/1775751552542Ekran-goruntusu-2026-04-09-191858.png\",\"datePublished\":\"2026-04-09T19:05:24+00:00\",\"description\":\"Genelkurmay Ba\u015fkan\u0131 Sel\u00e7uk Bayraktaro\u011flu, Mavi Vatan-2026 Tatbikat\u0131\u2019n\u0131n T\u00fcrkiye\u2019nin denizlerdeki cayd\u0131r\u0131c\u0131 g\u00fcc\u00fcn\u00fc ortaya koydu\u011funu a\u00e7\u0131klad\u0131.\",\"breadcrumb\":{\"@id\":\"https:\\\/\\\/ajanscyprus.com\\\/2026\\\/04\\\/09\\\/selcuk-bayraktaroglu-mavi-vatan-tatbikati-turkiyenin-caydirici-gucunu-gosterdi\\\/#breadcrumb\"},\"inLanguage\":\"tr\",\"potentialAction\":[{\"@type\":\"ReadAction\",\"target\":[\"https:\\\/\\\/ajanscyprus.com\\\/2026\\\/04\\\/09\\\/selcuk-bayraktaroglu-mavi-vatan-tatbikati-turkiyenin-caydirici-gucunu-gosterdi\\\/\"]}]},{\"@type\":\"ImageObject\",\"inLanguage\":\"tr\",\"@id\":\"https:\\\/\\\/ajanscyprus.com\\\/2026\\\/04\\\/09\\\/selcuk-bayraktaroglu-mavi-vatan-tatbikati-turkiyenin-caydirici-gucunu-gosterdi\\\/#primaryimage\",\"url\":\"https:\\\/\\\/ajanscyprus.com\\\/wp-content\\\/uploads\\\/2026\\\/04\\\/1775751552542Ekran-goruntusu-2026-04-09-191858.png\",\"contentUrl\":\"https:\\\/\\\/ajanscyprus.com\\\/wp-content\\\/uploads\\\/2026\\\/04\\\/1775751552542Ekran-goruntusu-2026-04-09-191858.png\",\"width\":1280,\"height\":721},{\"@type\":\"BreadcrumbList\",\"@id\":\"https:\\\/\\\/ajanscyprus.com\\\/2026\\\/04\\\/09\\\/selcuk-bayraktaroglu-mavi-vatan-tatbikati-turkiyenin-caydirici-gucunu-gosterdi\\\/#breadcrumb\",\"itemListElement\":[{\"@type\":\"ListItem\",\"position\":1,\"name\":\"Anasayfa\",\"item\":\"https:\\\/\\\/ajanscyprus.com\\\/\"},{\"@type\":\"ListItem\",\"position\":2,\"name\":\"Sel\u00e7uk Bayraktaro\u011flu: Mavi Vatan Tatbikat\u0131 T\u00fcrkiye\u2019nin Cayd\u0131r\u0131c\u0131 G\u00fcc\u00fcn\u00fc G\u00f6sterdi\"}]},{\"@type\":\"WebSite\",\"@id\":\"https:\\\/\\\/ajanscyprus.com\\\/#website\",\"url\":\"https:\\\/\\\/ajanscyprus.com\\\/\",\"name\":\"Ajans Cyprus\",\"description\":\"\",\"publisher\":{\"@id\":\"https:\\\/\\\/ajanscyprus.com\\\/#organization\"},\"potentialAction\":[{\"@type\":\"SearchAction\",\"target\":{\"@type\":\"EntryPoint\",\"urlTemplate\":\"https:\\\/\\\/ajanscyprus.com\\\/?s={search_term_string}\"},\"query-input\":{\"@type\":\"PropertyValueSpecification\",\"valueRequired\":true,\"valueName\":\"search_term_string\"}}],\"inLanguage\":\"tr\"},{\"@type\":\"Organization\",\"@id\":\"https:\\\/\\\/ajanscyprus.com\\\/#organization\",\"name\":\"Ajans Cyprus\",\"alternateName\":\"Ajans Mira Turan Cyprus Media And Production\",\"url\":\"https:\\\/\\\/ajanscyprus.com\\\/\",\"logo\":{\"@type\":\"ImageObject\",\"inLanguage\":\"tr\",\"@id\":\"https:\\\/\\\/ajanscyprus.com\\\/#\\\/schema\\\/logo\\\/image\\\/\",\"url\":\"https:\\\/\\\/ajanscyprus.com\\\/wp-content\\\/uploads\\\/2023\\\/02\\\/AjansCyprus-yuvarlak-logo-e1676491087198.png\",\"contentUrl\":\"https:\\\/\\\/ajanscyprus.com\\\/wp-content\\\/uploads\\\/2023\\\/02\\\/AjansCyprus-yuvarlak-logo-e1676491087198.png\",\"width\":200,\"height\":200,\"caption\":\"Ajans Cyprus\"},\"image\":{\"@id\":\"https:\\\/\\\/ajanscyprus.com\\\/#\\\/schema\\\/logo\\\/image\\\/\"},\"sameAs\":[\"https:\\\/\\\/www.facebook.com\\\/AjansCyprusAC\",\"https:\\\/\\\/x.com\\\/AjansCyprus\"]},{\"@type\":\"Person\",\"@id\":\"https:\\\/\\\/ajanscyprus.com\\\/#\\\/schema\\\/person\\\/bde04f428980a11e6513136d7f10a011\",\"name\":\"admin\",\"image\":{\"@type\":\"ImageObject\",\"inLanguage\":\"tr\",\"@id\":\"https:\\\/\\\/secure.gravatar.com\\\/avatar\\\/7b3584441088d5ca4cd7222e9873c969610760122e804fb99fa589e24cd99cb8?s=96&d=mm&r=g\",\"url\":\"https:\\\/\\\/secure.gravatar.com\\\/avatar\\\/7b3584441088d5ca4cd7222e9873c969610760122e804fb99fa589e24cd99cb8?s=96&d=mm&r=g\",\"contentUrl\":\"https:\\\/\\\/secure.gravatar.com\\\/avatar\\\/7b3584441088d5ca4cd7222e9873c969610760122e804fb99fa589e24cd99cb8?s=96&d=mm&r=g\",\"caption\":\"admin\"},\"sameAs\":[\"https:\\\/\\\/ajanscyprus.com\"],\"url\":\"https:\\\/\\\/ajanscyprus.com\\\/author\\\/admin_r45uydj1\\\/\"}]}<\/script>\n<!-- \/ Yoast SEO plugin. -->","yoast_head_json":{"title":"Sel\u00e7uk Bayraktaro\u011flu: Mavi Vatan Tatbikat\u0131 T\u00fcrkiye\u2019nin Cayd\u0131r\u0131c\u0131 G\u00fcc\u00fcn\u00fc G\u00f6sterdi - Ajans Cyprus","description":"Genelkurmay Ba\u015fkan\u0131 Sel\u00e7uk Bayraktaro\u011flu, Mavi Vatan-2026 Tatbikat\u0131\u2019n\u0131n T\u00fcrkiye\u2019nin denizlerdeki cayd\u0131r\u0131c\u0131 g\u00fcc\u00fcn\u00fc ortaya koydu\u011funu a\u00e7\u0131klad\u0131.","robots":{"index":"index","follow":"follow","max-snippet":"max-snippet:-1","max-image-preview":"max-image-preview:large","max-video-preview":"max-video-preview:-1"},"canonical":"https:\/\/ajanscyprus.com\/2026\/04\/09\/selcuk-bayraktaroglu-mavi-vatan-tatbikati-turkiyenin-caydirici-gucunu-gosterdi\/","og_locale":"tr_TR","og_type":"article","og_title":"Sel\u00e7uk Bayraktaro\u011flu: Mavi Vatan Tatbikat\u0131 T\u00fcrkiye\u2019nin Cayd\u0131r\u0131c\u0131 G\u00fcc\u00fcn\u00fc G\u00f6sterdi - Ajans Cyprus","og_description":"Genelkurmay Ba\u015fkan\u0131 Sel\u00e7uk Bayraktaro\u011flu, Mavi Vatan-2026 Tatbikat\u0131\u2019n\u0131n T\u00fcrkiye\u2019nin denizlerdeki cayd\u0131r\u0131c\u0131 g\u00fcc\u00fcn\u00fc ortaya koydu\u011funu a\u00e7\u0131klad\u0131.","og_url":"https:\/\/ajanscyprus.com\/2026\/04\/09\/selcuk-bayraktaroglu-mavi-vatan-tatbikati-turkiyenin-caydirici-gucunu-gosterdi\/","og_site_name":"Ajans Cyprus","article_publisher":"https:\/\/www.facebook.com\/AjansCyprusAC","article_published_time":"2026-04-09T19:05:24+00:00","og_image":[{"width":1280,"height":721,"url":"https:\/\/ajanscyprus.com\/wp-content\/uploads\/2026\/04\/1775751552542Ekran-goruntusu-2026-04-09-191858.png","type":"image\/png"}],"author":"admin","twitter_card":"summary_large_image","twitter_creator":"@AjansCyprus","twitter_site":"@AjansCyprus","twitter_misc":{"Yazan:":"admin","Tahmini okuma s\u00fcresi":"2 dakika"},"schema":{"@context":"https:\/\/schema.org","@graph":[{"@type":"Article","@id":"https:\/\/ajanscyprus.com\/2026\/04\/09\/selcuk-bayraktaroglu-mavi-vatan-tatbikati-turkiyenin-caydirici-gucunu-gosterdi\/#article","isPartOf":{"@id":"https:\/\/ajanscyprus.com\/2026\/04\/09\/selcuk-bayraktaroglu-mavi-vatan-tatbikati-turkiyenin-caydirici-gucunu-gosterdi\/"},"author":{"name":"admin","@id":"https:\/\/ajanscyprus.com\/#\/schema\/person\/bde04f428980a11e6513136d7f10a011"},"headline":"Sel\u00e7uk Bayraktaro\u011flu: Mavi Vatan Tatbikat\u0131 T\u00fcrkiye\u2019nin Cayd\u0131r\u0131c\u0131 G\u00fcc\u00fcn\u00fc G\u00f6sterdi","datePublished":"2026-04-09T19:05:24+00:00","mainEntityOfPage":{"@id":"https:\/\/ajanscyprus.com\/2026\/04\/09\/selcuk-bayraktaroglu-mavi-vatan-tatbikati-turkiyenin-caydirici-gucunu-gosterdi\/"},"wordCount":333,"publisher":{"@id":"https:\/\/ajanscyprus.com\/#organization"},"image":{"@id":"https:\/\/ajanscyprus.com\/2026\/04\/09\/selcuk-bayraktaroglu-mavi-vatan-tatbikati-turkiyenin-caydirici-gucunu-gosterdi\/#primaryimage"},"thumbnailUrl":"https:\/\/ajanscyprus.com\/wp-content\/uploads\/2026\/04\/1775751552542Ekran-goruntusu-2026-04-09-191858.png","keywords":["askeri tatbikat","Deniz Kuvvetleri","Do\u011fu Akdeniz","\u0130HA","Mavi Vatan Tatbikat\u0131","savunma","Sel\u00e7uk Bayraktaro\u011flu","TB3","tsk","t\u00fcrkiye"],"articleSection":["K\u0131br\u0131s","T\u00fcrkiye"],"inLanguage":"tr"},{"@type":"WebPage","@id":"https:\/\/ajanscyprus.com\/2026\/04\/09\/selcuk-bayraktaroglu-mavi-vatan-tatbikati-turkiyenin-caydirici-gucunu-gosterdi\/","url":"https:\/\/ajanscyprus.com\/2026\/04\/09\/selcuk-bayraktaroglu-mavi-vatan-tatbikati-turkiyenin-caydirici-gucunu-gosterdi\/","name":"Sel\u00e7uk Bayraktaro\u011flu: Mavi Vatan Tatbikat\u0131 T\u00fcrkiye\u2019nin Cayd\u0131r\u0131c\u0131 G\u00fcc\u00fcn\u00fc G\u00f6sterdi - Ajans Cyprus","isPartOf":{"@id":"https:\/\/ajanscyprus.com\/#website"},"primaryImageOfPage":{"@id":"https:\/\/ajanscyprus.com\/2026\/04\/09\/selcuk-bayraktaroglu-mavi-vatan-tatbikati-turkiyenin-caydirici-gucunu-gosterdi\/#primaryimage"},"image":{"@id":"https:\/\/ajanscyprus.com\/2026\/04\/09\/selcuk-bayraktaroglu-mavi-vatan-tatbikati-turkiyenin-caydirici-gucunu-gosterdi\/#primaryimage"},"thumbnailUrl":"https:\/\/ajanscyprus.com\/wp-content\/uploads\/2026\/04\/1775751552542Ekran-goruntusu-2026-04-09-191858.png","datePublished":"2026-04-09T19:05:24+00:00","description":"Genelkurmay Ba\u015fkan\u0131 Sel\u00e7uk Bayraktaro\u011flu, Mavi Vatan-2026 Tatbikat\u0131\u2019n\u0131n T\u00fcrkiye\u2019nin denizlerdeki cayd\u0131r\u0131c\u0131 g\u00fcc\u00fcn\u00fc ortaya koydu\u011funu a\u00e7\u0131klad\u0131.","breadcrumb":{"@id":"https:\/\/ajanscyprus.com\/2026\/04\/09\/selcuk-bayraktaroglu-mavi-vatan-tatbikati-turkiyenin-caydirici-gucunu-gosterdi\/#breadcrumb"},"inLanguage":"tr","potentialAction":[{"@type":"ReadAction","target":["https:\/\/ajanscyprus.com\/2026\/04\/09\/selcuk-bayraktaroglu-mavi-vatan-tatbikati-turkiyenin-caydirici-gucunu-gosterdi\/"]}]},{"@type":"ImageObject","inLanguage":"tr","@id":"https:\/\/ajanscyprus.com\/2026\/04\/09\/selcuk-bayraktaroglu-mavi-vatan-tatbikati-turkiyenin-caydirici-gucunu-gosterdi\/#primaryimage","url":"https:\/\/ajanscyprus.com\/wp-content\/uploads\/2026\/04\/1775751552542Ekran-goruntusu-2026-04-09-191858.png","contentUrl":"https:\/\/ajanscyprus.com\/wp-content\/uploads\/2026\/04\/1775751552542Ekran-goruntusu-2026-04-09-191858.png","width":1280,"height":721},{"@type":"BreadcrumbList","@id":"https:\/\/ajanscyprus.com\/2026\/04\/09\/selcuk-bayraktaroglu-mavi-vatan-tatbikati-turkiyenin-caydirici-gucunu-gosterdi\/#breadcrumb","itemListElement":[{"@type":"ListItem","position":1,"name":"Anasayfa","item":"https:\/\/ajanscyprus.com\/"},{"@type":"ListItem","position":2,"name":"Sel\u00e7uk Bayraktaro\u011flu: Mavi Vatan Tatbikat\u0131 T\u00fcrkiye\u2019nin Cayd\u0131r\u0131c\u0131 G\u00fcc\u00fcn\u00fc G\u00f6sterdi"}]},{"@type":"WebSite","@id":"https:\/\/ajanscyprus.com\/#website","url":"https:\/\/ajanscyprus.com\/","name":"Ajans Cyprus","description":"","publisher":{"@id":"https:\/\/ajanscyprus.com\/#organization"},"potentialAction":[{"@type":"SearchAction","target":{"@type":"EntryPoint","urlTemplate":"https:\/\/ajanscyprus.com\/?s={search_term_string}"},"query-input":{"@type":"PropertyValueSpecification","valueRequired":true,"valueName":"search_term_string"}}],"inLanguage":"tr"},{"@type":"Organization","@id":"https:\/\/ajanscyprus.com\/#organization","name":"Ajans Cyprus","alternateName":"Ajans Mira Turan Cyprus Media And Production","url":"https:\/\/ajanscyprus.com\/","logo":{"@type":"ImageObject","inLanguage":"tr","@id":"https:\/\/ajanscyprus.com\/#\/schema\/logo\/image\/","url":"https:\/\/ajanscyprus.com\/wp-content\/uploads\/2023\/02\/AjansCyprus-yuvarlak-logo-e1676491087198.png","contentUrl":"https:\/\/ajanscyprus.com\/wp-content\/uploads\/2023\/02\/AjansCyprus-yuvarlak-logo-e1676491087198.png","width":200,"height":200,"caption":"Ajans Cyprus"},"image":{"@id":"https:\/\/ajanscyprus.com\/#\/schema\/logo\/image\/"},"sameAs":["https:\/\/www.facebook.com\/AjansCyprusAC","https:\/\/x.com\/AjansCyprus"]},{"@type":"Person","@id":"https:\/\/ajanscyprus.com\/#\/schema\/person\/bde04f428980a11e6513136d7f10a011","name":"admin","image":{"@type":"ImageObject","inLanguage":"tr","@id":"https:\/\/secure.gravatar.com\/avatar\/7b3584441088d5ca4cd7222e9873c969610760122e804fb99fa589e24cd99cb8?s=96&d=mm&r=g","url":"https:\/\/secure.gravatar.com\/avatar\/7b3584441088d5ca4cd7222e9873c969610760122e804fb99fa589e24cd99cb8?s=96&d=mm&r=g","contentUrl":"https:\/\/secure.gravatar.com\/avatar\/7b3584441088d5ca4cd7222e9873c969610760122e804fb99fa589e24cd99cb8?s=96&d=mm&r=g","caption":"admin"},"sameAs":["https:\/\/ajanscyprus.com"],"url":"https:\/\/ajanscyprus.com\/author\/admin_r45uydj1\/"}]}},"jetpack_publicize_connections":[],"_links":{"self":[{"href":"https:\/\/ajanscyprus.com\/wp-json\/wp\/v2\/posts\/198002","targetHints":{"allow":["GET"]}}],"collection":[{"href":"https:\/\/ajanscyprus.com\/wp-json\/wp\/v2\/posts"}],"about":[{"href":"https:\/\/ajanscyprus.com\/wp-json\/wp\/v2\/types\/post"}],"author":[{"embeddable":true,"href":"https:\/\/ajanscyprus.com\/wp-json\/wp\/v2\/users\/1"}],"replies":[{"embeddable":true,"href":"https:\/\/ajanscyprus.com\/wp-json\/wp\/v2\/comments?post=198002"}],"version-history":[{"count":1,"href":"https:\/\/ajanscyprus.com\/wp-json\/wp\/v2\/posts\/198002\/revisions"}],"predecessor-version":[{"id":198004,"href":"https:\/\/ajanscyprus.com\/wp-json\/wp\/v2\/posts\/198002\/revisions\/198004"}],"wp:featuredmedia":[{"embeddable":true,"href":"https:\/\/ajanscyprus.com\/wp-json\/wp\/v2\/media\/198003"}],"wp:attachment":[{"href":"https:\/\/ajanscyprus.com\/wp-json\/wp\/v2\/media?parent=198002"}],"wp:term":[{"taxonomy":"category","embeddable":true,"href":"https:\/\/ajanscyprus.com\/wp-json\/wp\/v2\/categories?post=198002"},{"taxonomy":"post_tag","embeddable":true,"href":"https:\/\/ajanscyprus.com\/wp-json\/wp\/v2\/tags?post=198002"},{"taxonomy":"manset","embeddable":true,"href":"https:\/\/ajanscyprus.com\/wp-json\/wp\/v2\/manset?post=198002"}],"curies":[{"name":"wp","href":"https:\/\/api.w.org\/{rel}","templated":true}]}}