{"id":198005,"date":"2026-04-09T22:11:31","date_gmt":"2026-04-09T19:11:31","guid":{"rendered":"https:\/\/ajanscyprus.com\/?p=198005"},"modified":"2026-04-09T22:11:31","modified_gmt":"2026-04-09T19:11:31","slug":"gazimagusada-korkutan-kaza-arac-kaldirima-cikti-3-yaya-yaralandi","status":"publish","type":"post","link":"https:\/\/ajanscyprus.com\/2026\/04\/09\/gazimagusada-korkutan-kaza-arac-kaldirima-cikti-3-yaya-yaralandi\/","title":{"rendered":"Gazima\u011fusa\u2019da Korkutan Kaza: Ara\u00e7 Kald\u0131r\u0131ma \u00c7\u0131kt\u0131, 3 Yaya Yaraland\u0131"},"content":{"rendered":"<p data-start=\"73\" data-end=\"256\"><em><strong>Gazima\u011fusa\u2019da Do\u011fu Akdeniz \u00dcniversitesi kamp\u00fcs\u00fcnde meydana gelen trafik kazas\u0131nda, kald\u0131r\u0131ma \u00e7\u0131kan bir ara\u00e7 \u00fc\u00e7 yayaya \u00e7arpt\u0131. Kazada yaralanan \u00fc\u00e7 ki\u015fiden ikisinde k\u0131r\u0131k tespit edildi.<\/strong><\/em><\/p>\n<p data-start=\"258\" data-end=\"599\">Polisten verilen bilgiye g\u00f6re, olay bug\u00fcn \u00f6\u011fle saatlerinde Albert Einstein Sokak\u2019ta ya\u015fand\u0131. Demir Gener (20) y\u00f6netimindeki PY 592 plakal\u0131 salon ara\u00e7, tehlikeli \u015fekilde seyretti\u011fi s\u0131rada kald\u0131r\u0131ma \u00e7\u0131karak yaya Necat \u015eenkurt (19), Enver Aydener (19) ve \u0130brahim Efe Buldu\u2019ya (18) \u00e7arpt\u0131. Ara\u00e7, ard\u0131ndan bah\u00e7e korkuluklar\u0131na \u00e7arparak durabildi.<\/p>\n<p data-start=\"601\" data-end=\"784\">Kazada yaralanan \u00fc\u00e7 ki\u015fi Gazima\u011fusa Devlet Hastanesi\u2019ne kald\u0131r\u0131ld\u0131. Yap\u0131lan kontrollerde Enver Aydener\u2019in sa\u011f kolunda, Necat \u015eenkurt\u2019un ise sa\u011f ayak topu\u011funda k\u0131r\u0131k oldu\u011fu belirlendi.<\/p>\n<p data-start=\"786\" data-end=\"928\">Kazaya neden olan s\u00fcr\u00fcc\u00fc Demir Gener, tehlikeli ara\u00e7 kullanma ve trafik kazas\u0131 yapma su\u00e7lar\u0131ndan tutukland\u0131. Olayla ilgili soru\u015fturma s\u00fcr\u00fcyor.<\/p><div class=\"kanews-banner kanews-banner-single\"><img loading=\"lazy\" decoding=\"async\" src=\"https:\/\/ajanscyprus.com\/wp-content\/uploads\/2026\/04\/meRIT-bANNER.jpeg\" alt=\"\" width=\"970\" height=\"90\" class=\"alignnone size-full wp-image-62349\" \/><\/div>\n","protected":false},"excerpt":{"rendered":"<p>Gazima\u011fusa\u2019da Do\u011fu Akdeniz \u00dcniversitesi kamp\u00fcs\u00fcnde meydana gelen trafik kazas\u0131nda, kald\u0131r\u0131ma \u00e7\u0131kan bir ara\u00e7 \u00fc\u00e7 yayaya \u00e7arpt\u0131.&#46;&#46;&#46;<\/p>\n","protected":false},"author":1,"featured_media":167254,"comment_status":"closed","ping_status":"closed","sticky":false,"template":"","format":"standard","meta":{"footnotes":"","jetpack_publicize_message":"","jetpack_publicize_feature_enabled":true,"jetpack_social_post_already_shared":true,"jetpack_social_options":{"image_generator_settings":{"template":"highway","default_image_id":0,"font":"","enabled":false},"version":2}},"categories":[48],"tags":[62755,5320,7165,9884,10310,11083,15124,18245,18753,19745],"manset":[],"class_list":["post-198005","post","type-post","status-publish","format-standard","has-post-thumbnail","hentry","category-kibris","tag-demir-gener","tag-dogu-akdeniz-universitesi","tag-gazimagusa","tag-kaldirim","tag-kaza","tag-kktc","tag-polis","tag-trafik-kazasi","tag-tutuklama","tag-yarali"],"yoast_head":"<!-- This site is optimized with the Yoast SEO plugin v27.5 - https:\/\/yoast.com\/product\/yoast-seo-wordpress\/ -->\n<title>Gazima\u011fusa\u2019da Korkutan Kaza: Ara\u00e7 Kald\u0131r\u0131ma \u00c7\u0131kt\u0131, 3 Yaya Yaraland\u0131 - Ajans Cyprus<\/title>\n<meta name=\"description\" content=\"Gazima\u011fusa\u2019da kald\u0131r\u0131ma \u00e7\u0131kan ara\u00e7 \u00fc\u00e7 yayaya \u00e7arpt\u0131. Kazada 3 ki\u015fi yaralan\u0131rken, 2 ki\u015fide k\u0131r\u0131k tespit edildi. S\u00fcr\u00fcc\u00fc tutukland\u0131.\" \/>\n<meta name=\"robots\" content=\"index, follow, max-snippet:-1, max-image-preview:large, max-video-preview:-1\" \/>\n<link rel=\"canonical\" href=\"https:\/\/ajanscyprus.com\/2026\/04\/09\/gazimagusada-korkutan-kaza-arac-kaldirima-cikti-3-yaya-yaralandi\/\" \/>\n<meta property=\"og:locale\" content=\"tr_TR\" \/>\n<meta property=\"og:type\" content=\"article\" \/>\n<meta property=\"og:title\" content=\"Gazima\u011fusa\u2019da Korkutan Kaza: Ara\u00e7 Kald\u0131r\u0131ma \u00c7\u0131kt\u0131, 3 Yaya Yaraland\u0131 - Ajans Cyprus\" \/>\n<meta property=\"og:description\" content=\"Gazima\u011fusa\u2019da kald\u0131r\u0131ma \u00e7\u0131kan ara\u00e7 \u00fc\u00e7 yayaya \u00e7arpt\u0131. Kazada 3 ki\u015fi yaralan\u0131rken, 2 ki\u015fide k\u0131r\u0131k tespit edildi. S\u00fcr\u00fcc\u00fc tutukland\u0131.\" \/>\n<meta property=\"og:url\" content=\"https:\/\/ajanscyprus.com\/2026\/04\/09\/gazimagusada-korkutan-kaza-arac-kaldirima-cikti-3-yaya-yaralandi\/\" \/>\n<meta property=\"og:site_name\" content=\"Ajans Cyprus\" \/>\n<meta property=\"article:publisher\" content=\"https:\/\/www.facebook.com\/AjansCyprusAC\" \/>\n<meta property=\"article:published_time\" content=\"2026-04-09T19:11:31+00:00\" \/>\n<meta property=\"og:image\" content=\"https:\/\/ajanscyprus.com\/wp-content\/uploads\/2025\/04\/POLIS-KHA-696x375-1.jpg\" \/>\n\t<meta property=\"og:image:width\" content=\"696\" \/>\n\t<meta property=\"og:image:height\" content=\"375\" \/>\n\t<meta property=\"og:image:type\" content=\"image\/jpeg\" \/>\n<meta name=\"author\" content=\"admin\" \/>\n<meta name=\"twitter:card\" content=\"summary_large_image\" \/>\n<meta name=\"twitter:creator\" content=\"@AjansCyprus\" \/>\n<meta name=\"twitter:site\" content=\"@AjansCyprus\" \/>\n<meta name=\"twitter:label1\" content=\"Yazan:\" \/>\n\t<meta name=\"twitter:data1\" content=\"admin\" \/>\n\t<meta name=\"twitter:label2\" content=\"Tahmini okuma s\u00fcresi\" \/>\n\t<meta name=\"twitter:data2\" content=\"1 dakika\" \/>\n<script type=\"application\/ld+json\" class=\"yoast-schema-graph\">{\"@context\":\"https:\\\/\\\/schema.org\",\"@graph\":[{\"@type\":\"Article\",\"@id\":\"https:\\\/\\\/ajanscyprus.com\\\/2026\\\/04\\\/09\\\/gazimagusada-korkutan-kaza-arac-kaldirima-cikti-3-yaya-yaralandi\\\/#article\",\"isPartOf\":{\"@id\":\"https:\\\/\\\/ajanscyprus.com\\\/2026\\\/04\\\/09\\\/gazimagusada-korkutan-kaza-arac-kaldirima-cikti-3-yaya-yaralandi\\\/\"},\"author\":{\"name\":\"admin\",\"@id\":\"https:\\\/\\\/ajanscyprus.com\\\/#\\\/schema\\\/person\\\/bde04f428980a11e6513136d7f10a011\"},\"headline\":\"Gazima\u011fusa\u2019da Korkutan Kaza: Ara\u00e7 Kald\u0131r\u0131ma \u00c7\u0131kt\u0131, 3 Yaya Yaraland\u0131\",\"datePublished\":\"2026-04-09T19:11:31+00:00\",\"mainEntityOfPage\":{\"@id\":\"https:\\\/\\\/ajanscyprus.com\\\/2026\\\/04\\\/09\\\/gazimagusada-korkutan-kaza-arac-kaldirima-cikti-3-yaya-yaralandi\\\/\"},\"wordCount\":159,\"publisher\":{\"@id\":\"https:\\\/\\\/ajanscyprus.com\\\/#organization\"},\"image\":{\"@id\":\"https:\\\/\\\/ajanscyprus.com\\\/2026\\\/04\\\/09\\\/gazimagusada-korkutan-kaza-arac-kaldirima-cikti-3-yaya-yaralandi\\\/#primaryimage\"},\"thumbnailUrl\":\"https:\\\/\\\/ajanscyprus.com\\\/wp-content\\\/uploads\\\/2025\\\/04\\\/POLIS-KHA-696x375-1.jpg\",\"keywords\":[\"Demir Gener\",\"Do\u011fu Akdeniz \u00dcniversitesi\",\"gazima\u011fusa\",\"kald\u0131r\u0131m\",\"kaza\",\"kktc\",\"polis\",\"trafik kazas\u0131\",\"tutuklama\",\"yaral\u0131\"],\"articleSection\":[\"K\u0131br\u0131s\"],\"inLanguage\":\"tr\"},{\"@type\":\"WebPage\",\"@id\":\"https:\\\/\\\/ajanscyprus.com\\\/2026\\\/04\\\/09\\\/gazimagusada-korkutan-kaza-arac-kaldirima-cikti-3-yaya-yaralandi\\\/\",\"url\":\"https:\\\/\\\/ajanscyprus.com\\\/2026\\\/04\\\/09\\\/gazimagusada-korkutan-kaza-arac-kaldirima-cikti-3-yaya-yaralandi\\\/\",\"name\":\"Gazima\u011fusa\u2019da Korkutan Kaza: Ara\u00e7 Kald\u0131r\u0131ma \u00c7\u0131kt\u0131, 3 Yaya Yaraland\u0131 - Ajans Cyprus\",\"isPartOf\":{\"@id\":\"https:\\\/\\\/ajanscyprus.com\\\/#website\"},\"primaryImageOfPage\":{\"@id\":\"https:\\\/\\\/ajanscyprus.com\\\/2026\\\/04\\\/09\\\/gazimagusada-korkutan-kaza-arac-kaldirima-cikti-3-yaya-yaralandi\\\/#primaryimage\"},\"image\":{\"@id\":\"https:\\\/\\\/ajanscyprus.com\\\/2026\\\/04\\\/09\\\/gazimagusada-korkutan-kaza-arac-kaldirima-cikti-3-yaya-yaralandi\\\/#primaryimage\"},\"thumbnailUrl\":\"https:\\\/\\\/ajanscyprus.com\\\/wp-content\\\/uploads\\\/2025\\\/04\\\/POLIS-KHA-696x375-1.jpg\",\"datePublished\":\"2026-04-09T19:11:31+00:00\",\"description\":\"Gazima\u011fusa\u2019da kald\u0131r\u0131ma \u00e7\u0131kan ara\u00e7 \u00fc\u00e7 yayaya \u00e7arpt\u0131. Kazada 3 ki\u015fi yaralan\u0131rken, 2 ki\u015fide k\u0131r\u0131k tespit edildi. S\u00fcr\u00fcc\u00fc tutukland\u0131.\",\"breadcrumb\":{\"@id\":\"https:\\\/\\\/ajanscyprus.com\\\/2026\\\/04\\\/09\\\/gazimagusada-korkutan-kaza-arac-kaldirima-cikti-3-yaya-yaralandi\\\/#breadcrumb\"},\"inLanguage\":\"tr\",\"potentialAction\":[{\"@type\":\"ReadAction\",\"target\":[\"https:\\\/\\\/ajanscyprus.com\\\/2026\\\/04\\\/09\\\/gazimagusada-korkutan-kaza-arac-kaldirima-cikti-3-yaya-yaralandi\\\/\"]}]},{\"@type\":\"ImageObject\",\"inLanguage\":\"tr\",\"@id\":\"https:\\\/\\\/ajanscyprus.com\\\/2026\\\/04\\\/09\\\/gazimagusada-korkutan-kaza-arac-kaldirima-cikti-3-yaya-yaralandi\\\/#primaryimage\",\"url\":\"https:\\\/\\\/ajanscyprus.com\\\/wp-content\\\/uploads\\\/2025\\\/04\\\/POLIS-KHA-696x375-1.jpg\",\"contentUrl\":\"https:\\\/\\\/ajanscyprus.com\\\/wp-content\\\/uploads\\\/2025\\\/04\\\/POLIS-KHA-696x375-1.jpg\",\"width\":696,\"height\":375},{\"@type\":\"BreadcrumbList\",\"@id\":\"https:\\\/\\\/ajanscyprus.com\\\/2026\\\/04\\\/09\\\/gazimagusada-korkutan-kaza-arac-kaldirima-cikti-3-yaya-yaralandi\\\/#breadcrumb\",\"itemListElement\":[{\"@type\":\"ListItem\",\"position\":1,\"name\":\"Anasayfa\",\"item\":\"https:\\\/\\\/ajanscyprus.com\\\/\"},{\"@type\":\"ListItem\",\"position\":2,\"name\":\"Gazima\u011fusa\u2019da Korkutan Kaza: Ara\u00e7 Kald\u0131r\u0131ma \u00c7\u0131kt\u0131, 3 Yaya Yaraland\u0131\"}]},{\"@type\":\"WebSite\",\"@id\":\"https:\\\/\\\/ajanscyprus.com\\\/#website\",\"url\":\"https:\\\/\\\/ajanscyprus.com\\\/\",\"name\":\"Ajans Cyprus\",\"description\":\"\",\"publisher\":{\"@id\":\"https:\\\/\\\/ajanscyprus.com\\\/#organization\"},\"potentialAction\":[{\"@type\":\"SearchAction\",\"target\":{\"@type\":\"EntryPoint\",\"urlTemplate\":\"https:\\\/\\\/ajanscyprus.com\\\/?s={search_term_string}\"},\"query-input\":{\"@type\":\"PropertyValueSpecification\",\"valueRequired\":true,\"valueName\":\"search_term_string\"}}],\"inLanguage\":\"tr\"},{\"@type\":\"Organization\",\"@id\":\"https:\\\/\\\/ajanscyprus.com\\\/#organization\",\"name\":\"Ajans Cyprus\",\"alternateName\":\"Ajans Mira Turan Cyprus Media And Production\",\"url\":\"https:\\\/\\\/ajanscyprus.com\\\/\",\"logo\":{\"@type\":\"ImageObject\",\"inLanguage\":\"tr\",\"@id\":\"https:\\\/\\\/ajanscyprus.com\\\/#\\\/schema\\\/logo\\\/image\\\/\",\"url\":\"https:\\\/\\\/ajanscyprus.com\\\/wp-content\\\/uploads\\\/2023\\\/02\\\/AjansCyprus-yuvarlak-logo-e1676491087198.png\",\"contentUrl\":\"https:\\\/\\\/ajanscyprus.com\\\/wp-content\\\/uploads\\\/2023\\\/02\\\/AjansCyprus-yuvarlak-logo-e1676491087198.png\",\"width\":200,\"height\":200,\"caption\":\"Ajans Cyprus\"},\"image\":{\"@id\":\"https:\\\/\\\/ajanscyprus.com\\\/#\\\/schema\\\/logo\\\/image\\\/\"},\"sameAs\":[\"https:\\\/\\\/www.facebook.com\\\/AjansCyprusAC\",\"https:\\\/\\\/x.com\\\/AjansCyprus\"]},{\"@type\":\"Person\",\"@id\":\"https:\\\/\\\/ajanscyprus.com\\\/#\\\/schema\\\/person\\\/bde04f428980a11e6513136d7f10a011\",\"name\":\"admin\",\"image\":{\"@type\":\"ImageObject\",\"inLanguage\":\"tr\",\"@id\":\"https:\\\/\\\/secure.gravatar.com\\\/avatar\\\/7b3584441088d5ca4cd7222e9873c969610760122e804fb99fa589e24cd99cb8?s=96&d=mm&r=g\",\"url\":\"https:\\\/\\\/secure.gravatar.com\\\/avatar\\\/7b3584441088d5ca4cd7222e9873c969610760122e804fb99fa589e24cd99cb8?s=96&d=mm&r=g\",\"contentUrl\":\"https:\\\/\\\/secure.gravatar.com\\\/avatar\\\/7b3584441088d5ca4cd7222e9873c969610760122e804fb99fa589e24cd99cb8?s=96&d=mm&r=g\",\"caption\":\"admin\"},\"sameAs\":[\"https:\\\/\\\/ajanscyprus.com\"],\"url\":\"https:\\\/\\\/ajanscyprus.com\\\/author\\\/admin_r45uydj1\\\/\"}]}<\/script>\n<!-- \/ Yoast SEO plugin. -->","yoast_head_json":{"title":"Gazima\u011fusa\u2019da Korkutan Kaza: Ara\u00e7 Kald\u0131r\u0131ma \u00c7\u0131kt\u0131, 3 Yaya Yaraland\u0131 - Ajans Cyprus","description":"Gazima\u011fusa\u2019da kald\u0131r\u0131ma \u00e7\u0131kan ara\u00e7 \u00fc\u00e7 yayaya \u00e7arpt\u0131. Kazada 3 ki\u015fi yaralan\u0131rken, 2 ki\u015fide k\u0131r\u0131k tespit edildi. S\u00fcr\u00fcc\u00fc tutukland\u0131.","robots":{"index":"index","follow":"follow","max-snippet":"max-snippet:-1","max-image-preview":"max-image-preview:large","max-video-preview":"max-video-preview:-1"},"canonical":"https:\/\/ajanscyprus.com\/2026\/04\/09\/gazimagusada-korkutan-kaza-arac-kaldirima-cikti-3-yaya-yaralandi\/","og_locale":"tr_TR","og_type":"article","og_title":"Gazima\u011fusa\u2019da Korkutan Kaza: Ara\u00e7 Kald\u0131r\u0131ma \u00c7\u0131kt\u0131, 3 Yaya Yaraland\u0131 - Ajans Cyprus","og_description":"Gazima\u011fusa\u2019da kald\u0131r\u0131ma \u00e7\u0131kan ara\u00e7 \u00fc\u00e7 yayaya \u00e7arpt\u0131. Kazada 3 ki\u015fi yaralan\u0131rken, 2 ki\u015fide k\u0131r\u0131k tespit edildi. S\u00fcr\u00fcc\u00fc tutukland\u0131.","og_url":"https:\/\/ajanscyprus.com\/2026\/04\/09\/gazimagusada-korkutan-kaza-arac-kaldirima-cikti-3-yaya-yaralandi\/","og_site_name":"Ajans Cyprus","article_publisher":"https:\/\/www.facebook.com\/AjansCyprusAC","article_published_time":"2026-04-09T19:11:31+00:00","og_image":[{"width":696,"height":375,"url":"https:\/\/ajanscyprus.com\/wp-content\/uploads\/2025\/04\/POLIS-KHA-696x375-1.jpg","type":"image\/jpeg"}],"author":"admin","twitter_card":"summary_large_image","twitter_creator":"@AjansCyprus","twitter_site":"@AjansCyprus","twitter_misc":{"Yazan:":"admin","Tahmini okuma s\u00fcresi":"1 dakika"},"schema":{"@context":"https:\/\/schema.org","@graph":[{"@type":"Article","@id":"https:\/\/ajanscyprus.com\/2026\/04\/09\/gazimagusada-korkutan-kaza-arac-kaldirima-cikti-3-yaya-yaralandi\/#article","isPartOf":{"@id":"https:\/\/ajanscyprus.com\/2026\/04\/09\/gazimagusada-korkutan-kaza-arac-kaldirima-cikti-3-yaya-yaralandi\/"},"author":{"name":"admin","@id":"https:\/\/ajanscyprus.com\/#\/schema\/person\/bde04f428980a11e6513136d7f10a011"},"headline":"Gazima\u011fusa\u2019da Korkutan Kaza: Ara\u00e7 Kald\u0131r\u0131ma \u00c7\u0131kt\u0131, 3 Yaya Yaraland\u0131","datePublished":"2026-04-09T19:11:31+00:00","mainEntityOfPage":{"@id":"https:\/\/ajanscyprus.com\/2026\/04\/09\/gazimagusada-korkutan-kaza-arac-kaldirima-cikti-3-yaya-yaralandi\/"},"wordCount":159,"publisher":{"@id":"https:\/\/ajanscyprus.com\/#organization"},"image":{"@id":"https:\/\/ajanscyprus.com\/2026\/04\/09\/gazimagusada-korkutan-kaza-arac-kaldirima-cikti-3-yaya-yaralandi\/#primaryimage"},"thumbnailUrl":"https:\/\/ajanscyprus.com\/wp-content\/uploads\/2025\/04\/POLIS-KHA-696x375-1.jpg","keywords":["Demir Gener","Do\u011fu Akdeniz \u00dcniversitesi","gazima\u011fusa","kald\u0131r\u0131m","kaza","kktc","polis","trafik kazas\u0131","tutuklama","yaral\u0131"],"articleSection":["K\u0131br\u0131s"],"inLanguage":"tr"},{"@type":"WebPage","@id":"https:\/\/ajanscyprus.com\/2026\/04\/09\/gazimagusada-korkutan-kaza-arac-kaldirima-cikti-3-yaya-yaralandi\/","url":"https:\/\/ajanscyprus.com\/2026\/04\/09\/gazimagusada-korkutan-kaza-arac-kaldirima-cikti-3-yaya-yaralandi\/","name":"Gazima\u011fusa\u2019da Korkutan Kaza: Ara\u00e7 Kald\u0131r\u0131ma \u00c7\u0131kt\u0131, 3 Yaya Yaraland\u0131 - Ajans Cyprus","isPartOf":{"@id":"https:\/\/ajanscyprus.com\/#website"},"primaryImageOfPage":{"@id":"https:\/\/ajanscyprus.com\/2026\/04\/09\/gazimagusada-korkutan-kaza-arac-kaldirima-cikti-3-yaya-yaralandi\/#primaryimage"},"image":{"@id":"https:\/\/ajanscyprus.com\/2026\/04\/09\/gazimagusada-korkutan-kaza-arac-kaldirima-cikti-3-yaya-yaralandi\/#primaryimage"},"thumbnailUrl":"https:\/\/ajanscyprus.com\/wp-content\/uploads\/2025\/04\/POLIS-KHA-696x375-1.jpg","datePublished":"2026-04-09T19:11:31+00:00","description":"Gazima\u011fusa\u2019da kald\u0131r\u0131ma \u00e7\u0131kan ara\u00e7 \u00fc\u00e7 yayaya \u00e7arpt\u0131. Kazada 3 ki\u015fi yaralan\u0131rken, 2 ki\u015fide k\u0131r\u0131k tespit edildi. S\u00fcr\u00fcc\u00fc tutukland\u0131.","breadcrumb":{"@id":"https:\/\/ajanscyprus.com\/2026\/04\/09\/gazimagusada-korkutan-kaza-arac-kaldirima-cikti-3-yaya-yaralandi\/#breadcrumb"},"inLanguage":"tr","potentialAction":[{"@type":"ReadAction","target":["https:\/\/ajanscyprus.com\/2026\/04\/09\/gazimagusada-korkutan-kaza-arac-kaldirima-cikti-3-yaya-yaralandi\/"]}]},{"@type":"ImageObject","inLanguage":"tr","@id":"https:\/\/ajanscyprus.com\/2026\/04\/09\/gazimagusada-korkutan-kaza-arac-kaldirima-cikti-3-yaya-yaralandi\/#primaryimage","url":"https:\/\/ajanscyprus.com\/wp-content\/uploads\/2025\/04\/POLIS-KHA-696x375-1.jpg","contentUrl":"https:\/\/ajanscyprus.com\/wp-content\/uploads\/2025\/04\/POLIS-KHA-696x375-1.jpg","width":696,"height":375},{"@type":"BreadcrumbList","@id":"https:\/\/ajanscyprus.com\/2026\/04\/09\/gazimagusada-korkutan-kaza-arac-kaldirima-cikti-3-yaya-yaralandi\/#breadcrumb","itemListElement":[{"@type":"ListItem","position":1,"name":"Anasayfa","item":"https:\/\/ajanscyprus.com\/"},{"@type":"ListItem","position":2,"name":"Gazima\u011fusa\u2019da Korkutan Kaza: Ara\u00e7 Kald\u0131r\u0131ma \u00c7\u0131kt\u0131, 3 Yaya Yaraland\u0131"}]},{"@type":"WebSite","@id":"https:\/\/ajanscyprus.com\/#website","url":"https:\/\/ajanscyprus.com\/","name":"Ajans Cyprus","description":"","publisher":{"@id":"https:\/\/ajanscyprus.com\/#organization"},"potentialAction":[{"@type":"SearchAction","target":{"@type":"EntryPoint","urlTemplate":"https:\/\/ajanscyprus.com\/?s={search_term_string}"},"query-input":{"@type":"PropertyValueSpecification","valueRequired":true,"valueName":"search_term_string"}}],"inLanguage":"tr"},{"@type":"Organization","@id":"https:\/\/ajanscyprus.com\/#organization","name":"Ajans Cyprus","alternateName":"Ajans Mira Turan Cyprus Media And Production","url":"https:\/\/ajanscyprus.com\/","logo":{"@type":"ImageObject","inLanguage":"tr","@id":"https:\/\/ajanscyprus.com\/#\/schema\/logo\/image\/","url":"https:\/\/ajanscyprus.com\/wp-content\/uploads\/2023\/02\/AjansCyprus-yuvarlak-logo-e1676491087198.png","contentUrl":"https:\/\/ajanscyprus.com\/wp-content\/uploads\/2023\/02\/AjansCyprus-yuvarlak-logo-e1676491087198.png","width":200,"height":200,"caption":"Ajans Cyprus"},"image":{"@id":"https:\/\/ajanscyprus.com\/#\/schema\/logo\/image\/"},"sameAs":["https:\/\/www.facebook.com\/AjansCyprusAC","https:\/\/x.com\/AjansCyprus"]},{"@type":"Person","@id":"https:\/\/ajanscyprus.com\/#\/schema\/person\/bde04f428980a11e6513136d7f10a011","name":"admin","image":{"@type":"ImageObject","inLanguage":"tr","@id":"https:\/\/secure.gravatar.com\/avatar\/7b3584441088d5ca4cd7222e9873c969610760122e804fb99fa589e24cd99cb8?s=96&d=mm&r=g","url":"https:\/\/secure.gravatar.com\/avatar\/7b3584441088d5ca4cd7222e9873c969610760122e804fb99fa589e24cd99cb8?s=96&d=mm&r=g","contentUrl":"https:\/\/secure.gravatar.com\/avatar\/7b3584441088d5ca4cd7222e9873c969610760122e804fb99fa589e24cd99cb8?s=96&d=mm&r=g","caption":"admin"},"sameAs":["https:\/\/ajanscyprus.com"],"url":"https:\/\/ajanscyprus.com\/author\/admin_r45uydj1\/"}]}},"jetpack_publicize_connections":[],"_links":{"self":[{"href":"https:\/\/ajanscyprus.com\/wp-json\/wp\/v2\/posts\/198005","targetHints":{"allow":["GET"]}}],"collection":[{"href":"https:\/\/ajanscyprus.com\/wp-json\/wp\/v2\/posts"}],"about":[{"href":"https:\/\/ajanscyprus.com\/wp-json\/wp\/v2\/types\/post"}],"author":[{"embeddable":true,"href":"https:\/\/ajanscyprus.com\/wp-json\/wp\/v2\/users\/1"}],"replies":[{"embeddable":true,"href":"https:\/\/ajanscyprus.com\/wp-json\/wp\/v2\/comments?post=198005"}],"version-history":[{"count":1,"href":"https:\/\/ajanscyprus.com\/wp-json\/wp\/v2\/posts\/198005\/revisions"}],"predecessor-version":[{"id":198006,"href":"https:\/\/ajanscyprus.com\/wp-json\/wp\/v2\/posts\/198005\/revisions\/198006"}],"wp:featuredmedia":[{"embeddable":true,"href":"https:\/\/ajanscyprus.com\/wp-json\/wp\/v2\/media\/167254"}],"wp:attachment":[{"href":"https:\/\/ajanscyprus.com\/wp-json\/wp\/v2\/media?parent=198005"}],"wp:term":[{"taxonomy":"category","embeddable":true,"href":"https:\/\/ajanscyprus.com\/wp-json\/wp\/v2\/categories?post=198005"},{"taxonomy":"post_tag","embeddable":true,"href":"https:\/\/ajanscyprus.com\/wp-json\/wp\/v2\/tags?post=198005"},{"taxonomy":"manset","embeddable":true,"href":"https:\/\/ajanscyprus.com\/wp-json\/wp\/v2\/manset?post=198005"}],"curies":[{"name":"wp","href":"https:\/\/api.w.org\/{rel}","templated":true}]}}