{"id":198010,"date":"2026-04-09T22:33:09","date_gmt":"2026-04-09T19:33:09","guid":{"rendered":"https:\/\/ajanscyprus.com\/?p=198010"},"modified":"2026-04-09T22:33:09","modified_gmt":"2026-04-09T19:33:09","slug":"erken-secim-kapida-mi-ustelden-kritik-sozler","status":"publish","type":"post","link":"https:\/\/ajanscyprus.com\/2026\/04\/09\/erken-secim-kapida-mi-ustelden-kritik-sozler\/","title":{"rendered":"Erken Se\u00e7im Kap\u0131da m\u0131? \u00dcstel\u2019den Kritik S\u00f6zler"},"content":{"rendered":"<p data-start=\"75\" data-end=\"330\"><em><strong>Ba\u015fbakan <span class=\"hover:entity-accent entity-underline inline cursor-pointer align-baseline\"><span class=\"whitespace-normal\">\u00dcnal \u00dcstel<\/span><\/span>, T\u00fcrkiye ile Kuzey K\u0131br\u0131s T\u00fcrk Cumhuriyeti aras\u0131ndaki ili\u015fkilerin ortak tarih, kader ve g\u00fcven temelinde \u015fekillenen k\u00f6kl\u00fc bir karde\u015fli\u011fe dayand\u0131\u011f\u0131n\u0131 vurgulayarak, \u201c\u00c7\u00f6z\u00fcm\u00fcn ad\u0131 nettir: iki devletli \u00e7\u00f6z\u00fcm\u201d dedi.<\/strong><\/em><\/p>\n<p data-start=\"332\" data-end=\"535\">\u00dcstel, T\u00fcrkiye Cumhuriyeti Cumhurba\u015fkan\u0131 Yard\u0131mc\u0131s\u0131 <span class=\"hover:entity-accent entity-underline inline cursor-pointer align-baseline\"><span class=\"whitespace-normal\">Cevdet Y\u0131lmaz<\/span><\/span> ile birlikte 2026 \u0130ktisadi ve Mali \u0130\u015f Birli\u011fi Anla\u015fmas\u0131\u2019n\u0131n imzalanmas\u0131n\u0131n ard\u0131ndan bas\u0131na a\u00e7\u0131klamalarda bulundu.<\/p>\n<h3 data-start=\"537\" data-end=\"585\">\u201cT\u00fcrkiye, KKTC\u2019nin G\u00fcvenli\u011finin Teminat\u0131d\u0131r\u201d<\/h3>\n<p data-start=\"587\" data-end=\"911\">T\u00fcrkiye\u2019nin yaln\u0131zca finansal destek sa\u011flayan bir \u00fclke olmad\u0131\u011f\u0131n\u0131 belirten \u00dcstel, ayn\u0131 zamanda KKTC\u2019nin g\u00fcvenli\u011finin ve varl\u0131\u011f\u0131n\u0131n en g\u00fc\u00e7l\u00fc teminat\u0131 oldu\u011funu s\u00f6yledi. B\u00f6lgedeki sava\u015flar ve artan g\u00fcvenlik risklerine dikkat \u00e7eken \u00dcstel, K\u0131br\u0131s\u2019\u0131n g\u00fcneyinde farkl\u0131 \u00fclkelere ait askeri unsurlar\u0131n konu\u015fland\u0131r\u0131ld\u0131\u011f\u0131n\u0131 ifade etti.<\/p>\n<p data-start=\"913\" data-end=\"1069\">\u201cD\u00f6rt yan\u0131m\u0131z ate\u015fler i\u00e7indeyken huzur i\u00e7inde ya\u015f\u0131yorsak bu T\u00fcrkiye sayesindedir\u201d diyen \u00dcstel, g\u00fcvenlik ve garantilerden asla vazge\u00e7meyeceklerini vurgulad\u0131.<\/p><div class=\"kanews-banner kanews-banner-single\"><img loading=\"lazy\" decoding=\"async\" src=\"https:\/\/ajanscyprus.com\/wp-content\/uploads\/2026\/04\/meRIT-bANNER.jpeg\" alt=\"\" width=\"970\" height=\"90\" class=\"alignnone size-full wp-image-62349\" \/><\/div>\n<h3 data-start=\"1071\" data-end=\"1107\">\u201c\u00c7\u00f6z\u00fcm\u00fcn Ad\u0131 Nettir: \u0130ki Devlet\u201d<\/h3>\n<p data-start=\"1109\" data-end=\"1313\">K\u0131br\u0131s meselesine ili\u015fkin de\u011ferlendirmelerde bulunan \u00dcstel, egemen e\u015fitlik ve e\u015fit uluslararas\u0131 stat\u00fc kabul edilmeden kal\u0131c\u0131 bir \u00e7\u00f6z\u00fcm\u00fcn m\u00fcmk\u00fcn olmad\u0131\u011f\u0131n\u0131 belirterek, iki devletli \u00e7\u00f6z\u00fcm modelini yineledi.<\/p>\n<h3 data-start=\"1315\" data-end=\"1342\">25 Milyar TL\u2019lik Kaynak<\/h3>\n<p data-start=\"1344\" data-end=\"1634\">\u0130mzalanan anla\u015fmaya ili\u015fkin bilgi veren \u00dcstel, yakla\u015f\u0131k 23 milyar TL olarak imzalanan protokol\u00fcn y\u0131l i\u00e7indeki katk\u0131larla birlikte 25 milyar TL\u2019ye ula\u015faca\u011f\u0131n\u0131 a\u00e7\u0131klad\u0131. S\u00f6z konusu kayna\u011f\u0131n turizm, sanayi, tar\u0131m, KOB\u0130 ve esnaf ba\u015fta olmak \u00fczere bir\u00e7ok sekt\u00f6re destek sa\u011flayaca\u011f\u0131n\u0131 ifade etti.<\/p>\n<p data-start=\"1636\" data-end=\"1768\">\u00dcstel, anla\u015fman\u0131n kamu y\u00f6netimini g\u00fc\u00e7lendirecek reformlar\u0131 ve kurumsal kapasiteyi art\u0131racak yap\u0131sal ad\u0131mlar\u0131 da i\u00e7erdi\u011fini kaydetti.<\/p>\n<h3 data-start=\"1770\" data-end=\"1814\">\u201c2026 Projelerin Tamamlanma Y\u0131l\u0131 Olacak\u201d<\/h3>\n<p data-start=\"1816\" data-end=\"1994\">Devam eden hastane, yol ve okul projelerinin \u00f6nemli bir b\u00f6l\u00fcm\u00fcn\u00fcn 2026 y\u0131l\u0131nda tamamlanaca\u011f\u0131n\u0131 belirten \u00dcstel, bu y\u0131l\u0131 \u201cprojelerin tamamlanma ve a\u00e7\u0131l\u0131\u015f y\u0131l\u0131\u201d olarak nitelendirdi.<\/p>\n<h3 data-start=\"1996\" data-end=\"2041\">\u201cBizim Siyasetimiz \u0130craat \u00dczerine Kurulu\u201d<\/h3>\n<p data-start=\"2043\" data-end=\"2274\">H\u00fck\u00fcmetin son y\u0131llarda en fazla proje \u00fcreten ve tamamlayan h\u00fck\u00fcmet oldu\u011funu s\u00f6yleyen \u00dcstel, istikrar ve kararl\u0131l\u0131kla hareket ettiklerini belirtti. \u201cBizim siyasetimizin \u00f6z\u00fc laf de\u011fil; i\u015ftir, icraatt\u0131r, eserdir\u201d ifadelerini kulland\u0131.<\/p>\n<h3 data-start=\"2276\" data-end=\"2292\">Se\u00e7im Mesaj\u0131<\/h3>\n<p data-start=\"2294\" data-end=\"2572\">Se\u00e7imlerin zaman\u0131 geldi\u011finde yap\u0131laca\u011f\u0131n\u0131 belirten \u00dcstel, bu konuda karar\u0131n <span class=\"hover:entity-accent entity-underline inline cursor-pointer align-baseline\"><span class=\"whitespace-normal\">Cumhuriyet Meclisi<\/span><\/span>\u2019ndeki siyasi iradeye ait oldu\u011funu s\u00f6yledi. H\u00fck\u00fcmetin \u00f6nceli\u011finin \u00fcretimi art\u0131rmak, projeleri tamamlamak ve halk\u0131 k\u00fcresel krizlere kar\u015f\u0131 korumak oldu\u011funu ifade etti.<\/p>\n<h3 data-start=\"2574\" data-end=\"2598\">T\u00fcrk D\u00fcnyas\u0131 Vurgusu<\/h3>\n<p data-start=\"2600\" data-end=\"2881\">Bak\u00fc\u2019de d\u00fczenlenen toplant\u0131ya da de\u011finen \u00dcstel, KKTC\u2019nin uluslararas\u0131 platformlarda daha g\u00f6r\u00fcn\u00fcr hale geldi\u011fini belirterek, bunun \u201ctarihi bir ad\u0131m\u201d oldu\u011funu s\u00f6yledi. T\u00fcrkiye Cumhurba\u015fkan\u0131 <span class=\"hover:entity-accent entity-underline inline cursor-pointer align-baseline\"><span class=\"whitespace-normal\">Recep Tayyip Erdo\u011fan<\/span><\/span> ve Cevdet Y\u0131lmaz\u2019a desteklerinden dolay\u0131 te\u015fekk\u00fcr etti.<\/p>\n","protected":false},"excerpt":{"rendered":"<p>Ba\u015fbakan \u00dcnal \u00dcstel, T\u00fcrkiye ile Kuzey K\u0131br\u0131s T\u00fcrk Cumhuriyeti aras\u0131ndaki ili\u015fkilerin ortak tarih, kader ve g\u00fcven&#46;&#46;&#46;<\/p>\n","protected":false},"author":1,"featured_media":198011,"comment_status":"closed","ping_status":"closed","sticky":false,"template":"","format":"standard","meta":{"footnotes":"","jetpack_publicize_message":"","jetpack_publicize_feature_enabled":true,"jetpack_social_post_already_shared":true,"jetpack_social_options":{"image_generator_settings":{"template":"highway","default_image_id":0,"font":"","enabled":false},"version":2}},"categories":[48],"tags":[4178,5879,8918,10732,11083,62757,15502,16848,18562,20832],"manset":[],"class_list":["post-198010","post","type-post","status-publish","format-standard","has-post-thumbnail","hentry","category-kibris","tag-cevdet-yilmaz","tag-ekonomi","tag-iki-devletli-cozum","tag-kibris-sorunu","tag-kktc","tag-mali-protokol","tag-recep-tayyip-erdogan","tag-siyaset","tag-turkiye","tag-unal-ustel"],"yoast_head":"<!-- This site is optimized with the Yoast SEO plugin v27.5 - https:\/\/yoast.com\/product\/yoast-seo-wordpress\/ -->\n<title>Erken Se\u00e7im Kap\u0131da m\u0131? \u00dcstel\u2019den Kritik S\u00f6zler - Ajans Cyprus<\/title>\n<meta name=\"robots\" content=\"index, follow, max-snippet:-1, max-image-preview:large, max-video-preview:-1\" \/>\n<link rel=\"canonical\" href=\"https:\/\/ajanscyprus.com\/2026\/04\/09\/erken-secim-kapida-mi-ustelden-kritik-sozler\/\" \/>\n<meta property=\"og:locale\" content=\"tr_TR\" \/>\n<meta property=\"og:type\" content=\"article\" \/>\n<meta property=\"og:title\" content=\"Erken Se\u00e7im Kap\u0131da m\u0131? \u00dcstel\u2019den Kritik S\u00f6zler - Ajans Cyprus\" \/>\n<meta property=\"og:description\" content=\"Ba\u015fbakan \u00dcnal \u00dcstel, T\u00fcrkiye ile Kuzey K\u0131br\u0131s T\u00fcrk Cumhuriyeti aras\u0131ndaki ili\u015fkilerin ortak tarih, kader ve g\u00fcven&#046;&#046;&#046;\" \/>\n<meta property=\"og:url\" content=\"https:\/\/ajanscyprus.com\/2026\/04\/09\/erken-secim-kapida-mi-ustelden-kritik-sozler\/\" \/>\n<meta property=\"og:site_name\" content=\"Ajans Cyprus\" \/>\n<meta property=\"article:publisher\" content=\"https:\/\/www.facebook.com\/AjansCyprusAC\" \/>\n<meta property=\"article:published_time\" content=\"2026-04-09T19:33:09+00:00\" \/>\n<meta property=\"og:image\" content=\"https:\/\/ajanscyprus.com\/wp-content\/uploads\/2026\/04\/1775755865948protokol-imza-ve-aciklama-3-e1775763092735.jpg\" \/>\n\t<meta property=\"og:image:width\" content=\"1280\" \/>\n\t<meta property=\"og:image:height\" content=\"853\" \/>\n\t<meta property=\"og:image:type\" content=\"image\/jpeg\" \/>\n<meta name=\"author\" content=\"admin\" \/>\n<meta name=\"twitter:card\" content=\"summary_large_image\" \/>\n<meta name=\"twitter:creator\" content=\"@AjansCyprus\" \/>\n<meta name=\"twitter:site\" content=\"@AjansCyprus\" \/>\n<meta name=\"twitter:label1\" content=\"Yazan:\" \/>\n\t<meta name=\"twitter:data1\" content=\"admin\" \/>\n\t<meta name=\"twitter:label2\" content=\"Tahmini okuma s\u00fcresi\" \/>\n\t<meta name=\"twitter:data2\" content=\"3 dakika\" \/>\n<script type=\"application\/ld+json\" class=\"yoast-schema-graph\">{\"@context\":\"https:\\\/\\\/schema.org\",\"@graph\":[{\"@type\":\"Article\",\"@id\":\"https:\\\/\\\/ajanscyprus.com\\\/2026\\\/04\\\/09\\\/erken-secim-kapida-mi-ustelden-kritik-sozler\\\/#article\",\"isPartOf\":{\"@id\":\"https:\\\/\\\/ajanscyprus.com\\\/2026\\\/04\\\/09\\\/erken-secim-kapida-mi-ustelden-kritik-sozler\\\/\"},\"author\":{\"name\":\"admin\",\"@id\":\"https:\\\/\\\/ajanscyprus.com\\\/#\\\/schema\\\/person\\\/bde04f428980a11e6513136d7f10a011\"},\"headline\":\"Erken Se\u00e7im Kap\u0131da m\u0131? \u00dcstel\u2019den Kritik S\u00f6zler\",\"datePublished\":\"2026-04-09T19:33:09+00:00\",\"mainEntityOfPage\":{\"@id\":\"https:\\\/\\\/ajanscyprus.com\\\/2026\\\/04\\\/09\\\/erken-secim-kapida-mi-ustelden-kritik-sozler\\\/\"},\"wordCount\":510,\"publisher\":{\"@id\":\"https:\\\/\\\/ajanscyprus.com\\\/#organization\"},\"image\":{\"@id\":\"https:\\\/\\\/ajanscyprus.com\\\/2026\\\/04\\\/09\\\/erken-secim-kapida-mi-ustelden-kritik-sozler\\\/#primaryimage\"},\"thumbnailUrl\":\"https:\\\/\\\/ajanscyprus.com\\\/wp-content\\\/uploads\\\/2026\\\/04\\\/1775755865948protokol-imza-ve-aciklama-3-e1775763092735.jpg\",\"keywords\":[\"cevdet y\u0131lmaz\",\"ekonomi\",\"iki devletli \u00e7\u00f6z\u00fcm\",\"K\u0131br\u0131s Sorunu\",\"kktc\",\"mali protokol\",\"recep tayyip erdo\u011fan\",\"siyaset\",\"t\u00fcrkiye\",\"\u00dcnal \u00dcstel\"],\"articleSection\":[\"K\u0131br\u0131s\"],\"inLanguage\":\"tr\"},{\"@type\":\"WebPage\",\"@id\":\"https:\\\/\\\/ajanscyprus.com\\\/2026\\\/04\\\/09\\\/erken-secim-kapida-mi-ustelden-kritik-sozler\\\/\",\"url\":\"https:\\\/\\\/ajanscyprus.com\\\/2026\\\/04\\\/09\\\/erken-secim-kapida-mi-ustelden-kritik-sozler\\\/\",\"name\":\"Erken Se\u00e7im Kap\u0131da m\u0131? \u00dcstel\u2019den Kritik S\u00f6zler - Ajans Cyprus\",\"isPartOf\":{\"@id\":\"https:\\\/\\\/ajanscyprus.com\\\/#website\"},\"primaryImageOfPage\":{\"@id\":\"https:\\\/\\\/ajanscyprus.com\\\/2026\\\/04\\\/09\\\/erken-secim-kapida-mi-ustelden-kritik-sozler\\\/#primaryimage\"},\"image\":{\"@id\":\"https:\\\/\\\/ajanscyprus.com\\\/2026\\\/04\\\/09\\\/erken-secim-kapida-mi-ustelden-kritik-sozler\\\/#primaryimage\"},\"thumbnailUrl\":\"https:\\\/\\\/ajanscyprus.com\\\/wp-content\\\/uploads\\\/2026\\\/04\\\/1775755865948protokol-imza-ve-aciklama-3-e1775763092735.jpg\",\"datePublished\":\"2026-04-09T19:33:09+00:00\",\"breadcrumb\":{\"@id\":\"https:\\\/\\\/ajanscyprus.com\\\/2026\\\/04\\\/09\\\/erken-secim-kapida-mi-ustelden-kritik-sozler\\\/#breadcrumb\"},\"inLanguage\":\"tr\",\"potentialAction\":[{\"@type\":\"ReadAction\",\"target\":[\"https:\\\/\\\/ajanscyprus.com\\\/2026\\\/04\\\/09\\\/erken-secim-kapida-mi-ustelden-kritik-sozler\\\/\"]}]},{\"@type\":\"ImageObject\",\"inLanguage\":\"tr\",\"@id\":\"https:\\\/\\\/ajanscyprus.com\\\/2026\\\/04\\\/09\\\/erken-secim-kapida-mi-ustelden-kritik-sozler\\\/#primaryimage\",\"url\":\"https:\\\/\\\/ajanscyprus.com\\\/wp-content\\\/uploads\\\/2026\\\/04\\\/1775755865948protokol-imza-ve-aciklama-3-e1775763092735.jpg\",\"contentUrl\":\"https:\\\/\\\/ajanscyprus.com\\\/wp-content\\\/uploads\\\/2026\\\/04\\\/1775755865948protokol-imza-ve-aciklama-3-e1775763092735.jpg\",\"width\":1280,\"height\":853},{\"@type\":\"BreadcrumbList\",\"@id\":\"https:\\\/\\\/ajanscyprus.com\\\/2026\\\/04\\\/09\\\/erken-secim-kapida-mi-ustelden-kritik-sozler\\\/#breadcrumb\",\"itemListElement\":[{\"@type\":\"ListItem\",\"position\":1,\"name\":\"Anasayfa\",\"item\":\"https:\\\/\\\/ajanscyprus.com\\\/\"},{\"@type\":\"ListItem\",\"position\":2,\"name\":\"Erken Se\u00e7im Kap\u0131da m\u0131? \u00dcstel\u2019den Kritik S\u00f6zler\"}]},{\"@type\":\"WebSite\",\"@id\":\"https:\\\/\\\/ajanscyprus.com\\\/#website\",\"url\":\"https:\\\/\\\/ajanscyprus.com\\\/\",\"name\":\"Ajans Cyprus\",\"description\":\"\",\"publisher\":{\"@id\":\"https:\\\/\\\/ajanscyprus.com\\\/#organization\"},\"potentialAction\":[{\"@type\":\"SearchAction\",\"target\":{\"@type\":\"EntryPoint\",\"urlTemplate\":\"https:\\\/\\\/ajanscyprus.com\\\/?s={search_term_string}\"},\"query-input\":{\"@type\":\"PropertyValueSpecification\",\"valueRequired\":true,\"valueName\":\"search_term_string\"}}],\"inLanguage\":\"tr\"},{\"@type\":\"Organization\",\"@id\":\"https:\\\/\\\/ajanscyprus.com\\\/#organization\",\"name\":\"Ajans Cyprus\",\"alternateName\":\"Ajans Mira Turan Cyprus Media And Production\",\"url\":\"https:\\\/\\\/ajanscyprus.com\\\/\",\"logo\":{\"@type\":\"ImageObject\",\"inLanguage\":\"tr\",\"@id\":\"https:\\\/\\\/ajanscyprus.com\\\/#\\\/schema\\\/logo\\\/image\\\/\",\"url\":\"https:\\\/\\\/ajanscyprus.com\\\/wp-content\\\/uploads\\\/2023\\\/02\\\/AjansCyprus-yuvarlak-logo-e1676491087198.png\",\"contentUrl\":\"https:\\\/\\\/ajanscyprus.com\\\/wp-content\\\/uploads\\\/2023\\\/02\\\/AjansCyprus-yuvarlak-logo-e1676491087198.png\",\"width\":200,\"height\":200,\"caption\":\"Ajans Cyprus\"},\"image\":{\"@id\":\"https:\\\/\\\/ajanscyprus.com\\\/#\\\/schema\\\/logo\\\/image\\\/\"},\"sameAs\":[\"https:\\\/\\\/www.facebook.com\\\/AjansCyprusAC\",\"https:\\\/\\\/x.com\\\/AjansCyprus\"]},{\"@type\":\"Person\",\"@id\":\"https:\\\/\\\/ajanscyprus.com\\\/#\\\/schema\\\/person\\\/bde04f428980a11e6513136d7f10a011\",\"name\":\"admin\",\"image\":{\"@type\":\"ImageObject\",\"inLanguage\":\"tr\",\"@id\":\"https:\\\/\\\/secure.gravatar.com\\\/avatar\\\/7b3584441088d5ca4cd7222e9873c969610760122e804fb99fa589e24cd99cb8?s=96&d=mm&r=g\",\"url\":\"https:\\\/\\\/secure.gravatar.com\\\/avatar\\\/7b3584441088d5ca4cd7222e9873c969610760122e804fb99fa589e24cd99cb8?s=96&d=mm&r=g\",\"contentUrl\":\"https:\\\/\\\/secure.gravatar.com\\\/avatar\\\/7b3584441088d5ca4cd7222e9873c969610760122e804fb99fa589e24cd99cb8?s=96&d=mm&r=g\",\"caption\":\"admin\"},\"sameAs\":[\"https:\\\/\\\/ajanscyprus.com\"],\"url\":\"https:\\\/\\\/ajanscyprus.com\\\/author\\\/admin_r45uydj1\\\/\"}]}<\/script>\n<!-- \/ Yoast SEO plugin. -->","yoast_head_json":{"title":"Erken Se\u00e7im Kap\u0131da m\u0131? \u00dcstel\u2019den Kritik S\u00f6zler - Ajans Cyprus","robots":{"index":"index","follow":"follow","max-snippet":"max-snippet:-1","max-image-preview":"max-image-preview:large","max-video-preview":"max-video-preview:-1"},"canonical":"https:\/\/ajanscyprus.com\/2026\/04\/09\/erken-secim-kapida-mi-ustelden-kritik-sozler\/","og_locale":"tr_TR","og_type":"article","og_title":"Erken Se\u00e7im Kap\u0131da m\u0131? \u00dcstel\u2019den Kritik S\u00f6zler - Ajans Cyprus","og_description":"Ba\u015fbakan \u00dcnal \u00dcstel, T\u00fcrkiye ile Kuzey K\u0131br\u0131s T\u00fcrk Cumhuriyeti aras\u0131ndaki ili\u015fkilerin ortak tarih, kader ve g\u00fcven&#46;&#46;&#46;","og_url":"https:\/\/ajanscyprus.com\/2026\/04\/09\/erken-secim-kapida-mi-ustelden-kritik-sozler\/","og_site_name":"Ajans Cyprus","article_publisher":"https:\/\/www.facebook.com\/AjansCyprusAC","article_published_time":"2026-04-09T19:33:09+00:00","og_image":[{"width":1280,"height":853,"url":"https:\/\/ajanscyprus.com\/wp-content\/uploads\/2026\/04\/1775755865948protokol-imza-ve-aciklama-3-e1775763092735.jpg","type":"image\/jpeg"}],"author":"admin","twitter_card":"summary_large_image","twitter_creator":"@AjansCyprus","twitter_site":"@AjansCyprus","twitter_misc":{"Yazan:":"admin","Tahmini okuma s\u00fcresi":"3 dakika"},"schema":{"@context":"https:\/\/schema.org","@graph":[{"@type":"Article","@id":"https:\/\/ajanscyprus.com\/2026\/04\/09\/erken-secim-kapida-mi-ustelden-kritik-sozler\/#article","isPartOf":{"@id":"https:\/\/ajanscyprus.com\/2026\/04\/09\/erken-secim-kapida-mi-ustelden-kritik-sozler\/"},"author":{"name":"admin","@id":"https:\/\/ajanscyprus.com\/#\/schema\/person\/bde04f428980a11e6513136d7f10a011"},"headline":"Erken Se\u00e7im Kap\u0131da m\u0131? \u00dcstel\u2019den Kritik S\u00f6zler","datePublished":"2026-04-09T19:33:09+00:00","mainEntityOfPage":{"@id":"https:\/\/ajanscyprus.com\/2026\/04\/09\/erken-secim-kapida-mi-ustelden-kritik-sozler\/"},"wordCount":510,"publisher":{"@id":"https:\/\/ajanscyprus.com\/#organization"},"image":{"@id":"https:\/\/ajanscyprus.com\/2026\/04\/09\/erken-secim-kapida-mi-ustelden-kritik-sozler\/#primaryimage"},"thumbnailUrl":"https:\/\/ajanscyprus.com\/wp-content\/uploads\/2026\/04\/1775755865948protokol-imza-ve-aciklama-3-e1775763092735.jpg","keywords":["cevdet y\u0131lmaz","ekonomi","iki devletli \u00e7\u00f6z\u00fcm","K\u0131br\u0131s Sorunu","kktc","mali protokol","recep tayyip erdo\u011fan","siyaset","t\u00fcrkiye","\u00dcnal \u00dcstel"],"articleSection":["K\u0131br\u0131s"],"inLanguage":"tr"},{"@type":"WebPage","@id":"https:\/\/ajanscyprus.com\/2026\/04\/09\/erken-secim-kapida-mi-ustelden-kritik-sozler\/","url":"https:\/\/ajanscyprus.com\/2026\/04\/09\/erken-secim-kapida-mi-ustelden-kritik-sozler\/","name":"Erken Se\u00e7im Kap\u0131da m\u0131? \u00dcstel\u2019den Kritik S\u00f6zler - Ajans Cyprus","isPartOf":{"@id":"https:\/\/ajanscyprus.com\/#website"},"primaryImageOfPage":{"@id":"https:\/\/ajanscyprus.com\/2026\/04\/09\/erken-secim-kapida-mi-ustelden-kritik-sozler\/#primaryimage"},"image":{"@id":"https:\/\/ajanscyprus.com\/2026\/04\/09\/erken-secim-kapida-mi-ustelden-kritik-sozler\/#primaryimage"},"thumbnailUrl":"https:\/\/ajanscyprus.com\/wp-content\/uploads\/2026\/04\/1775755865948protokol-imza-ve-aciklama-3-e1775763092735.jpg","datePublished":"2026-04-09T19:33:09+00:00","breadcrumb":{"@id":"https:\/\/ajanscyprus.com\/2026\/04\/09\/erken-secim-kapida-mi-ustelden-kritik-sozler\/#breadcrumb"},"inLanguage":"tr","potentialAction":[{"@type":"ReadAction","target":["https:\/\/ajanscyprus.com\/2026\/04\/09\/erken-secim-kapida-mi-ustelden-kritik-sozler\/"]}]},{"@type":"ImageObject","inLanguage":"tr","@id":"https:\/\/ajanscyprus.com\/2026\/04\/09\/erken-secim-kapida-mi-ustelden-kritik-sozler\/#primaryimage","url":"https:\/\/ajanscyprus.com\/wp-content\/uploads\/2026\/04\/1775755865948protokol-imza-ve-aciklama-3-e1775763092735.jpg","contentUrl":"https:\/\/ajanscyprus.com\/wp-content\/uploads\/2026\/04\/1775755865948protokol-imza-ve-aciklama-3-e1775763092735.jpg","width":1280,"height":853},{"@type":"BreadcrumbList","@id":"https:\/\/ajanscyprus.com\/2026\/04\/09\/erken-secim-kapida-mi-ustelden-kritik-sozler\/#breadcrumb","itemListElement":[{"@type":"ListItem","position":1,"name":"Anasayfa","item":"https:\/\/ajanscyprus.com\/"},{"@type":"ListItem","position":2,"name":"Erken Se\u00e7im Kap\u0131da m\u0131? \u00dcstel\u2019den Kritik S\u00f6zler"}]},{"@type":"WebSite","@id":"https:\/\/ajanscyprus.com\/#website","url":"https:\/\/ajanscyprus.com\/","name":"Ajans Cyprus","description":"","publisher":{"@id":"https:\/\/ajanscyprus.com\/#organization"},"potentialAction":[{"@type":"SearchAction","target":{"@type":"EntryPoint","urlTemplate":"https:\/\/ajanscyprus.com\/?s={search_term_string}"},"query-input":{"@type":"PropertyValueSpecification","valueRequired":true,"valueName":"search_term_string"}}],"inLanguage":"tr"},{"@type":"Organization","@id":"https:\/\/ajanscyprus.com\/#organization","name":"Ajans Cyprus","alternateName":"Ajans Mira Turan Cyprus Media And Production","url":"https:\/\/ajanscyprus.com\/","logo":{"@type":"ImageObject","inLanguage":"tr","@id":"https:\/\/ajanscyprus.com\/#\/schema\/logo\/image\/","url":"https:\/\/ajanscyprus.com\/wp-content\/uploads\/2023\/02\/AjansCyprus-yuvarlak-logo-e1676491087198.png","contentUrl":"https:\/\/ajanscyprus.com\/wp-content\/uploads\/2023\/02\/AjansCyprus-yuvarlak-logo-e1676491087198.png","width":200,"height":200,"caption":"Ajans Cyprus"},"image":{"@id":"https:\/\/ajanscyprus.com\/#\/schema\/logo\/image\/"},"sameAs":["https:\/\/www.facebook.com\/AjansCyprusAC","https:\/\/x.com\/AjansCyprus"]},{"@type":"Person","@id":"https:\/\/ajanscyprus.com\/#\/schema\/person\/bde04f428980a11e6513136d7f10a011","name":"admin","image":{"@type":"ImageObject","inLanguage":"tr","@id":"https:\/\/secure.gravatar.com\/avatar\/7b3584441088d5ca4cd7222e9873c969610760122e804fb99fa589e24cd99cb8?s=96&d=mm&r=g","url":"https:\/\/secure.gravatar.com\/avatar\/7b3584441088d5ca4cd7222e9873c969610760122e804fb99fa589e24cd99cb8?s=96&d=mm&r=g","contentUrl":"https:\/\/secure.gravatar.com\/avatar\/7b3584441088d5ca4cd7222e9873c969610760122e804fb99fa589e24cd99cb8?s=96&d=mm&r=g","caption":"admin"},"sameAs":["https:\/\/ajanscyprus.com"],"url":"https:\/\/ajanscyprus.com\/author\/admin_r45uydj1\/"}]}},"jetpack_publicize_connections":[],"_links":{"self":[{"href":"https:\/\/ajanscyprus.com\/wp-json\/wp\/v2\/posts\/198010","targetHints":{"allow":["GET"]}}],"collection":[{"href":"https:\/\/ajanscyprus.com\/wp-json\/wp\/v2\/posts"}],"about":[{"href":"https:\/\/ajanscyprus.com\/wp-json\/wp\/v2\/types\/post"}],"author":[{"embeddable":true,"href":"https:\/\/ajanscyprus.com\/wp-json\/wp\/v2\/users\/1"}],"replies":[{"embeddable":true,"href":"https:\/\/ajanscyprus.com\/wp-json\/wp\/v2\/comments?post=198010"}],"version-history":[{"count":1,"href":"https:\/\/ajanscyprus.com\/wp-json\/wp\/v2\/posts\/198010\/revisions"}],"predecessor-version":[{"id":198012,"href":"https:\/\/ajanscyprus.com\/wp-json\/wp\/v2\/posts\/198010\/revisions\/198012"}],"wp:featuredmedia":[{"embeddable":true,"href":"https:\/\/ajanscyprus.com\/wp-json\/wp\/v2\/media\/198011"}],"wp:attachment":[{"href":"https:\/\/ajanscyprus.com\/wp-json\/wp\/v2\/media?parent=198010"}],"wp:term":[{"taxonomy":"category","embeddable":true,"href":"https:\/\/ajanscyprus.com\/wp-json\/wp\/v2\/categories?post=198010"},{"taxonomy":"post_tag","embeddable":true,"href":"https:\/\/ajanscyprus.com\/wp-json\/wp\/v2\/tags?post=198010"},{"taxonomy":"manset","embeddable":true,"href":"https:\/\/ajanscyprus.com\/wp-json\/wp\/v2\/manset?post=198010"}],"curies":[{"name":"wp","href":"https:\/\/api.w.org\/{rel}","templated":true}]}}