{"id":198023,"date":"2026-04-09T23:20:42","date_gmt":"2026-04-09T20:20:42","guid":{"rendered":"https:\/\/ajanscyprus.com\/index.php\/2026\/04\/09\/melania-trump-jeffrey-epstein-ile-baglantisi-oldugu-iddialarini-reddetti\/"},"modified":"2026-04-09T23:20:42","modified_gmt":"2026-04-09T20:20:42","slug":"melania-trump-jeffrey-epstein-ile-baglantisi-oldugu-iddialarini-reddetti","status":"publish","type":"post","link":"https:\/\/ajanscyprus.com\/2026\/04\/09\/melania-trump-jeffrey-epstein-ile-baglantisi-oldugu-iddialarini-reddetti\/","title":{"rendered":"Melania Trump Jeffrey Epstein ile ba\u011flant\u0131s\u0131 oldu\u011fu iddialar\u0131n\u0131 reddetti"},"content":{"rendered":"<p><\/p>\n<div>\n<p>&#13;<br \/>\n\tTrump&#8217;\u0131n e\u015fi Melania Trump, Beyaz Saray&#8217;da kameralar kar\u015f\u0131s\u0131na ge\u00e7erek, hakk\u0131ndaki Epstein ile ilgili iddialara ili\u015fkin a\u00e7\u0131klama yapt\u0131.<\/p>\n<p>&#13;<br \/>\n\tMelania Trump, yaz\u0131l\u0131 olarak okudu\u011fu a\u00e7\u0131klamas\u0131nda, Epstein ile herhangi bir ba\u011flant\u0131s\u0131 bulunmad\u0131\u011f\u0131n\u0131 ve onun su\u00e7lar\u0131ndan haberi olmad\u0131\u011f\u0131n\u0131 savundu.<\/p>\n<p>&#13;<br \/>\n\tEpstein ile ba\u011flant\u0131s\u0131 oldu\u011fu y\u00f6n\u00fcndeki haberlerin ger\u00e7e\u011fi yans\u0131tmad\u0131\u011f\u0131n\u0131 savunan Trump, bu iddialar\u0131n tamamen as\u0131ls\u0131z oldu\u011funu ve kendisini karalamak i\u00e7in ortaya at\u0131ld\u0131\u011f\u0131n\u0131 s\u00f6yledi.<\/p><div class=\"kanews-banner kanews-banner-single\"><img loading=\"lazy\" decoding=\"async\" src=\"https:\/\/ajanscyprus.com\/wp-content\/uploads\/2026\/04\/meRIT-bANNER.jpeg\" alt=\"\" width=\"970\" height=\"90\" class=\"alignnone size-full wp-image-62349\" \/><\/div>\n<p>&#13;<br \/>\n\tMelania Trump, &#8220;Beni utan\u00e7 verici Jeffrey Epstein ile ili\u015fkilendiren yalanlar\u0131n bug\u00fcn sona ermesi gerekiyor. Hakk\u0131mda yalan s\u00f6yleyen ki\u015filer etik standartlardan, al\u00e7akg\u00f6n\u00fcll\u00fcl\u00fckten ve sayg\u0131dan yoksundur. Onlar\u0131n cehaletine itiraz etmiyorum ancak itibar\u0131m\u0131 lekelemeye y\u00f6nelik k\u00f6t\u00fc niyetli giri\u015fimlerini reddediyorum.&#8221; diye konu\u015ftu.<\/p>\n<p>&#13;<br \/>\n\tFirst Lady, Kongreyi Epstein\u2019\u0131n su\u00e7lar\u0131n\u0131n ma\u011fdurlar\u0131n\u0131 merkeze alan kamuya a\u00e7\u0131k duru\u015fma d\u00fczenlemeye \u00e7a\u011f\u0131rd\u0131.<\/p>\n<p>&#13;<br \/>\n\t18 ya\u015f alt\u0131ndaki onlarca k\u0131z \u00e7ocu\u011funa cinsel istismarda bulunmak ve fuhu\u015f a\u011f\u0131 olu\u015fturmak su\u00e7lamas\u0131yla yarg\u0131lanan Epstein, tutuklu oldu\u011fu New York Manhattan Metropolitan Merkez Hapishanesi&#8217;ndeki h\u00fccresinde 10 A\u011fustos 2019&#8217;da \u00f6l\u00fc bulunmu\u015ftu.<\/p>\n<\/div>\n<p>Kaynak : TRT HABER<\/p>\n","protected":false},"excerpt":{"rendered":"<p>&#13; Trump&#8217;\u0131n e\u015fi Melania Trump, Beyaz Saray&#8217;da kameralar kar\u015f\u0131s\u0131na ge\u00e7erek, hakk\u0131ndaki Epstein ile ilgili iddialara ili\u015fkin&#46;&#46;&#46;<\/p>\n","protected":false},"author":4,"featured_media":198024,"comment_status":"closed","ping_status":"closed","sticky":false,"template":"","format":"standard","meta":{"footnotes":"","jetpack_publicize_message":"","jetpack_publicize_feature_enabled":true,"jetpack_social_post_already_shared":true,"jetpack_social_options":{"image_generator_settings":{"template":"highway","default_image_id":0,"font":"","enabled":false},"version":2}},"categories":[44],"tags":[],"manset":[],"class_list":["post-198023","post","type-post","status-publish","format-standard","has-post-thumbnail","hentry","category-dunya"],"yoast_head":"<!-- This site is optimized with the Yoast SEO plugin v27.5 - https:\/\/yoast.com\/product\/yoast-seo-wordpress\/ -->\n<title>Melania Trump Jeffrey Epstein ile ba\u011flant\u0131s\u0131 oldu\u011fu iddialar\u0131n\u0131 reddetti - Ajans Cyprus<\/title>\n<meta name=\"robots\" content=\"index, follow, max-snippet:-1, max-image-preview:large, max-video-preview:-1\" \/>\n<link rel=\"canonical\" href=\"https:\/\/ajanscyprus.com\/2026\/04\/09\/melania-trump-jeffrey-epstein-ile-baglantisi-oldugu-iddialarini-reddetti\/\" \/>\n<meta property=\"og:locale\" content=\"tr_TR\" \/>\n<meta property=\"og:type\" content=\"article\" \/>\n<meta property=\"og:title\" content=\"Melania Trump Jeffrey Epstein ile ba\u011flant\u0131s\u0131 oldu\u011fu iddialar\u0131n\u0131 reddetti - Ajans Cyprus\" \/>\n<meta property=\"og:description\" content=\"&#013; Trump&#8217;\u0131n e\u015fi Melania Trump, Beyaz Saray&#8217;da kameralar kar\u015f\u0131s\u0131na ge\u00e7erek, hakk\u0131ndaki Epstein ile ilgili iddialara ili\u015fkin&#046;&#046;&#046;\" \/>\n<meta property=\"og:url\" content=\"https:\/\/ajanscyprus.com\/2026\/04\/09\/melania-trump-jeffrey-epstein-ile-baglantisi-oldugu-iddialarini-reddetti\/\" \/>\n<meta property=\"og:site_name\" content=\"Ajans Cyprus\" \/>\n<meta property=\"article:publisher\" content=\"https:\/\/www.facebook.com\/AjansCyprusAC\" \/>\n<meta property=\"article:published_time\" content=\"2026-04-09T20:20:42+00:00\" \/>\n<meta property=\"og:image\" content=\"https:\/\/ajanscyprus.com\/wp-content\/uploads\/2026\/04\/melania-trump-2452487.jpg\" \/>\n\t<meta property=\"og:image:width\" content=\"1280\" \/>\n\t<meta property=\"og:image:height\" content=\"720\" \/>\n\t<meta property=\"og:image:type\" content=\"image\/jpeg\" \/>\n<meta name=\"author\" content=\"Ajans Cyprus\" \/>\n<meta name=\"twitter:card\" content=\"summary_large_image\" \/>\n<meta name=\"twitter:creator\" content=\"@AjansCyprus\" \/>\n<meta name=\"twitter:site\" content=\"@AjansCyprus\" \/>\n<meta name=\"twitter:label1\" content=\"Yazan:\" \/>\n\t<meta name=\"twitter:data1\" content=\"Ajans Cyprus\" \/>\n\t<meta name=\"twitter:label2\" content=\"Tahmini okuma s\u00fcresi\" \/>\n\t<meta name=\"twitter:data2\" content=\"1 dakika\" \/>\n<script type=\"application\/ld+json\" class=\"yoast-schema-graph\">{\"@context\":\"https:\\\/\\\/schema.org\",\"@graph\":[{\"@type\":\"Article\",\"@id\":\"https:\\\/\\\/ajanscyprus.com\\\/2026\\\/04\\\/09\\\/melania-trump-jeffrey-epstein-ile-baglantisi-oldugu-iddialarini-reddetti\\\/#article\",\"isPartOf\":{\"@id\":\"https:\\\/\\\/ajanscyprus.com\\\/2026\\\/04\\\/09\\\/melania-trump-jeffrey-epstein-ile-baglantisi-oldugu-iddialarini-reddetti\\\/\"},\"author\":{\"name\":\"Ajans Cyprus\",\"@id\":\"https:\\\/\\\/ajanscyprus.com\\\/#\\\/schema\\\/person\\\/7a2e842cab5d700268eb209092eb3937\"},\"headline\":\"Melania Trump Jeffrey Epstein ile ba\u011flant\u0131s\u0131 oldu\u011fu iddialar\u0131n\u0131 reddetti\",\"datePublished\":\"2026-04-09T20:20:42+00:00\",\"mainEntityOfPage\":{\"@id\":\"https:\\\/\\\/ajanscyprus.com\\\/2026\\\/04\\\/09\\\/melania-trump-jeffrey-epstein-ile-baglantisi-oldugu-iddialarini-reddetti\\\/\"},\"wordCount\":228,\"publisher\":{\"@id\":\"https:\\\/\\\/ajanscyprus.com\\\/#organization\"},\"image\":{\"@id\":\"https:\\\/\\\/ajanscyprus.com\\\/2026\\\/04\\\/09\\\/melania-trump-jeffrey-epstein-ile-baglantisi-oldugu-iddialarini-reddetti\\\/#primaryimage\"},\"thumbnailUrl\":\"https:\\\/\\\/ajanscyprus.com\\\/wp-content\\\/uploads\\\/2026\\\/04\\\/melania-trump-2452487.jpg\",\"articleSection\":[\"D\u00fcnya\"],\"inLanguage\":\"tr\"},{\"@type\":\"WebPage\",\"@id\":\"https:\\\/\\\/ajanscyprus.com\\\/2026\\\/04\\\/09\\\/melania-trump-jeffrey-epstein-ile-baglantisi-oldugu-iddialarini-reddetti\\\/\",\"url\":\"https:\\\/\\\/ajanscyprus.com\\\/2026\\\/04\\\/09\\\/melania-trump-jeffrey-epstein-ile-baglantisi-oldugu-iddialarini-reddetti\\\/\",\"name\":\"Melania Trump Jeffrey Epstein ile ba\u011flant\u0131s\u0131 oldu\u011fu iddialar\u0131n\u0131 reddetti - Ajans Cyprus\",\"isPartOf\":{\"@id\":\"https:\\\/\\\/ajanscyprus.com\\\/#website\"},\"primaryImageOfPage\":{\"@id\":\"https:\\\/\\\/ajanscyprus.com\\\/2026\\\/04\\\/09\\\/melania-trump-jeffrey-epstein-ile-baglantisi-oldugu-iddialarini-reddetti\\\/#primaryimage\"},\"image\":{\"@id\":\"https:\\\/\\\/ajanscyprus.com\\\/2026\\\/04\\\/09\\\/melania-trump-jeffrey-epstein-ile-baglantisi-oldugu-iddialarini-reddetti\\\/#primaryimage\"},\"thumbnailUrl\":\"https:\\\/\\\/ajanscyprus.com\\\/wp-content\\\/uploads\\\/2026\\\/04\\\/melania-trump-2452487.jpg\",\"datePublished\":\"2026-04-09T20:20:42+00:00\",\"breadcrumb\":{\"@id\":\"https:\\\/\\\/ajanscyprus.com\\\/2026\\\/04\\\/09\\\/melania-trump-jeffrey-epstein-ile-baglantisi-oldugu-iddialarini-reddetti\\\/#breadcrumb\"},\"inLanguage\":\"tr\",\"potentialAction\":[{\"@type\":\"ReadAction\",\"target\":[\"https:\\\/\\\/ajanscyprus.com\\\/2026\\\/04\\\/09\\\/melania-trump-jeffrey-epstein-ile-baglantisi-oldugu-iddialarini-reddetti\\\/\"]}]},{\"@type\":\"ImageObject\",\"inLanguage\":\"tr\",\"@id\":\"https:\\\/\\\/ajanscyprus.com\\\/2026\\\/04\\\/09\\\/melania-trump-jeffrey-epstein-ile-baglantisi-oldugu-iddialarini-reddetti\\\/#primaryimage\",\"url\":\"https:\\\/\\\/ajanscyprus.com\\\/wp-content\\\/uploads\\\/2026\\\/04\\\/melania-trump-2452487.jpg\",\"contentUrl\":\"https:\\\/\\\/ajanscyprus.com\\\/wp-content\\\/uploads\\\/2026\\\/04\\\/melania-trump-2452487.jpg\",\"width\":1280,\"height\":720},{\"@type\":\"BreadcrumbList\",\"@id\":\"https:\\\/\\\/ajanscyprus.com\\\/2026\\\/04\\\/09\\\/melania-trump-jeffrey-epstein-ile-baglantisi-oldugu-iddialarini-reddetti\\\/#breadcrumb\",\"itemListElement\":[{\"@type\":\"ListItem\",\"position\":1,\"name\":\"Anasayfa\",\"item\":\"https:\\\/\\\/ajanscyprus.com\\\/\"},{\"@type\":\"ListItem\",\"position\":2,\"name\":\"Melania Trump Jeffrey Epstein ile ba\u011flant\u0131s\u0131 oldu\u011fu iddialar\u0131n\u0131 reddetti\"}]},{\"@type\":\"WebSite\",\"@id\":\"https:\\\/\\\/ajanscyprus.com\\\/#website\",\"url\":\"https:\\\/\\\/ajanscyprus.com\\\/\",\"name\":\"Ajans Cyprus\",\"description\":\"\",\"publisher\":{\"@id\":\"https:\\\/\\\/ajanscyprus.com\\\/#organization\"},\"potentialAction\":[{\"@type\":\"SearchAction\",\"target\":{\"@type\":\"EntryPoint\",\"urlTemplate\":\"https:\\\/\\\/ajanscyprus.com\\\/?s={search_term_string}\"},\"query-input\":{\"@type\":\"PropertyValueSpecification\",\"valueRequired\":true,\"valueName\":\"search_term_string\"}}],\"inLanguage\":\"tr\"},{\"@type\":\"Organization\",\"@id\":\"https:\\\/\\\/ajanscyprus.com\\\/#organization\",\"name\":\"Ajans Cyprus\",\"alternateName\":\"Ajans Mira Turan Cyprus Media And Production\",\"url\":\"https:\\\/\\\/ajanscyprus.com\\\/\",\"logo\":{\"@type\":\"ImageObject\",\"inLanguage\":\"tr\",\"@id\":\"https:\\\/\\\/ajanscyprus.com\\\/#\\\/schema\\\/logo\\\/image\\\/\",\"url\":\"https:\\\/\\\/ajanscyprus.com\\\/wp-content\\\/uploads\\\/2023\\\/02\\\/AjansCyprus-yuvarlak-logo-e1676491087198.png\",\"contentUrl\":\"https:\\\/\\\/ajanscyprus.com\\\/wp-content\\\/uploads\\\/2023\\\/02\\\/AjansCyprus-yuvarlak-logo-e1676491087198.png\",\"width\":200,\"height\":200,\"caption\":\"Ajans Cyprus\"},\"image\":{\"@id\":\"https:\\\/\\\/ajanscyprus.com\\\/#\\\/schema\\\/logo\\\/image\\\/\"},\"sameAs\":[\"https:\\\/\\\/www.facebook.com\\\/AjansCyprusAC\",\"https:\\\/\\\/x.com\\\/AjansCyprus\"]},{\"@type\":\"Person\",\"@id\":\"https:\\\/\\\/ajanscyprus.com\\\/#\\\/schema\\\/person\\\/7a2e842cab5d700268eb209092eb3937\",\"name\":\"Ajans Cyprus\",\"image\":{\"@type\":\"ImageObject\",\"inLanguage\":\"tr\",\"@id\":\"https:\\\/\\\/ajanscyprus.com\\\/wp-content\\\/uploads\\\/2025\\\/06\\\/ajans-cyprus_avatar-96x96.png\",\"url\":\"https:\\\/\\\/ajanscyprus.com\\\/wp-content\\\/uploads\\\/2025\\\/06\\\/ajans-cyprus_avatar-96x96.png\",\"contentUrl\":\"https:\\\/\\\/ajanscyprus.com\\\/wp-content\\\/uploads\\\/2025\\\/06\\\/ajans-cyprus_avatar-96x96.png\",\"caption\":\"Ajans Cyprus\"},\"sameAs\":[\"http:\\\/\\\/ajanscyprus.com\"],\"url\":\"https:\\\/\\\/ajanscyprus.com\\\/author\\\/admin2\\\/\"}]}<\/script>\n<!-- \/ Yoast SEO plugin. -->","yoast_head_json":{"title":"Melania Trump Jeffrey Epstein ile ba\u011flant\u0131s\u0131 oldu\u011fu iddialar\u0131n\u0131 reddetti - Ajans Cyprus","robots":{"index":"index","follow":"follow","max-snippet":"max-snippet:-1","max-image-preview":"max-image-preview:large","max-video-preview":"max-video-preview:-1"},"canonical":"https:\/\/ajanscyprus.com\/2026\/04\/09\/melania-trump-jeffrey-epstein-ile-baglantisi-oldugu-iddialarini-reddetti\/","og_locale":"tr_TR","og_type":"article","og_title":"Melania Trump Jeffrey Epstein ile ba\u011flant\u0131s\u0131 oldu\u011fu iddialar\u0131n\u0131 reddetti - Ajans Cyprus","og_description":"&#13; Trump&#8217;\u0131n e\u015fi Melania Trump, Beyaz Saray&#8217;da kameralar kar\u015f\u0131s\u0131na ge\u00e7erek, hakk\u0131ndaki Epstein ile ilgili iddialara ili\u015fkin&#46;&#46;&#46;","og_url":"https:\/\/ajanscyprus.com\/2026\/04\/09\/melania-trump-jeffrey-epstein-ile-baglantisi-oldugu-iddialarini-reddetti\/","og_site_name":"Ajans Cyprus","article_publisher":"https:\/\/www.facebook.com\/AjansCyprusAC","article_published_time":"2026-04-09T20:20:42+00:00","og_image":[{"width":1280,"height":720,"url":"https:\/\/ajanscyprus.com\/wp-content\/uploads\/2026\/04\/melania-trump-2452487.jpg","type":"image\/jpeg"}],"author":"Ajans Cyprus","twitter_card":"summary_large_image","twitter_creator":"@AjansCyprus","twitter_site":"@AjansCyprus","twitter_misc":{"Yazan:":"Ajans Cyprus","Tahmini okuma s\u00fcresi":"1 dakika"},"schema":{"@context":"https:\/\/schema.org","@graph":[{"@type":"Article","@id":"https:\/\/ajanscyprus.com\/2026\/04\/09\/melania-trump-jeffrey-epstein-ile-baglantisi-oldugu-iddialarini-reddetti\/#article","isPartOf":{"@id":"https:\/\/ajanscyprus.com\/2026\/04\/09\/melania-trump-jeffrey-epstein-ile-baglantisi-oldugu-iddialarini-reddetti\/"},"author":{"name":"Ajans Cyprus","@id":"https:\/\/ajanscyprus.com\/#\/schema\/person\/7a2e842cab5d700268eb209092eb3937"},"headline":"Melania Trump Jeffrey Epstein ile ba\u011flant\u0131s\u0131 oldu\u011fu iddialar\u0131n\u0131 reddetti","datePublished":"2026-04-09T20:20:42+00:00","mainEntityOfPage":{"@id":"https:\/\/ajanscyprus.com\/2026\/04\/09\/melania-trump-jeffrey-epstein-ile-baglantisi-oldugu-iddialarini-reddetti\/"},"wordCount":228,"publisher":{"@id":"https:\/\/ajanscyprus.com\/#organization"},"image":{"@id":"https:\/\/ajanscyprus.com\/2026\/04\/09\/melania-trump-jeffrey-epstein-ile-baglantisi-oldugu-iddialarini-reddetti\/#primaryimage"},"thumbnailUrl":"https:\/\/ajanscyprus.com\/wp-content\/uploads\/2026\/04\/melania-trump-2452487.jpg","articleSection":["D\u00fcnya"],"inLanguage":"tr"},{"@type":"WebPage","@id":"https:\/\/ajanscyprus.com\/2026\/04\/09\/melania-trump-jeffrey-epstein-ile-baglantisi-oldugu-iddialarini-reddetti\/","url":"https:\/\/ajanscyprus.com\/2026\/04\/09\/melania-trump-jeffrey-epstein-ile-baglantisi-oldugu-iddialarini-reddetti\/","name":"Melania Trump Jeffrey Epstein ile ba\u011flant\u0131s\u0131 oldu\u011fu iddialar\u0131n\u0131 reddetti - Ajans Cyprus","isPartOf":{"@id":"https:\/\/ajanscyprus.com\/#website"},"primaryImageOfPage":{"@id":"https:\/\/ajanscyprus.com\/2026\/04\/09\/melania-trump-jeffrey-epstein-ile-baglantisi-oldugu-iddialarini-reddetti\/#primaryimage"},"image":{"@id":"https:\/\/ajanscyprus.com\/2026\/04\/09\/melania-trump-jeffrey-epstein-ile-baglantisi-oldugu-iddialarini-reddetti\/#primaryimage"},"thumbnailUrl":"https:\/\/ajanscyprus.com\/wp-content\/uploads\/2026\/04\/melania-trump-2452487.jpg","datePublished":"2026-04-09T20:20:42+00:00","breadcrumb":{"@id":"https:\/\/ajanscyprus.com\/2026\/04\/09\/melania-trump-jeffrey-epstein-ile-baglantisi-oldugu-iddialarini-reddetti\/#breadcrumb"},"inLanguage":"tr","potentialAction":[{"@type":"ReadAction","target":["https:\/\/ajanscyprus.com\/2026\/04\/09\/melania-trump-jeffrey-epstein-ile-baglantisi-oldugu-iddialarini-reddetti\/"]}]},{"@type":"ImageObject","inLanguage":"tr","@id":"https:\/\/ajanscyprus.com\/2026\/04\/09\/melania-trump-jeffrey-epstein-ile-baglantisi-oldugu-iddialarini-reddetti\/#primaryimage","url":"https:\/\/ajanscyprus.com\/wp-content\/uploads\/2026\/04\/melania-trump-2452487.jpg","contentUrl":"https:\/\/ajanscyprus.com\/wp-content\/uploads\/2026\/04\/melania-trump-2452487.jpg","width":1280,"height":720},{"@type":"BreadcrumbList","@id":"https:\/\/ajanscyprus.com\/2026\/04\/09\/melania-trump-jeffrey-epstein-ile-baglantisi-oldugu-iddialarini-reddetti\/#breadcrumb","itemListElement":[{"@type":"ListItem","position":1,"name":"Anasayfa","item":"https:\/\/ajanscyprus.com\/"},{"@type":"ListItem","position":2,"name":"Melania Trump Jeffrey Epstein ile ba\u011flant\u0131s\u0131 oldu\u011fu iddialar\u0131n\u0131 reddetti"}]},{"@type":"WebSite","@id":"https:\/\/ajanscyprus.com\/#website","url":"https:\/\/ajanscyprus.com\/","name":"Ajans Cyprus","description":"","publisher":{"@id":"https:\/\/ajanscyprus.com\/#organization"},"potentialAction":[{"@type":"SearchAction","target":{"@type":"EntryPoint","urlTemplate":"https:\/\/ajanscyprus.com\/?s={search_term_string}"},"query-input":{"@type":"PropertyValueSpecification","valueRequired":true,"valueName":"search_term_string"}}],"inLanguage":"tr"},{"@type":"Organization","@id":"https:\/\/ajanscyprus.com\/#organization","name":"Ajans Cyprus","alternateName":"Ajans Mira Turan Cyprus Media And Production","url":"https:\/\/ajanscyprus.com\/","logo":{"@type":"ImageObject","inLanguage":"tr","@id":"https:\/\/ajanscyprus.com\/#\/schema\/logo\/image\/","url":"https:\/\/ajanscyprus.com\/wp-content\/uploads\/2023\/02\/AjansCyprus-yuvarlak-logo-e1676491087198.png","contentUrl":"https:\/\/ajanscyprus.com\/wp-content\/uploads\/2023\/02\/AjansCyprus-yuvarlak-logo-e1676491087198.png","width":200,"height":200,"caption":"Ajans Cyprus"},"image":{"@id":"https:\/\/ajanscyprus.com\/#\/schema\/logo\/image\/"},"sameAs":["https:\/\/www.facebook.com\/AjansCyprusAC","https:\/\/x.com\/AjansCyprus"]},{"@type":"Person","@id":"https:\/\/ajanscyprus.com\/#\/schema\/person\/7a2e842cab5d700268eb209092eb3937","name":"Ajans Cyprus","image":{"@type":"ImageObject","inLanguage":"tr","@id":"https:\/\/ajanscyprus.com\/wp-content\/uploads\/2025\/06\/ajans-cyprus_avatar-96x96.png","url":"https:\/\/ajanscyprus.com\/wp-content\/uploads\/2025\/06\/ajans-cyprus_avatar-96x96.png","contentUrl":"https:\/\/ajanscyprus.com\/wp-content\/uploads\/2025\/06\/ajans-cyprus_avatar-96x96.png","caption":"Ajans Cyprus"},"sameAs":["http:\/\/ajanscyprus.com"],"url":"https:\/\/ajanscyprus.com\/author\/admin2\/"}]}},"jetpack_publicize_connections":[],"_links":{"self":[{"href":"https:\/\/ajanscyprus.com\/wp-json\/wp\/v2\/posts\/198023","targetHints":{"allow":["GET"]}}],"collection":[{"href":"https:\/\/ajanscyprus.com\/wp-json\/wp\/v2\/posts"}],"about":[{"href":"https:\/\/ajanscyprus.com\/wp-json\/wp\/v2\/types\/post"}],"author":[{"embeddable":true,"href":"https:\/\/ajanscyprus.com\/wp-json\/wp\/v2\/users\/4"}],"replies":[{"embeddable":true,"href":"https:\/\/ajanscyprus.com\/wp-json\/wp\/v2\/comments?post=198023"}],"version-history":[{"count":0,"href":"https:\/\/ajanscyprus.com\/wp-json\/wp\/v2\/posts\/198023\/revisions"}],"wp:featuredmedia":[{"embeddable":true,"href":"https:\/\/ajanscyprus.com\/wp-json\/wp\/v2\/media\/198024"}],"wp:attachment":[{"href":"https:\/\/ajanscyprus.com\/wp-json\/wp\/v2\/media?parent=198023"}],"wp:term":[{"taxonomy":"category","embeddable":true,"href":"https:\/\/ajanscyprus.com\/wp-json\/wp\/v2\/categories?post=198023"},{"taxonomy":"post_tag","embeddable":true,"href":"https:\/\/ajanscyprus.com\/wp-json\/wp\/v2\/tags?post=198023"},{"taxonomy":"manset","embeddable":true,"href":"https:\/\/ajanscyprus.com\/wp-json\/wp\/v2\/manset?post=198023"}],"curies":[{"name":"wp","href":"https:\/\/api.w.org\/{rel}","templated":true}]}}