{"id":198029,"date":"2026-04-10T01:55:44","date_gmt":"2026-04-09T22:55:44","guid":{"rendered":"https:\/\/ajanscyprus.com\/index.php\/2026\/04\/10\/zelenski-ukrayna-defalarca-karsilikli-adimlar-atmaya-hazir-oldugunu-belirtti\/"},"modified":"2026-04-10T01:55:44","modified_gmt":"2026-04-09T22:55:44","slug":"zelenski-ukrayna-defalarca-karsilikli-adimlar-atmaya-hazir-oldugunu-belirtti","status":"publish","type":"post","link":"https:\/\/ajanscyprus.com\/2026\/04\/10\/zelenski-ukrayna-defalarca-karsilikli-adimlar-atmaya-hazir-oldugunu-belirtti\/","title":{"rendered":"Zelenski: Ukrayna defalarca, kar\u015f\u0131l\u0131kl\u0131 ad\u0131mlar atmaya haz\u0131r oldu\u011funu belirtti"},"content":{"rendered":"<p><\/p>\n<div>\n<p>&#13;<br \/>\n\tVolodimir Zelenski, sosyal medya hesab\u0131ndan yapt\u0131\u011f\u0131 payla\u015f\u0131m\u0131nda, Putin&#8217;in, Ortodokslar\u0131n Paskalya Bayram\u0131 vesilesiyle 11 Nisan yerel saatle 16.00&#8217;dan 12 Nisan sonuna kadar Ukrayna&#8217;da ate\u015fkes ilan etmesi karar\u0131n\u0131 de\u011ferlendirdi.<\/p>\n<p>&#13;<br \/>\n\tPaskalya Bayram\u0131 i\u00e7in daha \u00f6nce Rusya&#8217;ya ate\u015fkes sa\u011flanmas\u0131 \u00f6nerdiklerini an\u0131msatan Zelenski, &#8220;Ukrayna defalarca, kar\u015f\u0131l\u0131kl\u0131 ad\u0131mlar atmaya haz\u0131r oldu\u011funu belirtti. Bu y\u0131l Paskalya tatili i\u00e7in ate\u015fkes \u00f6nermi\u015ftik ve buna g\u00f6re hareket edece\u011fiz.&#8221; ifadelerine yer verdi.<\/p>\n<p>&#13;<br \/>\n\tZelenski, bu ate\u015fkesin \u00e7at\u0131\u015fmalar\u0131n s\u00fcrd\u00fcr\u00fclmemesi i\u00e7in bir f\u0131rsat olabilece\u011fini kaydederek, &#8220;\u0130nsanlar tehditlerden uzak, bar\u0131\u015fa do\u011fru ger\u00e7ek ilerlemenin oldu\u011fu bir Paskalya&#8217;ya ihtiya\u00e7 duyuyor ve Rusya&#8217;n\u0131n Paskalya&#8217;dan sonra sald\u0131r\u0131lara geri d\u00f6nmeme \u015fans\u0131 var.&#8221; yorumunu yapt\u0131.<\/p><div class=\"kanews-banner kanews-banner-single\"><img loading=\"lazy\" decoding=\"async\" src=\"https:\/\/ajanscyprus.com\/wp-content\/uploads\/2026\/04\/meRIT-bANNER.jpeg\" alt=\"\" width=\"970\" height=\"90\" class=\"alignnone size-full wp-image-62349\" \/><\/div>\n<h2>&#13;<br \/>\n\tPutin, Ukrayna&#8217;da ge\u00e7ici ate\u015fkes ilan etmi\u015fti<\/h2>\n<p>&#13;<br \/>\n\tKremlin Saray\u0131ndan yap\u0131lan a\u00e7\u0131klamada, Rusya Devlet Ba\u015fkan\u0131 Vladimir Putin&#8217;in Ukrayna&#8217;da ate\u015fkes karar\u0131 ald\u0131\u011f\u0131 belirtilmi\u015fti.<\/p>\n<p>&#13;<br \/>\n\tA\u00e7\u0131klamada, &#8220;Rusya Silahl\u0131 Kuvvetleri Ba\u015fkomutan\u0131n\u0131n karar\u0131yla, Ortodokslar\u0131n Paskalya Bayram\u0131 dolay\u0131s\u0131yla 11 Nisan yerel saatle 16.00&#8217;dan, 12 Nisan sonuna kadar ate\u015fkes ilan edildi. Rusya Savunma Bakan\u0131 Andrey Belousov ve Genelkurmay Ba\u015fkan\u0131 Valeriy Gerasimov&#8217;a bu s\u00fcre zarf\u0131nda t\u00fcm y\u00f6nlerdeki askeri eylemleri durdurma emri verildi.&#8221; ifadeleri yer alm\u0131\u015ft\u0131.<\/p>\n<p>&#13;<br \/>\n\tRus birliklerinin bu s\u00fcre\u00e7te olas\u0131 provokasyonlara ve sald\u0131rgan eylemlere haz\u0131rl\u0131kl\u0131 olmas\u0131 gerekti\u011fi vurgulanan a\u00e7\u0131klamada, Ukrayna&#8217;n\u0131n ate\u015fkese uyaca\u011f\u0131 umudu payla\u015f\u0131lm\u0131\u015ft\u0131.<\/p>\n<\/div>\n<p>Kaynak : TRT HABER<\/p>\n","protected":false},"excerpt":{"rendered":"<p>&#13; Volodimir Zelenski, sosyal medya hesab\u0131ndan yapt\u0131\u011f\u0131 payla\u015f\u0131m\u0131nda, Putin&#8217;in, Ortodokslar\u0131n Paskalya Bayram\u0131 vesilesiyle 11 Nisan yerel&#46;&#46;&#46;<\/p>\n","protected":false},"author":4,"featured_media":177895,"comment_status":"closed","ping_status":"closed","sticky":false,"template":"","format":"standard","meta":{"footnotes":"","jetpack_publicize_message":"","jetpack_publicize_feature_enabled":true,"jetpack_social_post_already_shared":true,"jetpack_social_options":{"image_generator_settings":{"template":"highway","default_image_id":0,"font":"","enabled":false},"version":2}},"categories":[44],"tags":[],"manset":[],"class_list":["post-198029","post","type-post","status-publish","format-standard","has-post-thumbnail","hentry","category-dunya"],"yoast_head":"<!-- This site is optimized with the Yoast SEO plugin v27.5 - https:\/\/yoast.com\/product\/yoast-seo-wordpress\/ -->\n<title>Zelenski: Ukrayna defalarca, kar\u015f\u0131l\u0131kl\u0131 ad\u0131mlar atmaya haz\u0131r oldu\u011funu belirtti - Ajans Cyprus<\/title>\n<meta name=\"robots\" content=\"index, follow, max-snippet:-1, max-image-preview:large, max-video-preview:-1\" \/>\n<link rel=\"canonical\" href=\"https:\/\/ajanscyprus.com\/2026\/04\/10\/zelenski-ukrayna-defalarca-karsilikli-adimlar-atmaya-hazir-oldugunu-belirtti\/\" \/>\n<meta property=\"og:locale\" content=\"tr_TR\" \/>\n<meta property=\"og:type\" content=\"article\" \/>\n<meta property=\"og:title\" content=\"Zelenski: Ukrayna defalarca, kar\u015f\u0131l\u0131kl\u0131 ad\u0131mlar atmaya haz\u0131r oldu\u011funu belirtti - Ajans Cyprus\" \/>\n<meta property=\"og:description\" content=\"&#013; Volodimir Zelenski, sosyal medya hesab\u0131ndan yapt\u0131\u011f\u0131 payla\u015f\u0131m\u0131nda, Putin&#8217;in, Ortodokslar\u0131n Paskalya Bayram\u0131 vesilesiyle 11 Nisan yerel&#046;&#046;&#046;\" \/>\n<meta property=\"og:url\" content=\"https:\/\/ajanscyprus.com\/2026\/04\/10\/zelenski-ukrayna-defalarca-karsilikli-adimlar-atmaya-hazir-oldugunu-belirtti\/\" \/>\n<meta property=\"og:site_name\" content=\"Ajans Cyprus\" \/>\n<meta property=\"article:publisher\" content=\"https:\/\/www.facebook.com\/AjansCyprusAC\" \/>\n<meta property=\"article:published_time\" content=\"2026-04-09T22:55:44+00:00\" \/>\n<meta property=\"og:image\" content=\"https:\/\/ajanscyprus.com\/wp-content\/uploads\/2025\/08\/zelenskiy-reu-2389587.jpg\" \/>\n\t<meta property=\"og:image:width\" content=\"1280\" \/>\n\t<meta property=\"og:image:height\" content=\"720\" \/>\n\t<meta property=\"og:image:type\" content=\"image\/jpeg\" \/>\n<meta name=\"author\" content=\"Ajans Cyprus\" \/>\n<meta name=\"twitter:card\" content=\"summary_large_image\" \/>\n<meta name=\"twitter:creator\" content=\"@AjansCyprus\" \/>\n<meta name=\"twitter:site\" content=\"@AjansCyprus\" \/>\n<meta name=\"twitter:label1\" content=\"Yazan:\" \/>\n\t<meta name=\"twitter:data1\" content=\"Ajans Cyprus\" \/>\n\t<meta name=\"twitter:label2\" content=\"Tahmini okuma s\u00fcresi\" \/>\n\t<meta name=\"twitter:data2\" content=\"1 dakika\" \/>\n<script type=\"application\/ld+json\" class=\"yoast-schema-graph\">{\"@context\":\"https:\\\/\\\/schema.org\",\"@graph\":[{\"@type\":\"Article\",\"@id\":\"https:\\\/\\\/ajanscyprus.com\\\/2026\\\/04\\\/10\\\/zelenski-ukrayna-defalarca-karsilikli-adimlar-atmaya-hazir-oldugunu-belirtti\\\/#article\",\"isPartOf\":{\"@id\":\"https:\\\/\\\/ajanscyprus.com\\\/2026\\\/04\\\/10\\\/zelenski-ukrayna-defalarca-karsilikli-adimlar-atmaya-hazir-oldugunu-belirtti\\\/\"},\"author\":{\"name\":\"Ajans Cyprus\",\"@id\":\"https:\\\/\\\/ajanscyprus.com\\\/#\\\/schema\\\/person\\\/7a2e842cab5d700268eb209092eb3937\"},\"headline\":\"Zelenski: Ukrayna defalarca, kar\u015f\u0131l\u0131kl\u0131 ad\u0131mlar atmaya haz\u0131r oldu\u011funu belirtti\",\"datePublished\":\"2026-04-09T22:55:44+00:00\",\"mainEntityOfPage\":{\"@id\":\"https:\\\/\\\/ajanscyprus.com\\\/2026\\\/04\\\/10\\\/zelenski-ukrayna-defalarca-karsilikli-adimlar-atmaya-hazir-oldugunu-belirtti\\\/\"},\"wordCount\":276,\"publisher\":{\"@id\":\"https:\\\/\\\/ajanscyprus.com\\\/#organization\"},\"image\":{\"@id\":\"https:\\\/\\\/ajanscyprus.com\\\/2026\\\/04\\\/10\\\/zelenski-ukrayna-defalarca-karsilikli-adimlar-atmaya-hazir-oldugunu-belirtti\\\/#primaryimage\"},\"thumbnailUrl\":\"https:\\\/\\\/ajanscyprus.com\\\/wp-content\\\/uploads\\\/2025\\\/08\\\/zelenskiy-reu-2389587.jpg\",\"articleSection\":[\"D\u00fcnya\"],\"inLanguage\":\"tr\"},{\"@type\":\"WebPage\",\"@id\":\"https:\\\/\\\/ajanscyprus.com\\\/2026\\\/04\\\/10\\\/zelenski-ukrayna-defalarca-karsilikli-adimlar-atmaya-hazir-oldugunu-belirtti\\\/\",\"url\":\"https:\\\/\\\/ajanscyprus.com\\\/2026\\\/04\\\/10\\\/zelenski-ukrayna-defalarca-karsilikli-adimlar-atmaya-hazir-oldugunu-belirtti\\\/\",\"name\":\"Zelenski: Ukrayna defalarca, kar\u015f\u0131l\u0131kl\u0131 ad\u0131mlar atmaya haz\u0131r oldu\u011funu belirtti - Ajans Cyprus\",\"isPartOf\":{\"@id\":\"https:\\\/\\\/ajanscyprus.com\\\/#website\"},\"primaryImageOfPage\":{\"@id\":\"https:\\\/\\\/ajanscyprus.com\\\/2026\\\/04\\\/10\\\/zelenski-ukrayna-defalarca-karsilikli-adimlar-atmaya-hazir-oldugunu-belirtti\\\/#primaryimage\"},\"image\":{\"@id\":\"https:\\\/\\\/ajanscyprus.com\\\/2026\\\/04\\\/10\\\/zelenski-ukrayna-defalarca-karsilikli-adimlar-atmaya-hazir-oldugunu-belirtti\\\/#primaryimage\"},\"thumbnailUrl\":\"https:\\\/\\\/ajanscyprus.com\\\/wp-content\\\/uploads\\\/2025\\\/08\\\/zelenskiy-reu-2389587.jpg\",\"datePublished\":\"2026-04-09T22:55:44+00:00\",\"breadcrumb\":{\"@id\":\"https:\\\/\\\/ajanscyprus.com\\\/2026\\\/04\\\/10\\\/zelenski-ukrayna-defalarca-karsilikli-adimlar-atmaya-hazir-oldugunu-belirtti\\\/#breadcrumb\"},\"inLanguage\":\"tr\",\"potentialAction\":[{\"@type\":\"ReadAction\",\"target\":[\"https:\\\/\\\/ajanscyprus.com\\\/2026\\\/04\\\/10\\\/zelenski-ukrayna-defalarca-karsilikli-adimlar-atmaya-hazir-oldugunu-belirtti\\\/\"]}]},{\"@type\":\"ImageObject\",\"inLanguage\":\"tr\",\"@id\":\"https:\\\/\\\/ajanscyprus.com\\\/2026\\\/04\\\/10\\\/zelenski-ukrayna-defalarca-karsilikli-adimlar-atmaya-hazir-oldugunu-belirtti\\\/#primaryimage\",\"url\":\"https:\\\/\\\/ajanscyprus.com\\\/wp-content\\\/uploads\\\/2025\\\/08\\\/zelenskiy-reu-2389587.jpg\",\"contentUrl\":\"https:\\\/\\\/ajanscyprus.com\\\/wp-content\\\/uploads\\\/2025\\\/08\\\/zelenskiy-reu-2389587.jpg\",\"width\":1280,\"height\":720},{\"@type\":\"BreadcrumbList\",\"@id\":\"https:\\\/\\\/ajanscyprus.com\\\/2026\\\/04\\\/10\\\/zelenski-ukrayna-defalarca-karsilikli-adimlar-atmaya-hazir-oldugunu-belirtti\\\/#breadcrumb\",\"itemListElement\":[{\"@type\":\"ListItem\",\"position\":1,\"name\":\"Anasayfa\",\"item\":\"https:\\\/\\\/ajanscyprus.com\\\/\"},{\"@type\":\"ListItem\",\"position\":2,\"name\":\"Zelenski: Ukrayna defalarca, kar\u015f\u0131l\u0131kl\u0131 ad\u0131mlar atmaya haz\u0131r oldu\u011funu belirtti\"}]},{\"@type\":\"WebSite\",\"@id\":\"https:\\\/\\\/ajanscyprus.com\\\/#website\",\"url\":\"https:\\\/\\\/ajanscyprus.com\\\/\",\"name\":\"Ajans Cyprus\",\"description\":\"\",\"publisher\":{\"@id\":\"https:\\\/\\\/ajanscyprus.com\\\/#organization\"},\"potentialAction\":[{\"@type\":\"SearchAction\",\"target\":{\"@type\":\"EntryPoint\",\"urlTemplate\":\"https:\\\/\\\/ajanscyprus.com\\\/?s={search_term_string}\"},\"query-input\":{\"@type\":\"PropertyValueSpecification\",\"valueRequired\":true,\"valueName\":\"search_term_string\"}}],\"inLanguage\":\"tr\"},{\"@type\":\"Organization\",\"@id\":\"https:\\\/\\\/ajanscyprus.com\\\/#organization\",\"name\":\"Ajans Cyprus\",\"alternateName\":\"Ajans Mira Turan Cyprus Media And Production\",\"url\":\"https:\\\/\\\/ajanscyprus.com\\\/\",\"logo\":{\"@type\":\"ImageObject\",\"inLanguage\":\"tr\",\"@id\":\"https:\\\/\\\/ajanscyprus.com\\\/#\\\/schema\\\/logo\\\/image\\\/\",\"url\":\"https:\\\/\\\/ajanscyprus.com\\\/wp-content\\\/uploads\\\/2023\\\/02\\\/AjansCyprus-yuvarlak-logo-e1676491087198.png\",\"contentUrl\":\"https:\\\/\\\/ajanscyprus.com\\\/wp-content\\\/uploads\\\/2023\\\/02\\\/AjansCyprus-yuvarlak-logo-e1676491087198.png\",\"width\":200,\"height\":200,\"caption\":\"Ajans Cyprus\"},\"image\":{\"@id\":\"https:\\\/\\\/ajanscyprus.com\\\/#\\\/schema\\\/logo\\\/image\\\/\"},\"sameAs\":[\"https:\\\/\\\/www.facebook.com\\\/AjansCyprusAC\",\"https:\\\/\\\/x.com\\\/AjansCyprus\"]},{\"@type\":\"Person\",\"@id\":\"https:\\\/\\\/ajanscyprus.com\\\/#\\\/schema\\\/person\\\/7a2e842cab5d700268eb209092eb3937\",\"name\":\"Ajans Cyprus\",\"image\":{\"@type\":\"ImageObject\",\"inLanguage\":\"tr\",\"@id\":\"https:\\\/\\\/ajanscyprus.com\\\/wp-content\\\/uploads\\\/2025\\\/06\\\/ajans-cyprus_avatar-96x96.png\",\"url\":\"https:\\\/\\\/ajanscyprus.com\\\/wp-content\\\/uploads\\\/2025\\\/06\\\/ajans-cyprus_avatar-96x96.png\",\"contentUrl\":\"https:\\\/\\\/ajanscyprus.com\\\/wp-content\\\/uploads\\\/2025\\\/06\\\/ajans-cyprus_avatar-96x96.png\",\"caption\":\"Ajans Cyprus\"},\"sameAs\":[\"http:\\\/\\\/ajanscyprus.com\"],\"url\":\"https:\\\/\\\/ajanscyprus.com\\\/author\\\/admin2\\\/\"}]}<\/script>\n<!-- \/ Yoast SEO plugin. -->","yoast_head_json":{"title":"Zelenski: Ukrayna defalarca, kar\u015f\u0131l\u0131kl\u0131 ad\u0131mlar atmaya haz\u0131r oldu\u011funu belirtti - Ajans Cyprus","robots":{"index":"index","follow":"follow","max-snippet":"max-snippet:-1","max-image-preview":"max-image-preview:large","max-video-preview":"max-video-preview:-1"},"canonical":"https:\/\/ajanscyprus.com\/2026\/04\/10\/zelenski-ukrayna-defalarca-karsilikli-adimlar-atmaya-hazir-oldugunu-belirtti\/","og_locale":"tr_TR","og_type":"article","og_title":"Zelenski: Ukrayna defalarca, kar\u015f\u0131l\u0131kl\u0131 ad\u0131mlar atmaya haz\u0131r oldu\u011funu belirtti - Ajans Cyprus","og_description":"&#13; Volodimir Zelenski, sosyal medya hesab\u0131ndan yapt\u0131\u011f\u0131 payla\u015f\u0131m\u0131nda, Putin&#8217;in, Ortodokslar\u0131n Paskalya Bayram\u0131 vesilesiyle 11 Nisan yerel&#46;&#46;&#46;","og_url":"https:\/\/ajanscyprus.com\/2026\/04\/10\/zelenski-ukrayna-defalarca-karsilikli-adimlar-atmaya-hazir-oldugunu-belirtti\/","og_site_name":"Ajans Cyprus","article_publisher":"https:\/\/www.facebook.com\/AjansCyprusAC","article_published_time":"2026-04-09T22:55:44+00:00","og_image":[{"width":1280,"height":720,"url":"https:\/\/ajanscyprus.com\/wp-content\/uploads\/2025\/08\/zelenskiy-reu-2389587.jpg","type":"image\/jpeg"}],"author":"Ajans Cyprus","twitter_card":"summary_large_image","twitter_creator":"@AjansCyprus","twitter_site":"@AjansCyprus","twitter_misc":{"Yazan:":"Ajans Cyprus","Tahmini okuma s\u00fcresi":"1 dakika"},"schema":{"@context":"https:\/\/schema.org","@graph":[{"@type":"Article","@id":"https:\/\/ajanscyprus.com\/2026\/04\/10\/zelenski-ukrayna-defalarca-karsilikli-adimlar-atmaya-hazir-oldugunu-belirtti\/#article","isPartOf":{"@id":"https:\/\/ajanscyprus.com\/2026\/04\/10\/zelenski-ukrayna-defalarca-karsilikli-adimlar-atmaya-hazir-oldugunu-belirtti\/"},"author":{"name":"Ajans Cyprus","@id":"https:\/\/ajanscyprus.com\/#\/schema\/person\/7a2e842cab5d700268eb209092eb3937"},"headline":"Zelenski: Ukrayna defalarca, kar\u015f\u0131l\u0131kl\u0131 ad\u0131mlar atmaya haz\u0131r oldu\u011funu belirtti","datePublished":"2026-04-09T22:55:44+00:00","mainEntityOfPage":{"@id":"https:\/\/ajanscyprus.com\/2026\/04\/10\/zelenski-ukrayna-defalarca-karsilikli-adimlar-atmaya-hazir-oldugunu-belirtti\/"},"wordCount":276,"publisher":{"@id":"https:\/\/ajanscyprus.com\/#organization"},"image":{"@id":"https:\/\/ajanscyprus.com\/2026\/04\/10\/zelenski-ukrayna-defalarca-karsilikli-adimlar-atmaya-hazir-oldugunu-belirtti\/#primaryimage"},"thumbnailUrl":"https:\/\/ajanscyprus.com\/wp-content\/uploads\/2025\/08\/zelenskiy-reu-2389587.jpg","articleSection":["D\u00fcnya"],"inLanguage":"tr"},{"@type":"WebPage","@id":"https:\/\/ajanscyprus.com\/2026\/04\/10\/zelenski-ukrayna-defalarca-karsilikli-adimlar-atmaya-hazir-oldugunu-belirtti\/","url":"https:\/\/ajanscyprus.com\/2026\/04\/10\/zelenski-ukrayna-defalarca-karsilikli-adimlar-atmaya-hazir-oldugunu-belirtti\/","name":"Zelenski: Ukrayna defalarca, kar\u015f\u0131l\u0131kl\u0131 ad\u0131mlar atmaya haz\u0131r oldu\u011funu belirtti - Ajans Cyprus","isPartOf":{"@id":"https:\/\/ajanscyprus.com\/#website"},"primaryImageOfPage":{"@id":"https:\/\/ajanscyprus.com\/2026\/04\/10\/zelenski-ukrayna-defalarca-karsilikli-adimlar-atmaya-hazir-oldugunu-belirtti\/#primaryimage"},"image":{"@id":"https:\/\/ajanscyprus.com\/2026\/04\/10\/zelenski-ukrayna-defalarca-karsilikli-adimlar-atmaya-hazir-oldugunu-belirtti\/#primaryimage"},"thumbnailUrl":"https:\/\/ajanscyprus.com\/wp-content\/uploads\/2025\/08\/zelenskiy-reu-2389587.jpg","datePublished":"2026-04-09T22:55:44+00:00","breadcrumb":{"@id":"https:\/\/ajanscyprus.com\/2026\/04\/10\/zelenski-ukrayna-defalarca-karsilikli-adimlar-atmaya-hazir-oldugunu-belirtti\/#breadcrumb"},"inLanguage":"tr","potentialAction":[{"@type":"ReadAction","target":["https:\/\/ajanscyprus.com\/2026\/04\/10\/zelenski-ukrayna-defalarca-karsilikli-adimlar-atmaya-hazir-oldugunu-belirtti\/"]}]},{"@type":"ImageObject","inLanguage":"tr","@id":"https:\/\/ajanscyprus.com\/2026\/04\/10\/zelenski-ukrayna-defalarca-karsilikli-adimlar-atmaya-hazir-oldugunu-belirtti\/#primaryimage","url":"https:\/\/ajanscyprus.com\/wp-content\/uploads\/2025\/08\/zelenskiy-reu-2389587.jpg","contentUrl":"https:\/\/ajanscyprus.com\/wp-content\/uploads\/2025\/08\/zelenskiy-reu-2389587.jpg","width":1280,"height":720},{"@type":"BreadcrumbList","@id":"https:\/\/ajanscyprus.com\/2026\/04\/10\/zelenski-ukrayna-defalarca-karsilikli-adimlar-atmaya-hazir-oldugunu-belirtti\/#breadcrumb","itemListElement":[{"@type":"ListItem","position":1,"name":"Anasayfa","item":"https:\/\/ajanscyprus.com\/"},{"@type":"ListItem","position":2,"name":"Zelenski: Ukrayna defalarca, kar\u015f\u0131l\u0131kl\u0131 ad\u0131mlar atmaya haz\u0131r oldu\u011funu belirtti"}]},{"@type":"WebSite","@id":"https:\/\/ajanscyprus.com\/#website","url":"https:\/\/ajanscyprus.com\/","name":"Ajans Cyprus","description":"","publisher":{"@id":"https:\/\/ajanscyprus.com\/#organization"},"potentialAction":[{"@type":"SearchAction","target":{"@type":"EntryPoint","urlTemplate":"https:\/\/ajanscyprus.com\/?s={search_term_string}"},"query-input":{"@type":"PropertyValueSpecification","valueRequired":true,"valueName":"search_term_string"}}],"inLanguage":"tr"},{"@type":"Organization","@id":"https:\/\/ajanscyprus.com\/#organization","name":"Ajans Cyprus","alternateName":"Ajans Mira Turan Cyprus Media And Production","url":"https:\/\/ajanscyprus.com\/","logo":{"@type":"ImageObject","inLanguage":"tr","@id":"https:\/\/ajanscyprus.com\/#\/schema\/logo\/image\/","url":"https:\/\/ajanscyprus.com\/wp-content\/uploads\/2023\/02\/AjansCyprus-yuvarlak-logo-e1676491087198.png","contentUrl":"https:\/\/ajanscyprus.com\/wp-content\/uploads\/2023\/02\/AjansCyprus-yuvarlak-logo-e1676491087198.png","width":200,"height":200,"caption":"Ajans Cyprus"},"image":{"@id":"https:\/\/ajanscyprus.com\/#\/schema\/logo\/image\/"},"sameAs":["https:\/\/www.facebook.com\/AjansCyprusAC","https:\/\/x.com\/AjansCyprus"]},{"@type":"Person","@id":"https:\/\/ajanscyprus.com\/#\/schema\/person\/7a2e842cab5d700268eb209092eb3937","name":"Ajans Cyprus","image":{"@type":"ImageObject","inLanguage":"tr","@id":"https:\/\/ajanscyprus.com\/wp-content\/uploads\/2025\/06\/ajans-cyprus_avatar-96x96.png","url":"https:\/\/ajanscyprus.com\/wp-content\/uploads\/2025\/06\/ajans-cyprus_avatar-96x96.png","contentUrl":"https:\/\/ajanscyprus.com\/wp-content\/uploads\/2025\/06\/ajans-cyprus_avatar-96x96.png","caption":"Ajans Cyprus"},"sameAs":["http:\/\/ajanscyprus.com"],"url":"https:\/\/ajanscyprus.com\/author\/admin2\/"}]}},"jetpack_publicize_connections":[],"_links":{"self":[{"href":"https:\/\/ajanscyprus.com\/wp-json\/wp\/v2\/posts\/198029","targetHints":{"allow":["GET"]}}],"collection":[{"href":"https:\/\/ajanscyprus.com\/wp-json\/wp\/v2\/posts"}],"about":[{"href":"https:\/\/ajanscyprus.com\/wp-json\/wp\/v2\/types\/post"}],"author":[{"embeddable":true,"href":"https:\/\/ajanscyprus.com\/wp-json\/wp\/v2\/users\/4"}],"replies":[{"embeddable":true,"href":"https:\/\/ajanscyprus.com\/wp-json\/wp\/v2\/comments?post=198029"}],"version-history":[{"count":0,"href":"https:\/\/ajanscyprus.com\/wp-json\/wp\/v2\/posts\/198029\/revisions"}],"wp:featuredmedia":[{"embeddable":true,"href":"https:\/\/ajanscyprus.com\/wp-json\/wp\/v2\/media\/177895"}],"wp:attachment":[{"href":"https:\/\/ajanscyprus.com\/wp-json\/wp\/v2\/media?parent=198029"}],"wp:term":[{"taxonomy":"category","embeddable":true,"href":"https:\/\/ajanscyprus.com\/wp-json\/wp\/v2\/categories?post=198029"},{"taxonomy":"post_tag","embeddable":true,"href":"https:\/\/ajanscyprus.com\/wp-json\/wp\/v2\/tags?post=198029"},{"taxonomy":"manset","embeddable":true,"href":"https:\/\/ajanscyprus.com\/wp-json\/wp\/v2\/manset?post=198029"}],"curies":[{"name":"wp","href":"https:\/\/api.w.org\/{rel}","templated":true}]}}