{"id":2795,"date":"2017-01-26T11:55:14","date_gmt":"2017-01-26T11:55:14","guid":{"rendered":"http:\/\/www.ajanscyprus.com\/?p=2795"},"modified":"2017-01-26T11:55:14","modified_gmt":"2017-01-26T11:55:14","slug":"kim-kazandi-kim-kaybetti","status":"publish","type":"post","link":"https:\/\/ajanscyprus.com\/2017\/01\/26\/kim-kazandi-kim-kaybetti\/","title":{"rendered":"\u201cKim\u201d Kazand\u0131? \u201cKim\u201d Kaybetti?"},"content":{"rendered":"<p>\u201cKazanan\u201dm\u0131 Su\u00e7lu? \u201cKaybeden\u201dmi Su\u00e7lu?<\/p>\n<p>D\u00fcn iskele ulusal birlik partisi merkezinde xxx partiden istifa edip \u015eA\u015eALI B\u0130R T\u00d6RENLE ulusal birlik partisine kat\u0131lan bir belediye ba\u015fkan\u0131 vard\u0131, UBP ye kat\u0131lan belediye ba\u015fkan\u0131 ve ekibi ba\u015far\u0131l\u0131 bir belediye ba\u015fkan\u0131 idi buraya kadar k\u0131sa ve \u00f6zet ge\u00e7mek istedim.<\/p>\n<p>K\u00f6\u015fe Yaz\u0131maya ba\u015flamadan \u00f6nce yanl\u0131\u015f anla\u015f\u0131lmamas\u0131 i\u00e7in \u015fu noktalara de\u011finmek isterim;<\/p>\n<p>2014 belediye se\u00e7imlerini \u00f6nemli iki vaat ile di\u011fer adaylar\u0131 a\u00e7\u0131k ara ge\u00e7erek kazanm\u0131\u015ft\u0131 se\u00e7imi GEN\u00c7 BA\u015eKAN Ahmet karde\u015fim,<\/p><div class=\"kanews-banner kanews-banner-single\"><img loading=\"lazy\" decoding=\"async\" src=\"https:\/\/ajanscyprus.com\/wp-content\/uploads\/2026\/04\/meRIT-bANNER.jpeg\" alt=\"\" width=\"970\" height=\"90\" class=\"alignnone size-full wp-image-62349\" \/><\/div>\n<p>Ben oy vermemi\u015ftim o d\u00f6nem, Ahmet\u2019in rakibi olan k\u00f6yl\u00fcm\u00fc desteklemi\u015ftim ya da Ahmet karde\u015fimin vaatleri pek inand\u0131r\u0131c\u0131 gelmemi\u015fti bana her ne ise yukar\u0131da dedi\u011fim gibi Ahmet karde\u015fim ekibi ile birlikte ba\u015far\u0131l\u0131 g\u00f6t\u00fcrd\u00fc\u011f\u00fc se\u00e7im kampanyan\u0131 a\u00e7\u0131k ara kazand\u0131, bizde kendisini kutlad\u0131k tebrik ettik,<\/p>\n<p>Se\u00e7imin \u00fczerinden yakla\u015f\u0131k \u00fc\u00e7 y\u0131l ge\u00e7ti gen\u00e7 ba\u015fkan\u0131n icraatlar\u0131 pe\u015f pe\u015fe geldi benimde halk\u0131nda be\u011fenisini ve takdirini ald\u0131 ne yalan \u015f\u00f6yleyim b\u00f6lgem i\u00e7in icraatlar\u0131n\u0131n devam\u0131n\u0131 arzu etmekteyim,<\/p>\n<p>Yaz\u0131m\u0131n buraya kadar olan k\u0131sm\u0131n\u0131 samimiyetimi hi\u00e7 kimsenin sorgulayabilece\u011fini d\u00fc\u015f\u00fcnm\u00fcyorum;<\/p>\n<p>Gen\u00e7 Ba\u015fkanAhmet karde\u015fimin en b\u00fcy\u00fck vaadi;<\/p>\n<p>Bir \u00f6nceki belediye ba\u015fkan\u0131 sn.Sezai sezen d\u00f6neminde, 22. \u0130rsen k\u00fc\u00e7\u00fck h\u00fck\u00fcmetinini\u00e7i\u015fleri bakan\u0131n Naz\u0131m \u00c7avu\u015fo\u011flu\u2019nun bakanlar kuruluna\u00a0 \u00f6nerisi \u00fczerine 49 y\u0131ll\u0131\u011f\u0131na belediyeye ait dinlenme tesisleri\u00a0 KKTC de b\u00fcy\u00fck ve k\u00f6kl\u00fc xxx bir \u015firkete pe\u015fke\u015f \u00e7ekilmi\u015fti ve o d\u00f6nem gerek b\u00f6\u011fe halk\u0131ndan gerekse muhalefet partilerinden inan\u0131lmaz bir tepki alm\u0131\u015ft\u0131 22.UBP H\u00dcK\u00dcMET\u0130 ve BELED\u0130YE BA\u015eKANI SN SEZA\u0130 SEZEN , o d\u00f6nemlerde \u015fu anki belediye ba\u015fkan\u0131 ve arkada\u015flar\u0131 bir s\u00fcr\u00fc yolsuzluklardan bahsetmi\u015flerdi, tabi sonu\u00e7 olarak TC b\u00fcy\u00fck el\u00e7ili\u011finin b\u00fcy\u00fck katk\u0131lar\u0131 ile b\u00f6lge halk\u0131 i\u00e7in yap\u0131lan dinlenme tesisleri\u00a0 xxx \u015firketin istedi\u011fi gibi devleti a\u011f\u0131r tazminata ba\u011flayan bir s\u00f6zle\u015fme ile bakanlar kurulu taraf\u0131ndan pe\u015fke\u015f \u00e7ekilmi\u015fti, ne yalan \u015f\u00f6yleyim o d\u00f6nem benimde \u00e7ok can\u0131m s\u0131k\u0131lm\u0131\u015ft\u0131 bu icraata ve kesinle b\u00f6lgenin olan bir dinlenme tesislerinin b\u00f6yle \u00f6zel bir \u015firkete pe\u015fke\u015f \u00e7ekilmesini kabul etmemi\u015ftim,<\/p>\n<p>Amaaaaaaaaaaa<\/p>\n<p>O d\u00f6nem arkada\u015f\u0131mla TVprogram\u0131 sunuyordum ve \u00e7ok iyi hat\u0131rl\u0131yorum ki \u015fu anki gen\u00e7 belediye ba\u015fkan program konu\u011fumdu , Ahmet karde\u015fimle \u00a0muhabbettim olmu\u015ftu,<\/p>\n<p>Muhabbetin konu\u015fmas\u0131;<\/p>\n<p>Sn. ba\u015fkan aday\u0131m Ahmet karde\u015fim sen bu dinlenme tesislerini alaca\u011f\u0131n\u0131 iddia ediyorsun ama<\/p>\n<p>\u201c xx k\u00f6kl\u00fc \u015firket buray\u0131 kiralarken \u00f6yle bir s\u00f6zle\u015fme haz\u0131rlad\u0131 ki s\u00f6zle\u015fmesinin feshi durumunda ekonomik y\u00f6nden zor durumda olan devlet bu a\u011f\u0131r tazminat\u0131n \u00a0alt\u0131ndan kalkamaz\u201d demi\u015ftim , o d\u00f6nem belediye ba\u015fkan aday\u0131 bana \u201cg\u00f6receksin ben alaca\u011f\u0131m \u201c demi\u015fti .<\/p>\n<p>G\u00fcn ge\u00e7ti devran d\u00f6nd\u00fc se\u00e7imleri kazand\u0131 g\u00f6reve geldi gen\u00e7 Ba\u015fkan Ahmet karde\u015fim,<\/p>\n<p>\u00d6nce se\u00e7ildi\u011fi parti olan CTP ile o d\u00f6nemin h\u00fck\u00fcmet k\u00fc\u00e7\u00fck orta\u011f\u0131 olan DP h\u00fck\u00fcmetinden almaya \u00e7al\u0131\u015ft\u0131 bu tesisi ama t\u00fcm u\u011fra\u015flara ra\u011fmen alamad\u0131,<\/p>\n<p>\u00dcz\u00fclm\u00fc\u015ft\u00fcm,<\/p>\n<p>TabiSn. ba\u015fkan pes etmedi;<\/p>\n<p>Sonra 34 millet vekili ile kurulan en geni\u015f tabanl\u0131 kurulan g\u00fc\u00e7l\u00fc CTP-UBP H\u00dcK\u00dcMET\u0130 d\u00f6neminde inan\u0131lmaz u\u011fra\u015flar verdi Sn. gen\u00e7 ba\u015far\u0131l\u0131 belediye ba\u015fkan\u0131 yine alamad\u0131 b\u00f6lgenin dinlenme tesislerini,<\/p>\n<p>Yine \u00e7ok \u00fcz\u00fcld\u00fcm.<\/p>\n<p>AHMET ba\u015fkan partisine istifa tehditleri savurmas\u0131na ra\u011fmen tesisi alamad\u0131 ve tabi do\u011fal olarak partisi olan CTP den istifa etti .<\/p>\n<p>Ta ki UBP -DP AZINLIK h\u00fck\u00fcmeti kuruluna kadar,<\/p>\n<p>2 h\u00fck\u00fcmet GE\u00c7T\u0130, CTP \u0130LE ayr\u0131 ayr\u0131 h\u00fck\u00fcmet kuran ne UBP ne de DP bu D\u0130NLENME tesisi iade etmedi BELED\u0130YEYE,<\/p>\n<p>Ne mi oldu, o d\u00f6nem H\u00dcK\u00dcMET OLAN\u00a0\u00a0 22. UBP H\u00dcK\u00dcMET\u0130 \u0130LE D\u00d6NEM\u0130N UBP BELED\u0130YE BA\u015eKANI \u0130LE B\u0130RL\u0130K OLUP yine d\u00f6nemin i\u00e7 i\u015fleri bakan\u0131 naz\u0131m \u00e7avu\u015fo\u011flunun bakanlar kuruluna g\u00f6t\u00fcrd\u00fc\u011f\u00fc \u00f6nerge ile xx \u015firkete pe\u015fke\u015f \u00e7ekilmi\u015f olan dinleneme tesislerimizi 38. UBP-DP AZINLIK h\u00fck\u00fcmeti d\u00f6neminde yine tar\u0131m bakan\u0131 Sn. naz\u0131m vekil \u00f6n ayak olarak \u00a0ba\u011f\u0131ms\u0131z vekil olan Sn. \u00f6nder vekil az\u0131nl\u0131k h\u00fck\u00fcmetine destek verme s\u00f6z\u00fc \u00e7er\u00e7evesinde bakanlar kuruluna g\u00f6t\u00fcrd\u00fckleri \u00f6neri kabul g\u00f6rm\u00fc\u015f olup zaman\u0131nda pe\u015fke\u015f \u00e7ektikleri dinlenme tesislerini b\u00f6lgeye ve b\u00fcy\u00fck konuk\u00a0 belediyesine\u00a0 ait tesisin y\u00f6netimi B\u00fcy\u00fckkonuk belediyesine ve b\u00f6lge halk\u0131na geri verdi,<\/p>\n<p>Bu duruma \u00e7ok sevindim,<\/p>\n<p>Asl\u0131nda yukar\u0131daki anlatt\u0131klar\u0131m\u0131 kundaktaki bebek dahi biliyor,<\/p>\n<p>Gelelim \u015fimdi \u201ckimler\u201d kazand\u0131 \u201cK\u0130M\u201d kaybetti;<\/p>\n<p>1-Sn. Ahmet ba\u015fkan ve ba\u015far\u0131l\u0131 ekibi ikinci kez kazand\u0131 ve ben de dahil herkes onu tebrik etti,<\/p>\n<p>Gen\u00e7 ba\u015fkan\u0131m Ahmet karde\u015fim ve ekibinin ba\u015far\u0131l\u0131 proje ve hizmetlerine devam etmeleri can\u0131 g\u00f6n\u00fclden dilerim.<\/p>\n<p>\u0130kinci kazanana gelelim;<\/p>\n<p>CTP den aday olup kazanan ve UBP taraf\u0131ndan verilen dinlenme tesislerini CTP den geri alamad\u0131\u011f\u0131 i\u00e7in istifa eden ba\u015far\u0131l\u0131 gen\u00e7 Ahmet ba\u015fkan,22. UBP H\u00dcK\u00dcMET\u0130 taraf\u0131ndan al\u0131n\u0131p 38. UBP -DP AZINLIK h\u00fck\u00fcmeti taraf\u0131ndan dinlenme tesisi\u00a0 iade edildi , konuyu a\u00e7ay\u0131m az biraz dahad\u00f6nemin ba\u015fbakan\u0131n\u0131n sa\u011f kolu olan ba\u015fbakan yard\u0131mc\u0131s\u0131 Sn.\u00d6zg\u00fcrg\u00fcn\u00a0 ve ayn\u0131 d\u00f6nemde i\u00e7 i\u015fleri bakan\u0131 sn \u00e7avu\u015fo\u011flu taraf\u0131ndan pe\u015fke\u015f \u00e7ekilen dinlenme tesisleri \u015fimdiki UBP parti ba\u015fkan\u0131 ve ba\u015fbakan sn. \u00d6zg\u00fcrg\u00fcn ve tar\u0131m bakan\u0131 sn. Naz\u0131m \u00c7avu\u015fo\u011flu taraf\u0131ndan iade edildi,<\/p>\n<p>\u201ckaybettirdikleri e\u015fe\u011fimi geri buldurdular\u201d yap\u0131lan bu icraat yak\u0131\u015fan en g\u00fczel deyim san\u0131r\u0131m bu,<\/p>\n<p>Her neyse CTP den istifa eden ba\u015far\u0131l\u0131 gen\u00e7 Ba\u015fkan Ulusal birlik partisi saflar\u0131na kat\u0131ld\u0131.<\/p>\n<p>Bu durumda 2.ci kazanan b\u00fcy\u00fck konuk belediyesini saflar\u0131na katan UBP oldu.<\/p>\n<p>Ay\u0131p olmas\u0131n ba\u015far\u0131l\u0131 operasyonundan dolay\u0131 Ulusal birlik partisini de tebrik ediyorum.<\/p>\n<p>Gelelim \u201c\u00fc\u00e7\u00fcnc\u00fc\u201d kazanana;<\/p>\n<p>22.D\u00d6NEM\u0130N UBP H\u00dcK\u00dcMET\u0130 TARAFINDAN \u0130LG\u0130L\u0130 D\u0130NLENME TES\u0130S\u0130 XXX \u015e\u0130RKETE PE\u015eKE\u015e \u00c7EK\u0130LM\u0130\u015eT\u0130,<\/p>\n<p>Bak\u0131n xxx diyorum ismini kundaktaki bebek bildi\u011fi i\u00e7in benim tekrar \u00a0yazmama gerek yok, her neyse bu \u015firket b\u00f6ylesi de\u011ferli bir tesisi ne oldu da geri b\u00fcy\u00fc konuk belediyesine teslim etti ,<\/p>\n<p>\u00c7ok iyi biliyorum ki s\u00f6zle\u015fmeden do\u011fan y\u00fckl\u00fc tazminat\u0131 almad\u0131,<\/p>\n<p>\u0130nsan babas\u0131n\u0131n o\u011fluna bile b\u00f6ylesi de\u011ferli tesisi b\u0131rak\u0131p ve s\u00f6zle\u015fmeden hakk\u0131 olan y\u00fckl\u00fc tazminat\u0131 bile ba\u011f\u0131\u015flamaz,<\/p>\n<p>xxx \u015firket Ne oldu da dinlenme tesisini geri iade etti biliyor musunuz,<\/p>\n<p>UBP -DP AZINLIK H\u00dcK\u00dcMET\u0130 XXX \u015e\u0130RKETE D\u0130KMEN LEFKO\u015eA ARASINDA YEN\u0130 YOLA YAKIN devlete ait\u00a0 \u0130K\u0130 Y\u00dcZ D\u00d6N\u00dcM\u00dcN \u00dcZER\u0130NE DE\u011eER\u0130 ALACA\u011eI TAZM\u0130NATIN KAT KAT \u00dcST\u00dcNDE \u00a0B\u0130R ARZ\u0130Y\u0130 MAL VARLI\u011eINA KATTI,<\/p>\n<p>3.c\u00fc kim mi kazand\u0131 XXX \u015firket kasas\u0131na paha bi\u00e7ilmez 200 d\u00f6n\u00fcmden fazla devlet arazisini mal varl\u0131\u011f\u0131na katan \u00f6zel \u015firket oldu..<\/p>\n<p>\u0130LG\u0130L\u0130 \u015firketi de kutluyorum Allah daha \u00e7ok versin,<\/p>\n<p>\u00d6z\u00fcr dilerim \u00c7OK UZATTI\u011eIMIN FARKINDAYIM,<\/p>\n<p>SON OLARAK KAYBEDEN\u0130 YAZAYIM,<\/p>\n<p>Devlete ait paha bi\u00e7ilmez 200 d\u00f6n\u00fcm\u00fcn \u00fcst\u00fcnde araziyi devlet kaybetti.<\/p>\n<p>Dinlenme tesislerinin y\u0131llarca kapal\u0131 kald\u0131 yine devlet zarar etti.<\/p>\n<p>KISACASI DEVLET\u0130N MAKAMLARINDA OTURAN KAZANDI.<\/p>\n<p>DEVLET\u0130M\u0130Z KAYBETT\u0130.<\/p>\n<p>DEVLET\u0130M\u0130Z KAYBETT\u0130\u011e\u0130NE G\u00d6RE,<\/p>\n<p>SANIRIM HEP\u0130M\u0130Z KAYBETT\u0130K<\/p>\n<p>HA DEVLET SU\u00c7LU MU DA KAYBETT\u0130,<\/p>\n<p>BUNUDA S\u0130Z KAMUOYUNA BIRAKIYORUM<\/p>\n<p>Sayg\u0131lar\u0131mla<\/p>\n","protected":false},"excerpt":{"rendered":"<p>\u201cKazanan\u201dm\u0131 Su\u00e7lu? \u201cKaybeden\u201dmi Su\u00e7lu? D\u00fcn iskele ulusal birlik partisi merkezinde xxx partiden istifa edip \u015eA\u015eALI B\u0130R&#46;&#46;&#46;<\/p>\n","protected":false},"author":1,"featured_media":487,"comment_status":"closed","ping_status":"closed","sticky":false,"template":"","format":"standard","meta":{"footnotes":"","jetpack_publicize_message":"","jetpack_publicize_feature_enabled":true,"jetpack_social_post_already_shared":false,"jetpack_social_options":{"image_generator_settings":{"template":"highway","default_image_id":0,"font":"","enabled":false},"version":2}},"categories":[48,1,62],"tags":[],"manset":[],"class_list":["post-2795","post","type-post","status-publish","format-standard","has-post-thumbnail","hentry","category-kibris","category-uncategorized","category-yazarlar"],"yoast_head":"<!-- This site is optimized with the Yoast SEO plugin v27.4 - https:\/\/yoast.com\/product\/yoast-seo-wordpress\/ -->\n<title>\u201cKim\u201d Kazand\u0131? \u201cKim\u201d Kaybetti? - Ajans Cyprus<\/title>\n<meta name=\"robots\" content=\"index, follow, max-snippet:-1, max-image-preview:large, max-video-preview:-1\" \/>\n<link rel=\"canonical\" href=\"https:\/\/ajanscyprus.com\/2017\/01\/26\/kim-kazandi-kim-kaybetti\/\" \/>\n<meta property=\"og:locale\" content=\"tr_TR\" \/>\n<meta property=\"og:type\" content=\"article\" \/>\n<meta property=\"og:title\" content=\"\u201cKim\u201d Kazand\u0131? \u201cKim\u201d Kaybetti? - Ajans Cyprus\" \/>\n<meta property=\"og:description\" content=\"\u201cKazanan\u201dm\u0131 Su\u00e7lu? \u201cKaybeden\u201dmi Su\u00e7lu? D\u00fcn iskele ulusal birlik partisi merkezinde xxx partiden istifa edip \u015eA\u015eALI B\u0130R&#046;&#046;&#046;\" \/>\n<meta property=\"og:url\" content=\"https:\/\/ajanscyprus.com\/2017\/01\/26\/kim-kazandi-kim-kaybetti\/\" \/>\n<meta property=\"og:site_name\" content=\"Ajans Cyprus\" \/>\n<meta property=\"article:publisher\" content=\"https:\/\/www.facebook.com\/AjansCyprusAC\" \/>\n<meta property=\"article:published_time\" content=\"2017-01-26T11:55:14+00:00\" \/>\n<meta name=\"author\" content=\"admin\" \/>\n<meta name=\"twitter:card\" content=\"summary_large_image\" \/>\n<meta name=\"twitter:creator\" content=\"@AjansCyprus\" \/>\n<meta name=\"twitter:site\" content=\"@AjansCyprus\" \/>\n<meta name=\"twitter:label1\" content=\"Yazan:\" \/>\n\t<meta name=\"twitter:data1\" content=\"admin\" \/>\n\t<meta name=\"twitter:label2\" content=\"Tahmini okuma s\u00fcresi\" \/>\n\t<meta name=\"twitter:data2\" content=\"7 dakika\" \/>\n<script type=\"application\/ld+json\" class=\"yoast-schema-graph\">{\"@context\":\"https:\\\/\\\/schema.org\",\"@graph\":[{\"@type\":\"Article\",\"@id\":\"https:\\\/\\\/ajanscyprus.com\\\/2017\\\/01\\\/26\\\/kim-kazandi-kim-kaybetti\\\/#article\",\"isPartOf\":{\"@id\":\"https:\\\/\\\/ajanscyprus.com\\\/2017\\\/01\\\/26\\\/kim-kazandi-kim-kaybetti\\\/\"},\"author\":{\"name\":\"admin\",\"@id\":\"https:\\\/\\\/ajanscyprus.com\\\/#\\\/schema\\\/person\\\/bde04f428980a11e6513136d7f10a011\"},\"headline\":\"\u201cKim\u201d Kazand\u0131? \u201cKim\u201d Kaybetti?\",\"datePublished\":\"2017-01-26T11:55:14+00:00\",\"mainEntityOfPage\":{\"@id\":\"https:\\\/\\\/ajanscyprus.com\\\/2017\\\/01\\\/26\\\/kim-kazandi-kim-kaybetti\\\/\"},\"wordCount\":1334,\"publisher\":{\"@id\":\"https:\\\/\\\/ajanscyprus.com\\\/#organization\"},\"image\":{\"@id\":\"https:\\\/\\\/ajanscyprus.com\\\/2017\\\/01\\\/26\\\/kim-kazandi-kim-kaybetti\\\/#primaryimage\"},\"thumbnailUrl\":\"\",\"articleSection\":[\"K\u0131br\u0131s\",\"Uncategorized\",\"Yazarlar\"],\"inLanguage\":\"tr\"},{\"@type\":\"WebPage\",\"@id\":\"https:\\\/\\\/ajanscyprus.com\\\/2017\\\/01\\\/26\\\/kim-kazandi-kim-kaybetti\\\/\",\"url\":\"https:\\\/\\\/ajanscyprus.com\\\/2017\\\/01\\\/26\\\/kim-kazandi-kim-kaybetti\\\/\",\"name\":\"\u201cKim\u201d Kazand\u0131? \u201cKim\u201d Kaybetti? - Ajans Cyprus\",\"isPartOf\":{\"@id\":\"https:\\\/\\\/ajanscyprus.com\\\/#website\"},\"primaryImageOfPage\":{\"@id\":\"https:\\\/\\\/ajanscyprus.com\\\/2017\\\/01\\\/26\\\/kim-kazandi-kim-kaybetti\\\/#primaryimage\"},\"image\":{\"@id\":\"https:\\\/\\\/ajanscyprus.com\\\/2017\\\/01\\\/26\\\/kim-kazandi-kim-kaybetti\\\/#primaryimage\"},\"thumbnailUrl\":\"\",\"datePublished\":\"2017-01-26T11:55:14+00:00\",\"breadcrumb\":{\"@id\":\"https:\\\/\\\/ajanscyprus.com\\\/2017\\\/01\\\/26\\\/kim-kazandi-kim-kaybetti\\\/#breadcrumb\"},\"inLanguage\":\"tr\",\"potentialAction\":[{\"@type\":\"ReadAction\",\"target\":[\"https:\\\/\\\/ajanscyprus.com\\\/2017\\\/01\\\/26\\\/kim-kazandi-kim-kaybetti\\\/\"]}]},{\"@type\":\"ImageObject\",\"inLanguage\":\"tr\",\"@id\":\"https:\\\/\\\/ajanscyprus.com\\\/2017\\\/01\\\/26\\\/kim-kazandi-kim-kaybetti\\\/#primaryimage\",\"url\":\"\",\"contentUrl\":\"\"},{\"@type\":\"BreadcrumbList\",\"@id\":\"https:\\\/\\\/ajanscyprus.com\\\/2017\\\/01\\\/26\\\/kim-kazandi-kim-kaybetti\\\/#breadcrumb\",\"itemListElement\":[{\"@type\":\"ListItem\",\"position\":1,\"name\":\"Anasayfa\",\"item\":\"https:\\\/\\\/ajanscyprus.com\\\/\"},{\"@type\":\"ListItem\",\"position\":2,\"name\":\"\u201cKim\u201d Kazand\u0131? \u201cKim\u201d Kaybetti?\"}]},{\"@type\":\"WebSite\",\"@id\":\"https:\\\/\\\/ajanscyprus.com\\\/#website\",\"url\":\"https:\\\/\\\/ajanscyprus.com\\\/\",\"name\":\"Ajans Cyprus\",\"description\":\"\",\"publisher\":{\"@id\":\"https:\\\/\\\/ajanscyprus.com\\\/#organization\"},\"potentialAction\":[{\"@type\":\"SearchAction\",\"target\":{\"@type\":\"EntryPoint\",\"urlTemplate\":\"https:\\\/\\\/ajanscyprus.com\\\/?s={search_term_string}\"},\"query-input\":{\"@type\":\"PropertyValueSpecification\",\"valueRequired\":true,\"valueName\":\"search_term_string\"}}],\"inLanguage\":\"tr\"},{\"@type\":\"Organization\",\"@id\":\"https:\\\/\\\/ajanscyprus.com\\\/#organization\",\"name\":\"Ajans Cyprus\",\"alternateName\":\"Ajans Mira Turan Cyprus Media And Production\",\"url\":\"https:\\\/\\\/ajanscyprus.com\\\/\",\"logo\":{\"@type\":\"ImageObject\",\"inLanguage\":\"tr\",\"@id\":\"https:\\\/\\\/ajanscyprus.com\\\/#\\\/schema\\\/logo\\\/image\\\/\",\"url\":\"https:\\\/\\\/ajanscyprus.com\\\/wp-content\\\/uploads\\\/2023\\\/02\\\/AjansCyprus-yuvarlak-logo-e1676491087198.png\",\"contentUrl\":\"https:\\\/\\\/ajanscyprus.com\\\/wp-content\\\/uploads\\\/2023\\\/02\\\/AjansCyprus-yuvarlak-logo-e1676491087198.png\",\"width\":200,\"height\":200,\"caption\":\"Ajans Cyprus\"},\"image\":{\"@id\":\"https:\\\/\\\/ajanscyprus.com\\\/#\\\/schema\\\/logo\\\/image\\\/\"},\"sameAs\":[\"https:\\\/\\\/www.facebook.com\\\/AjansCyprusAC\",\"https:\\\/\\\/x.com\\\/AjansCyprus\"]},{\"@type\":\"Person\",\"@id\":\"https:\\\/\\\/ajanscyprus.com\\\/#\\\/schema\\\/person\\\/bde04f428980a11e6513136d7f10a011\",\"name\":\"admin\",\"image\":{\"@type\":\"ImageObject\",\"inLanguage\":\"tr\",\"@id\":\"https:\\\/\\\/secure.gravatar.com\\\/avatar\\\/7b3584441088d5ca4cd7222e9873c969610760122e804fb99fa589e24cd99cb8?s=96&d=mm&r=g\",\"url\":\"https:\\\/\\\/secure.gravatar.com\\\/avatar\\\/7b3584441088d5ca4cd7222e9873c969610760122e804fb99fa589e24cd99cb8?s=96&d=mm&r=g\",\"contentUrl\":\"https:\\\/\\\/secure.gravatar.com\\\/avatar\\\/7b3584441088d5ca4cd7222e9873c969610760122e804fb99fa589e24cd99cb8?s=96&d=mm&r=g\",\"caption\":\"admin\"},\"sameAs\":[\"https:\\\/\\\/ajanscyprus.com\"],\"url\":\"https:\\\/\\\/ajanscyprus.com\\\/author\\\/admin_r45uydj1\\\/\"}]}<\/script>\n<!-- \/ Yoast SEO plugin. -->","yoast_head_json":{"title":"\u201cKim\u201d Kazand\u0131? \u201cKim\u201d Kaybetti? - Ajans Cyprus","robots":{"index":"index","follow":"follow","max-snippet":"max-snippet:-1","max-image-preview":"max-image-preview:large","max-video-preview":"max-video-preview:-1"},"canonical":"https:\/\/ajanscyprus.com\/2017\/01\/26\/kim-kazandi-kim-kaybetti\/","og_locale":"tr_TR","og_type":"article","og_title":"\u201cKim\u201d Kazand\u0131? \u201cKim\u201d Kaybetti? - Ajans Cyprus","og_description":"\u201cKazanan\u201dm\u0131 Su\u00e7lu? \u201cKaybeden\u201dmi Su\u00e7lu? D\u00fcn iskele ulusal birlik partisi merkezinde xxx partiden istifa edip \u015eA\u015eALI B\u0130R&#46;&#46;&#46;","og_url":"https:\/\/ajanscyprus.com\/2017\/01\/26\/kim-kazandi-kim-kaybetti\/","og_site_name":"Ajans Cyprus","article_publisher":"https:\/\/www.facebook.com\/AjansCyprusAC","article_published_time":"2017-01-26T11:55:14+00:00","author":"admin","twitter_card":"summary_large_image","twitter_creator":"@AjansCyprus","twitter_site":"@AjansCyprus","twitter_misc":{"Yazan:":"admin","Tahmini okuma s\u00fcresi":"7 dakika"},"schema":{"@context":"https:\/\/schema.org","@graph":[{"@type":"Article","@id":"https:\/\/ajanscyprus.com\/2017\/01\/26\/kim-kazandi-kim-kaybetti\/#article","isPartOf":{"@id":"https:\/\/ajanscyprus.com\/2017\/01\/26\/kim-kazandi-kim-kaybetti\/"},"author":{"name":"admin","@id":"https:\/\/ajanscyprus.com\/#\/schema\/person\/bde04f428980a11e6513136d7f10a011"},"headline":"\u201cKim\u201d Kazand\u0131? \u201cKim\u201d Kaybetti?","datePublished":"2017-01-26T11:55:14+00:00","mainEntityOfPage":{"@id":"https:\/\/ajanscyprus.com\/2017\/01\/26\/kim-kazandi-kim-kaybetti\/"},"wordCount":1334,"publisher":{"@id":"https:\/\/ajanscyprus.com\/#organization"},"image":{"@id":"https:\/\/ajanscyprus.com\/2017\/01\/26\/kim-kazandi-kim-kaybetti\/#primaryimage"},"thumbnailUrl":"","articleSection":["K\u0131br\u0131s","Uncategorized","Yazarlar"],"inLanguage":"tr"},{"@type":"WebPage","@id":"https:\/\/ajanscyprus.com\/2017\/01\/26\/kim-kazandi-kim-kaybetti\/","url":"https:\/\/ajanscyprus.com\/2017\/01\/26\/kim-kazandi-kim-kaybetti\/","name":"\u201cKim\u201d Kazand\u0131? \u201cKim\u201d Kaybetti? - Ajans Cyprus","isPartOf":{"@id":"https:\/\/ajanscyprus.com\/#website"},"primaryImageOfPage":{"@id":"https:\/\/ajanscyprus.com\/2017\/01\/26\/kim-kazandi-kim-kaybetti\/#primaryimage"},"image":{"@id":"https:\/\/ajanscyprus.com\/2017\/01\/26\/kim-kazandi-kim-kaybetti\/#primaryimage"},"thumbnailUrl":"","datePublished":"2017-01-26T11:55:14+00:00","breadcrumb":{"@id":"https:\/\/ajanscyprus.com\/2017\/01\/26\/kim-kazandi-kim-kaybetti\/#breadcrumb"},"inLanguage":"tr","potentialAction":[{"@type":"ReadAction","target":["https:\/\/ajanscyprus.com\/2017\/01\/26\/kim-kazandi-kim-kaybetti\/"]}]},{"@type":"ImageObject","inLanguage":"tr","@id":"https:\/\/ajanscyprus.com\/2017\/01\/26\/kim-kazandi-kim-kaybetti\/#primaryimage","url":"","contentUrl":""},{"@type":"BreadcrumbList","@id":"https:\/\/ajanscyprus.com\/2017\/01\/26\/kim-kazandi-kim-kaybetti\/#breadcrumb","itemListElement":[{"@type":"ListItem","position":1,"name":"Anasayfa","item":"https:\/\/ajanscyprus.com\/"},{"@type":"ListItem","position":2,"name":"\u201cKim\u201d Kazand\u0131? \u201cKim\u201d Kaybetti?"}]},{"@type":"WebSite","@id":"https:\/\/ajanscyprus.com\/#website","url":"https:\/\/ajanscyprus.com\/","name":"Ajans Cyprus","description":"","publisher":{"@id":"https:\/\/ajanscyprus.com\/#organization"},"potentialAction":[{"@type":"SearchAction","target":{"@type":"EntryPoint","urlTemplate":"https:\/\/ajanscyprus.com\/?s={search_term_string}"},"query-input":{"@type":"PropertyValueSpecification","valueRequired":true,"valueName":"search_term_string"}}],"inLanguage":"tr"},{"@type":"Organization","@id":"https:\/\/ajanscyprus.com\/#organization","name":"Ajans Cyprus","alternateName":"Ajans Mira Turan Cyprus Media And Production","url":"https:\/\/ajanscyprus.com\/","logo":{"@type":"ImageObject","inLanguage":"tr","@id":"https:\/\/ajanscyprus.com\/#\/schema\/logo\/image\/","url":"https:\/\/ajanscyprus.com\/wp-content\/uploads\/2023\/02\/AjansCyprus-yuvarlak-logo-e1676491087198.png","contentUrl":"https:\/\/ajanscyprus.com\/wp-content\/uploads\/2023\/02\/AjansCyprus-yuvarlak-logo-e1676491087198.png","width":200,"height":200,"caption":"Ajans Cyprus"},"image":{"@id":"https:\/\/ajanscyprus.com\/#\/schema\/logo\/image\/"},"sameAs":["https:\/\/www.facebook.com\/AjansCyprusAC","https:\/\/x.com\/AjansCyprus"]},{"@type":"Person","@id":"https:\/\/ajanscyprus.com\/#\/schema\/person\/bde04f428980a11e6513136d7f10a011","name":"admin","image":{"@type":"ImageObject","inLanguage":"tr","@id":"https:\/\/secure.gravatar.com\/avatar\/7b3584441088d5ca4cd7222e9873c969610760122e804fb99fa589e24cd99cb8?s=96&d=mm&r=g","url":"https:\/\/secure.gravatar.com\/avatar\/7b3584441088d5ca4cd7222e9873c969610760122e804fb99fa589e24cd99cb8?s=96&d=mm&r=g","contentUrl":"https:\/\/secure.gravatar.com\/avatar\/7b3584441088d5ca4cd7222e9873c969610760122e804fb99fa589e24cd99cb8?s=96&d=mm&r=g","caption":"admin"},"sameAs":["https:\/\/ajanscyprus.com"],"url":"https:\/\/ajanscyprus.com\/author\/admin_r45uydj1\/"}]}},"jetpack_publicize_connections":[],"_links":{"self":[{"href":"https:\/\/ajanscyprus.com\/wp-json\/wp\/v2\/posts\/2795","targetHints":{"allow":["GET"]}}],"collection":[{"href":"https:\/\/ajanscyprus.com\/wp-json\/wp\/v2\/posts"}],"about":[{"href":"https:\/\/ajanscyprus.com\/wp-json\/wp\/v2\/types\/post"}],"author":[{"embeddable":true,"href":"https:\/\/ajanscyprus.com\/wp-json\/wp\/v2\/users\/1"}],"replies":[{"embeddable":true,"href":"https:\/\/ajanscyprus.com\/wp-json\/wp\/v2\/comments?post=2795"}],"version-history":[{"count":0,"href":"https:\/\/ajanscyprus.com\/wp-json\/wp\/v2\/posts\/2795\/revisions"}],"wp:featuredmedia":[{"embeddable":true,"href":"https:\/\/ajanscyprus.com\/wp-json\/"}],"wp:attachment":[{"href":"https:\/\/ajanscyprus.com\/wp-json\/wp\/v2\/media?parent=2795"}],"wp:term":[{"taxonomy":"category","embeddable":true,"href":"https:\/\/ajanscyprus.com\/wp-json\/wp\/v2\/categories?post=2795"},{"taxonomy":"post_tag","embeddable":true,"href":"https:\/\/ajanscyprus.com\/wp-json\/wp\/v2\/tags?post=2795"},{"taxonomy":"manset","embeddable":true,"href":"https:\/\/ajanscyprus.com\/wp-json\/wp\/v2\/manset?post=2795"}],"curies":[{"name":"wp","href":"https:\/\/api.w.org\/{rel}","templated":true}]}}