{"id":304,"date":"2016-10-24T11:10:17","date_gmt":"2016-10-24T11:10:17","guid":{"rendered":"http:\/\/www.ajanscyprus.com\/?p=304"},"modified":"2016-10-24T11:10:17","modified_gmt":"2016-10-24T11:10:17","slug":"yakin-dogu-universitesinde-tarihi-mezuniyet-toreni-gerceklestirildi","status":"publish","type":"post","link":"https:\/\/ajanscyprus.com\/2016\/10\/24\/yakin-dogu-universitesinde-tarihi-mezuniyet-toreni-gerceklestirildi\/","title":{"rendered":"Yak\u0131n Do\u011fu \u00dcniversitesi&#039;nde Tarihi Mezuniyet T\u00f6reni Ger\u00e7ekle\u015ftirildi"},"content":{"rendered":"<p><strong>Yak\u0131n Do\u011fu \u00dcniversitesi 1995 Y\u0131l\u0131nda Be\u015fparmak Da\u011flar\u0131nda Meydana Gelen Yang\u0131n Sebebiyle Ger\u00e7ekle\u015ftiremedi\u011fi Mezuniyet T\u00f6renini 21 Y\u0131l Sonra Ger\u00e7ekle\u015ftirdi.<\/strong><\/p>\n<p>Yak\u0131n Do\u011fu \u00dcniversitesi Bas\u0131n ve Halkla \u0130li\u015fkiler M\u00fcd\u00fcrl\u00fc\u011f\u00fc&#8217;nden yap\u0131lan a\u00e7\u0131klamaya g\u00f6re Yak\u0131n Do\u011fu \u00dcniversitesi B\u00fcy\u00fck K\u00fct\u00fcphane Salon 4&#8217;de yer alan mezuniyet t\u00f6reninde Yak\u0131n Do\u011fu \u00dcniversitesi Kurucu Rekt\u00f6r\u00fc Dr. Suat \u0130.G\u00fcnsel, M\u00fctevelli Heyeti Ba\u015fkan\u0131 Do\u00e7. Dr. \u0130rfan G\u00fcnsel Rekt\u00f6r Prof. Dr. \u00dcmit Hasan, 1995 y\u0131l\u0131nda d\u00f6nemin Ba\u015fbakan\u0131 Hakk\u0131 Atun, Girne \u00dcniversitesi Rekt\u00f6r\u00fc Prof. Dr. \u0130lkay Saliho\u011flu, K\u0131br\u0131s Sosyal Bilimler \u00dcniversitesi Rek\u00f6t\u00fcr Prof. Dr. \u0130smail G\u00fcle\u00e7 Rekt\u00f6r Yard\u0131mc\u0131lar\u0131 Prof. Dr. \u015eenol Bekta\u015f,Prof.Dr. Fahreddin Sad\u0131ko\u011flu,Prof.dr. Tamer \u015eanl\u0131da\u011f,\u00d6\u011frt. \u00dcyeleri, 1995 y\u0131l\u0131nda mezun olan \u00f6\u011frenciler ve aileleri haz\u0131r bulundu.<\/p>\n<p>T\u00f6ren Atat\u00fcrk E\u011fitim Fak\u00fcltesi \u00d6\u011frt.G\u00f6rv. \u0130lyas Abdullin&#8217;in m\u00fczik dinletisi ile ba\u015flad\u0131.Ard\u0131ndan Gazi Mustafa Kemal Atat\u00fcrk ve silah arkada\u015flar\u0131n\u0131n yan\u0131s\u0131ra Kurucu Cumhurba\u015fkan\u0131 Rauf R. Denkta\u015f ve hayat\u0131n\u0131 kaybeden mezun \u00f6\u011frenciler Taha Telli ve Urcan Vang\u00f6l an\u0131s\u0131na bir dakikal\u0131k sayg\u0131 duru\u015fu ve \u0130stiklal mar\u015f\u0131n\u0131n okunmas\u0131yla devam etti.<\/p>\n<p><img loading=\"lazy\" decoding=\"async\" class=\"alignnone wp-image-306 size-full\" src=\"http:\/\/www.ajanscyprus.com\/wp-content\/uploads\/2016\/10\/RSM_0571.jpg\" alt=\"rsm_0571\" width=\"1280\" height=\"854\" \/><\/p><div class=\"kanews-banner kanews-banner-single\"><img loading=\"lazy\" decoding=\"async\" src=\"https:\/\/ajanscyprus.com\/wp-content\/uploads\/2026\/04\/meRIT-bANNER.jpeg\" alt=\"\" width=\"970\" height=\"90\" class=\"alignnone size-full wp-image-62349\" \/><\/div>\n<p>T\u00f6renin a\u00e7\u0131l\u0131\u015f konu\u015fmas\u0131na ge\u00e7ilmeden \u00f6nce K\u0131br\u0131s T\u00fcrk Bar\u0131\u015f Kuvvetleri Komutan\u0131 Korgeneral \u00d6mer Pa\u00e7&#8217;\u0131n t\u00f6rene ili\u015fkin mesaj\u0131 okundu.<\/p>\n<p><strong>Prof.Dr. \u00dcmit Hassan; &#8220;Mezunlar Zaman\u0131 Geri Alarak Bu G\u00fcn\u00fc Ya\u015f\u0131yorlar&#8221;<\/strong><\/p>\n<p>Daha sonra a\u00e7\u0131l\u0131\u015f konu\u015fmas\u0131n\u0131 ge\u00e7ekle\u015ftiren Yak\u0131n Do\u011fu \u00dcniversitesi Rekt\u00f6r\u00fc Prof. Dr. \u00dcmit Hassan, mezunlar\u0131n zaman\u0131 geri alarak bu g\u00fcn\u00fc ya\u015fad\u0131klar\u0131n\u0131n yan\u0131 s\u0131ra bir de y\u0131llar sonras\u0131n\u0131n da ayn\u0131 zaman i\u00e7erisinde oldu\u011funu belirtti ve her daim Yak\u0131n Do\u011fu \u00dcniversitesi&#8217;ni ileriye g\u00f6t\u00fcreceklerini vurgulad\u0131.<\/p>\n<p><strong>&#8220;21 Y\u0131l \u00d6nce Mezun Oldu, Mezun Oldu\u011fu B\u00f6l\u00fcm\u00fcn Ba\u015fkan\u0131 Oldu&#8221;<\/strong><\/p>\n<p>Mezunlar ad\u0131na Bilgisayar Enformatik B\u00f6l\u00fcm mezunu ve ayn\u0131 zamanda bu b\u00f6l\u00fcm\u00fcn \u015fu an ba\u015fkan\u0131 olan Do\u00e7.Dr. Nadire \u00c7avu\u015f konu\u015fmas\u0131n\u0131 ger\u00e7ekle\u015ftiriken salonda duygu dolu anlar ya\u015fand\u0131 ve Do\u00e7.Dr. \u00c7avu\u015f g\u00f6zya\u015flar\u0131na hakim olamad\u0131. \u00c7avu\u015f mezun oldu\u011fu b\u00f6l\u00fcm\u00fcn yine ayn\u0131 \u00fcniversitede b\u00f6l\u00fcm ba\u015fkanl\u0131\u011f\u0131 yapmaktan gurur duydu\u011funu ve kendilerine bu f\u0131rsat\u0131 veren Yak\u0131n Do\u011fu \u00dcniversitesi Kurucu Rekt\u00f6r\u00fc Dr. Suat \u0130.G\u00fcnsel&#8217;e te\u015fekk\u00fcrlerini sundu.<\/p>\n<p><strong>\u0130lker K\u00fc\u00e7\u00fcker; &#8220;Yak\u0131n Do\u011fu \u00dcniversitesi Her Zaman \u0130lklerin \u00d6nc\u00fcs\u00fc Olmu\u015ftur&#8221;<\/strong><\/p>\n<p>Yak\u0131n Do\u011fu \u00dcniversitesi Mezunlar Derne\u011fi genel sekreteri \u0130lker K\u00fc\u00e7\u00fcker ise, YD\u00dc mezunlar derne\u011fi olarak 2002 y\u0131l\u0131ndan beri hizmet vermekte olduklar\u0131n\u0131 , derneklerine olan desteklerini hi\u00e7bir zaman esirgemeyen Yak\u0131n Do\u011fu \u00dcniversitesi ailesine te\u015fekk\u00fcrlerini iletti. Konu\u015fmas\u0131n da Yak\u0131n Do\u011fu \u00dcniversitesi Mezunlar Vakf\u0131 kurumunun da faaliyete girece\u011fini m\u00fcjdeledi.<\/p>\n<p><strong>Alper Karayama;&#8221;2002 y\u0131l\u0131nda kurulan Mezunlar Derne\u011fimiz Her Ge\u00e7en G\u00fcn G\u00fcc\u00fcne G\u00fc\u00e7 Kat\u0131yor&#8221;<\/strong><\/p>\n<p>Mezunlar derne\u011fi y\u00f6netim kurulu \u00fcyesi Alper Karayama 21 y\u0131l sonra ger\u00e7ekle\u015fen mezuniyet t\u00f6reni i\u00e7in her birinin olduk\u00e7a heyecanl\u0131 oldu\u011funu ifade ederek, d\u00fcnyan\u0131n her yerinde dernekleri ad\u0131na etkinlikler yapmay\u0131 planlad\u0131klar\u0131n\u0131 s\u00f6yleyerek, s\u00f6zlerle anlat\u0131lamayacak kadar mutlu ve heyecanl\u0131 olduklar\u0131n\u0131 ifade etti.<\/p>\n<p>Yak\u0131n Do\u011fu \u00dcniversitesi Rekt\u00f6r Yard\u0131mc\u0131s\u0131 Prof. Dr. \u015eenol Bekta\u015f ise konu\u015fmas\u0131n\u0131 yapmak \u00fczere k\u00fcrs\u00fcye davet edilirken 1995 mezunu \u00f6\u011frencilerin ayakta alk\u0131\u015flamas\u0131 dakikalarca s\u00fcrd\u00fc.<\/p>\n<p><strong>Prof.Dr. \u015eenol Bekta\u015f; &#8220;Mezunlar\u0131n 21 Y\u0131l Sonra Tekrar Birle\u015fmesi Mucizevi Bir Olay&#8221;<\/strong><\/p>\n<p>Prof.Dr.Bekta\u015f mezunlar\u0131 tekrar aralar\u0131nda g\u00f6rmekten dolay\u0131 mutlulu\u011funu dile getirdi. Mezunlar\u0131n 21 y\u0131l sonra tekrar birle\u015fmesini mucizevi olay olarak tan\u0131mlayan Bekta\u015f bu organizasyonda eme\u011fi ge\u00e7en Yak\u0131n Do\u011fu \u00dcniversitesi M\u00fctevelli Heyeti Ba\u015fkan\u0131 Do\u00e7. Dr. \u0130rfan Suat G\u00fcnsel&#8217;e ve Yak\u0131n Do\u011fu \u00dcniversitesi Mezunlar Derne\u011fi ba\u015fkan\u0131na te\u015fekk\u00fcr etti.<\/p>\n<p><img loading=\"lazy\" decoding=\"async\" class=\"alignnone wp-image-311 size-full\" src=\"http:\/\/www.ajanscyprus.com\/wp-content\/uploads\/2016\/10\/Prof.Dr_.-\u015eenol-Bekta\u015f11.jpg\" alt=\"prof-dr-senol-bektas11\" width=\"1280\" height=\"939\" \/><\/p>\n<p><em>YD\u00dc Rekt\u00f6r Yard. Prof.Dr. \u015eenol Bekta\u015f<\/em><\/p>\n<p><strong>Prof.Dr. \u015eenol Bekta\u015f;&#8221;Yang\u0131n Felaketi Nedeniyle Yap\u0131lamayan Mezuniyet T\u00f6reninin Y\u0131llarca \u00dcz\u00fcnt\u00fcs\u00fcn\u00fc Ya\u015fad\u0131k&#8221;<\/strong><\/p>\n<p>Prof.Dr. \u015eenol Bekta\u015f, Yang\u0131n felaketi nedeniyle yap\u0131lamayan mezuniyet t\u00f6reninin y\u0131llarca \u00fcz\u00fcnt\u00fcs\u00fcn\u00fc ya\u015fad\u0131k ve bu t\u00f6reni ger\u00e7ekle\u015ftiriyor olmaktan b\u00fcy\u00fck onur duydu\u011funu ifade etti. Mesleki hayatlar\u0131nda ba\u015far\u0131 kazanan mezunlar\u0131n Yak\u0131n Do\u011fu Ailesine ya\u015fatt\u0131\u011f\u0131 mutlulu\u011fu da dile getiren Prof.Dr. Bekta\u015f 1995 y\u0131l\u0131ndan bu yana Yak\u0131n Do\u011fu \u00dcniversitesinin geli\u015fim katetti\u011finden de s\u00f6z ederek , kamp\u00fcs\u00fcn giderek b\u00fcy\u00fcy\u00fcp gerek \u00f6\u011frenci say\u0131s\u0131 bak\u0131m\u0131ndan gerekse fak\u00fcltelerin sunmu\u015f oldu\u011fu imkanlara bakarak uluslararas\u0131 bir e\u011fitim kurumuna ula\u015ft\u0131\u011f\u0131n\u0131n alt\u0131n\u0131 \u00e7izdi. Yak\u0131n Do\u011fu \u00dcniversite&#8217;nin bir par\u00e7as\u0131 olmaktan da gurur duydu\u011funu s\u00f6zlerine ekleyen Prof.Dr.Bekta\u015f 1995 y\u0131l\u0131 mezunlar\u0131ndan \u015fu an hayatta olmayan \u00f6\u011frencileri de rahmetle and\u0131.<\/p>\n<p><img loading=\"lazy\" decoding=\"async\" class=\"alignnone wp-image-308 size-full\" src=\"http:\/\/www.ajanscyprus.com\/wp-content\/uploads\/2016\/10\/Do\u00e7.Dr_.-\u0130rfan-S.G\u00fcnsel.jpg\" alt=\"doc-dr-irfan-s-gunsel\" width=\"1280\" height=\"854\" \/><\/p>\n<p><em>YD\u00dc M\u00fctevelli Heyeti Ba\u015fkan\u0131\u00a0Do\u00e7.Dr. \u0130rfan S.G\u00fcnsel<\/em><\/p>\n<p><strong>21 Y\u0131l Sonra Mezunlar\u0131m\u0131z\u0131 Ba\u015far\u0131l\u0131 Bireyler Olarak Mezuniyet C\u00fcppeleri \u0130le Bir Arada G\u00f6rmek Bizim \u0130\u00e7in Gurur Kayna\u011f\u0131 <\/strong><\/p>\n<p>YD\u00dc M\u00fctevelli Heyeti Ba\u015fkan\u0131 Do\u00e7.Dr. \u0130rfan S.G\u00fcnsel ise ; &#8220;Bug\u00fcn burada 21 y\u0131l \u00f6nce payla\u015fmam\u0131z gereken bir sevinci 21 y\u0131l sonra payla\u015fmak i\u00e7in toplanm\u0131\u015f bulunuyoruz. Bug\u00fcn\u00fcn bizim a\u00e7\u0131m\u0131zdan \u00f6zel bir anlam\u0131 var \u00e7\u00fcnk\u00fc 21 y\u0131l \u00f6nce \u00fclkemizin ya\u015fad\u0131\u011f\u0131 en b\u00fcy\u00fck ac\u0131lardan biri olan Be\u015fparmak yang\u0131n\u0131 nedeni ile ger\u00e7ekle\u015ftiremedi\u011fimiz mezuniyet t\u00f6renimizi ger\u00e7ekle\u015ftirmenin, 21 y\u0131ld\u0131r g\u00f6rmedi\u011fimiz mezunlar\u0131m\u0131z\u0131 tekrar g\u00f6rmenin sevincini ya\u015f\u0131yoruz. 2016 y\u0131l\u0131nda ger\u00e7ekle\u015ftirdi\u011fimiz 1995 y\u0131l\u0131 mezuniyet t\u00f6reninde yeniden bir arada olmaktan ve bu onuru bizlerle payla\u015ft\u0131\u011f\u0131n\u0131z i\u00e7in te\u015fekk\u00fcr eder, \u00fcniversitenize yeniden ho\u015f geldiniz diyorum&#8221;dedi.<\/p>\n<p><strong>Do\u00e7.Dr. \u0130rfan G\u00fcnsel; Karanl\u0131klar G\u00fc\u00e7l\u00fc \u0130rademizle Kaybolmu\u015f, I\u015f\u0131k Her Zaman Yolumuzu Ayd\u0131nlatm\u0131\u015ft\u0131r. \u00a0 \u00a0\u00a0<\/strong><\/p>\n<p>Do\u00e7.Dr. G\u00fcnsel; \u00dclkemiz tarihi boyunca bir\u00e7ok zorlukla kar\u015f\u0131la\u015fm\u0131\u015f ve bu zor g\u00fcnlerin hepsinden \u00e7ok daha g\u00fc\u00e7l\u00fc, \u00e7ok daha diren\u00e7li olarak \u00e7\u0131km\u0131\u015ft\u0131r. Karanl\u0131klar g\u00fc\u00e7l\u00fc irademizle kaybolmu\u015f, \u0131\u015f\u0131k her zaman yolumuzu ayd\u0131nlatm\u0131\u015ft\u0131r. \u0130\u015fte bu g\u00fczel g\u00fcn de, bir zamanlar ya\u015fad\u0131\u011f\u0131m\u0131z k\u00f6t\u00fc bir hikayenin mutlu sonudur.Kuzey K\u0131br\u0131s T\u00fcrk Cumhuriyeti\u2019nin ya\u015fad\u0131\u011f\u0131 en b\u00fcy\u00fck \u00e7evre felaketlerinin ba\u015f\u0131nda gelen Be\u015fparmak Da\u011flar\u0131 yang\u0131n\u0131n\u0131n ac\u0131s\u0131 haf\u0131zalar\u0131m\u0131zda hala taze. B\u00fcy\u00fcme ivmesindeki gen\u00e7 bir \u00fclke, t\u00fcm potansiyelleri ile tarih yazmaya ba\u015flam\u0131\u015fken, aniden ba\u015flayan bir alev f\u0131rt\u0131nas\u0131 vatan\u0131m\u0131z\u0131n kalbinde bir yara a\u00e7m\u0131\u015ft\u0131.<\/p>\n<p><strong>&#8220;O Ac\u0131 G\u00fcn\u00fc Ve Mezuniyet T\u00f6renimizin \u0130ptalini Y\u0131llarca Buruk Duygularla Hat\u0131rlad\u0131k&#8221;<\/strong><\/p>\n<p>Hat\u0131rlanaca\u011f\u0131 \u00fczere bu ac\u0131 olay \u00fclkemizin as\u0131rl\u0131k bitki \u00f6rt\u00fcs\u00fcn\u00fc yok etmi\u015fti diyen Do\u00e7.Dr. G\u00fcnsel, Adam\u0131z\u0131n akci\u011ferlerini yakm\u0131\u015f ve bizleri yasa bo\u011fmu\u015ftu.\u00a0O y\u0131l \u00fcniversitemizden mezun olan \u00f6\u011frencilerimizin mezuniyet t\u00f6renleri iptal edilmi\u015fti.\u00a0O ac\u0131 g\u00fcn\u00fc ve mezuniyet t\u00f6renimizin iptalini y\u0131llarca buruk duygularla hat\u0131rlad\u0131k.\u00a0\u015eimdi bug\u00fcn, burada hep birlikteyiz. 21 y\u0131l sonra yar\u0131m kalm\u0131\u015f bir heyecan\u0131 ya\u015f\u0131yoruz. \u0130\u00e7inizde hep canl\u0131 kalan\u00a0Yak\u0131n Do\u011fu ruhu, her birimiz \u00e7ok uzaklarda olsak bile bizi g\u00fc\u00e7l\u00fc duygularla hep birbirimize ba\u011flad\u0131. Sizlerden sonra ger\u00e7ekle\u015fen her mezuniyet, bu ruhu daha da g\u00fc\u00e7lendirdi daha da ileriye ta\u015f\u0131d\u0131.<\/p>\n<p>21 y\u0131ld\u0131r farkl\u0131 \u00fclkelerde, farkl\u0131 \u015fehirlerde Yak\u0131n Do\u011fu \u00dcniversitesi\u2019ni temsil eden 95 y\u0131l\u0131 mezunlar\u0131m\u0131z\u0131n mezuniyet t\u00f6renlerini, bug\u00fcn Guinness Rekorlar kitab\u0131na girecek \u015fekilde hep birlikte ger\u00e7ekle\u015ftiriyoruz.<\/p>\n<p><strong>Do\u00e7.Dr. G\u00fcnsel; Yar\u0131m Kalan Mezun Arkada\u015flar\u0131m\u0131z\u0131n Yar\u0131m Kalan Mezuniyet Mutlulu\u011funu Ya\u015f\u0131yoruz<\/strong><\/p>\n<p>M\u00fchendislik Fak\u00fcltesi\u2019nden Bilgisayar Enformatik, Bilgisayar M\u00fchendisli\u011fi, Elektrik-Elektronik M\u00fchendisli\u011fi B\u00f6l\u00fcmleri, \u0130ktisadi ve \u0130dari Bilimler Fak\u00fcltesi\u2019nden Ekonomi ve Uluslararas\u0131 \u0130li\u015fkiler B\u00f6l\u00fcm\u00fc, \u0130leti\u015fim Fak\u00fcltesi ve Mimarl\u0131k Fak\u00fcltesi\u2019nden mezun arkada\u015flar\u0131m\u0131z\u0131n yar\u0131m kalan mezuniyet mutlulu\u011funu payla\u015f\u0131yoruz.<\/p>\n<p><strong>&#8220;Yak\u0131n Do\u011fu E\u011fitim Anlay\u0131\u015f\u0131, Her Birimizi De\u011ferli Noktalara Getirmi\u015f&#8221;<\/strong><\/p>\n<p>Do\u00e7.Dr. G\u00fcnsel ,t\u00fcm bu ge\u00e7en zaman bize g\u00f6sterdi ki y\u0131llar \u00f6nceden belirledi\u011fimiz,\u00a0g\u00fc\u00e7l\u00fc evrensel de\u011ferler ve \u00e7ok y\u00f6nl\u00fc geli\u015fimi merkez alan\u00a0Yak\u0131n Do\u011fu e\u011fitim anlay\u0131\u015f\u0131, her birimizi de\u011ferli noktalara getirmi\u015f.\u00a0De\u011ferli \u00f6\u011frencilerimizi y\u0131llar sonra, ba\u015far\u0131l\u0131 bireyler olarak mezuniyet c\u00fcbbeleriyle kar\u015f\u0131m\u0131zda g\u00f6rmek hem \u00fcniversitemiz hem de bizim i\u00e7in ayr\u0131 bir heyecan ve gurur kayna\u011f\u0131.<\/p>\n<p><strong>&#8220;G\u00fc\u00e7l\u00fc Ba\u011flar\u0131 Ne Zaman Ne de Uzakl\u0131k Koparabilir&#8221;<\/strong><\/p>\n<p>Eminim ki buras\u0131 sizin i\u00e7in sadece bir \u00fcniversite de\u011fil, her k\u00f6\u015fesinde derin hat\u0131ralar\u0131n oldu\u011fu, her dersinde bir an\u0131n\u0131n yer ald\u0131\u011f\u0131, hayat yolculu\u011funun ilk ad\u0131mlar\u0131n\u0131n at\u0131ld\u0131\u011f\u0131 ve temellendi\u011fi bir yuva. G\u00fc\u00e7l\u00fc ba\u011flar\u0131 ne zaman ne de uzakl\u0131k koparabilir. Bundan sonra da daha \u00f6nce de oldu\u011fu gibi her zaman kalplerimiz bir atacak.<\/p>\n<p>Yak\u0131n Do\u011fu Ailesine ve t\u00fcm mezunlar\u0131m\u0131za te\u015fekk\u00fcrlerimi sunuyor, bu vesile ile bug\u00fcn bu sevinci bizlerler birlikte ya\u015fayamayan iki mezunumuza da Allahtan rahmet diliyorum.<\/p>\n<p><strong>&#8220;Yak\u0131n Do\u011fu \u00dcniversitesi K\u0131br\u0131s Adas\u0131 \u0130\u00e7in En \u00d6nemli Bir Eser&#8221;<\/strong><\/p>\n<p>D\u00f6neminin Ba\u015fbakan\u0131 ve Meclis Ba\u015fkan\u0131 olan Hakk\u0131 Atun da t\u00f6rende yapt\u0131\u011f\u0131 konu\u015fmas\u0131nda, ola\u011fan\u00fcst\u00fc bir g\u00fcn ya\u015fad\u0131klar\u0131n\u0131 s\u00f6yleyerek Yak\u0131n Do\u011fu \u00dcniversitesi&#8217;ne kendilerini unutmay\u0131p davet ettikleri i\u00e7in te\u015fekk\u00fcr etti. Yak\u0131n Do\u011fu \u00dcniversitesi&#8217;nin K\u0131br\u0131s Adas\u0131 i\u00e7in en \u00f6nemli bir eser oldu\u011funu belirten Atun, K\u0131br\u0131s halk\u0131n\u0131n da bunun hakl\u0131 gururunu ya\u015fad\u0131\u011f\u0131n\u0131 dile getirdi. Bu duygulu g\u00fcn\u00fc birlikte ya\u015faman\u0131n Yak\u0131n Do\u011fu \u00dcniversitesi ve mezunlar\u0131n\u0131n birbirlerine olan g\u00fc\u00e7l\u00fc ba\u011flar\u0131ndan kaynakland\u0131\u011f\u0131n\u0131 belirterek 1995 y\u0131l\u0131nda ki yang\u0131n\u0131 ve o g\u00fcnleri salonu dolduranlarla payla\u015farak, yang\u0131n felaketinde \u00fclkemiz i\u00e7in b\u00fcy\u00fck bir talihsizlik ya\u015fand\u0131\u011f\u0131n\u0131 ve izlerini hala ta\u015f\u0131d\u0131klar\u0131n\u0131 s\u00f6yledi.<\/p>\n<p>Konu\u015fmalar\u0131n ard\u0131ndan 1995 y\u0131l\u0131 mezunlar\u0131n\u0131n haz\u0131rlad\u0131\u011f\u0131 slayt g\u00f6sterisi ekrana geldi. Slaytta Yak\u0131n Do\u011fu \u00dcniversitesi&#8217;nin ge\u00e7mi\u015ften g\u00fcn\u00fcm\u00fcze geli\u015fen yap\u0131s\u0131na ve mezunlar\u0131n \u00fcniversite y\u0131llar\u0131nda \u00e7ekilmi\u015f olduklar\u0131 an\u0131 foto\u011fraflara yer verildi. Slayt g\u00f6sterisi salonda duygusal anlar ya\u015fatt\u0131.<\/p>\n<p>T\u00f6ren ,hayat\u0131n\u0131 kaybeden ve mezuniyet t\u00f6renine kat\u0131lamayan Urcan Vang\u00f6l ad\u0131na e\u015fi Ender Denkta\u015f Vang\u00f6l&#8217;e Kurucu Rekt\u00f6r Dr. Suat \u0130.G\u00fcnsel taraf\u0131ndan takdim edilirken salondan b\u00fcy\u00fck alk\u0131\u015f koptu ve duygulu anlar ya\u015fand\u0131..<\/p>\n<p><img loading=\"lazy\" decoding=\"async\" class=\"alignnone wp-image-309 size-full\" src=\"http:\/\/www.ajanscyprus.com\/wp-content\/uploads\/2016\/10\/RSM_0621.jpg\" alt=\"rsm_0621\" width=\"1280\" height=\"854\" \/><\/p>\n<p><em>Kurucu Rekt\u00f6r Dr. Suat \u0130.G\u00fcnsel<\/em><\/p>\n<p><strong>Kurucu Rekt\u00f6r Dr. Suat \u0130.G\u00fcnsel; &#8220;Kendinizi Her Zaman \u0130yi Yerlerde Hayal Edin Ve Aynaya Bakt\u0131\u011f\u0131n\u0131zda Hep M\u00fckemmel Oldu\u011funuza \u0130nan\u0131n. Yapt\u0131klar\u0131n\u0131zla De\u011fil Yapmad\u0131klar\u0131n\u0131zla \u00d6v\u00fcn\u00fcn&#8221;<\/strong><\/p>\n<p>Yak\u0131n Do\u011fu \u00dcniversitesi Kurucu Rekt\u00f6r\u00fc Dr. Suat G\u00fcnsel mezunlara hitaben; &#8220;Sizler bu \u00fcniversiteye kay\u0131t olurken zaman\u0131 5 y\u0131l ileriye al\u0131p hedeflerinize bir ad\u0131m att\u0131n\u0131z. \u015eimdi ise zaman\u0131 geri alarak ger\u00e7ekle\u015ftiremedi\u011finiz mezuniyet t\u00f6reninizde bulunuyorsunuz. Sizlerden tek istedi\u011fim kendinizi her zaman iyi yerlerde hayal edin ve aynaya bakt\u0131\u011f\u0131n\u0131zda hep m\u00fckemmel oldu\u011funuza inan\u0131n. Yapt\u0131klar\u0131n\u0131zla de\u011fil yapmad\u0131klar\u0131n\u0131zla \u00f6v\u00fcn\u00fcn. Ben \u00f6\u011frencilik y\u0131llar\u0131mda \u00f6zet yapma konusunda ba\u015far\u0131s\u0131zd\u0131m. \u015eimdi ise 21 y\u0131l\u0131 \u00f6zetliyorum. Te\u015fekk\u00fcr ederim. &#8221; diyerek mezunlara duygusal anlar ya\u015fatt\u0131.<\/p>\n<p><img loading=\"lazy\" decoding=\"async\" class=\"alignnone wp-image-310 size-full\" src=\"http:\/\/www.ajanscyprus.com\/wp-content\/uploads\/2016\/10\/RSM_0776.jpg\" alt=\"rsm_0776\" width=\"1280\" height=\"854\" \/><\/p>\n<p>Ard\u0131ndan YD\u00dc Kurucu Rekt\u00f6r Dr.Suat G\u00fcnsel ve M\u00fctevelli Heyeti Ba\u015fkan\u0131 Do\u00e7.Dr. \u0130rfan S.G\u00fcnsel ile Mezun \u00d6\u011frenciler derne\u011fi aras\u0131nda kar\u015f\u0131l\u0131kl\u0131 plaket takdimi ve \u00f6\u011frencilere s\u0131ras\u0131yla diploma verilmesi ile devam etti.<\/p>\n<p>Son olarak mezunlar 21 y\u0131l sonra kep atman\u0131n sevinci ya\u015fayarak Kurucu Rekt\u00f6r Dr. Suat \u0130.G\u00fcnsel ve T\u00fcm hocalar\u0131 ile birlikte an\u0131 foto\u011fraf\u0131 \u00e7ektirdiler.<\/p>\n<p>T\u00f6renin sonunda ise B\u00fcy\u00fck K\u00fct\u00fcphane fuayesinde 1995 y\u0131l\u0131 mezunlar\u0131 onuruna verilen resepsiyon ile son buldu.<\/p>\n<p>.<\/p>\n","protected":false},"excerpt":{"rendered":"<p>Yak\u0131n Do\u011fu \u00dcniversitesi 1995 Y\u0131l\u0131nda Be\u015fparmak Da\u011flar\u0131nda Meydana Gelen Yang\u0131n Sebebiyle Ger\u00e7ekle\u015ftiremedi\u011fi Mezuniyet T\u00f6renini 21 Y\u0131l&#46;&#46;&#46;<\/p>\n","protected":false},"author":1,"featured_media":305,"comment_status":"closed","ping_status":"open","sticky":false,"template":"","format":"standard","meta":{"footnotes":"","jetpack_publicize_message":"","jetpack_publicize_feature_enabled":true,"jetpack_social_post_already_shared":false,"jetpack_social_options":{"image_generator_settings":{"template":"highway","default_image_id":0,"font":"","enabled":false},"version":2}},"categories":[45,48,56],"tags":[],"manset":[],"class_list":["post-304","post","type-post","status-publish","format-standard","has-post-thumbnail","hentry","category-egitim","category-kibris","category-slider"],"yoast_head":"<!-- This site is optimized with the Yoast SEO plugin v27.4 - https:\/\/yoast.com\/product\/yoast-seo-wordpress\/ -->\n<title>Yak\u0131n Do\u011fu \u00dcniversitesi&#039;nde Tarihi Mezuniyet T\u00f6reni Ger\u00e7ekle\u015ftirildi - Ajans Cyprus<\/title>\n<meta name=\"robots\" content=\"index, follow, max-snippet:-1, max-image-preview:large, max-video-preview:-1\" \/>\n<link rel=\"canonical\" href=\"https:\/\/ajanscyprus.com\/2016\/10\/24\/yakin-dogu-universitesinde-tarihi-mezuniyet-toreni-gerceklestirildi\/\" \/>\n<meta property=\"og:locale\" content=\"tr_TR\" \/>\n<meta property=\"og:type\" content=\"article\" \/>\n<meta property=\"og:title\" content=\"Yak\u0131n Do\u011fu \u00dcniversitesi&#039;nde Tarihi Mezuniyet T\u00f6reni Ger\u00e7ekle\u015ftirildi - Ajans Cyprus\" \/>\n<meta property=\"og:description\" content=\"Yak\u0131n Do\u011fu \u00dcniversitesi 1995 Y\u0131l\u0131nda Be\u015fparmak Da\u011flar\u0131nda Meydana Gelen Yang\u0131n Sebebiyle Ger\u00e7ekle\u015ftiremedi\u011fi Mezuniyet T\u00f6renini 21 Y\u0131l&#046;&#046;&#046;\" \/>\n<meta property=\"og:url\" content=\"https:\/\/ajanscyprus.com\/2016\/10\/24\/yakin-dogu-universitesinde-tarihi-mezuniyet-toreni-gerceklestirildi\/\" \/>\n<meta property=\"og:site_name\" content=\"Ajans Cyprus\" \/>\n<meta property=\"article:publisher\" content=\"https:\/\/www.facebook.com\/AjansCyprusAC\" \/>\n<meta property=\"article:published_time\" content=\"2016-10-24T11:10:17+00:00\" \/>\n<meta name=\"author\" content=\"admin\" \/>\n<meta name=\"twitter:card\" content=\"summary_large_image\" \/>\n<meta name=\"twitter:creator\" content=\"@AjansCyprus\" \/>\n<meta name=\"twitter:site\" content=\"@AjansCyprus\" \/>\n<meta name=\"twitter:label1\" content=\"Yazan:\" \/>\n\t<meta name=\"twitter:data1\" content=\"admin\" \/>\n\t<meta name=\"twitter:label2\" content=\"Tahmini okuma s\u00fcresi\" \/>\n\t<meta name=\"twitter:data2\" content=\"11 dakika\" \/>\n<script type=\"application\/ld+json\" class=\"yoast-schema-graph\">{\"@context\":\"https:\\\/\\\/schema.org\",\"@graph\":[{\"@type\":\"Article\",\"@id\":\"https:\\\/\\\/ajanscyprus.com\\\/2016\\\/10\\\/24\\\/yakin-dogu-universitesinde-tarihi-mezuniyet-toreni-gerceklestirildi\\\/#article\",\"isPartOf\":{\"@id\":\"https:\\\/\\\/ajanscyprus.com\\\/2016\\\/10\\\/24\\\/yakin-dogu-universitesinde-tarihi-mezuniyet-toreni-gerceklestirildi\\\/\"},\"author\":{\"name\":\"admin\",\"@id\":\"https:\\\/\\\/ajanscyprus.com\\\/#\\\/schema\\\/person\\\/bde04f428980a11e6513136d7f10a011\"},\"headline\":\"Yak\u0131n Do\u011fu \u00dcniversitesi&#039;nde Tarihi Mezuniyet T\u00f6reni Ger\u00e7ekle\u015ftirildi\",\"datePublished\":\"2016-10-24T11:10:17+00:00\",\"mainEntityOfPage\":{\"@id\":\"https:\\\/\\\/ajanscyprus.com\\\/2016\\\/10\\\/24\\\/yakin-dogu-universitesinde-tarihi-mezuniyet-toreni-gerceklestirildi\\\/\"},\"wordCount\":2184,\"publisher\":{\"@id\":\"https:\\\/\\\/ajanscyprus.com\\\/#organization\"},\"image\":{\"@id\":\"https:\\\/\\\/ajanscyprus.com\\\/2016\\\/10\\\/24\\\/yakin-dogu-universitesinde-tarihi-mezuniyet-toreni-gerceklestirildi\\\/#primaryimage\"},\"thumbnailUrl\":\"\",\"articleSection\":[\"E\u011fitim\",\"K\u0131br\u0131s\",\"Slider\"],\"inLanguage\":\"tr\"},{\"@type\":\"WebPage\",\"@id\":\"https:\\\/\\\/ajanscyprus.com\\\/2016\\\/10\\\/24\\\/yakin-dogu-universitesinde-tarihi-mezuniyet-toreni-gerceklestirildi\\\/\",\"url\":\"https:\\\/\\\/ajanscyprus.com\\\/2016\\\/10\\\/24\\\/yakin-dogu-universitesinde-tarihi-mezuniyet-toreni-gerceklestirildi\\\/\",\"name\":\"Yak\u0131n Do\u011fu \u00dcniversitesi&#039;nde Tarihi Mezuniyet T\u00f6reni Ger\u00e7ekle\u015ftirildi - Ajans Cyprus\",\"isPartOf\":{\"@id\":\"https:\\\/\\\/ajanscyprus.com\\\/#website\"},\"primaryImageOfPage\":{\"@id\":\"https:\\\/\\\/ajanscyprus.com\\\/2016\\\/10\\\/24\\\/yakin-dogu-universitesinde-tarihi-mezuniyet-toreni-gerceklestirildi\\\/#primaryimage\"},\"image\":{\"@id\":\"https:\\\/\\\/ajanscyprus.com\\\/2016\\\/10\\\/24\\\/yakin-dogu-universitesinde-tarihi-mezuniyet-toreni-gerceklestirildi\\\/#primaryimage\"},\"thumbnailUrl\":\"\",\"datePublished\":\"2016-10-24T11:10:17+00:00\",\"breadcrumb\":{\"@id\":\"https:\\\/\\\/ajanscyprus.com\\\/2016\\\/10\\\/24\\\/yakin-dogu-universitesinde-tarihi-mezuniyet-toreni-gerceklestirildi\\\/#breadcrumb\"},\"inLanguage\":\"tr\",\"potentialAction\":[{\"@type\":\"ReadAction\",\"target\":[\"https:\\\/\\\/ajanscyprus.com\\\/2016\\\/10\\\/24\\\/yakin-dogu-universitesinde-tarihi-mezuniyet-toreni-gerceklestirildi\\\/\"]}]},{\"@type\":\"ImageObject\",\"inLanguage\":\"tr\",\"@id\":\"https:\\\/\\\/ajanscyprus.com\\\/2016\\\/10\\\/24\\\/yakin-dogu-universitesinde-tarihi-mezuniyet-toreni-gerceklestirildi\\\/#primaryimage\",\"url\":\"\",\"contentUrl\":\"\"},{\"@type\":\"BreadcrumbList\",\"@id\":\"https:\\\/\\\/ajanscyprus.com\\\/2016\\\/10\\\/24\\\/yakin-dogu-universitesinde-tarihi-mezuniyet-toreni-gerceklestirildi\\\/#breadcrumb\",\"itemListElement\":[{\"@type\":\"ListItem\",\"position\":1,\"name\":\"Anasayfa\",\"item\":\"https:\\\/\\\/ajanscyprus.com\\\/\"},{\"@type\":\"ListItem\",\"position\":2,\"name\":\"Yak\u0131n Do\u011fu \u00dcniversitesi&#039;nde Tarihi Mezuniyet T\u00f6reni Ger\u00e7ekle\u015ftirildi\"}]},{\"@type\":\"WebSite\",\"@id\":\"https:\\\/\\\/ajanscyprus.com\\\/#website\",\"url\":\"https:\\\/\\\/ajanscyprus.com\\\/\",\"name\":\"Ajans Cyprus\",\"description\":\"\",\"publisher\":{\"@id\":\"https:\\\/\\\/ajanscyprus.com\\\/#organization\"},\"potentialAction\":[{\"@type\":\"SearchAction\",\"target\":{\"@type\":\"EntryPoint\",\"urlTemplate\":\"https:\\\/\\\/ajanscyprus.com\\\/?s={search_term_string}\"},\"query-input\":{\"@type\":\"PropertyValueSpecification\",\"valueRequired\":true,\"valueName\":\"search_term_string\"}}],\"inLanguage\":\"tr\"},{\"@type\":\"Organization\",\"@id\":\"https:\\\/\\\/ajanscyprus.com\\\/#organization\",\"name\":\"Ajans Cyprus\",\"alternateName\":\"Ajans Mira Turan Cyprus Media And Production\",\"url\":\"https:\\\/\\\/ajanscyprus.com\\\/\",\"logo\":{\"@type\":\"ImageObject\",\"inLanguage\":\"tr\",\"@id\":\"https:\\\/\\\/ajanscyprus.com\\\/#\\\/schema\\\/logo\\\/image\\\/\",\"url\":\"https:\\\/\\\/ajanscyprus.com\\\/wp-content\\\/uploads\\\/2023\\\/02\\\/AjansCyprus-yuvarlak-logo-e1676491087198.png\",\"contentUrl\":\"https:\\\/\\\/ajanscyprus.com\\\/wp-content\\\/uploads\\\/2023\\\/02\\\/AjansCyprus-yuvarlak-logo-e1676491087198.png\",\"width\":200,\"height\":200,\"caption\":\"Ajans Cyprus\"},\"image\":{\"@id\":\"https:\\\/\\\/ajanscyprus.com\\\/#\\\/schema\\\/logo\\\/image\\\/\"},\"sameAs\":[\"https:\\\/\\\/www.facebook.com\\\/AjansCyprusAC\",\"https:\\\/\\\/x.com\\\/AjansCyprus\"]},{\"@type\":\"Person\",\"@id\":\"https:\\\/\\\/ajanscyprus.com\\\/#\\\/schema\\\/person\\\/bde04f428980a11e6513136d7f10a011\",\"name\":\"admin\",\"image\":{\"@type\":\"ImageObject\",\"inLanguage\":\"tr\",\"@id\":\"https:\\\/\\\/secure.gravatar.com\\\/avatar\\\/7b3584441088d5ca4cd7222e9873c969610760122e804fb99fa589e24cd99cb8?s=96&d=mm&r=g\",\"url\":\"https:\\\/\\\/secure.gravatar.com\\\/avatar\\\/7b3584441088d5ca4cd7222e9873c969610760122e804fb99fa589e24cd99cb8?s=96&d=mm&r=g\",\"contentUrl\":\"https:\\\/\\\/secure.gravatar.com\\\/avatar\\\/7b3584441088d5ca4cd7222e9873c969610760122e804fb99fa589e24cd99cb8?s=96&d=mm&r=g\",\"caption\":\"admin\"},\"sameAs\":[\"https:\\\/\\\/ajanscyprus.com\"],\"url\":\"https:\\\/\\\/ajanscyprus.com\\\/author\\\/admin_r45uydj1\\\/\"}]}<\/script>\n<!-- \/ Yoast SEO plugin. -->","yoast_head_json":{"title":"Yak\u0131n Do\u011fu \u00dcniversitesi&#039;nde Tarihi Mezuniyet T\u00f6reni Ger\u00e7ekle\u015ftirildi - Ajans Cyprus","robots":{"index":"index","follow":"follow","max-snippet":"max-snippet:-1","max-image-preview":"max-image-preview:large","max-video-preview":"max-video-preview:-1"},"canonical":"https:\/\/ajanscyprus.com\/2016\/10\/24\/yakin-dogu-universitesinde-tarihi-mezuniyet-toreni-gerceklestirildi\/","og_locale":"tr_TR","og_type":"article","og_title":"Yak\u0131n Do\u011fu \u00dcniversitesi&#039;nde Tarihi Mezuniyet T\u00f6reni Ger\u00e7ekle\u015ftirildi - Ajans Cyprus","og_description":"Yak\u0131n Do\u011fu \u00dcniversitesi 1995 Y\u0131l\u0131nda Be\u015fparmak Da\u011flar\u0131nda Meydana Gelen Yang\u0131n Sebebiyle Ger\u00e7ekle\u015ftiremedi\u011fi Mezuniyet T\u00f6renini 21 Y\u0131l&#46;&#46;&#46;","og_url":"https:\/\/ajanscyprus.com\/2016\/10\/24\/yakin-dogu-universitesinde-tarihi-mezuniyet-toreni-gerceklestirildi\/","og_site_name":"Ajans Cyprus","article_publisher":"https:\/\/www.facebook.com\/AjansCyprusAC","article_published_time":"2016-10-24T11:10:17+00:00","author":"admin","twitter_card":"summary_large_image","twitter_creator":"@AjansCyprus","twitter_site":"@AjansCyprus","twitter_misc":{"Yazan:":"admin","Tahmini okuma s\u00fcresi":"11 dakika"},"schema":{"@context":"https:\/\/schema.org","@graph":[{"@type":"Article","@id":"https:\/\/ajanscyprus.com\/2016\/10\/24\/yakin-dogu-universitesinde-tarihi-mezuniyet-toreni-gerceklestirildi\/#article","isPartOf":{"@id":"https:\/\/ajanscyprus.com\/2016\/10\/24\/yakin-dogu-universitesinde-tarihi-mezuniyet-toreni-gerceklestirildi\/"},"author":{"name":"admin","@id":"https:\/\/ajanscyprus.com\/#\/schema\/person\/bde04f428980a11e6513136d7f10a011"},"headline":"Yak\u0131n Do\u011fu \u00dcniversitesi&#039;nde Tarihi Mezuniyet T\u00f6reni Ger\u00e7ekle\u015ftirildi","datePublished":"2016-10-24T11:10:17+00:00","mainEntityOfPage":{"@id":"https:\/\/ajanscyprus.com\/2016\/10\/24\/yakin-dogu-universitesinde-tarihi-mezuniyet-toreni-gerceklestirildi\/"},"wordCount":2184,"publisher":{"@id":"https:\/\/ajanscyprus.com\/#organization"},"image":{"@id":"https:\/\/ajanscyprus.com\/2016\/10\/24\/yakin-dogu-universitesinde-tarihi-mezuniyet-toreni-gerceklestirildi\/#primaryimage"},"thumbnailUrl":"","articleSection":["E\u011fitim","K\u0131br\u0131s","Slider"],"inLanguage":"tr"},{"@type":"WebPage","@id":"https:\/\/ajanscyprus.com\/2016\/10\/24\/yakin-dogu-universitesinde-tarihi-mezuniyet-toreni-gerceklestirildi\/","url":"https:\/\/ajanscyprus.com\/2016\/10\/24\/yakin-dogu-universitesinde-tarihi-mezuniyet-toreni-gerceklestirildi\/","name":"Yak\u0131n Do\u011fu \u00dcniversitesi&#039;nde Tarihi Mezuniyet T\u00f6reni Ger\u00e7ekle\u015ftirildi - Ajans Cyprus","isPartOf":{"@id":"https:\/\/ajanscyprus.com\/#website"},"primaryImageOfPage":{"@id":"https:\/\/ajanscyprus.com\/2016\/10\/24\/yakin-dogu-universitesinde-tarihi-mezuniyet-toreni-gerceklestirildi\/#primaryimage"},"image":{"@id":"https:\/\/ajanscyprus.com\/2016\/10\/24\/yakin-dogu-universitesinde-tarihi-mezuniyet-toreni-gerceklestirildi\/#primaryimage"},"thumbnailUrl":"","datePublished":"2016-10-24T11:10:17+00:00","breadcrumb":{"@id":"https:\/\/ajanscyprus.com\/2016\/10\/24\/yakin-dogu-universitesinde-tarihi-mezuniyet-toreni-gerceklestirildi\/#breadcrumb"},"inLanguage":"tr","potentialAction":[{"@type":"ReadAction","target":["https:\/\/ajanscyprus.com\/2016\/10\/24\/yakin-dogu-universitesinde-tarihi-mezuniyet-toreni-gerceklestirildi\/"]}]},{"@type":"ImageObject","inLanguage":"tr","@id":"https:\/\/ajanscyprus.com\/2016\/10\/24\/yakin-dogu-universitesinde-tarihi-mezuniyet-toreni-gerceklestirildi\/#primaryimage","url":"","contentUrl":""},{"@type":"BreadcrumbList","@id":"https:\/\/ajanscyprus.com\/2016\/10\/24\/yakin-dogu-universitesinde-tarihi-mezuniyet-toreni-gerceklestirildi\/#breadcrumb","itemListElement":[{"@type":"ListItem","position":1,"name":"Anasayfa","item":"https:\/\/ajanscyprus.com\/"},{"@type":"ListItem","position":2,"name":"Yak\u0131n Do\u011fu \u00dcniversitesi&#039;nde Tarihi Mezuniyet T\u00f6reni Ger\u00e7ekle\u015ftirildi"}]},{"@type":"WebSite","@id":"https:\/\/ajanscyprus.com\/#website","url":"https:\/\/ajanscyprus.com\/","name":"Ajans Cyprus","description":"","publisher":{"@id":"https:\/\/ajanscyprus.com\/#organization"},"potentialAction":[{"@type":"SearchAction","target":{"@type":"EntryPoint","urlTemplate":"https:\/\/ajanscyprus.com\/?s={search_term_string}"},"query-input":{"@type":"PropertyValueSpecification","valueRequired":true,"valueName":"search_term_string"}}],"inLanguage":"tr"},{"@type":"Organization","@id":"https:\/\/ajanscyprus.com\/#organization","name":"Ajans Cyprus","alternateName":"Ajans Mira Turan Cyprus Media And Production","url":"https:\/\/ajanscyprus.com\/","logo":{"@type":"ImageObject","inLanguage":"tr","@id":"https:\/\/ajanscyprus.com\/#\/schema\/logo\/image\/","url":"https:\/\/ajanscyprus.com\/wp-content\/uploads\/2023\/02\/AjansCyprus-yuvarlak-logo-e1676491087198.png","contentUrl":"https:\/\/ajanscyprus.com\/wp-content\/uploads\/2023\/02\/AjansCyprus-yuvarlak-logo-e1676491087198.png","width":200,"height":200,"caption":"Ajans Cyprus"},"image":{"@id":"https:\/\/ajanscyprus.com\/#\/schema\/logo\/image\/"},"sameAs":["https:\/\/www.facebook.com\/AjansCyprusAC","https:\/\/x.com\/AjansCyprus"]},{"@type":"Person","@id":"https:\/\/ajanscyprus.com\/#\/schema\/person\/bde04f428980a11e6513136d7f10a011","name":"admin","image":{"@type":"ImageObject","inLanguage":"tr","@id":"https:\/\/secure.gravatar.com\/avatar\/7b3584441088d5ca4cd7222e9873c969610760122e804fb99fa589e24cd99cb8?s=96&d=mm&r=g","url":"https:\/\/secure.gravatar.com\/avatar\/7b3584441088d5ca4cd7222e9873c969610760122e804fb99fa589e24cd99cb8?s=96&d=mm&r=g","contentUrl":"https:\/\/secure.gravatar.com\/avatar\/7b3584441088d5ca4cd7222e9873c969610760122e804fb99fa589e24cd99cb8?s=96&d=mm&r=g","caption":"admin"},"sameAs":["https:\/\/ajanscyprus.com"],"url":"https:\/\/ajanscyprus.com\/author\/admin_r45uydj1\/"}]}},"jetpack_publicize_connections":[],"_links":{"self":[{"href":"https:\/\/ajanscyprus.com\/wp-json\/wp\/v2\/posts\/304","targetHints":{"allow":["GET"]}}],"collection":[{"href":"https:\/\/ajanscyprus.com\/wp-json\/wp\/v2\/posts"}],"about":[{"href":"https:\/\/ajanscyprus.com\/wp-json\/wp\/v2\/types\/post"}],"author":[{"embeddable":true,"href":"https:\/\/ajanscyprus.com\/wp-json\/wp\/v2\/users\/1"}],"replies":[{"embeddable":true,"href":"https:\/\/ajanscyprus.com\/wp-json\/wp\/v2\/comments?post=304"}],"version-history":[{"count":0,"href":"https:\/\/ajanscyprus.com\/wp-json\/wp\/v2\/posts\/304\/revisions"}],"wp:featuredmedia":[{"embeddable":true,"href":"https:\/\/ajanscyprus.com\/wp-json\/wp\/v2\/menu-items\/305"}],"wp:attachment":[{"href":"https:\/\/ajanscyprus.com\/wp-json\/wp\/v2\/media?parent=304"}],"wp:term":[{"taxonomy":"category","embeddable":true,"href":"https:\/\/ajanscyprus.com\/wp-json\/wp\/v2\/categories?post=304"},{"taxonomy":"post_tag","embeddable":true,"href":"https:\/\/ajanscyprus.com\/wp-json\/wp\/v2\/tags?post=304"},{"taxonomy":"manset","embeddable":true,"href":"https:\/\/ajanscyprus.com\/wp-json\/wp\/v2\/manset?post=304"}],"curies":[{"name":"wp","href":"https:\/\/api.w.org\/{rel}","templated":true}]}}