{"id":3307,"date":"2017-02-07T11:35:01","date_gmt":"2017-02-07T11:35:01","guid":{"rendered":"http:\/\/www.ajanscyprus.com\/?p=3307"},"modified":"2017-02-07T11:35:01","modified_gmt":"2017-02-07T11:35:01","slug":"ab-konseyi-bazi-ulkelerin-schengeni-3-ay-daha-uzatilmasina-karar-verdi","status":"publish","type":"post","link":"https:\/\/ajanscyprus.com\/2017\/02\/07\/ab-konseyi-bazi-ulkelerin-schengeni-3-ay-daha-uzatilmasina-karar-verdi\/","title":{"rendered":"AB Konseyi, Baz\u0131 \u00dclkelerin Schengen&#039;i 3 Ay Daha Uzat\u0131lmas\u0131na Karar Verdi"},"content":{"rendered":"<p><strong>Avrupa Birli\u011fi (AB), s\u0131\u011f\u0131nmac\u0131lar\u0131n topraklar\u0131na giri\u015fini \u00f6nlemek i\u00e7in 5 \u00fclkenin 3 ay daha Schengen&#8217;i ask\u0131ya alarak s\u0131n\u0131r kontrolleri yapmaya devam etmesine onay verdi.<\/strong><\/p>\n<p>Avrupa Birli\u011fi (AB), s\u0131\u011f\u0131nmac\u0131lar\u0131n topraklar\u0131na giri\u015fini \u00f6nlemek i\u00e7in 5 \u00fclkenin 3 ay daha Schengen&#8217;i ask\u0131ya alarak s\u0131n\u0131r kontrolleri yapmaya devam etmesine onay verdi.<\/p>\n<p>AB Konseyi, AB Komisyonunun Schengen \u00fcyesi Almanya, Avusturya, Danimarka, \u0130sve\u00e7 ve Norve\u00e7&#8217;in 3 ay daha s\u0131n\u0131r kontrol\u00fc yapmas\u0131na y\u00f6nelik \u00f6nerisini kabul etti. Buna g\u00f6re, ge\u00e7en y\u0131ldan bu yana devam eden ve 12 \u015eubat&#8217;ta sona ermesi gereken uygulama 3 ay daha uzat\u0131lm\u0131\u015f oldu.<\/p>\n<p>S\u0131n\u0131r kontrollerinin, 24 Eyl\u00fcl&#8217;de Almanya&#8217;da yap\u0131lacak genel se\u00e7ime kadar her 3 ayda bir uzat\u0131lmas\u0131 bekleniyor.<\/p><div class=\"kanews-banner kanews-banner-single\"><img loading=\"lazy\" decoding=\"async\" src=\"https:\/\/ajanscyprus.com\/wp-content\/uploads\/2026\/04\/meRIT-bANNER.jpeg\" alt=\"\" width=\"970\" height=\"90\" class=\"alignnone size-full wp-image-62349\" \/><\/div>\n<p>Uzatma karar\u0131, AB&#8217;nin vize yasa\u011f\u0131 ve s\u0131\u011f\u0131nmac\u0131 al\u0131nmas\u0131n\u0131 engelleyen kararlar\u0131ndan dolay\u0131 ABD Ba\u015fkan\u0131 Donald Trump&#8217;\u0131 ele\u015ftirdi\u011fi bir d\u00f6nemde al\u0131nd\u0131.<\/p>\n<p>AB, s\u0131\u011f\u0131nmac\u0131 geli\u015fini \u00f6nlemek i\u00e7in Schengen&#8217;in ask\u0131ya al\u0131nmas\u0131n\u0131n yan\u0131 s\u0131ra baz\u0131 \u00fclkelerle anla\u015fmalar imzalamalar\u0131n\u0131n, ABD&#8217;nin yapt\u0131\u011f\u0131 gibi &#8220;duvar \u00f6rmek de\u011fil, s\u0131\u011f\u0131nmac\u0131 ak\u0131\u015f\u0131n\u0131&#8221; y\u00f6netmek oldu\u011funu iddia ediyor.<\/p>\n<p>Ayr\u0131ca, Avrupa&#8217;da Macaristan, Avusturya ve \u0130spanya&#8217;n\u0131n Afrika&#8217;daki topra\u011f\u0131 Ceuta&#8217;da duvar i\u015flevi g\u00f6ren dikenli teller bulunuyor.<\/p>\n<p>Avusturya, Macaristan ve Slovenya ile olan s\u0131n\u0131rlar\u0131nda; Almanya, Avusturya s\u0131n\u0131r\u0131nda; Danimarka, Almanya ile feribot hatt\u0131 olan limanlar ile Almanya kara s\u0131n\u0131r\u0131nda; \u0130sve\u00e7, G\u00fcney ve Bat\u0131 Polis B\u00f6lgesi ile Danimarka ile aras\u0131ndaki \u00d6resund K\u00f6pr\u00fcs\u00fc&#8217;nde; Norve\u00e7 de Danimarka, Almanya ve \u0130sve\u00e7&#8217;le feribot hatt\u0131 olan limanlar\u0131nda kontroller ger\u00e7ekle\u015ftiriyor.<\/p>\n<p>Schengen \u00fcyesi Almanya, Avusturya, Danimarka, \u0130sve\u00e7 ve Norve\u00e7, 2015&#8217;in sonuna do\u011fru a\u015famal\u0131 olarak s\u0131n\u0131r kontrollerine ba\u015flam\u0131\u015ft\u0131. AB&#8217;nin en b\u00fcy\u00fck ba\u015far\u0131s\u0131 olarak g\u00f6r\u00fclen Schengen&#8217;in ask\u0131ya al\u0131nd\u0131\u011f\u0131 uygulama ele\u015ftirilse de 3 ayda bir uzat\u0131lm\u0131\u015ft\u0131.<\/p>\n<p>Avrupa&#8217;ya 2015 y\u0131l\u0131nda bir milyondan fazla s\u0131\u011f\u0131nmac\u0131 gelmi\u015f, 18 Mart 2016&#8217;da T\u00fcrkiye ile var\u0131lan mutabakat\u0131n ard\u0131ndan g\u00fcnl\u00fck ortalama ge\u00e7i\u015fler 80&#8217;e kadar gerilemi\u015fti. AB, ge\u00e7en hafta da s\u0131\u011f\u0131nmac\u0131lar\u0131n Avrupa&#8217;ya geli\u015fini \u00f6nlemek i\u00e7in Libya&#8217;yla anla\u015fmaya varm\u0131\u015ft\u0131.<\/p>\n","protected":false},"excerpt":{"rendered":"<p>Avrupa Birli\u011fi (AB), s\u0131\u011f\u0131nmac\u0131lar\u0131n topraklar\u0131na giri\u015fini \u00f6nlemek i\u00e7in 5 \u00fclkenin 3 ay daha Schengen&#8217;i ask\u0131ya alarak&#46;&#46;&#46;<\/p>\n","protected":false},"author":1,"featured_media":3308,"comment_status":"closed","ping_status":"closed","sticky":false,"template":"","format":"standard","meta":{"footnotes":"","jetpack_publicize_message":"","jetpack_publicize_feature_enabled":true,"jetpack_social_post_already_shared":false,"jetpack_social_options":{"image_generator_settings":{"template":"highway","default_image_id":0,"font":"","enabled":false},"version":2}},"categories":[44,56],"tags":[],"manset":[],"class_list":["post-3307","post","type-post","status-publish","format-standard","has-post-thumbnail","hentry","category-dunya","category-slider"],"yoast_head":"<!-- This site is optimized with the Yoast SEO plugin v27.4 - https:\/\/yoast.com\/product\/yoast-seo-wordpress\/ -->\n<title>AB Konseyi, Baz\u0131 \u00dclkelerin Schengen&#039;i 3 Ay Daha Uzat\u0131lmas\u0131na Karar Verdi - Ajans Cyprus<\/title>\n<meta name=\"robots\" content=\"index, follow, max-snippet:-1, max-image-preview:large, max-video-preview:-1\" \/>\n<link rel=\"canonical\" href=\"https:\/\/ajanscyprus.com\/2017\/02\/07\/ab-konseyi-bazi-ulkelerin-schengeni-3-ay-daha-uzatilmasina-karar-verdi\/\" \/>\n<meta property=\"og:locale\" content=\"tr_TR\" \/>\n<meta property=\"og:type\" content=\"article\" \/>\n<meta property=\"og:title\" content=\"AB Konseyi, Baz\u0131 \u00dclkelerin Schengen&#039;i 3 Ay Daha Uzat\u0131lmas\u0131na Karar Verdi - Ajans Cyprus\" \/>\n<meta property=\"og:description\" content=\"Avrupa Birli\u011fi (AB), s\u0131\u011f\u0131nmac\u0131lar\u0131n topraklar\u0131na giri\u015fini \u00f6nlemek i\u00e7in 5 \u00fclkenin 3 ay daha Schengen&#8217;i ask\u0131ya alarak&#046;&#046;&#046;\" \/>\n<meta property=\"og:url\" content=\"https:\/\/ajanscyprus.com\/2017\/02\/07\/ab-konseyi-bazi-ulkelerin-schengeni-3-ay-daha-uzatilmasina-karar-verdi\/\" \/>\n<meta property=\"og:site_name\" content=\"Ajans Cyprus\" \/>\n<meta property=\"article:publisher\" content=\"https:\/\/www.facebook.com\/AjansCyprusAC\" \/>\n<meta property=\"article:published_time\" content=\"2017-02-07T11:35:01+00:00\" \/>\n<meta name=\"author\" content=\"admin\" \/>\n<meta name=\"twitter:card\" content=\"summary_large_image\" \/>\n<meta name=\"twitter:creator\" content=\"@AjansCyprus\" \/>\n<meta name=\"twitter:site\" content=\"@AjansCyprus\" \/>\n<meta name=\"twitter:label1\" content=\"Yazan:\" \/>\n\t<meta name=\"twitter:data1\" content=\"admin\" \/>\n\t<meta name=\"twitter:label2\" content=\"Tahmini okuma s\u00fcresi\" \/>\n\t<meta name=\"twitter:data2\" content=\"2 dakika\" \/>\n<script type=\"application\/ld+json\" class=\"yoast-schema-graph\">{\"@context\":\"https:\\\/\\\/schema.org\",\"@graph\":[{\"@type\":\"Article\",\"@id\":\"https:\\\/\\\/ajanscyprus.com\\\/2017\\\/02\\\/07\\\/ab-konseyi-bazi-ulkelerin-schengeni-3-ay-daha-uzatilmasina-karar-verdi\\\/#article\",\"isPartOf\":{\"@id\":\"https:\\\/\\\/ajanscyprus.com\\\/2017\\\/02\\\/07\\\/ab-konseyi-bazi-ulkelerin-schengeni-3-ay-daha-uzatilmasina-karar-verdi\\\/\"},\"author\":{\"name\":\"admin\",\"@id\":\"https:\\\/\\\/ajanscyprus.com\\\/#\\\/schema\\\/person\\\/bde04f428980a11e6513136d7f10a011\"},\"headline\":\"AB Konseyi, Baz\u0131 \u00dclkelerin Schengen&#039;i 3 Ay Daha Uzat\u0131lmas\u0131na Karar Verdi\",\"datePublished\":\"2017-02-07T11:35:01+00:00\",\"mainEntityOfPage\":{\"@id\":\"https:\\\/\\\/ajanscyprus.com\\\/2017\\\/02\\\/07\\\/ab-konseyi-bazi-ulkelerin-schengeni-3-ay-daha-uzatilmasina-karar-verdi\\\/\"},\"wordCount\":412,\"publisher\":{\"@id\":\"https:\\\/\\\/ajanscyprus.com\\\/#organization\"},\"image\":{\"@id\":\"https:\\\/\\\/ajanscyprus.com\\\/2017\\\/02\\\/07\\\/ab-konseyi-bazi-ulkelerin-schengeni-3-ay-daha-uzatilmasina-karar-verdi\\\/#primaryimage\"},\"thumbnailUrl\":\"\",\"articleSection\":[\"D\u00fcnya\",\"Slider\"],\"inLanguage\":\"tr\"},{\"@type\":\"WebPage\",\"@id\":\"https:\\\/\\\/ajanscyprus.com\\\/2017\\\/02\\\/07\\\/ab-konseyi-bazi-ulkelerin-schengeni-3-ay-daha-uzatilmasina-karar-verdi\\\/\",\"url\":\"https:\\\/\\\/ajanscyprus.com\\\/2017\\\/02\\\/07\\\/ab-konseyi-bazi-ulkelerin-schengeni-3-ay-daha-uzatilmasina-karar-verdi\\\/\",\"name\":\"AB Konseyi, Baz\u0131 \u00dclkelerin Schengen&#039;i 3 Ay Daha Uzat\u0131lmas\u0131na Karar Verdi - Ajans Cyprus\",\"isPartOf\":{\"@id\":\"https:\\\/\\\/ajanscyprus.com\\\/#website\"},\"primaryImageOfPage\":{\"@id\":\"https:\\\/\\\/ajanscyprus.com\\\/2017\\\/02\\\/07\\\/ab-konseyi-bazi-ulkelerin-schengeni-3-ay-daha-uzatilmasina-karar-verdi\\\/#primaryimage\"},\"image\":{\"@id\":\"https:\\\/\\\/ajanscyprus.com\\\/2017\\\/02\\\/07\\\/ab-konseyi-bazi-ulkelerin-schengeni-3-ay-daha-uzatilmasina-karar-verdi\\\/#primaryimage\"},\"thumbnailUrl\":\"\",\"datePublished\":\"2017-02-07T11:35:01+00:00\",\"breadcrumb\":{\"@id\":\"https:\\\/\\\/ajanscyprus.com\\\/2017\\\/02\\\/07\\\/ab-konseyi-bazi-ulkelerin-schengeni-3-ay-daha-uzatilmasina-karar-verdi\\\/#breadcrumb\"},\"inLanguage\":\"tr\",\"potentialAction\":[{\"@type\":\"ReadAction\",\"target\":[\"https:\\\/\\\/ajanscyprus.com\\\/2017\\\/02\\\/07\\\/ab-konseyi-bazi-ulkelerin-schengeni-3-ay-daha-uzatilmasina-karar-verdi\\\/\"]}]},{\"@type\":\"ImageObject\",\"inLanguage\":\"tr\",\"@id\":\"https:\\\/\\\/ajanscyprus.com\\\/2017\\\/02\\\/07\\\/ab-konseyi-bazi-ulkelerin-schengeni-3-ay-daha-uzatilmasina-karar-verdi\\\/#primaryimage\",\"url\":\"\",\"contentUrl\":\"\"},{\"@type\":\"BreadcrumbList\",\"@id\":\"https:\\\/\\\/ajanscyprus.com\\\/2017\\\/02\\\/07\\\/ab-konseyi-bazi-ulkelerin-schengeni-3-ay-daha-uzatilmasina-karar-verdi\\\/#breadcrumb\",\"itemListElement\":[{\"@type\":\"ListItem\",\"position\":1,\"name\":\"Anasayfa\",\"item\":\"https:\\\/\\\/ajanscyprus.com\\\/\"},{\"@type\":\"ListItem\",\"position\":2,\"name\":\"AB Konseyi, Baz\u0131 \u00dclkelerin Schengen&#039;i 3 Ay Daha Uzat\u0131lmas\u0131na Karar Verdi\"}]},{\"@type\":\"WebSite\",\"@id\":\"https:\\\/\\\/ajanscyprus.com\\\/#website\",\"url\":\"https:\\\/\\\/ajanscyprus.com\\\/\",\"name\":\"Ajans Cyprus\",\"description\":\"\",\"publisher\":{\"@id\":\"https:\\\/\\\/ajanscyprus.com\\\/#organization\"},\"potentialAction\":[{\"@type\":\"SearchAction\",\"target\":{\"@type\":\"EntryPoint\",\"urlTemplate\":\"https:\\\/\\\/ajanscyprus.com\\\/?s={search_term_string}\"},\"query-input\":{\"@type\":\"PropertyValueSpecification\",\"valueRequired\":true,\"valueName\":\"search_term_string\"}}],\"inLanguage\":\"tr\"},{\"@type\":\"Organization\",\"@id\":\"https:\\\/\\\/ajanscyprus.com\\\/#organization\",\"name\":\"Ajans Cyprus\",\"alternateName\":\"Ajans Mira Turan Cyprus Media And Production\",\"url\":\"https:\\\/\\\/ajanscyprus.com\\\/\",\"logo\":{\"@type\":\"ImageObject\",\"inLanguage\":\"tr\",\"@id\":\"https:\\\/\\\/ajanscyprus.com\\\/#\\\/schema\\\/logo\\\/image\\\/\",\"url\":\"https:\\\/\\\/ajanscyprus.com\\\/wp-content\\\/uploads\\\/2023\\\/02\\\/AjansCyprus-yuvarlak-logo-e1676491087198.png\",\"contentUrl\":\"https:\\\/\\\/ajanscyprus.com\\\/wp-content\\\/uploads\\\/2023\\\/02\\\/AjansCyprus-yuvarlak-logo-e1676491087198.png\",\"width\":200,\"height\":200,\"caption\":\"Ajans Cyprus\"},\"image\":{\"@id\":\"https:\\\/\\\/ajanscyprus.com\\\/#\\\/schema\\\/logo\\\/image\\\/\"},\"sameAs\":[\"https:\\\/\\\/www.facebook.com\\\/AjansCyprusAC\",\"https:\\\/\\\/x.com\\\/AjansCyprus\"]},{\"@type\":\"Person\",\"@id\":\"https:\\\/\\\/ajanscyprus.com\\\/#\\\/schema\\\/person\\\/bde04f428980a11e6513136d7f10a011\",\"name\":\"admin\",\"image\":{\"@type\":\"ImageObject\",\"inLanguage\":\"tr\",\"@id\":\"https:\\\/\\\/secure.gravatar.com\\\/avatar\\\/7b3584441088d5ca4cd7222e9873c969610760122e804fb99fa589e24cd99cb8?s=96&d=mm&r=g\",\"url\":\"https:\\\/\\\/secure.gravatar.com\\\/avatar\\\/7b3584441088d5ca4cd7222e9873c969610760122e804fb99fa589e24cd99cb8?s=96&d=mm&r=g\",\"contentUrl\":\"https:\\\/\\\/secure.gravatar.com\\\/avatar\\\/7b3584441088d5ca4cd7222e9873c969610760122e804fb99fa589e24cd99cb8?s=96&d=mm&r=g\",\"caption\":\"admin\"},\"sameAs\":[\"https:\\\/\\\/ajanscyprus.com\"],\"url\":\"https:\\\/\\\/ajanscyprus.com\\\/author\\\/admin_r45uydj1\\\/\"}]}<\/script>\n<!-- \/ Yoast SEO plugin. -->","yoast_head_json":{"title":"AB Konseyi, Baz\u0131 \u00dclkelerin Schengen&#039;i 3 Ay Daha Uzat\u0131lmas\u0131na Karar Verdi - Ajans Cyprus","robots":{"index":"index","follow":"follow","max-snippet":"max-snippet:-1","max-image-preview":"max-image-preview:large","max-video-preview":"max-video-preview:-1"},"canonical":"https:\/\/ajanscyprus.com\/2017\/02\/07\/ab-konseyi-bazi-ulkelerin-schengeni-3-ay-daha-uzatilmasina-karar-verdi\/","og_locale":"tr_TR","og_type":"article","og_title":"AB Konseyi, Baz\u0131 \u00dclkelerin Schengen&#039;i 3 Ay Daha Uzat\u0131lmas\u0131na Karar Verdi - Ajans Cyprus","og_description":"Avrupa Birli\u011fi (AB), s\u0131\u011f\u0131nmac\u0131lar\u0131n topraklar\u0131na giri\u015fini \u00f6nlemek i\u00e7in 5 \u00fclkenin 3 ay daha Schengen&#8217;i ask\u0131ya alarak&#46;&#46;&#46;","og_url":"https:\/\/ajanscyprus.com\/2017\/02\/07\/ab-konseyi-bazi-ulkelerin-schengeni-3-ay-daha-uzatilmasina-karar-verdi\/","og_site_name":"Ajans Cyprus","article_publisher":"https:\/\/www.facebook.com\/AjansCyprusAC","article_published_time":"2017-02-07T11:35:01+00:00","author":"admin","twitter_card":"summary_large_image","twitter_creator":"@AjansCyprus","twitter_site":"@AjansCyprus","twitter_misc":{"Yazan:":"admin","Tahmini okuma s\u00fcresi":"2 dakika"},"schema":{"@context":"https:\/\/schema.org","@graph":[{"@type":"Article","@id":"https:\/\/ajanscyprus.com\/2017\/02\/07\/ab-konseyi-bazi-ulkelerin-schengeni-3-ay-daha-uzatilmasina-karar-verdi\/#article","isPartOf":{"@id":"https:\/\/ajanscyprus.com\/2017\/02\/07\/ab-konseyi-bazi-ulkelerin-schengeni-3-ay-daha-uzatilmasina-karar-verdi\/"},"author":{"name":"admin","@id":"https:\/\/ajanscyprus.com\/#\/schema\/person\/bde04f428980a11e6513136d7f10a011"},"headline":"AB Konseyi, Baz\u0131 \u00dclkelerin Schengen&#039;i 3 Ay Daha Uzat\u0131lmas\u0131na Karar Verdi","datePublished":"2017-02-07T11:35:01+00:00","mainEntityOfPage":{"@id":"https:\/\/ajanscyprus.com\/2017\/02\/07\/ab-konseyi-bazi-ulkelerin-schengeni-3-ay-daha-uzatilmasina-karar-verdi\/"},"wordCount":412,"publisher":{"@id":"https:\/\/ajanscyprus.com\/#organization"},"image":{"@id":"https:\/\/ajanscyprus.com\/2017\/02\/07\/ab-konseyi-bazi-ulkelerin-schengeni-3-ay-daha-uzatilmasina-karar-verdi\/#primaryimage"},"thumbnailUrl":"","articleSection":["D\u00fcnya","Slider"],"inLanguage":"tr"},{"@type":"WebPage","@id":"https:\/\/ajanscyprus.com\/2017\/02\/07\/ab-konseyi-bazi-ulkelerin-schengeni-3-ay-daha-uzatilmasina-karar-verdi\/","url":"https:\/\/ajanscyprus.com\/2017\/02\/07\/ab-konseyi-bazi-ulkelerin-schengeni-3-ay-daha-uzatilmasina-karar-verdi\/","name":"AB Konseyi, Baz\u0131 \u00dclkelerin Schengen&#039;i 3 Ay Daha Uzat\u0131lmas\u0131na Karar Verdi - Ajans Cyprus","isPartOf":{"@id":"https:\/\/ajanscyprus.com\/#website"},"primaryImageOfPage":{"@id":"https:\/\/ajanscyprus.com\/2017\/02\/07\/ab-konseyi-bazi-ulkelerin-schengeni-3-ay-daha-uzatilmasina-karar-verdi\/#primaryimage"},"image":{"@id":"https:\/\/ajanscyprus.com\/2017\/02\/07\/ab-konseyi-bazi-ulkelerin-schengeni-3-ay-daha-uzatilmasina-karar-verdi\/#primaryimage"},"thumbnailUrl":"","datePublished":"2017-02-07T11:35:01+00:00","breadcrumb":{"@id":"https:\/\/ajanscyprus.com\/2017\/02\/07\/ab-konseyi-bazi-ulkelerin-schengeni-3-ay-daha-uzatilmasina-karar-verdi\/#breadcrumb"},"inLanguage":"tr","potentialAction":[{"@type":"ReadAction","target":["https:\/\/ajanscyprus.com\/2017\/02\/07\/ab-konseyi-bazi-ulkelerin-schengeni-3-ay-daha-uzatilmasina-karar-verdi\/"]}]},{"@type":"ImageObject","inLanguage":"tr","@id":"https:\/\/ajanscyprus.com\/2017\/02\/07\/ab-konseyi-bazi-ulkelerin-schengeni-3-ay-daha-uzatilmasina-karar-verdi\/#primaryimage","url":"","contentUrl":""},{"@type":"BreadcrumbList","@id":"https:\/\/ajanscyprus.com\/2017\/02\/07\/ab-konseyi-bazi-ulkelerin-schengeni-3-ay-daha-uzatilmasina-karar-verdi\/#breadcrumb","itemListElement":[{"@type":"ListItem","position":1,"name":"Anasayfa","item":"https:\/\/ajanscyprus.com\/"},{"@type":"ListItem","position":2,"name":"AB Konseyi, Baz\u0131 \u00dclkelerin Schengen&#039;i 3 Ay Daha Uzat\u0131lmas\u0131na Karar Verdi"}]},{"@type":"WebSite","@id":"https:\/\/ajanscyprus.com\/#website","url":"https:\/\/ajanscyprus.com\/","name":"Ajans Cyprus","description":"","publisher":{"@id":"https:\/\/ajanscyprus.com\/#organization"},"potentialAction":[{"@type":"SearchAction","target":{"@type":"EntryPoint","urlTemplate":"https:\/\/ajanscyprus.com\/?s={search_term_string}"},"query-input":{"@type":"PropertyValueSpecification","valueRequired":true,"valueName":"search_term_string"}}],"inLanguage":"tr"},{"@type":"Organization","@id":"https:\/\/ajanscyprus.com\/#organization","name":"Ajans Cyprus","alternateName":"Ajans Mira Turan Cyprus Media And Production","url":"https:\/\/ajanscyprus.com\/","logo":{"@type":"ImageObject","inLanguage":"tr","@id":"https:\/\/ajanscyprus.com\/#\/schema\/logo\/image\/","url":"https:\/\/ajanscyprus.com\/wp-content\/uploads\/2023\/02\/AjansCyprus-yuvarlak-logo-e1676491087198.png","contentUrl":"https:\/\/ajanscyprus.com\/wp-content\/uploads\/2023\/02\/AjansCyprus-yuvarlak-logo-e1676491087198.png","width":200,"height":200,"caption":"Ajans Cyprus"},"image":{"@id":"https:\/\/ajanscyprus.com\/#\/schema\/logo\/image\/"},"sameAs":["https:\/\/www.facebook.com\/AjansCyprusAC","https:\/\/x.com\/AjansCyprus"]},{"@type":"Person","@id":"https:\/\/ajanscyprus.com\/#\/schema\/person\/bde04f428980a11e6513136d7f10a011","name":"admin","image":{"@type":"ImageObject","inLanguage":"tr","@id":"https:\/\/secure.gravatar.com\/avatar\/7b3584441088d5ca4cd7222e9873c969610760122e804fb99fa589e24cd99cb8?s=96&d=mm&r=g","url":"https:\/\/secure.gravatar.com\/avatar\/7b3584441088d5ca4cd7222e9873c969610760122e804fb99fa589e24cd99cb8?s=96&d=mm&r=g","contentUrl":"https:\/\/secure.gravatar.com\/avatar\/7b3584441088d5ca4cd7222e9873c969610760122e804fb99fa589e24cd99cb8?s=96&d=mm&r=g","caption":"admin"},"sameAs":["https:\/\/ajanscyprus.com"],"url":"https:\/\/ajanscyprus.com\/author\/admin_r45uydj1\/"}]}},"jetpack_publicize_connections":[],"_links":{"self":[{"href":"https:\/\/ajanscyprus.com\/wp-json\/wp\/v2\/posts\/3307","targetHints":{"allow":["GET"]}}],"collection":[{"href":"https:\/\/ajanscyprus.com\/wp-json\/wp\/v2\/posts"}],"about":[{"href":"https:\/\/ajanscyprus.com\/wp-json\/wp\/v2\/types\/post"}],"author":[{"embeddable":true,"href":"https:\/\/ajanscyprus.com\/wp-json\/wp\/v2\/users\/1"}],"replies":[{"embeddable":true,"href":"https:\/\/ajanscyprus.com\/wp-json\/wp\/v2\/comments?post=3307"}],"version-history":[{"count":0,"href":"https:\/\/ajanscyprus.com\/wp-json\/wp\/v2\/posts\/3307\/revisions"}],"wp:featuredmedia":[{"embeddable":true,"href":"https:\/\/ajanscyprus.com\/wp-json\/"}],"wp:attachment":[{"href":"https:\/\/ajanscyprus.com\/wp-json\/wp\/v2\/media?parent=3307"}],"wp:term":[{"taxonomy":"category","embeddable":true,"href":"https:\/\/ajanscyprus.com\/wp-json\/wp\/v2\/categories?post=3307"},{"taxonomy":"post_tag","embeddable":true,"href":"https:\/\/ajanscyprus.com\/wp-json\/wp\/v2\/tags?post=3307"},{"taxonomy":"manset","embeddable":true,"href":"https:\/\/ajanscyprus.com\/wp-json\/wp\/v2\/manset?post=3307"}],"curies":[{"name":"wp","href":"https:\/\/api.w.org\/{rel}","templated":true}]}}