{"id":3641,"date":"2017-02-10T11:54:12","date_gmt":"2017-02-10T11:54:12","guid":{"rendered":"http:\/\/www.ajanscyprus.com\/?p=3641"},"modified":"2017-02-10T11:54:12","modified_gmt":"2017-02-10T11:54:12","slug":"1-bucuk-milyon-issize-mujde","status":"publish","type":"post","link":"https:\/\/ajanscyprus.com\/2017\/02\/10\/1-bucuk-milyon-issize-mujde\/","title":{"rendered":"1 Bu\u00e7uk Milyon \u0130\u015fsize M\u00fcjde"},"content":{"rendered":"<p><strong>\u00c7al\u0131\u015fma ve Sosyal G\u00fcvenlik Bakanl\u0131\u011f\u0131 M\u00fcste\u015far Yard\u0131mc\u0131s\u0131 Mazhar Y\u0131ld\u0131r\u0131mhan, \u0130\u015eKUR&#8217;un bu y\u0131l 1,5 milyon insan\u0131n i\u015f bulmas\u0131na yol a\u00e7acak yeni bir te\u015fvik paketi haz\u0131rlad\u0131\u011f\u0131n\u0131 belirterek T\u00fcrkiye\u2019de i\u015fsizlikte en \u00f6nemli sorunun i\u015f be\u011fenmemezlik oldu\u011funu s\u00f6yledi.<\/strong><\/p>\n<p>Milli Seferberlik Program\u0131 uygulamas\u0131na ge\u00e7erek i\u015f verenlerle i\u015f arayanlar\u0131 bir araya getirme konusunda ve yat\u0131r\u0131mdan te\u015fviklerin yararlanmas\u0131 i\u00e7in il il dola\u015fan \u00c7al\u0131\u015fma ve Sosyal G\u00fcvenlik Bakanl\u0131\u011f\u0131 yetkilileri Trabzon&#8217;da bir toplant\u0131 yapt\u0131lar.<\/p>\n<p>Trabzon SGK \u0130l M\u00fcd\u00fcrl\u00fc\u011f\u00fc binas\u0131nda d\u00fczenlenen toplant\u0131ya \u00c7al\u0131\u015fma ve Sosyal G\u00fcvenlik Bakanl\u0131\u011f\u0131 M\u00fcste\u015far Yard\u0131mc\u0131s\u0131 Mazhar Y\u0131ld\u0131r\u0131mhan&#8217;\u0131n yan\u0131 s\u0131ra Trabzon \u00c7al\u0131\u015fma ve \u0130\u015f Kurumu \u0130l M\u00fcd\u00fcr\u00fc Adnan Zengin, SGK Trabzon \u0130l M\u00fcd\u00fcr\u00fc Ayd\u0131n Gedikli, SGK Ba\u015fkan Yard\u0131mc\u0131s\u0131 Dr. Orhan Ko\u00e7 da haz\u0131r bulundu.<\/p>\n<p>Burada bir konu\u015fma yapan Y\u0131ld\u0131r\u0131mhan, Cumhurba\u015fkan\u0131 Recep Tayyip Erdo\u011fan\u2019\u0131n birka\u00e7 ay \u00f6nce seferberlik \u00e7a\u011fr\u0131s\u0131 yapt\u0131\u011f\u0131n\u0131 hat\u0131rlatarak \u201cBirka\u00e7 ay \u00f6nce say\u0131n Cumhurba\u015fkan\u0131m\u0131z her alanda T\u00fcrkiye\u2019den milli seferberlik \u00e7a\u011fr\u0131s\u0131 yapm\u0131\u015ft\u0131. \u00c7al\u0131\u015fma ve Sosyal G\u00fcvenlik bakanl\u0131\u011f\u0131 olarak say\u0131n bakan\u0131m\u0131zla bu \u00e7a\u011fr\u0131ya uyarak \u00e7al\u0131\u015fma hayat\u0131nda milli seferberlik program\u0131n\u0131 5 hafta \u00f6nce Konya\u2019dan ilan etti. Bu ilandan sonra bakanl\u0131k \u00fcst d\u00fczey b\u00fcrokrasisi olarak b\u00fct\u00fcn illerimizi ziyarete ba\u015flad\u0131k. Bu ziyaretler \u00e7er\u00e7evesinde ekibimizle birlikte Trabzon\u2019day\u0131z. Bu \u00e7al\u0131\u015fmalar\u0131n temel amac\u0131 T\u00fcrkiye\u2019deki istihdam\u0131 art\u0131rmak i\u015fverenlerle i\u015f arayanlar\u0131 bir araya getirmek ve T\u00fcrkiye\u2019nin en \u00f6nemli sorunu olan i\u015fsizli\u011fin \u00fcstesinden gelebilmek. Bu seferberlik kapsam\u0131nda bakanl\u0131k \u00fcst d\u00fczey y\u00f6neticileri bug\u00fcn Ordu, \u00c7orum, Mersin, Eski\u015fehir, Bilecik, Tekirda\u011f, Isparta, Trabzon, Karaman, Mu\u011fla, Zonguldak, Kilis ve Diyarbak\u0131r olmak \u00fczere 13 ilimizi ziyaret ediyorlar. \u0130n\u015fallah bu ziyaretlerimiz 81 ilimizi kapsayacak \u015fekilde devam edecek. Bu hafta sonu itibariyle 60 il tamamlanm\u0131\u015f oluyor. \u015eubat ay\u0131 sonuna kadar da 81 ilimizi gezmi\u015f olaca\u011f\u0131z\u201d dedi.<br \/>\n&#8220;T\u00fcrkiye\u2019nin en \u00f6nemli sorunlar\u0131ndan bir tanesi vas\u0131fs\u0131zl\u0131k sorunudur&#8221;<\/p><div class=\"kanews-banner kanews-banner-single\"><img loading=\"lazy\" decoding=\"async\" src=\"https:\/\/ajanscyprus.com\/wp-content\/uploads\/2026\/04\/meRIT-bANNER.jpeg\" alt=\"\" width=\"970\" height=\"90\" class=\"alignnone size-full wp-image-62349\" \/><\/div>\n<p>T\u00fcrkiye\u2019den en \u00f6nemli sorunlar\u0131ndan birinin vas\u0131fs\u0131zl\u0131k oldu\u011funu kaydeden Y\u0131ld\u0131r\u0131mhan, \u201c\u0130nsanlar\u0131m\u0131z \u00e7o\u011fu i\u015f be\u011fenmemezlik y\u00fcz\u00fcnden i\u015fsiz kald\u0131klar\u0131n\u0131 g\u00f6r\u00fcyoruz. Vasf\u0131 olmayan bir ki\u015finin kendisine \u00f6nerilen ge\u00e7im noktas\u0131nda bu i\u015fi kabul etmesi gerekir. Bu anlamda bir sorunumuz var. Maalesef i\u015f be\u011fenmemezlik sorununun T\u00fcrkiye genelinde ciddi bir sorun oldu\u011funu g\u00f6r\u00fcyoruz. \u0130stihdama katk\u0131 sa\u011flama hedefiyle kay\u0131t d\u0131\u015f\u0131 istihdamla m\u00fccadelemizde taraflar\u0131n deste\u011fini istiyoruz. Bu T\u00fcrkiye\u2019nin genel sorunlar\u0131ndan bir tanesi. \u015eu anda T\u00fcrkiye\u2019nin kay\u0131t d\u0131\u015f\u0131 istihdam oran\u0131 y\u00fczde 33\u2019ler seviyesinde. Biz kay\u0131t d\u0131\u015f\u0131 istihdam\u0131 ne kadar azaltabilirsek i\u015f d\u00fcnyas\u0131na sunulabilecek te\u015fvikleri o kadar yukar\u0131ya ta\u015f\u0131yabiliriz. Bu nedenle kay\u0131t d\u0131\u015f\u0131 m\u00fccadeleyle hem i\u015fverenlerimizi hem de kurumlar\u0131m\u0131z\u0131 daha etkin bir \u00e7al\u0131\u015fmaya davet ediyoruz\u201d diye konu\u015ftu.<\/p>\n<p>Bu y\u0131l \u0130\u015eKUR&#8217;un 1,5 milyon insan\u0131n i\u015f bulmas\u0131na yol a\u00e7acak bir te\u015fvik paketi haz\u0131rlad\u0131\u011f\u0131n\u0131 hat\u0131rlatan Y\u0131ld\u0131r\u0131mhan \u201dBu y\u0131l \u0130\u015eKUR 1,5 milyon insan\u0131n i\u015f bulmas\u0131na yol a\u00e7acak bir te\u015fvik paketi haz\u0131rlam\u0131\u015ft\u0131r. Bir bu\u00e7uk milyonun 500 bini \u00fc\u00e7 ayl\u0131k sureyle i\u015fba\u015f\u0131 e\u011fitiminde kullan\u0131lacak.<\/p>\n<p>500 binin, 50 bininin kad\u0131n, 10 bini mahkum ve 40 binini de engelli personelden olu\u015facak \u015fekilde d\u00fczenledik. \u00dc\u00e7 ayl\u0131k sureden sonra yine 500 bin insan\u0131n art\u0131 istihdama al\u0131nabilmesi i\u00e7in de gerekli \u00e7al\u0131\u015fmalar ve \u00f6nlemlerde al\u0131nm\u0131\u015ft\u0131r. Bu iyi bir imkand\u0131r. Burada iller yar\u0131\u015f i\u00e7erisindedir en fazla kim eleman al\u0131rsa bu imkanlardan faydalanacakt\u0131r. Bu bir bu\u00e7uk milyon insan\u0131n sigorta primimi ve vergileri asgari \u00fccret \u00fczerinden tamamen \u00c7al\u0131\u015fma ve Sosyal G\u00fcvenlik Bakanl\u0131\u011f\u0131, \u0130\u015eKUR taraf\u0131ndan kar\u015f\u0131lanacakt\u0131r\u201d ifadelerini kulland\u0131.<\/p>\n","protected":false},"excerpt":{"rendered":"<p>\u00c7al\u0131\u015fma ve Sosyal G\u00fcvenlik Bakanl\u0131\u011f\u0131 M\u00fcste\u015far Yard\u0131mc\u0131s\u0131 Mazhar Y\u0131ld\u0131r\u0131mhan, \u0130\u015eKUR&#8217;un bu y\u0131l 1,5 milyon insan\u0131n i\u015f&#46;&#46;&#46;<\/p>\n","protected":false},"author":1,"featured_media":3642,"comment_status":"closed","ping_status":"closed","sticky":false,"template":"","format":"standard","meta":{"footnotes":"","jetpack_publicize_message":"","jetpack_publicize_feature_enabled":true,"jetpack_social_post_already_shared":false,"jetpack_social_options":{"image_generator_settings":{"template":"highway","default_image_id":0,"font":"","enabled":false},"version":2}},"categories":[47,60,1],"tags":[],"manset":[],"class_list":["post-3641","post","type-post","status-publish","format-standard","has-post-thumbnail","hentry","category-flash-haber","category-turkiye","category-uncategorized"],"yoast_head":"<!-- This site is optimized with the Yoast SEO plugin v27.5 - https:\/\/yoast.com\/product\/yoast-seo-wordpress\/ -->\n<title>1 Bu\u00e7uk Milyon \u0130\u015fsize M\u00fcjde - Ajans Cyprus<\/title>\n<meta name=\"robots\" content=\"index, follow, max-snippet:-1, max-image-preview:large, max-video-preview:-1\" \/>\n<link rel=\"canonical\" href=\"https:\/\/ajanscyprus.com\/2017\/02\/10\/1-bucuk-milyon-issize-mujde\/\" \/>\n<meta property=\"og:locale\" content=\"tr_TR\" \/>\n<meta property=\"og:type\" content=\"article\" \/>\n<meta property=\"og:title\" content=\"1 Bu\u00e7uk Milyon \u0130\u015fsize M\u00fcjde - Ajans Cyprus\" \/>\n<meta property=\"og:description\" content=\"\u00c7al\u0131\u015fma ve Sosyal G\u00fcvenlik Bakanl\u0131\u011f\u0131 M\u00fcste\u015far Yard\u0131mc\u0131s\u0131 Mazhar Y\u0131ld\u0131r\u0131mhan, \u0130\u015eKUR&#8217;un bu y\u0131l 1,5 milyon insan\u0131n i\u015f&#046;&#046;&#046;\" \/>\n<meta property=\"og:url\" content=\"https:\/\/ajanscyprus.com\/2017\/02\/10\/1-bucuk-milyon-issize-mujde\/\" \/>\n<meta property=\"og:site_name\" content=\"Ajans Cyprus\" \/>\n<meta property=\"article:publisher\" content=\"https:\/\/www.facebook.com\/AjansCyprusAC\" \/>\n<meta property=\"article:published_time\" content=\"2017-02-10T11:54:12+00:00\" \/>\n<meta name=\"author\" content=\"admin\" \/>\n<meta name=\"twitter:card\" content=\"summary_large_image\" \/>\n<meta name=\"twitter:creator\" content=\"@AjansCyprus\" \/>\n<meta name=\"twitter:site\" content=\"@AjansCyprus\" \/>\n<meta name=\"twitter:label1\" content=\"Yazan:\" \/>\n\t<meta name=\"twitter:data1\" content=\"admin\" \/>\n\t<meta name=\"twitter:label2\" content=\"Tahmini okuma s\u00fcresi\" \/>\n\t<meta name=\"twitter:data2\" content=\"3 dakika\" \/>\n<script type=\"application\/ld+json\" class=\"yoast-schema-graph\">{\"@context\":\"https:\\\/\\\/schema.org\",\"@graph\":[{\"@type\":\"Article\",\"@id\":\"https:\\\/\\\/ajanscyprus.com\\\/2017\\\/02\\\/10\\\/1-bucuk-milyon-issize-mujde\\\/#article\",\"isPartOf\":{\"@id\":\"https:\\\/\\\/ajanscyprus.com\\\/2017\\\/02\\\/10\\\/1-bucuk-milyon-issize-mujde\\\/\"},\"author\":{\"name\":\"admin\",\"@id\":\"https:\\\/\\\/ajanscyprus.com\\\/#\\\/schema\\\/person\\\/bde04f428980a11e6513136d7f10a011\"},\"headline\":\"1 Bu\u00e7uk Milyon \u0130\u015fsize M\u00fcjde\",\"datePublished\":\"2017-02-10T11:54:12+00:00\",\"mainEntityOfPage\":{\"@id\":\"https:\\\/\\\/ajanscyprus.com\\\/2017\\\/02\\\/10\\\/1-bucuk-milyon-issize-mujde\\\/\"},\"wordCount\":699,\"publisher\":{\"@id\":\"https:\\\/\\\/ajanscyprus.com\\\/#organization\"},\"image\":{\"@id\":\"https:\\\/\\\/ajanscyprus.com\\\/2017\\\/02\\\/10\\\/1-bucuk-milyon-issize-mujde\\\/#primaryimage\"},\"thumbnailUrl\":\"\",\"articleSection\":[\"Flash Haber\",\"T\u00fcrkiye\",\"Uncategorized\"],\"inLanguage\":\"tr\"},{\"@type\":\"WebPage\",\"@id\":\"https:\\\/\\\/ajanscyprus.com\\\/2017\\\/02\\\/10\\\/1-bucuk-milyon-issize-mujde\\\/\",\"url\":\"https:\\\/\\\/ajanscyprus.com\\\/2017\\\/02\\\/10\\\/1-bucuk-milyon-issize-mujde\\\/\",\"name\":\"1 Bu\u00e7uk Milyon \u0130\u015fsize M\u00fcjde - Ajans Cyprus\",\"isPartOf\":{\"@id\":\"https:\\\/\\\/ajanscyprus.com\\\/#website\"},\"primaryImageOfPage\":{\"@id\":\"https:\\\/\\\/ajanscyprus.com\\\/2017\\\/02\\\/10\\\/1-bucuk-milyon-issize-mujde\\\/#primaryimage\"},\"image\":{\"@id\":\"https:\\\/\\\/ajanscyprus.com\\\/2017\\\/02\\\/10\\\/1-bucuk-milyon-issize-mujde\\\/#primaryimage\"},\"thumbnailUrl\":\"\",\"datePublished\":\"2017-02-10T11:54:12+00:00\",\"breadcrumb\":{\"@id\":\"https:\\\/\\\/ajanscyprus.com\\\/2017\\\/02\\\/10\\\/1-bucuk-milyon-issize-mujde\\\/#breadcrumb\"},\"inLanguage\":\"tr\",\"potentialAction\":[{\"@type\":\"ReadAction\",\"target\":[\"https:\\\/\\\/ajanscyprus.com\\\/2017\\\/02\\\/10\\\/1-bucuk-milyon-issize-mujde\\\/\"]}]},{\"@type\":\"ImageObject\",\"inLanguage\":\"tr\",\"@id\":\"https:\\\/\\\/ajanscyprus.com\\\/2017\\\/02\\\/10\\\/1-bucuk-milyon-issize-mujde\\\/#primaryimage\",\"url\":\"\",\"contentUrl\":\"\"},{\"@type\":\"BreadcrumbList\",\"@id\":\"https:\\\/\\\/ajanscyprus.com\\\/2017\\\/02\\\/10\\\/1-bucuk-milyon-issize-mujde\\\/#breadcrumb\",\"itemListElement\":[{\"@type\":\"ListItem\",\"position\":1,\"name\":\"Anasayfa\",\"item\":\"https:\\\/\\\/ajanscyprus.com\\\/\"},{\"@type\":\"ListItem\",\"position\":2,\"name\":\"1 Bu\u00e7uk Milyon \u0130\u015fsize M\u00fcjde\"}]},{\"@type\":\"WebSite\",\"@id\":\"https:\\\/\\\/ajanscyprus.com\\\/#website\",\"url\":\"https:\\\/\\\/ajanscyprus.com\\\/\",\"name\":\"Ajans Cyprus\",\"description\":\"\",\"publisher\":{\"@id\":\"https:\\\/\\\/ajanscyprus.com\\\/#organization\"},\"potentialAction\":[{\"@type\":\"SearchAction\",\"target\":{\"@type\":\"EntryPoint\",\"urlTemplate\":\"https:\\\/\\\/ajanscyprus.com\\\/?s={search_term_string}\"},\"query-input\":{\"@type\":\"PropertyValueSpecification\",\"valueRequired\":true,\"valueName\":\"search_term_string\"}}],\"inLanguage\":\"tr\"},{\"@type\":\"Organization\",\"@id\":\"https:\\\/\\\/ajanscyprus.com\\\/#organization\",\"name\":\"Ajans Cyprus\",\"alternateName\":\"Ajans Mira Turan Cyprus Media And Production\",\"url\":\"https:\\\/\\\/ajanscyprus.com\\\/\",\"logo\":{\"@type\":\"ImageObject\",\"inLanguage\":\"tr\",\"@id\":\"https:\\\/\\\/ajanscyprus.com\\\/#\\\/schema\\\/logo\\\/image\\\/\",\"url\":\"https:\\\/\\\/ajanscyprus.com\\\/wp-content\\\/uploads\\\/2023\\\/02\\\/AjansCyprus-yuvarlak-logo-e1676491087198.png\",\"contentUrl\":\"https:\\\/\\\/ajanscyprus.com\\\/wp-content\\\/uploads\\\/2023\\\/02\\\/AjansCyprus-yuvarlak-logo-e1676491087198.png\",\"width\":200,\"height\":200,\"caption\":\"Ajans Cyprus\"},\"image\":{\"@id\":\"https:\\\/\\\/ajanscyprus.com\\\/#\\\/schema\\\/logo\\\/image\\\/\"},\"sameAs\":[\"https:\\\/\\\/www.facebook.com\\\/AjansCyprusAC\",\"https:\\\/\\\/x.com\\\/AjansCyprus\"]},{\"@type\":\"Person\",\"@id\":\"https:\\\/\\\/ajanscyprus.com\\\/#\\\/schema\\\/person\\\/bde04f428980a11e6513136d7f10a011\",\"name\":\"admin\",\"image\":{\"@type\":\"ImageObject\",\"inLanguage\":\"tr\",\"@id\":\"https:\\\/\\\/secure.gravatar.com\\\/avatar\\\/7b3584441088d5ca4cd7222e9873c969610760122e804fb99fa589e24cd99cb8?s=96&d=mm&r=g\",\"url\":\"https:\\\/\\\/secure.gravatar.com\\\/avatar\\\/7b3584441088d5ca4cd7222e9873c969610760122e804fb99fa589e24cd99cb8?s=96&d=mm&r=g\",\"contentUrl\":\"https:\\\/\\\/secure.gravatar.com\\\/avatar\\\/7b3584441088d5ca4cd7222e9873c969610760122e804fb99fa589e24cd99cb8?s=96&d=mm&r=g\",\"caption\":\"admin\"},\"sameAs\":[\"https:\\\/\\\/ajanscyprus.com\"],\"url\":\"https:\\\/\\\/ajanscyprus.com\\\/author\\\/admin_r45uydj1\\\/\"}]}<\/script>\n<!-- \/ Yoast SEO plugin. -->","yoast_head_json":{"title":"1 Bu\u00e7uk Milyon \u0130\u015fsize M\u00fcjde - Ajans Cyprus","robots":{"index":"index","follow":"follow","max-snippet":"max-snippet:-1","max-image-preview":"max-image-preview:large","max-video-preview":"max-video-preview:-1"},"canonical":"https:\/\/ajanscyprus.com\/2017\/02\/10\/1-bucuk-milyon-issize-mujde\/","og_locale":"tr_TR","og_type":"article","og_title":"1 Bu\u00e7uk Milyon \u0130\u015fsize M\u00fcjde - Ajans Cyprus","og_description":"\u00c7al\u0131\u015fma ve Sosyal G\u00fcvenlik Bakanl\u0131\u011f\u0131 M\u00fcste\u015far Yard\u0131mc\u0131s\u0131 Mazhar Y\u0131ld\u0131r\u0131mhan, \u0130\u015eKUR&#8217;un bu y\u0131l 1,5 milyon insan\u0131n i\u015f&#46;&#46;&#46;","og_url":"https:\/\/ajanscyprus.com\/2017\/02\/10\/1-bucuk-milyon-issize-mujde\/","og_site_name":"Ajans Cyprus","article_publisher":"https:\/\/www.facebook.com\/AjansCyprusAC","article_published_time":"2017-02-10T11:54:12+00:00","author":"admin","twitter_card":"summary_large_image","twitter_creator":"@AjansCyprus","twitter_site":"@AjansCyprus","twitter_misc":{"Yazan:":"admin","Tahmini okuma s\u00fcresi":"3 dakika"},"schema":{"@context":"https:\/\/schema.org","@graph":[{"@type":"Article","@id":"https:\/\/ajanscyprus.com\/2017\/02\/10\/1-bucuk-milyon-issize-mujde\/#article","isPartOf":{"@id":"https:\/\/ajanscyprus.com\/2017\/02\/10\/1-bucuk-milyon-issize-mujde\/"},"author":{"name":"admin","@id":"https:\/\/ajanscyprus.com\/#\/schema\/person\/bde04f428980a11e6513136d7f10a011"},"headline":"1 Bu\u00e7uk Milyon \u0130\u015fsize M\u00fcjde","datePublished":"2017-02-10T11:54:12+00:00","mainEntityOfPage":{"@id":"https:\/\/ajanscyprus.com\/2017\/02\/10\/1-bucuk-milyon-issize-mujde\/"},"wordCount":699,"publisher":{"@id":"https:\/\/ajanscyprus.com\/#organization"},"image":{"@id":"https:\/\/ajanscyprus.com\/2017\/02\/10\/1-bucuk-milyon-issize-mujde\/#primaryimage"},"thumbnailUrl":"","articleSection":["Flash Haber","T\u00fcrkiye","Uncategorized"],"inLanguage":"tr"},{"@type":"WebPage","@id":"https:\/\/ajanscyprus.com\/2017\/02\/10\/1-bucuk-milyon-issize-mujde\/","url":"https:\/\/ajanscyprus.com\/2017\/02\/10\/1-bucuk-milyon-issize-mujde\/","name":"1 Bu\u00e7uk Milyon \u0130\u015fsize M\u00fcjde - Ajans Cyprus","isPartOf":{"@id":"https:\/\/ajanscyprus.com\/#website"},"primaryImageOfPage":{"@id":"https:\/\/ajanscyprus.com\/2017\/02\/10\/1-bucuk-milyon-issize-mujde\/#primaryimage"},"image":{"@id":"https:\/\/ajanscyprus.com\/2017\/02\/10\/1-bucuk-milyon-issize-mujde\/#primaryimage"},"thumbnailUrl":"","datePublished":"2017-02-10T11:54:12+00:00","breadcrumb":{"@id":"https:\/\/ajanscyprus.com\/2017\/02\/10\/1-bucuk-milyon-issize-mujde\/#breadcrumb"},"inLanguage":"tr","potentialAction":[{"@type":"ReadAction","target":["https:\/\/ajanscyprus.com\/2017\/02\/10\/1-bucuk-milyon-issize-mujde\/"]}]},{"@type":"ImageObject","inLanguage":"tr","@id":"https:\/\/ajanscyprus.com\/2017\/02\/10\/1-bucuk-milyon-issize-mujde\/#primaryimage","url":"","contentUrl":""},{"@type":"BreadcrumbList","@id":"https:\/\/ajanscyprus.com\/2017\/02\/10\/1-bucuk-milyon-issize-mujde\/#breadcrumb","itemListElement":[{"@type":"ListItem","position":1,"name":"Anasayfa","item":"https:\/\/ajanscyprus.com\/"},{"@type":"ListItem","position":2,"name":"1 Bu\u00e7uk Milyon \u0130\u015fsize M\u00fcjde"}]},{"@type":"WebSite","@id":"https:\/\/ajanscyprus.com\/#website","url":"https:\/\/ajanscyprus.com\/","name":"Ajans Cyprus","description":"","publisher":{"@id":"https:\/\/ajanscyprus.com\/#organization"},"potentialAction":[{"@type":"SearchAction","target":{"@type":"EntryPoint","urlTemplate":"https:\/\/ajanscyprus.com\/?s={search_term_string}"},"query-input":{"@type":"PropertyValueSpecification","valueRequired":true,"valueName":"search_term_string"}}],"inLanguage":"tr"},{"@type":"Organization","@id":"https:\/\/ajanscyprus.com\/#organization","name":"Ajans Cyprus","alternateName":"Ajans Mira Turan Cyprus Media And Production","url":"https:\/\/ajanscyprus.com\/","logo":{"@type":"ImageObject","inLanguage":"tr","@id":"https:\/\/ajanscyprus.com\/#\/schema\/logo\/image\/","url":"https:\/\/ajanscyprus.com\/wp-content\/uploads\/2023\/02\/AjansCyprus-yuvarlak-logo-e1676491087198.png","contentUrl":"https:\/\/ajanscyprus.com\/wp-content\/uploads\/2023\/02\/AjansCyprus-yuvarlak-logo-e1676491087198.png","width":200,"height":200,"caption":"Ajans Cyprus"},"image":{"@id":"https:\/\/ajanscyprus.com\/#\/schema\/logo\/image\/"},"sameAs":["https:\/\/www.facebook.com\/AjansCyprusAC","https:\/\/x.com\/AjansCyprus"]},{"@type":"Person","@id":"https:\/\/ajanscyprus.com\/#\/schema\/person\/bde04f428980a11e6513136d7f10a011","name":"admin","image":{"@type":"ImageObject","inLanguage":"tr","@id":"https:\/\/secure.gravatar.com\/avatar\/7b3584441088d5ca4cd7222e9873c969610760122e804fb99fa589e24cd99cb8?s=96&d=mm&r=g","url":"https:\/\/secure.gravatar.com\/avatar\/7b3584441088d5ca4cd7222e9873c969610760122e804fb99fa589e24cd99cb8?s=96&d=mm&r=g","contentUrl":"https:\/\/secure.gravatar.com\/avatar\/7b3584441088d5ca4cd7222e9873c969610760122e804fb99fa589e24cd99cb8?s=96&d=mm&r=g","caption":"admin"},"sameAs":["https:\/\/ajanscyprus.com"],"url":"https:\/\/ajanscyprus.com\/author\/admin_r45uydj1\/"}]}},"jetpack_publicize_connections":[],"_links":{"self":[{"href":"https:\/\/ajanscyprus.com\/wp-json\/wp\/v2\/posts\/3641","targetHints":{"allow":["GET"]}}],"collection":[{"href":"https:\/\/ajanscyprus.com\/wp-json\/wp\/v2\/posts"}],"about":[{"href":"https:\/\/ajanscyprus.com\/wp-json\/wp\/v2\/types\/post"}],"author":[{"embeddable":true,"href":"https:\/\/ajanscyprus.com\/wp-json\/wp\/v2\/users\/1"}],"replies":[{"embeddable":true,"href":"https:\/\/ajanscyprus.com\/wp-json\/wp\/v2\/comments?post=3641"}],"version-history":[{"count":0,"href":"https:\/\/ajanscyprus.com\/wp-json\/wp\/v2\/posts\/3641\/revisions"}],"wp:featuredmedia":[{"embeddable":true,"href":"https:\/\/ajanscyprus.com\/wp-json\/"}],"wp:attachment":[{"href":"https:\/\/ajanscyprus.com\/wp-json\/wp\/v2\/media?parent=3641"}],"wp:term":[{"taxonomy":"category","embeddable":true,"href":"https:\/\/ajanscyprus.com\/wp-json\/wp\/v2\/categories?post=3641"},{"taxonomy":"post_tag","embeddable":true,"href":"https:\/\/ajanscyprus.com\/wp-json\/wp\/v2\/tags?post=3641"},{"taxonomy":"manset","embeddable":true,"href":"https:\/\/ajanscyprus.com\/wp-json\/wp\/v2\/manset?post=3641"}],"curies":[{"name":"wp","href":"https:\/\/api.w.org\/{rel}","templated":true}]}}